{"id":1101,"date":"2008-04-01T04:39:21","date_gmt":"2008-04-01T09:39:21","guid":{"rendered":"http:\/\/www.visit-ulcinj.com\/blog\/?p=1101"},"modified":"2008-04-01T04:48:51","modified_gmt":"2008-04-01T09:48:51","slug":"parlamenti-i-malit-te-zi-miratoi-planin-hapesinor-te-malit-te-zi-deri-ne-vitin-2020","status":"publish","type":"post","link":"https:\/\/www.visit-ulcinj.com\/blog\/2008\/04\/01\/parlamenti-i-malit-te-zi-miratoi-planin-hapesinor-te-malit-te-zi-deri-ne-vitin-2020\/","title":{"rendered":"Parlamenti i Malit t\u00eb Zi miratoi Planin Hap\u00ebsinor t\u00eb Malit t\u00eb Zi deri n\u00eb vitin 2020"},"content":{"rendered":"<p><a title=\"ulqin,ulqini,ulcinj,montenegro\" href=\"http:\/\/www.forums.vlada.cg.yu\/forums\/attachment.php?attachmentid=76\" target=\"_blank\"><img loading=\"lazy\" class=\"alignleft size-medium wp-image-1102\" style=\"float: left;\" title=\"prostorni-plan-crne-gore-do-2020godine\" src=\"http:\/\/www.visit-ulcinj.com\/blog\/wp-content\/uploads\/2008\/04\/prostorni-plan-crne-gore-do-2020godine-300x197.jpg\" alt=\"Prostorni plan Crne Gore do 2020.godine\" width=\"300\" height=\"197\" srcset=\"https:\/\/www.visit-ulcinj.com\/blog\/wp-content\/uploads\/2008\/04\/prostorni-plan-crne-gore-do-2020godine-300x197.jpg 300w, https:\/\/www.visit-ulcinj.com\/blog\/wp-content\/uploads\/2008\/04\/prostorni-plan-crne-gore-do-2020godine.jpg 500w\" sizes=\"(max-width: 300px) 100vw, 300px\" \/><\/a><strong>Plan q\u00eb ofron zhvillim apo diskriminon trevat shqiptare?<\/strong><br \/>\narlamenti i Malit t\u00eb Zi ka miratuar jav\u00ebn e kaluar Planin Hap\u00ebsinor t\u00eb Malit t\u00eb Zi deri n\u00eb vitin 2020. P\u00ebr Planin e propozuar kan\u00eb votuar deputet\u00ebt e Partis\u00eb Demokratike t\u00eb Socialist\u00ebve, Partis\u00eb Socialdemokrate, deputeti i Partis\u00eb Boshnjake, Kemal Purishiq, dhe ai i UDSH-s\u00eb, Ferhat Dinosha, nd\u00ebrsa kund\u00ebr k\u00ebtij Plani kan\u00eb votuar deputet\u00ebt e List\u00ebs Serbe, Partis\u00eb Socialiste Popullore dhe deputeti i LD n\u00eb MZ, Mehmet Bardhi. Deputet\u00ebt e L\u00ebvizjes p\u00ebr Ndryshime, Partis\u00eb Popullore dhe Partis\u00eb Demokratike Serbe nuk kan\u00eb marr\u00eb pjes\u00eb n\u00eb votim.<br \/>\nP\u00ebr deputet\u00ebt e shumic\u00ebs parlamentare dhe ata q\u00eb kan\u00eb votuar p\u00ebr Planin e propozuar, ai p\u00ebrb\u00ebn nj\u00eb baz\u00eb t\u00eb mir\u00eb p\u00ebr zhvillimin e ardhsh\u00ebm t\u00eb Malit t\u00eb Zi, kurse deputet\u00ebt e opozit\u00ebs e kan\u00eb kritikuar at\u00eb duke th\u00ebn\u00eb se Plani \u00ebsht\u00eb hartuar duke u nisur nga interesat e lobeve e jo t\u00eb zhvillimit dhe interesit t\u00eb p\u00ebrgjithsh\u00ebm t\u00eb vendit.<a href=\"http:\/\/www.visit-ulcinj.com\/blog\/wp-content\/uploads\/2008\/01\/dinosha.jpg\"><img loading=\"lazy\" class=\"alignleft size-thumbnail wp-image-288\" style=\"float: left;\" title=\"Ferhat Dinosha\" src=\"http:\/\/www.visit-ulcinj.com\/blog\/wp-content\/uploads\/2008\/01\/dinosha.jpg\" alt=\"Ferhat Dinosha\" width=\"112\" height=\"150\" \/><\/a><br \/>\nDeputet\u00ebt e shumic\u00ebs parlamentare nuk kan\u00eb marr\u00eb parasysh k\u00ebrkes\u00ebn q\u00eb diskutimi p\u00ebr Planin Hap\u00ebsinor t\u00eb mbahet pas zgjedhjeve presidenciale si dhe k\u00ebrkes\u00ebn e arritur nga shum\u00eb subjekte, n\u00eb mesin e t\u00eb cilave edhe 17 organizata joqeveritare t\u00eb Ulqinit q\u00eb Plani t\u00eb kthehet p\u00ebr rip\u00ebrpunim.<br \/>\nOrganizatat joqeveritare t\u00eb Ulqinit u kan\u00eb b\u00ebr\u00eb thirrje me k\u00ebt\u00eb rast posa\u00e7\u00ebrisht deputet\u00ebve nga Komuna e Ulqinit q\u00eb t\u00eb mos votojn\u00eb p\u00ebr Planin e propozuar. Por k\u00ebsaj thirrjeje i \u00ebsht\u00eb p\u00ebrgjigjur vet\u00ebm deputeti i LD n\u00eb MZ, Mehmet Bardhi, kurse deputeti tjet\u00ebr Luigj Shkreli ka votuar p\u00ebr Planin e propozuar.<br \/>\nP\u00ebr deputetin e UDSH-s\u00eb, Ferhat Dinosha, i cili ka votuar p\u00ebr Planin Hap\u00ebsinor, ai do t\u00eb mund\u00ebsoj\u00eb zhvillim m\u00eb t\u00eb shpejt\u00eb t\u00eb viseve shqiptare se deri m\u00eb tani.<br \/>\n&#8220;Nuk \u00ebsht\u00eb Plan maksimalist, por \u00ebsht\u00eb plan optimal, k\u00ebshtu q\u00eb meriton not\u00eb kaluese, sidomos n\u00ebse kemi parasysh faktin se opozita e sotme q\u00eb ka qen\u00eb kund\u00ebr Planit v\u00ebshtir\u00eb se kishte ofertuar Plan m\u00eb t\u00eb mir\u00eb&#8221;, thot\u00eb ai.<br \/>\nDinosha thot\u00eb se kan\u00eb qen\u00eb dy-tri gj\u00ebra kryesore t\u00eb papranueshme p\u00ebr t\u00eb q\u00eb deri diku jan\u00eb zbutur, gj\u00eb q\u00eb ka ndikuar q\u00eb ai t\u00eb votoj\u00eb p\u00ebr Planin e propozuar Hap\u00ebsinor.<br \/>\n&#8220;Me Propozimin e Planit Hap\u00ebsinor \u00ebsht\u00eb parashikuar q\u00eb Ulqini t\u00eb jet\u00eb qend\u00ebr lokale. N\u00eb Planin e miratuar parashikohet q\u00eb Ulqini t\u00eb jet\u00eb qend\u00ebr e zhvillimit rajonal s\u00eb bashku me Tivarin, si\u00e7 \u00ebsht\u00eb rasti me disa qytete t\u00eb tjera n\u00eb bregdet dhe n\u00eb veri&#8221;, shprehet ai.<br \/>\nKjo sipas Dinosh\u00ebs \u00ebsht\u00eb cil\u00ebsuar si zgjidhje m\u00eb e avancuar edhe nga ekipi i Komun\u00ebs s\u00eb Ulqinit, i cili pik\u00ebrisht p\u00ebr k\u00ebt\u00eb gj\u00eb ka dh\u00ebn\u00eb v\u00ebrejtje.<a href=\"http:\/\/www.visit-ulcinj.com\/blog\/wp-content\/uploads\/2008\/03\/portmilena.jpg\"><img loading=\"lazy\" class=\"alignright size-thumbnail wp-image-1045\" style=\"float: right;\" title=\"port milen_solana_ulcinj\" src=\"http:\/\/www.visit-ulcinj.com\/blog\/wp-content\/uploads\/2008\/03\/portmilena.jpg\" alt=\"port milen_solana_ulcinj\" width=\"150\" height=\"99\" \/><\/a><br \/>\nNj\u00eb \u00e7\u00ebshtje tjet\u00ebr kontestuese sipas Dinosh\u00ebs ka qen\u00eb ajo e Kripores s\u00eb Ulqinit.<br \/>\n&#8220;Ka shum\u00eb njer\u00ebz q\u00eb thon\u00eb se do t\u00eb ishte m\u00eb mir\u00eb q\u00eb me Planin Hap\u00ebsinor Kriporja t\u00eb mbetej si e till\u00eb, kurse disa t\u00eb tjer\u00eb thon\u00eb se toka p\u00ebrreth ka pasur pasoja nga Kriporja. Kriporja \u00ebsht\u00eb privatizuar dhe nuk \u00ebsht\u00eb e th\u00ebn\u00eb kryek\u00ebput q\u00eb pronari do ta kaloj\u00eb n\u00eb zon\u00eb nd\u00ebrtimore apo turistike&#8221;, thot\u00eb Dinosha.<br \/>\nPlani Hap\u00ebsinor i miratuar sipas deputetit t\u00eb UDSH-s\u00eb ka avancuar nga ai i propozuar edhe sa i p\u00ebrket \u00e7\u00ebshtjes s\u00eb Parkut Nacional t\u00eb Bjeshk\u00ebve t\u00eb Nemuna.<br \/>\nMe Planin e propozuar Hap\u00ebsinor \u00ebsht\u00eb parashikuar q\u00eb Parku t\u00eb z\u00ebj\u00eb nj\u00eb sip\u00ebrfaqe prej rreth 25 mij\u00eb hektar\u00ebsh, nj\u00eb pjes\u00eb e t\u00eb cilit p\u00ebrfshin tokat e shqiptar\u00ebve.<br \/>\n&#8220;Ne e kemi kund\u00ebrshtuar k\u00ebt\u00eb qasje dhe n\u00eb k\u00ebt\u00eb pik\u00ebpamje deputet\u00ebt boshnjak\u00eb nga Plava q\u00eb vijn\u00eb nga m\u00eb shum\u00eb subjekte politike, kan\u00eb hartuar nj\u00eb konkluzion q\u00eb m\u00eb ka p\u00eblqyer edhe mua, thelbi i t\u00eb cilit q\u00ebndron n\u00eb p\u00ebrgjysmimin e sip\u00ebrfaqes s\u00eb Parkut Nacional t\u00eb Bjeshk\u00ebve t\u00eb Nemuna n\u00eb 12 mij\u00eb hektar\u00eb, i cili nuk do tzi prek\u00eb pronat e shqiptar\u00ebve&#8221;, thot\u00eb Dinosha.<br \/>\nKonkluzioni \u00ebsht\u00eb miratuar nga Parlamenti i Malit t\u00eb Zi dhe do t\u00eb jet\u00eb pjes\u00eb p\u00ebrb\u00ebr\u00ebse e Planit Hap\u00ebsinor t\u00eb miratuar.<br \/>\n<a href=\"http:\/\/www.visit-ulcinj.com\/blog\/wp-content\/uploads\/2008\/03\/xhemal-peroviq1.jpg\"><img loading=\"lazy\" class=\"alignleft size-thumbnail wp-image-1023\" style=\"float: left;\" title=\"Xhemal peroviq1_ulqin\" src=\"http:\/\/www.visit-ulcinj.com\/blog\/wp-content\/uploads\/2008\/03\/xhemal-peroviq1.jpg\" alt=\"Xhemal Peroviq\" width=\"150\" height=\"133\" \/><\/a>Nga ana tjet\u00ebr, Xhemal Peroviqi, koordinator i Asociacionit &#8220;MOGUL&#8221;, i cili gjat\u00eb faz\u00ebs s\u00eb diskutimit publik ka zhvilluar fushat\u00ebn &#8220;T\u00eb planifikojm\u00eb ne, e jo lobet&#8221;, thot\u00eb se miratimi i Planit Hap\u00ebsinor t\u00eb Malit t\u00eb Zi deri n\u00eb vitin 2020 nga Parlamenti i Malit t\u00eb Zi duke mos p\u00ebrfillur vullnetin e ekspert\u00ebve dhe qytetar\u00ebve, sidomos t\u00eb Komun\u00ebs s\u00eb Ulqinit, paraqet imponim t\u00eb interesave private, klaneve n\u00eb Mal t\u00eb Zi, sidomos n\u00eb komun\u00ebn e Ulqinit, ku kjo sipas tij, &#8220;merr p\u00ebrmasa edhe t\u00eb nj\u00eb vale kolonizimi&#8221;.<br \/>\nAi kritikon sidomos deputet\u00ebt shqiptar\u00eb q\u00eb votuan pro k\u00ebtij plani.<br \/>\n&#8220;Deputet\u00ebt shqiptar\u00eb q\u00eb e kan\u00eb votuar k\u00ebt\u00eb plan do t\u00eb japin llogari heret a von\u00eb&#8221;, thot\u00eb ai.<br \/>\nMiratimi i Planit Hap\u00ebsinor sipas Peroviqit p\u00ebrb\u00ebn nj\u00eb disfat\u00eb edhe t\u00eb pushtetit lokal n\u00eb Ulqin, i cili p\u00ebrkund\u00ebr faktit q\u00eb ka dh\u00ebn\u00eb v\u00ebrejtje cil\u00ebsore n\u00eb Planin e propozuar, ato nuk kan\u00eb gjetur vend n\u00eb versionin e tij p\u00ebrfundimtar.<br \/>\n&#8220;N\u00ebse Komuna rrin sinqerisht pas atyre v\u00ebrejtjeve, pushteti lokal duhet t\u00eb vazhdoj\u00eb kund\u00ebrshtimin e nj\u00eb invazioni mbi vlerat dhe pasurit\u00eb e k\u00ebsaj komune n\u00ebse jan\u00eb t\u00eb vet\u00ebdijsh\u00ebm p\u00ebr rrezikun q\u00eb i kanoset Ulqinit&#8221;, thot\u00eb ai.<br \/>\nSipas Peroviqit, mund\u00ebsit\u00eb ligjore p\u00ebr k\u00ebt\u00eb ekzistojn\u00eb.<br \/>\n&#8220;N\u00eb t\u00eb kund\u00ebrt, n\u00ebse mungon vullneti i tyre do t\u00eb ken\u00eb p\u00ebrgjegj\u00ebsi t\u00eb madhe historike para qytetar\u00ebve t\u00eb Ulqinit&#8221;, thot\u00eb ai.<br \/>\nPeroviq thekson se n\u00eb baz\u00eb t\u00eb reagimeve joformale e v\u00ebren qart\u00eb &#8220;se pushteti lokal n\u00eb Ulqin \u00ebsht\u00eb i vet\u00ebdijsh\u00ebm p\u00ebr rrezikun q\u00eb i kanoset nga zbatimi n\u00eb praktik\u00eb i Planit Hap\u00ebsinor, por q\u00eb atyre u mungon vet\u00ebbesimi dhe guximi p\u00ebr t\u00eb marr\u00eb p\u00ebrgjegj\u00ebsin\u00eb ashtu si\u00e7 e kan\u00eb marr\u00eb vot\u00ebbesimin&#8221;.<br \/>\nNd\u00ebrsa sa i p\u00ebrket sektorit joqeveritar, Peroviq thot\u00eb se ai nuk ka mundur t\u00eb b\u00ebj\u00eb gj\u00eb m\u00eb tep\u00ebr pa p\u00ebrkrahjen masive t\u00eb qytetar\u00ebve.<br \/>\nSipas tij, Asociacioni &#8220;MOGUL&#8221; do t\u00eb vazhdoj\u00eb aktivitetin p\u00ebr sensiblizimin e qytetar\u00ebve p\u00ebr rrezikun nga zbatimi i Planit Hap\u00ebsinor.<br \/>\n&#8220;\u00cbsht\u00eb koha p\u00ebr alarm dhe p\u00ebr unitet n\u00eb m\u00ebnyr\u00eb q\u00eb rezistenca t\u00eb jet\u00eb sa m\u00eb masive&#8221;, p\u00ebrfundon ai.<br \/>\n<strong>I. Kallaba<br \/>\nKoha Javore<\/strong><\/p>\n","protected":false},"excerpt":{"rendered":"<p><img loading=\"lazy\" class=\"alignleft size-medium wp-image-1102\" style=\"float: left;\" title=\"prostorni-plan-crne-gore-do-2020godine\" src=\"http:\/\/www.visit-ulcinj.com\/blog\/wp-content\/uploads\/2008\/04\/prostorni-plan-crne-gore-do-2020godine-300x197.jpg\" alt=\"Prostorni plan Crne Gore do 2020.godine\" width=\"140\" height=\"140\" \/><\/p>\n","protected":false},"author":1,"featured_media":0,"comment_status":"open","ping_status":"closed","sticky":false,"template":"","format":"standard","meta":{"spay_email":"","jetpack_publicize_message":"","jetpack_is_tweetstorm":false,"jetpack_publicize_feature_enabled":true},"categories":[8,1],"tags":[2368,87,2367,97,2371,2370,729,347,2369,2366],"jetpack_publicize_connections":[],"yoast_head":"<!-- This site is optimized with the Yoast SEO plugin v19.1 - https:\/\/yoast.com\/wordpress\/plugins\/seo\/ -->\n<title>Parlamenti i Malit t\u00eb Zi miratoi Planin Hap\u00ebsinor t\u00eb Malit t\u00eb Zi deri n\u00eb vitin 2020 - Lajme nga Ulqini<\/title>\n<meta name=\"robots\" content=\"index, follow, max-snippet:-1, max-image-preview:large, max-video-preview:-1\" \/>\n<link rel=\"canonical\" href=\"https:\/\/www.visit-ulcinj.com\/blog\/2008\/04\/01\/parlamenti-i-malit-te-zi-miratoi-planin-hapesinor-te-malit-te-zi-deri-ne-vitin-2020\/\" \/>\n<meta property=\"og:locale\" content=\"en_US\" \/>\n<meta property=\"og:type\" content=\"article\" \/>\n<meta property=\"og:title\" content=\"Parlamenti i Malit t\u00eb Zi miratoi Planin Hap\u00ebsinor t\u00eb Malit t\u00eb Zi deri n\u00eb vitin 2020 - Lajme nga Ulqini\" \/>\n<meta property=\"og:url\" content=\"https:\/\/www.visit-ulcinj.com\/blog\/2008\/04\/01\/parlamenti-i-malit-te-zi-miratoi-planin-hapesinor-te-malit-te-zi-deri-ne-vitin-2020\/\" \/>\n<meta property=\"og:site_name\" content=\"Lajme nga Ulqini\" \/>\n<meta property=\"article:published_time\" content=\"2008-04-01T09:39:21+00:00\" \/>\n<meta property=\"article:modified_time\" content=\"2008-04-01T09:48:51+00:00\" \/>\n<meta property=\"og:image\" content=\"http:\/\/www.visit-ulcinj.com\/blog\/wp-content\/uploads\/2008\/04\/prostorni-plan-crne-gore-do-2020godine-300x197.jpg\" \/>\n<meta name=\"twitter:label1\" content=\"Written by\" \/>\n\t<meta name=\"twitter:data1\" content=\"ulqini\" \/>\n\t<meta name=\"twitter:label2\" content=\"Est. reading time\" \/>\n\t<meta name=\"twitter:data2\" content=\"5 minutes\" \/>\n<script type=\"application\/ld+json\" class=\"yoast-schema-graph\">{\"@context\":\"https:\/\/schema.org\",\"@graph\":[{\"@type\":\"WebSite\",\"@id\":\"https:\/\/www.visit-ulcinj.com\/blog\/#website\",\"url\":\"https:\/\/www.visit-ulcinj.com\/blog\/\",\"name\":\"Lajme nga Ulqini\",\"description\":\"Lajme,Vijesti,Ulqini,Ulqin,Crna Gora,Mali i Zi\",\"potentialAction\":[{\"@type\":\"SearchAction\",\"target\":{\"@type\":\"EntryPoint\",\"urlTemplate\":\"https:\/\/www.visit-ulcinj.com\/blog\/?s={search_term_string}\"},\"query-input\":\"required name=search_term_string\"}],\"inLanguage\":\"en-US\"},{\"@type\":\"ImageObject\",\"inLanguage\":\"en-US\",\"@id\":\"https:\/\/www.visit-ulcinj.com\/blog\/2008\/04\/01\/parlamenti-i-malit-te-zi-miratoi-planin-hapesinor-te-malit-te-zi-deri-ne-vitin-2020\/#primaryimage\",\"url\":\"http:\/\/www.visit-ulcinj.com\/blog\/wp-content\/uploads\/2008\/04\/prostorni-plan-crne-gore-do-2020godine-300x197.jpg\",\"contentUrl\":\"http:\/\/www.visit-ulcinj.com\/blog\/wp-content\/uploads\/2008\/04\/prostorni-plan-crne-gore-do-2020godine-300x197.jpg\"},{\"@type\":\"WebPage\",\"@id\":\"https:\/\/www.visit-ulcinj.com\/blog\/2008\/04\/01\/parlamenti-i-malit-te-zi-miratoi-planin-hapesinor-te-malit-te-zi-deri-ne-vitin-2020\/#webpage\",\"url\":\"https:\/\/www.visit-ulcinj.com\/blog\/2008\/04\/01\/parlamenti-i-malit-te-zi-miratoi-planin-hapesinor-te-malit-te-zi-deri-ne-vitin-2020\/\",\"name\":\"Parlamenti i Malit t\u00eb Zi miratoi Planin Hap\u00ebsinor t\u00eb Malit t\u00eb Zi deri n\u00eb vitin 2020 - Lajme nga Ulqini\",\"isPartOf\":{\"@id\":\"https:\/\/www.visit-ulcinj.com\/blog\/#website\"},\"primaryImageOfPage\":{\"@id\":\"https:\/\/www.visit-ulcinj.com\/blog\/2008\/04\/01\/parlamenti-i-malit-te-zi-miratoi-planin-hapesinor-te-malit-te-zi-deri-ne-vitin-2020\/#primaryimage\"},\"datePublished\":\"2008-04-01T09:39:21+00:00\",\"dateModified\":\"2008-04-01T09:48:51+00:00\",\"author\":{\"@id\":\"https:\/\/www.visit-ulcinj.com\/blog\/#\/schema\/person\/dcab619c614d3038751c63bc2aadc06d\"},\"breadcrumb\":{\"@id\":\"https:\/\/www.visit-ulcinj.com\/blog\/2008\/04\/01\/parlamenti-i-malit-te-zi-miratoi-planin-hapesinor-te-malit-te-zi-deri-ne-vitin-2020\/#breadcrumb\"},\"inLanguage\":\"en-US\",\"potentialAction\":[{\"@type\":\"ReadAction\",\"target\":[\"https:\/\/www.visit-ulcinj.com\/blog\/2008\/04\/01\/parlamenti-i-malit-te-zi-miratoi-planin-hapesinor-te-malit-te-zi-deri-ne-vitin-2020\/\"]}]},{\"@type\":\"BreadcrumbList\",\"@id\":\"https:\/\/www.visit-ulcinj.com\/blog\/2008\/04\/01\/parlamenti-i-malit-te-zi-miratoi-planin-hapesinor-te-malit-te-zi-deri-ne-vitin-2020\/#breadcrumb\",\"itemListElement\":[{\"@type\":\"ListItem\",\"position\":1,\"name\":\"Parlamenti i Malit t\u00eb Zi miratoi Planin Hap\u00ebsinor t\u00eb Malit t\u00eb Zi deri n\u00eb vitin 2020\"}]},{\"@type\":\"Person\",\"@id\":\"https:\/\/www.visit-ulcinj.com\/blog\/#\/schema\/person\/dcab619c614d3038751c63bc2aadc06d\",\"name\":\"ulqini\",\"sameAs\":[\"http:\/\/www.visit-ulcinj.com\"],\"url\":\"https:\/\/www.visit-ulcinj.com\/blog\/author\/admin\/\"}]}<\/script>\n<!-- \/ Yoast SEO plugin. -->","yoast_head_json":{"title":"Parlamenti i Malit t\u00eb Zi miratoi Planin Hap\u00ebsinor t\u00eb Malit t\u00eb Zi deri n\u00eb vitin 2020 - Lajme nga Ulqini","robots":{"index":"index","follow":"follow","max-snippet":"max-snippet:-1","max-image-preview":"max-image-preview:large","max-video-preview":"max-video-preview:-1"},"canonical":"https:\/\/www.visit-ulcinj.com\/blog\/2008\/04\/01\/parlamenti-i-malit-te-zi-miratoi-planin-hapesinor-te-malit-te-zi-deri-ne-vitin-2020\/","og_locale":"en_US","og_type":"article","og_title":"Parlamenti i Malit t\u00eb Zi miratoi Planin Hap\u00ebsinor t\u00eb Malit t\u00eb Zi deri n\u00eb vitin 2020 - Lajme nga Ulqini","og_url":"https:\/\/www.visit-ulcinj.com\/blog\/2008\/04\/01\/parlamenti-i-malit-te-zi-miratoi-planin-hapesinor-te-malit-te-zi-deri-ne-vitin-2020\/","og_site_name":"Lajme nga Ulqini","article_published_time":"2008-04-01T09:39:21+00:00","article_modified_time":"2008-04-01T09:48:51+00:00","og_image":[{"url":"http:\/\/www.visit-ulcinj.com\/blog\/wp-content\/uploads\/2008\/04\/prostorni-plan-crne-gore-do-2020godine-300x197.jpg"}],"twitter_misc":{"Written by":"ulqini","Est. reading time":"5 minutes"},"schema":{"@context":"https:\/\/schema.org","@graph":[{"@type":"WebSite","@id":"https:\/\/www.visit-ulcinj.com\/blog\/#website","url":"https:\/\/www.visit-ulcinj.com\/blog\/","name":"Lajme nga Ulqini","description":"Lajme,Vijesti,Ulqini,Ulqin,Crna Gora,Mali i Zi","potentialAction":[{"@type":"SearchAction","target":{"@type":"EntryPoint","urlTemplate":"https:\/\/www.visit-ulcinj.com\/blog\/?s={search_term_string}"},"query-input":"required name=search_term_string"}],"inLanguage":"en-US"},{"@type":"ImageObject","inLanguage":"en-US","@id":"https:\/\/www.visit-ulcinj.com\/blog\/2008\/04\/01\/parlamenti-i-malit-te-zi-miratoi-planin-hapesinor-te-malit-te-zi-deri-ne-vitin-2020\/#primaryimage","url":"http:\/\/www.visit-ulcinj.com\/blog\/wp-content\/uploads\/2008\/04\/prostorni-plan-crne-gore-do-2020godine-300x197.jpg","contentUrl":"http:\/\/www.visit-ulcinj.com\/blog\/wp-content\/uploads\/2008\/04\/prostorni-plan-crne-gore-do-2020godine-300x197.jpg"},{"@type":"WebPage","@id":"https:\/\/www.visit-ulcinj.com\/blog\/2008\/04\/01\/parlamenti-i-malit-te-zi-miratoi-planin-hapesinor-te-malit-te-zi-deri-ne-vitin-2020\/#webpage","url":"https:\/\/www.visit-ulcinj.com\/blog\/2008\/04\/01\/parlamenti-i-malit-te-zi-miratoi-planin-hapesinor-te-malit-te-zi-deri-ne-vitin-2020\/","name":"Parlamenti i Malit t\u00eb Zi miratoi Planin Hap\u00ebsinor t\u00eb Malit t\u00eb Zi deri n\u00eb vitin 2020 - Lajme nga Ulqini","isPartOf":{"@id":"https:\/\/www.visit-ulcinj.com\/blog\/#website"},"primaryImageOfPage":{"@id":"https:\/\/www.visit-ulcinj.com\/blog\/2008\/04\/01\/parlamenti-i-malit-te-zi-miratoi-planin-hapesinor-te-malit-te-zi-deri-ne-vitin-2020\/#primaryimage"},"datePublished":"2008-04-01T09:39:21+00:00","dateModified":"2008-04-01T09:48:51+00:00","author":{"@id":"https:\/\/www.visit-ulcinj.com\/blog\/#\/schema\/person\/dcab619c614d3038751c63bc2aadc06d"},"breadcrumb":{"@id":"https:\/\/www.visit-ulcinj.com\/blog\/2008\/04\/01\/parlamenti-i-malit-te-zi-miratoi-planin-hapesinor-te-malit-te-zi-deri-ne-vitin-2020\/#breadcrumb"},"inLanguage":"en-US","potentialAction":[{"@type":"ReadAction","target":["https:\/\/www.visit-ulcinj.com\/blog\/2008\/04\/01\/parlamenti-i-malit-te-zi-miratoi-planin-hapesinor-te-malit-te-zi-deri-ne-vitin-2020\/"]}]},{"@type":"BreadcrumbList","@id":"https:\/\/www.visit-ulcinj.com\/blog\/2008\/04\/01\/parlamenti-i-malit-te-zi-miratoi-planin-hapesinor-te-malit-te-zi-deri-ne-vitin-2020\/#breadcrumb","itemListElement":[{"@type":"ListItem","position":1,"name":"Parlamenti i Malit t\u00eb Zi miratoi Planin Hap\u00ebsinor t\u00eb Malit t\u00eb Zi deri n\u00eb vitin 2020"}]},{"@type":"Person","@id":"https:\/\/www.visit-ulcinj.com\/blog\/#\/schema\/person\/dcab619c614d3038751c63bc2aadc06d","name":"ulqini","sameAs":["http:\/\/www.visit-ulcinj.com"],"url":"https:\/\/www.visit-ulcinj.com\/blog\/author\/admin\/"}]}},"jetpack_featured_media_url":"","jetpack_sharing_enabled":true,"jetpack_shortlink":"https:\/\/wp.me\/pe6lTn-hL","_links":{"self":[{"href":"https:\/\/www.visit-ulcinj.com\/blog\/wp-json\/wp\/v2\/posts\/1101"}],"collection":[{"href":"https:\/\/www.visit-ulcinj.com\/blog\/wp-json\/wp\/v2\/posts"}],"about":[{"href":"https:\/\/www.visit-ulcinj.com\/blog\/wp-json\/wp\/v2\/types\/post"}],"author":[{"embeddable":true,"href":"https:\/\/www.visit-ulcinj.com\/blog\/wp-json\/wp\/v2\/users\/1"}],"replies":[{"embeddable":true,"href":"https:\/\/www.visit-ulcinj.com\/blog\/wp-json\/wp\/v2\/comments?post=1101"}],"version-history":[{"count":0,"href":"https:\/\/www.visit-ulcinj.com\/blog\/wp-json\/wp\/v2\/posts\/1101\/revisions"}],"wp:attachment":[{"href":"https:\/\/www.visit-ulcinj.com\/blog\/wp-json\/wp\/v2\/media?parent=1101"}],"wp:term":[{"taxonomy":"category","embeddable":true,"href":"https:\/\/www.visit-ulcinj.com\/blog\/wp-json\/wp\/v2\/categories?post=1101"},{"taxonomy":"post_tag","embeddable":true,"href":"https:\/\/www.visit-ulcinj.com\/blog\/wp-json\/wp\/v2\/tags?post=1101"}],"curies":[{"name":"wp","href":"https:\/\/api.w.org\/{rel}","templated":true}]}}