{"id":11025,"date":"2009-02-09T18:41:57","date_gmt":"2009-02-09T17:41:57","guid":{"rendered":"http:\/\/www.visit-ulcinj.com\/blog\/?p=11025"},"modified":"2009-02-09T18:41:57","modified_gmt":"2009-02-09T17:41:57","slug":"banoret-drekojne-ne-kopsht","status":"publish","type":"post","link":"https:\/\/www.visit-ulcinj.com\/blog\/2009\/02\/09\/banoret-drekojne-ne-kopsht\/","title":{"rendered":"Banor\u00ebt drekojn\u00eb n\u00eb kopsht"},"content":{"rendered":"<p><a href=\"http:\/\/www.visit-ulcinj.com\/blog\/wp-content\/uploads\/2009\/02\/banoret-drekojne-jashte.jpg\"><img loading=\"lazy\" class=\"alignleft size-full wp-image-11026\" title=\"banoret-drekojne-jashte\" src=\"http:\/\/www.visit-ulcinj.com\/blog\/wp-content\/uploads\/2009\/02\/banoret-drekojne-jashte.jpg\" alt=\"banoret-drekojne-jashte\" width=\"256\" height=\"205\" \/><\/a>Pasi dreka \u00ebsht\u00eb b\u00ebr\u00eb gati, banor\u00ebt kan\u00eb vendosur ta han\u00eb at\u00eb jasht\u00eb. Por pasi kishin shtruar e rregulluar gjithcka, Arjoni q\u00eb ka patur shum\u00eb ftoht\u00eb, ka k\u00ebrkuar t\u00eb hyjn\u00eb brenda. Megjithat\u00eb banor\u00ebt e tjer\u00eb nuk kan\u00eb l\u00ebvizur, k\u00ebshtu q\u00eb ai, duke mos dashur t\u00eb ndahet nga grupi, \u00ebsht\u00eb dor\u00ebzuar. Menuja me sup\u00eb, qofte, pure, etj, u ka shijuar t\u00eb gjith\u00ebve dhe komplimentat p\u00ebr \u201cshefat\u201d nuk kan\u00eb munguar.<\/p>\n","protected":false},"excerpt":{"rendered":"<p>Pasi dreka \u00ebsht\u00eb b\u00ebr\u00eb gati, banor\u00ebt kan\u00eb vendosur ta han\u00eb at\u00eb jasht\u00eb. Por pasi kishin shtruar e rregulluar gjithcka, Arjoni q\u00eb ka patur shum\u00eb ftoht\u00eb, ka k\u00ebrkuar t\u00eb hyjn\u00eb brenda. Megjithat\u00eb banor\u00ebt e tjer\u00eb nuk kan\u00eb l\u00ebvizur, k\u00ebshtu q\u00eb ai, duke mos dashur t\u00eb ndahet nga grupi, \u00ebsht\u00eb dor\u00ebzuar. Menuja me sup\u00eb, qofte, pure, etj, [&hellip;]<\/p>\n","protected":false},"author":1,"featured_media":0,"comment_status":"open","ping_status":"closed","sticky":false,"template":"","format":"standard","meta":{"spay_email":"","jetpack_publicize_message":"","jetpack_is_tweetstorm":false,"jetpack_publicize_feature_enabled":true},"categories":[6502],"tags":[6620,6504,6506,6611,6604,6605,6606,6568,6619,6607,6608,1563,6609,6610,5081],"jetpack_publicize_connections":[],"yoast_head":"<!-- This site is optimized with the Yoast SEO plugin v19.1 - https:\/\/yoast.com\/wordpress\/plugins\/seo\/ -->\n<title>Banor\u00ebt drekojn\u00eb n\u00eb kopsht - Lajme nga Ulqini<\/title>\n<meta name=\"description\" content=\"Pasi dreka \u00ebsht\u00eb b\u00ebr\u00eb gati, banor\u00ebt kan\u00eb vendosur ta han\u00eb at\u00eb jasht\u00eb. Por pasi kishin shtruar e rregulluar gjithcka, Arjoni q\u00eb ka patur shum\u00eb ftoht\u00eb, ka\" \/>\n<meta name=\"robots\" content=\"index, follow, max-snippet:-1, max-image-preview:large, max-video-preview:-1\" \/>\n<link rel=\"canonical\" href=\"https:\/\/www.visit-ulcinj.com\/blog\/2009\/02\/09\/banoret-drekojne-ne-kopsht\/\" \/>\n<meta property=\"og:locale\" content=\"en_US\" \/>\n<meta property=\"og:type\" content=\"article\" \/>\n<meta property=\"og:title\" content=\"Banor\u00ebt drekojn\u00eb n\u00eb kopsht - Lajme nga Ulqini\" \/>\n<meta property=\"og:description\" content=\"Pasi dreka \u00ebsht\u00eb b\u00ebr\u00eb gati, banor\u00ebt kan\u00eb vendosur ta han\u00eb at\u00eb jasht\u00eb. Por pasi kishin shtruar e rregulluar gjithcka, Arjoni q\u00eb ka patur shum\u00eb ftoht\u00eb, ka\" \/>\n<meta property=\"og:url\" content=\"https:\/\/www.visit-ulcinj.com\/blog\/2009\/02\/09\/banoret-drekojne-ne-kopsht\/\" \/>\n<meta property=\"og:site_name\" content=\"Lajme nga Ulqini\" \/>\n<meta property=\"article:published_time\" content=\"2009-02-09T17:41:57+00:00\" \/>\n<meta property=\"og:image\" content=\"http:\/\/www.visit-ulcinj.com\/blog\/wp-content\/uploads\/2009\/02\/banoret-drekojne-jashte.jpg\" \/>\n<meta name=\"twitter:label1\" content=\"Written by\" \/>\n\t<meta name=\"twitter:data1\" content=\"ulqini\" \/>\n<script type=\"application\/ld+json\" class=\"yoast-schema-graph\">{\"@context\":\"https:\/\/schema.org\",\"@graph\":[{\"@type\":\"WebSite\",\"@id\":\"https:\/\/www.visit-ulcinj.com\/blog\/#website\",\"url\":\"https:\/\/www.visit-ulcinj.com\/blog\/\",\"name\":\"Lajme nga Ulqini\",\"description\":\"Lajme,Vijesti,Ulqini,Ulqin,Crna Gora,Mali i Zi\",\"potentialAction\":[{\"@type\":\"SearchAction\",\"target\":{\"@type\":\"EntryPoint\",\"urlTemplate\":\"https:\/\/www.visit-ulcinj.com\/blog\/?s={search_term_string}\"},\"query-input\":\"required name=search_term_string\"}],\"inLanguage\":\"en-US\"},{\"@type\":\"ImageObject\",\"inLanguage\":\"en-US\",\"@id\":\"https:\/\/www.visit-ulcinj.com\/blog\/2009\/02\/09\/banoret-drekojne-ne-kopsht\/#primaryimage\",\"url\":\"http:\/\/www.visit-ulcinj.com\/blog\/wp-content\/uploads\/2009\/02\/banoret-drekojne-jashte.jpg\",\"contentUrl\":\"http:\/\/www.visit-ulcinj.com\/blog\/wp-content\/uploads\/2009\/02\/banoret-drekojne-jashte.jpg\"},{\"@type\":\"WebPage\",\"@id\":\"https:\/\/www.visit-ulcinj.com\/blog\/2009\/02\/09\/banoret-drekojne-ne-kopsht\/#webpage\",\"url\":\"https:\/\/www.visit-ulcinj.com\/blog\/2009\/02\/09\/banoret-drekojne-ne-kopsht\/\",\"name\":\"Banor\u00ebt drekojn\u00eb n\u00eb kopsht - Lajme nga Ulqini\",\"isPartOf\":{\"@id\":\"https:\/\/www.visit-ulcinj.com\/blog\/#website\"},\"primaryImageOfPage\":{\"@id\":\"https:\/\/www.visit-ulcinj.com\/blog\/2009\/02\/09\/banoret-drekojne-ne-kopsht\/#primaryimage\"},\"datePublished\":\"2009-02-09T17:41:57+00:00\",\"dateModified\":\"2009-02-09T17:41:57+00:00\",\"author\":{\"@id\":\"https:\/\/www.visit-ulcinj.com\/blog\/#\/schema\/person\/dcab619c614d3038751c63bc2aadc06d\"},\"description\":\"Pasi dreka \u00ebsht\u00eb b\u00ebr\u00eb gati, banor\u00ebt kan\u00eb vendosur ta han\u00eb at\u00eb jasht\u00eb. Por pasi kishin shtruar e rregulluar gjithcka, Arjoni q\u00eb ka patur shum\u00eb ftoht\u00eb, ka\",\"breadcrumb\":{\"@id\":\"https:\/\/www.visit-ulcinj.com\/blog\/2009\/02\/09\/banoret-drekojne-ne-kopsht\/#breadcrumb\"},\"inLanguage\":\"en-US\",\"potentialAction\":[{\"@type\":\"ReadAction\",\"target\":[\"https:\/\/www.visit-ulcinj.com\/blog\/2009\/02\/09\/banoret-drekojne-ne-kopsht\/\"]}]},{\"@type\":\"BreadcrumbList\",\"@id\":\"https:\/\/www.visit-ulcinj.com\/blog\/2009\/02\/09\/banoret-drekojne-ne-kopsht\/#breadcrumb\",\"itemListElement\":[{\"@type\":\"ListItem\",\"position\":1,\"name\":\"Banor\u00ebt drekojn\u00eb n\u00eb kopsht\"}]},{\"@type\":\"Person\",\"@id\":\"https:\/\/www.visit-ulcinj.com\/blog\/#\/schema\/person\/dcab619c614d3038751c63bc2aadc06d\",\"name\":\"ulqini\",\"sameAs\":[\"http:\/\/www.visit-ulcinj.com\"],\"url\":\"https:\/\/www.visit-ulcinj.com\/blog\/author\/admin\/\"}]}<\/script>\n<!-- \/ Yoast SEO plugin. -->","yoast_head_json":{"title":"Banor\u00ebt drekojn\u00eb n\u00eb kopsht - Lajme nga Ulqini","description":"Pasi dreka \u00ebsht\u00eb b\u00ebr\u00eb gati, banor\u00ebt kan\u00eb vendosur ta han\u00eb at\u00eb jasht\u00eb. Por pasi kishin shtruar e rregulluar gjithcka, Arjoni q\u00eb ka patur shum\u00eb ftoht\u00eb, ka","robots":{"index":"index","follow":"follow","max-snippet":"max-snippet:-1","max-image-preview":"max-image-preview:large","max-video-preview":"max-video-preview:-1"},"canonical":"https:\/\/www.visit-ulcinj.com\/blog\/2009\/02\/09\/banoret-drekojne-ne-kopsht\/","og_locale":"en_US","og_type":"article","og_title":"Banor\u00ebt drekojn\u00eb n\u00eb kopsht - Lajme nga Ulqini","og_description":"Pasi dreka \u00ebsht\u00eb b\u00ebr\u00eb gati, banor\u00ebt kan\u00eb vendosur ta han\u00eb at\u00eb jasht\u00eb. Por pasi kishin shtruar e rregulluar gjithcka, Arjoni q\u00eb ka patur shum\u00eb ftoht\u00eb, ka","og_url":"https:\/\/www.visit-ulcinj.com\/blog\/2009\/02\/09\/banoret-drekojne-ne-kopsht\/","og_site_name":"Lajme nga Ulqini","article_published_time":"2009-02-09T17:41:57+00:00","og_image":[{"url":"http:\/\/www.visit-ulcinj.com\/blog\/wp-content\/uploads\/2009\/02\/banoret-drekojne-jashte.jpg"}],"twitter_misc":{"Written by":"ulqini"},"schema":{"@context":"https:\/\/schema.org","@graph":[{"@type":"WebSite","@id":"https:\/\/www.visit-ulcinj.com\/blog\/#website","url":"https:\/\/www.visit-ulcinj.com\/blog\/","name":"Lajme nga Ulqini","description":"Lajme,Vijesti,Ulqini,Ulqin,Crna Gora,Mali i Zi","potentialAction":[{"@type":"SearchAction","target":{"@type":"EntryPoint","urlTemplate":"https:\/\/www.visit-ulcinj.com\/blog\/?s={search_term_string}"},"query-input":"required name=search_term_string"}],"inLanguage":"en-US"},{"@type":"ImageObject","inLanguage":"en-US","@id":"https:\/\/www.visit-ulcinj.com\/blog\/2009\/02\/09\/banoret-drekojne-ne-kopsht\/#primaryimage","url":"http:\/\/www.visit-ulcinj.com\/blog\/wp-content\/uploads\/2009\/02\/banoret-drekojne-jashte.jpg","contentUrl":"http:\/\/www.visit-ulcinj.com\/blog\/wp-content\/uploads\/2009\/02\/banoret-drekojne-jashte.jpg"},{"@type":"WebPage","@id":"https:\/\/www.visit-ulcinj.com\/blog\/2009\/02\/09\/banoret-drekojne-ne-kopsht\/#webpage","url":"https:\/\/www.visit-ulcinj.com\/blog\/2009\/02\/09\/banoret-drekojne-ne-kopsht\/","name":"Banor\u00ebt drekojn\u00eb n\u00eb kopsht - Lajme nga Ulqini","isPartOf":{"@id":"https:\/\/www.visit-ulcinj.com\/blog\/#website"},"primaryImageOfPage":{"@id":"https:\/\/www.visit-ulcinj.com\/blog\/2009\/02\/09\/banoret-drekojne-ne-kopsht\/#primaryimage"},"datePublished":"2009-02-09T17:41:57+00:00","dateModified":"2009-02-09T17:41:57+00:00","author":{"@id":"https:\/\/www.visit-ulcinj.com\/blog\/#\/schema\/person\/dcab619c614d3038751c63bc2aadc06d"},"description":"Pasi dreka \u00ebsht\u00eb b\u00ebr\u00eb gati, banor\u00ebt kan\u00eb vendosur ta han\u00eb at\u00eb jasht\u00eb. Por pasi kishin shtruar e rregulluar gjithcka, Arjoni q\u00eb ka patur shum\u00eb ftoht\u00eb, ka","breadcrumb":{"@id":"https:\/\/www.visit-ulcinj.com\/blog\/2009\/02\/09\/banoret-drekojne-ne-kopsht\/#breadcrumb"},"inLanguage":"en-US","potentialAction":[{"@type":"ReadAction","target":["https:\/\/www.visit-ulcinj.com\/blog\/2009\/02\/09\/banoret-drekojne-ne-kopsht\/"]}]},{"@type":"BreadcrumbList","@id":"https:\/\/www.visit-ulcinj.com\/blog\/2009\/02\/09\/banoret-drekojne-ne-kopsht\/#breadcrumb","itemListElement":[{"@type":"ListItem","position":1,"name":"Banor\u00ebt drekojn\u00eb n\u00eb kopsht"}]},{"@type":"Person","@id":"https:\/\/www.visit-ulcinj.com\/blog\/#\/schema\/person\/dcab619c614d3038751c63bc2aadc06d","name":"ulqini","sameAs":["http:\/\/www.visit-ulcinj.com"],"url":"https:\/\/www.visit-ulcinj.com\/blog\/author\/admin\/"}]}},"jetpack_featured_media_url":"","jetpack_sharing_enabled":true,"jetpack_shortlink":"https:\/\/wp.me\/pe6lTn-2RP","_links":{"self":[{"href":"https:\/\/www.visit-ulcinj.com\/blog\/wp-json\/wp\/v2\/posts\/11025"}],"collection":[{"href":"https:\/\/www.visit-ulcinj.com\/blog\/wp-json\/wp\/v2\/posts"}],"about":[{"href":"https:\/\/www.visit-ulcinj.com\/blog\/wp-json\/wp\/v2\/types\/post"}],"author":[{"embeddable":true,"href":"https:\/\/www.visit-ulcinj.com\/blog\/wp-json\/wp\/v2\/users\/1"}],"replies":[{"embeddable":true,"href":"https:\/\/www.visit-ulcinj.com\/blog\/wp-json\/wp\/v2\/comments?post=11025"}],"version-history":[{"count":0,"href":"https:\/\/www.visit-ulcinj.com\/blog\/wp-json\/wp\/v2\/posts\/11025\/revisions"}],"wp:attachment":[{"href":"https:\/\/www.visit-ulcinj.com\/blog\/wp-json\/wp\/v2\/media?parent=11025"}],"wp:term":[{"taxonomy":"category","embeddable":true,"href":"https:\/\/www.visit-ulcinj.com\/blog\/wp-json\/wp\/v2\/categories?post=11025"},{"taxonomy":"post_tag","embeddable":true,"href":"https:\/\/www.visit-ulcinj.com\/blog\/wp-json\/wp\/v2\/tags?post=11025"}],"curies":[{"name":"wp","href":"https:\/\/api.w.org\/{rel}","templated":true}]}}