{"id":11028,"date":"2009-02-09T18:46:39","date_gmt":"2009-02-09T17:46:39","guid":{"rendered":"http:\/\/www.visit-ulcinj.com\/blog\/?p=11028"},"modified":"2009-02-09T18:46:39","modified_gmt":"2009-02-09T17:46:39","slug":"arjoni-kam-punuar-baywatch","status":"publish","type":"post","link":"https:\/\/www.visit-ulcinj.com\/blog\/2009\/02\/09\/arjoni-kam-punuar-baywatch\/","title":{"rendered":"Arjoni: Kam punuar baywatch"},"content":{"rendered":"<p><a href=\"http:\/\/www.visit-ulcinj.com\/blog\/wp-content\/uploads\/2009\/02\/arjoni-rojtar.jpg\"><img loading=\"lazy\" class=\"alignleft size-full wp-image-11029\" title=\"arjoni-rojtar\" src=\"http:\/\/www.visit-ulcinj.com\/blog\/wp-content\/uploads\/2009\/02\/arjoni-rojtar.jpg\" alt=\"arjoni-rojtar\" width=\"300\" height=\"205\" \/><\/a>Gjat\u00eb bised\u00ebs me Dritanin dhe Qetsorin, Arjoni tregon se q\u00eb n\u00eb mosh\u00ebn 16-vje\u00e7are, ka punuar si Baywatch, duke e cil\u00ebsuar k\u00ebt\u00eb eksperienc\u00eb, si nj\u00eb nga m\u00eb interesantet. P\u00ebr t\u00eb qen\u00eb baywatch, ai kishte b\u00ebr\u00eb nj\u00eb shkoll\u00eb 6 mujore gjat\u00eb s\u00eb cil\u00ebs kishte m\u00ebsuar llojet e notit dhe p\u00ebrdorimin e motoskafit t\u00eb ujit, dh\u00ebnien e ndihm\u00ebs s\u00eb shpejt\u00eb, etj. \u2013E vetmja e keqe,- cil\u00ebson ai,- ishte nxirja n\u00eb form\u00ebn e kanatjeres, t\u00eb cil\u00ebn nuk e hiqje dot, sepse ishte uniform\u00eb e pun\u00ebs, por edhe asaj ja gjeta zgjidhjen! E zgjeroja duke e t\u00ebrhequr, q\u00eb t\u00eb m\u00eb merrte dielli tamam!<\/p>\n<p><strong>Top Channel<\/strong><\/p>\n","protected":false},"excerpt":{"rendered":"<p>Gjat\u00eb bised\u00ebs me Dritanin dhe Qetsorin, Arjoni tregon se q\u00eb n\u00eb mosh\u00ebn 16-vje\u00e7are, ka punuar si Baywatch, duke e cil\u00ebsuar k\u00ebt\u00eb eksperienc\u00eb, si nj\u00eb nga m\u00eb interesantet. P\u00ebr t\u00eb qen\u00eb baywatch, ai kishte b\u00ebr\u00eb nj\u00eb shkoll\u00eb 6 mujore gjat\u00eb s\u00eb cil\u00ebs kishte m\u00ebsuar llojet e notit dhe p\u00ebrdorimin e motoskafit t\u00eb ujit, dh\u00ebnien e ndihm\u00ebs [&hellip;]<\/p>\n","protected":false},"author":1,"featured_media":0,"comment_status":"open","ping_status":"closed","sticky":false,"template":"","format":"standard","meta":{"spay_email":"","jetpack_publicize_message":"","jetpack_is_tweetstorm":false,"jetpack_publicize_feature_enabled":true},"categories":[6502],"tags":[6621,6620,6504,6506,6611,6604,6605,6606,6568,6619,6607,6608,1563,6609,6610,5081],"jetpack_publicize_connections":[],"yoast_head":"<!-- This site is optimized with the Yoast SEO plugin v19.1 - https:\/\/yoast.com\/wordpress\/plugins\/seo\/ -->\n<title>Arjoni: Kam punuar baywatch - Lajme nga Ulqini<\/title>\n<meta name=\"description\" content=\"Gjat\u00eb bised\u00ebs me Dritanin dhe Qetsorin, Arjoni tregon se q\u00eb n\u00eb mosh\u00ebn 16-vje\u00e7are, ka punuar si Baywatch, duke e cil\u00ebsuar k\u00ebt\u00eb eksperienc\u00eb, si nj\u00eb nga m\u00eb\" \/>\n<meta name=\"robots\" content=\"index, follow, max-snippet:-1, max-image-preview:large, max-video-preview:-1\" \/>\n<link rel=\"canonical\" href=\"https:\/\/www.visit-ulcinj.com\/blog\/2009\/02\/09\/arjoni-kam-punuar-baywatch\/\" \/>\n<meta property=\"og:locale\" content=\"en_US\" \/>\n<meta property=\"og:type\" content=\"article\" \/>\n<meta property=\"og:title\" content=\"Arjoni: Kam punuar baywatch - Lajme nga Ulqini\" \/>\n<meta property=\"og:description\" content=\"Gjat\u00eb bised\u00ebs me Dritanin dhe Qetsorin, Arjoni tregon se q\u00eb n\u00eb mosh\u00ebn 16-vje\u00e7are, ka punuar si Baywatch, duke e cil\u00ebsuar k\u00ebt\u00eb eksperienc\u00eb, si nj\u00eb nga m\u00eb\" \/>\n<meta property=\"og:url\" content=\"https:\/\/www.visit-ulcinj.com\/blog\/2009\/02\/09\/arjoni-kam-punuar-baywatch\/\" \/>\n<meta property=\"og:site_name\" content=\"Lajme nga Ulqini\" \/>\n<meta property=\"article:published_time\" content=\"2009-02-09T17:46:39+00:00\" \/>\n<meta property=\"og:image\" content=\"http:\/\/www.visit-ulcinj.com\/blog\/wp-content\/uploads\/2009\/02\/arjoni-rojtar.jpg\" \/>\n<meta name=\"twitter:label1\" content=\"Written by\" \/>\n\t<meta name=\"twitter:data1\" content=\"ulqini\" \/>\n\t<meta name=\"twitter:label2\" content=\"Est. reading time\" \/>\n\t<meta name=\"twitter:data2\" content=\"1 minute\" \/>\n<script type=\"application\/ld+json\" class=\"yoast-schema-graph\">{\"@context\":\"https:\/\/schema.org\",\"@graph\":[{\"@type\":\"WebSite\",\"@id\":\"https:\/\/www.visit-ulcinj.com\/blog\/#website\",\"url\":\"https:\/\/www.visit-ulcinj.com\/blog\/\",\"name\":\"Lajme nga Ulqini\",\"description\":\"Lajme,Vijesti,Ulqini,Ulqin,Crna Gora,Mali i Zi\",\"potentialAction\":[{\"@type\":\"SearchAction\",\"target\":{\"@type\":\"EntryPoint\",\"urlTemplate\":\"https:\/\/www.visit-ulcinj.com\/blog\/?s={search_term_string}\"},\"query-input\":\"required name=search_term_string\"}],\"inLanguage\":\"en-US\"},{\"@type\":\"ImageObject\",\"inLanguage\":\"en-US\",\"@id\":\"https:\/\/www.visit-ulcinj.com\/blog\/2009\/02\/09\/arjoni-kam-punuar-baywatch\/#primaryimage\",\"url\":\"http:\/\/www.visit-ulcinj.com\/blog\/wp-content\/uploads\/2009\/02\/arjoni-rojtar.jpg\",\"contentUrl\":\"http:\/\/www.visit-ulcinj.com\/blog\/wp-content\/uploads\/2009\/02\/arjoni-rojtar.jpg\"},{\"@type\":\"WebPage\",\"@id\":\"https:\/\/www.visit-ulcinj.com\/blog\/2009\/02\/09\/arjoni-kam-punuar-baywatch\/#webpage\",\"url\":\"https:\/\/www.visit-ulcinj.com\/blog\/2009\/02\/09\/arjoni-kam-punuar-baywatch\/\",\"name\":\"Arjoni: Kam punuar baywatch - Lajme nga Ulqini\",\"isPartOf\":{\"@id\":\"https:\/\/www.visit-ulcinj.com\/blog\/#website\"},\"primaryImageOfPage\":{\"@id\":\"https:\/\/www.visit-ulcinj.com\/blog\/2009\/02\/09\/arjoni-kam-punuar-baywatch\/#primaryimage\"},\"datePublished\":\"2009-02-09T17:46:39+00:00\",\"dateModified\":\"2009-02-09T17:46:39+00:00\",\"author\":{\"@id\":\"https:\/\/www.visit-ulcinj.com\/blog\/#\/schema\/person\/dcab619c614d3038751c63bc2aadc06d\"},\"description\":\"Gjat\u00eb bised\u00ebs me Dritanin dhe Qetsorin, Arjoni tregon se q\u00eb n\u00eb mosh\u00ebn 16-vje\u00e7are, ka punuar si Baywatch, duke e cil\u00ebsuar k\u00ebt\u00eb eksperienc\u00eb, si nj\u00eb nga m\u00eb\",\"breadcrumb\":{\"@id\":\"https:\/\/www.visit-ulcinj.com\/blog\/2009\/02\/09\/arjoni-kam-punuar-baywatch\/#breadcrumb\"},\"inLanguage\":\"en-US\",\"potentialAction\":[{\"@type\":\"ReadAction\",\"target\":[\"https:\/\/www.visit-ulcinj.com\/blog\/2009\/02\/09\/arjoni-kam-punuar-baywatch\/\"]}]},{\"@type\":\"BreadcrumbList\",\"@id\":\"https:\/\/www.visit-ulcinj.com\/blog\/2009\/02\/09\/arjoni-kam-punuar-baywatch\/#breadcrumb\",\"itemListElement\":[{\"@type\":\"ListItem\",\"position\":1,\"name\":\"Arjoni: Kam punuar baywatch\"}]},{\"@type\":\"Person\",\"@id\":\"https:\/\/www.visit-ulcinj.com\/blog\/#\/schema\/person\/dcab619c614d3038751c63bc2aadc06d\",\"name\":\"ulqini\",\"sameAs\":[\"http:\/\/www.visit-ulcinj.com\"],\"url\":\"https:\/\/www.visit-ulcinj.com\/blog\/author\/admin\/\"}]}<\/script>\n<!-- \/ Yoast SEO plugin. -->","yoast_head_json":{"title":"Arjoni: Kam punuar baywatch - Lajme nga Ulqini","description":"Gjat\u00eb bised\u00ebs me Dritanin dhe Qetsorin, Arjoni tregon se q\u00eb n\u00eb mosh\u00ebn 16-vje\u00e7are, ka punuar si Baywatch, duke e cil\u00ebsuar k\u00ebt\u00eb eksperienc\u00eb, si nj\u00eb nga m\u00eb","robots":{"index":"index","follow":"follow","max-snippet":"max-snippet:-1","max-image-preview":"max-image-preview:large","max-video-preview":"max-video-preview:-1"},"canonical":"https:\/\/www.visit-ulcinj.com\/blog\/2009\/02\/09\/arjoni-kam-punuar-baywatch\/","og_locale":"en_US","og_type":"article","og_title":"Arjoni: Kam punuar baywatch - Lajme nga Ulqini","og_description":"Gjat\u00eb bised\u00ebs me Dritanin dhe Qetsorin, Arjoni tregon se q\u00eb n\u00eb mosh\u00ebn 16-vje\u00e7are, ka punuar si Baywatch, duke e cil\u00ebsuar k\u00ebt\u00eb eksperienc\u00eb, si nj\u00eb nga m\u00eb","og_url":"https:\/\/www.visit-ulcinj.com\/blog\/2009\/02\/09\/arjoni-kam-punuar-baywatch\/","og_site_name":"Lajme nga Ulqini","article_published_time":"2009-02-09T17:46:39+00:00","og_image":[{"url":"http:\/\/www.visit-ulcinj.com\/blog\/wp-content\/uploads\/2009\/02\/arjoni-rojtar.jpg"}],"twitter_misc":{"Written by":"ulqini","Est. reading time":"1 minute"},"schema":{"@context":"https:\/\/schema.org","@graph":[{"@type":"WebSite","@id":"https:\/\/www.visit-ulcinj.com\/blog\/#website","url":"https:\/\/www.visit-ulcinj.com\/blog\/","name":"Lajme nga Ulqini","description":"Lajme,Vijesti,Ulqini,Ulqin,Crna Gora,Mali i Zi","potentialAction":[{"@type":"SearchAction","target":{"@type":"EntryPoint","urlTemplate":"https:\/\/www.visit-ulcinj.com\/blog\/?s={search_term_string}"},"query-input":"required name=search_term_string"}],"inLanguage":"en-US"},{"@type":"ImageObject","inLanguage":"en-US","@id":"https:\/\/www.visit-ulcinj.com\/blog\/2009\/02\/09\/arjoni-kam-punuar-baywatch\/#primaryimage","url":"http:\/\/www.visit-ulcinj.com\/blog\/wp-content\/uploads\/2009\/02\/arjoni-rojtar.jpg","contentUrl":"http:\/\/www.visit-ulcinj.com\/blog\/wp-content\/uploads\/2009\/02\/arjoni-rojtar.jpg"},{"@type":"WebPage","@id":"https:\/\/www.visit-ulcinj.com\/blog\/2009\/02\/09\/arjoni-kam-punuar-baywatch\/#webpage","url":"https:\/\/www.visit-ulcinj.com\/blog\/2009\/02\/09\/arjoni-kam-punuar-baywatch\/","name":"Arjoni: Kam punuar baywatch - Lajme nga Ulqini","isPartOf":{"@id":"https:\/\/www.visit-ulcinj.com\/blog\/#website"},"primaryImageOfPage":{"@id":"https:\/\/www.visit-ulcinj.com\/blog\/2009\/02\/09\/arjoni-kam-punuar-baywatch\/#primaryimage"},"datePublished":"2009-02-09T17:46:39+00:00","dateModified":"2009-02-09T17:46:39+00:00","author":{"@id":"https:\/\/www.visit-ulcinj.com\/blog\/#\/schema\/person\/dcab619c614d3038751c63bc2aadc06d"},"description":"Gjat\u00eb bised\u00ebs me Dritanin dhe Qetsorin, Arjoni tregon se q\u00eb n\u00eb mosh\u00ebn 16-vje\u00e7are, ka punuar si Baywatch, duke e cil\u00ebsuar k\u00ebt\u00eb eksperienc\u00eb, si nj\u00eb nga m\u00eb","breadcrumb":{"@id":"https:\/\/www.visit-ulcinj.com\/blog\/2009\/02\/09\/arjoni-kam-punuar-baywatch\/#breadcrumb"},"inLanguage":"en-US","potentialAction":[{"@type":"ReadAction","target":["https:\/\/www.visit-ulcinj.com\/blog\/2009\/02\/09\/arjoni-kam-punuar-baywatch\/"]}]},{"@type":"BreadcrumbList","@id":"https:\/\/www.visit-ulcinj.com\/blog\/2009\/02\/09\/arjoni-kam-punuar-baywatch\/#breadcrumb","itemListElement":[{"@type":"ListItem","position":1,"name":"Arjoni: Kam punuar baywatch"}]},{"@type":"Person","@id":"https:\/\/www.visit-ulcinj.com\/blog\/#\/schema\/person\/dcab619c614d3038751c63bc2aadc06d","name":"ulqini","sameAs":["http:\/\/www.visit-ulcinj.com"],"url":"https:\/\/www.visit-ulcinj.com\/blog\/author\/admin\/"}]}},"jetpack_featured_media_url":"","jetpack_sharing_enabled":true,"jetpack_shortlink":"https:\/\/wp.me\/pe6lTn-2RS","_links":{"self":[{"href":"https:\/\/www.visit-ulcinj.com\/blog\/wp-json\/wp\/v2\/posts\/11028"}],"collection":[{"href":"https:\/\/www.visit-ulcinj.com\/blog\/wp-json\/wp\/v2\/posts"}],"about":[{"href":"https:\/\/www.visit-ulcinj.com\/blog\/wp-json\/wp\/v2\/types\/post"}],"author":[{"embeddable":true,"href":"https:\/\/www.visit-ulcinj.com\/blog\/wp-json\/wp\/v2\/users\/1"}],"replies":[{"embeddable":true,"href":"https:\/\/www.visit-ulcinj.com\/blog\/wp-json\/wp\/v2\/comments?post=11028"}],"version-history":[{"count":0,"href":"https:\/\/www.visit-ulcinj.com\/blog\/wp-json\/wp\/v2\/posts\/11028\/revisions"}],"wp:attachment":[{"href":"https:\/\/www.visit-ulcinj.com\/blog\/wp-json\/wp\/v2\/media?parent=11028"}],"wp:term":[{"taxonomy":"category","embeddable":true,"href":"https:\/\/www.visit-ulcinj.com\/blog\/wp-json\/wp\/v2\/categories?post=11028"},{"taxonomy":"post_tag","embeddable":true,"href":"https:\/\/www.visit-ulcinj.com\/blog\/wp-json\/wp\/v2\/tags?post=11028"}],"curies":[{"name":"wp","href":"https:\/\/api.w.org\/{rel}","templated":true}]}}