{"id":1103,"date":"2008-04-01T05:06:14","date_gmt":"2008-04-01T10:06:14","guid":{"rendered":"http:\/\/www.visit-ulcinj.com\/blog\/?p=1103"},"modified":"2008-04-01T05:06:14","modified_gmt":"2008-04-01T10:06:14","slug":"pripreme-za-sezonu-u-punom-jeku","status":"publish","type":"post","link":"https:\/\/www.visit-ulcinj.com\/blog\/2008\/04\/01\/pripreme-za-sezonu-u-punom-jeku\/","title":{"rendered":"Pripreme za sezonu u punom jeku"},"content":{"rendered":"<p><a href=\"http:\/\/www.visit-ulcinj.com\/blog\/wp-content\/uploads\/2008\/04\/predrag-nenezic-_andrija-lompar.jpg\"><img loading=\"lazy\" class=\"alignleft size-thumbnail wp-image-1104\" style=\"float: left;\" title=\"predrag-nenezic-_andrija-lompar\" src=\"http:\/\/www.visit-ulcinj.com\/blog\/wp-content\/uploads\/2008\/04\/predrag-nenezic-_andrija-lompar-150x150.jpg\" alt=\"Predrag Nenezi? i Andrija Lompar\" width=\"150\" height=\"150\" \/><\/a>Ministri turizma i za\u0161tite \u017eivotne sredine i saobra?aja, pomorstva i telekomunikacija Predrag Nenezi? i Andrija Lompar odr\u017eali su danas sastanak sa predstavnicima Crnogorskog turisti?kog udru\u017eenja CTU i relevantnih institucija na kome su razgovarali o realizaciji mjera i aktivnosti na pripremi predstoje?e turisti?ke sezone.<br \/>\nPredstavnici javnog i privatnog sektora su saop\u0161tili da se radovi za pripremu glavne turisti?ke sezone odvijau planiranom dinamikom.<br \/>\nMinistar saobra?aja Andrija Lompar je podsjetio da se na potezu od Ulcinja do Herceg Novog obavljaju radovi na sanaciji pet uskih grla.<br \/>\nPrema njegovim rije?ima  rekonstrukcije putne infrastrukture na crnogorskom primorju bi?e zavr\u0161ene do 1.juna, dok ?e radovi na dionici puta Mioska-Kola\u0161in biti  zavr\u0161eni do 15. juna.<br \/>\nOn je saop\u0161tio da je na dana\u0161njem sastanku dogovoreno formiranje inspekcije koja ?e pratiti odvijanje predstoje?e turisti?ke sezone.<br \/>\nMinistar turizma i za\u0161tite \u017eivotne sredine Predrag Nenezi? je izjavio nakon sastanka da je neophodno obaviti razgovore za predstavnicima privatnog sektora o sivoj ekonomiji prilikom organozovanja izleta, prevoza turista, kontrole i bezbjednosti saobra?aja.<br \/>\n\u201cJo\u0161 je rano govoriti ali ?e tokom ovogodi\u0161nje sezone biti predstavljeni novi turisti?ki proizvodi\u201d, najavio je Nenezi?.<a href=\"http:\/\/www.visit-ulcinj.com\/blog\/wp-content\/uploads\/2008\/04\/predrag-jelusic.jpg\"><img loading=\"lazy\" class=\"alignright size-thumbnail wp-image-1105\" style=\"float: right;\" title=\"predrag-jelusic\" src=\"http:\/\/www.visit-ulcinj.com\/blog\/wp-content\/uploads\/2008\/04\/predrag-jelusic-150x150.jpg\" alt=\"Predrag Jelu\u0161i?\" width=\"150\" height=\"150\" \/><\/a><br \/>\nPredsjednik CTU Predrag Jelu\u0161i? je istakao da je zahtjev ovog udru\u017eenja da se gra?evinska sezona ne preklapa sa turisti?kom.<br \/>\nOn je naglasio da je na snagu stupio zakon kojim se zabranjuje uno\u0161enje ve?ih koli?ina hrane u Crnu Goru .<br \/>\nTako?e, Jelu\u0161i? je podsjetio da ?e tokokm predstoje?e sezone problemi sa vodosnabdijevanjem biti sanirani ali ne u potpunosti i otklonjeni.<br \/>\n\u201cTrajno rje\u0161enje problema vodosnabdijevanja o?ekuje se tokom 2009. godine\u201d, objasnio je Jelu\u0161i?.<br \/>\nIz ministarstva turizma i za\u0161tite \u017eivotne sredine saop\u0161teno je da u Crnoj Gori na dana\u0161nji dan boravi 3.715  turista \u0161to je za 35 odsto vi\u0161e u odnosu na isti period prethodne godine.<\/p>\n<p>cafemontenegro<\/p>\n","protected":false},"excerpt":{"rendered":"<p><img loading=\"lazy\" class=\"alignleft size-thumbnail wp-image-1104\" style=\"float: left;\" title=\"predrag-nenezic-_andrija-lompar\" src=\"http:\/\/www.visit-ulcinj.com\/blog\/wp-content\/uploads\/2008\/04\/predrag-nenezic-_andrija-lompar-150x150.jpg\" alt=\"Predrag Nenezi? i Andrija Lompar\" width=\"140\" height=\"140\" \/><\/p>\n","protected":false},"author":1,"featured_media":0,"comment_status":"open","ping_status":"closed","sticky":false,"template":"","format":"standard","meta":{"spay_email":"","jetpack_publicize_message":"","jetpack_is_tweetstorm":false,"jetpack_publicize_feature_enabled":true},"categories":[15],"tags":[],"jetpack_publicize_connections":[],"yoast_head":"<!-- This site is optimized with the Yoast SEO plugin v19.1 - https:\/\/yoast.com\/wordpress\/plugins\/seo\/ -->\n<title>Pripreme za sezonu u punom jeku - Lajme nga Ulqini<\/title>\n<meta name=\"robots\" content=\"index, follow, max-snippet:-1, max-image-preview:large, max-video-preview:-1\" \/>\n<link rel=\"canonical\" href=\"https:\/\/www.visit-ulcinj.com\/blog\/2008\/04\/01\/pripreme-za-sezonu-u-punom-jeku\/\" \/>\n<meta property=\"og:locale\" content=\"en_US\" \/>\n<meta property=\"og:type\" content=\"article\" \/>\n<meta property=\"og:title\" content=\"Pripreme za sezonu u punom jeku - Lajme nga Ulqini\" \/>\n<meta property=\"og:url\" content=\"https:\/\/www.visit-ulcinj.com\/blog\/2008\/04\/01\/pripreme-za-sezonu-u-punom-jeku\/\" \/>\n<meta property=\"og:site_name\" content=\"Lajme nga Ulqini\" \/>\n<meta property=\"article:published_time\" content=\"2008-04-01T10:06:14+00:00\" \/>\n<meta property=\"og:image\" content=\"http:\/\/www.visit-ulcinj.com\/blog\/wp-content\/uploads\/2008\/04\/predrag-nenezic-_andrija-lompar-150x150.jpg\" \/>\n<meta name=\"twitter:label1\" content=\"Written by\" \/>\n\t<meta name=\"twitter:data1\" content=\"ulqini\" \/>\n\t<meta name=\"twitter:label2\" content=\"Est. reading time\" \/>\n\t<meta name=\"twitter:data2\" content=\"2 minutes\" \/>\n<script type=\"application\/ld+json\" class=\"yoast-schema-graph\">{\"@context\":\"https:\/\/schema.org\",\"@graph\":[{\"@type\":\"WebSite\",\"@id\":\"https:\/\/www.visit-ulcinj.com\/blog\/#website\",\"url\":\"https:\/\/www.visit-ulcinj.com\/blog\/\",\"name\":\"Lajme nga Ulqini\",\"description\":\"Lajme,Vijesti,Ulqini,Ulqin,Crna Gora,Mali i Zi\",\"potentialAction\":[{\"@type\":\"SearchAction\",\"target\":{\"@type\":\"EntryPoint\",\"urlTemplate\":\"https:\/\/www.visit-ulcinj.com\/blog\/?s={search_term_string}\"},\"query-input\":\"required name=search_term_string\"}],\"inLanguage\":\"en-US\"},{\"@type\":\"ImageObject\",\"inLanguage\":\"en-US\",\"@id\":\"https:\/\/www.visit-ulcinj.com\/blog\/2008\/04\/01\/pripreme-za-sezonu-u-punom-jeku\/#primaryimage\",\"url\":\"http:\/\/www.visit-ulcinj.com\/blog\/wp-content\/uploads\/2008\/04\/predrag-nenezic-_andrija-lompar-150x150.jpg\",\"contentUrl\":\"http:\/\/www.visit-ulcinj.com\/blog\/wp-content\/uploads\/2008\/04\/predrag-nenezic-_andrija-lompar-150x150.jpg\"},{\"@type\":\"WebPage\",\"@id\":\"https:\/\/www.visit-ulcinj.com\/blog\/2008\/04\/01\/pripreme-za-sezonu-u-punom-jeku\/#webpage\",\"url\":\"https:\/\/www.visit-ulcinj.com\/blog\/2008\/04\/01\/pripreme-za-sezonu-u-punom-jeku\/\",\"name\":\"Pripreme za sezonu u punom jeku - Lajme nga Ulqini\",\"isPartOf\":{\"@id\":\"https:\/\/www.visit-ulcinj.com\/blog\/#website\"},\"primaryImageOfPage\":{\"@id\":\"https:\/\/www.visit-ulcinj.com\/blog\/2008\/04\/01\/pripreme-za-sezonu-u-punom-jeku\/#primaryimage\"},\"datePublished\":\"2008-04-01T10:06:14+00:00\",\"dateModified\":\"2008-04-01T10:06:14+00:00\",\"author\":{\"@id\":\"https:\/\/www.visit-ulcinj.com\/blog\/#\/schema\/person\/dcab619c614d3038751c63bc2aadc06d\"},\"breadcrumb\":{\"@id\":\"https:\/\/www.visit-ulcinj.com\/blog\/2008\/04\/01\/pripreme-za-sezonu-u-punom-jeku\/#breadcrumb\"},\"inLanguage\":\"en-US\",\"potentialAction\":[{\"@type\":\"ReadAction\",\"target\":[\"https:\/\/www.visit-ulcinj.com\/blog\/2008\/04\/01\/pripreme-za-sezonu-u-punom-jeku\/\"]}]},{\"@type\":\"BreadcrumbList\",\"@id\":\"https:\/\/www.visit-ulcinj.com\/blog\/2008\/04\/01\/pripreme-za-sezonu-u-punom-jeku\/#breadcrumb\",\"itemListElement\":[{\"@type\":\"ListItem\",\"position\":1,\"name\":\"Pripreme za sezonu u punom jeku\"}]},{\"@type\":\"Person\",\"@id\":\"https:\/\/www.visit-ulcinj.com\/blog\/#\/schema\/person\/dcab619c614d3038751c63bc2aadc06d\",\"name\":\"ulqini\",\"sameAs\":[\"http:\/\/www.visit-ulcinj.com\"],\"url\":\"https:\/\/www.visit-ulcinj.com\/blog\/author\/admin\/\"}]}<\/script>\n<!-- \/ Yoast SEO plugin. -->","yoast_head_json":{"title":"Pripreme za sezonu u punom jeku - Lajme nga Ulqini","robots":{"index":"index","follow":"follow","max-snippet":"max-snippet:-1","max-image-preview":"max-image-preview:large","max-video-preview":"max-video-preview:-1"},"canonical":"https:\/\/www.visit-ulcinj.com\/blog\/2008\/04\/01\/pripreme-za-sezonu-u-punom-jeku\/","og_locale":"en_US","og_type":"article","og_title":"Pripreme za sezonu u punom jeku - Lajme nga Ulqini","og_url":"https:\/\/www.visit-ulcinj.com\/blog\/2008\/04\/01\/pripreme-za-sezonu-u-punom-jeku\/","og_site_name":"Lajme nga Ulqini","article_published_time":"2008-04-01T10:06:14+00:00","og_image":[{"url":"http:\/\/www.visit-ulcinj.com\/blog\/wp-content\/uploads\/2008\/04\/predrag-nenezic-_andrija-lompar-150x150.jpg"}],"twitter_misc":{"Written by":"ulqini","Est. reading time":"2 minutes"},"schema":{"@context":"https:\/\/schema.org","@graph":[{"@type":"WebSite","@id":"https:\/\/www.visit-ulcinj.com\/blog\/#website","url":"https:\/\/www.visit-ulcinj.com\/blog\/","name":"Lajme nga Ulqini","description":"Lajme,Vijesti,Ulqini,Ulqin,Crna Gora,Mali i Zi","potentialAction":[{"@type":"SearchAction","target":{"@type":"EntryPoint","urlTemplate":"https:\/\/www.visit-ulcinj.com\/blog\/?s={search_term_string}"},"query-input":"required name=search_term_string"}],"inLanguage":"en-US"},{"@type":"ImageObject","inLanguage":"en-US","@id":"https:\/\/www.visit-ulcinj.com\/blog\/2008\/04\/01\/pripreme-za-sezonu-u-punom-jeku\/#primaryimage","url":"http:\/\/www.visit-ulcinj.com\/blog\/wp-content\/uploads\/2008\/04\/predrag-nenezic-_andrija-lompar-150x150.jpg","contentUrl":"http:\/\/www.visit-ulcinj.com\/blog\/wp-content\/uploads\/2008\/04\/predrag-nenezic-_andrija-lompar-150x150.jpg"},{"@type":"WebPage","@id":"https:\/\/www.visit-ulcinj.com\/blog\/2008\/04\/01\/pripreme-za-sezonu-u-punom-jeku\/#webpage","url":"https:\/\/www.visit-ulcinj.com\/blog\/2008\/04\/01\/pripreme-za-sezonu-u-punom-jeku\/","name":"Pripreme za sezonu u punom jeku - Lajme nga Ulqini","isPartOf":{"@id":"https:\/\/www.visit-ulcinj.com\/blog\/#website"},"primaryImageOfPage":{"@id":"https:\/\/www.visit-ulcinj.com\/blog\/2008\/04\/01\/pripreme-za-sezonu-u-punom-jeku\/#primaryimage"},"datePublished":"2008-04-01T10:06:14+00:00","dateModified":"2008-04-01T10:06:14+00:00","author":{"@id":"https:\/\/www.visit-ulcinj.com\/blog\/#\/schema\/person\/dcab619c614d3038751c63bc2aadc06d"},"breadcrumb":{"@id":"https:\/\/www.visit-ulcinj.com\/blog\/2008\/04\/01\/pripreme-za-sezonu-u-punom-jeku\/#breadcrumb"},"inLanguage":"en-US","potentialAction":[{"@type":"ReadAction","target":["https:\/\/www.visit-ulcinj.com\/blog\/2008\/04\/01\/pripreme-za-sezonu-u-punom-jeku\/"]}]},{"@type":"BreadcrumbList","@id":"https:\/\/www.visit-ulcinj.com\/blog\/2008\/04\/01\/pripreme-za-sezonu-u-punom-jeku\/#breadcrumb","itemListElement":[{"@type":"ListItem","position":1,"name":"Pripreme za sezonu u punom jeku"}]},{"@type":"Person","@id":"https:\/\/www.visit-ulcinj.com\/blog\/#\/schema\/person\/dcab619c614d3038751c63bc2aadc06d","name":"ulqini","sameAs":["http:\/\/www.visit-ulcinj.com"],"url":"https:\/\/www.visit-ulcinj.com\/blog\/author\/admin\/"}]}},"jetpack_featured_media_url":"","jetpack_sharing_enabled":true,"jetpack_shortlink":"https:\/\/wp.me\/pe6lTn-hN","_links":{"self":[{"href":"https:\/\/www.visit-ulcinj.com\/blog\/wp-json\/wp\/v2\/posts\/1103"}],"collection":[{"href":"https:\/\/www.visit-ulcinj.com\/blog\/wp-json\/wp\/v2\/posts"}],"about":[{"href":"https:\/\/www.visit-ulcinj.com\/blog\/wp-json\/wp\/v2\/types\/post"}],"author":[{"embeddable":true,"href":"https:\/\/www.visit-ulcinj.com\/blog\/wp-json\/wp\/v2\/users\/1"}],"replies":[{"embeddable":true,"href":"https:\/\/www.visit-ulcinj.com\/blog\/wp-json\/wp\/v2\/comments?post=1103"}],"version-history":[{"count":0,"href":"https:\/\/www.visit-ulcinj.com\/blog\/wp-json\/wp\/v2\/posts\/1103\/revisions"}],"wp:attachment":[{"href":"https:\/\/www.visit-ulcinj.com\/blog\/wp-json\/wp\/v2\/media?parent=1103"}],"wp:term":[{"taxonomy":"category","embeddable":true,"href":"https:\/\/www.visit-ulcinj.com\/blog\/wp-json\/wp\/v2\/categories?post=1103"},{"taxonomy":"post_tag","embeddable":true,"href":"https:\/\/www.visit-ulcinj.com\/blog\/wp-json\/wp\/v2\/tags?post=1103"}],"curies":[{"name":"wp","href":"https:\/\/api.w.org\/{rel}","templated":true}]}}