{"id":11036,"date":"2009-02-09T21:12:31","date_gmt":"2009-02-09T20:12:31","guid":{"rendered":"http:\/\/www.visit-ulcinj.com\/blog\/?p=11036"},"modified":"2009-02-09T21:12:31","modified_gmt":"2009-02-09T20:12:31","slug":"ciljeta-ingridi-bashke-ne-klubet-e-nates","status":"publish","type":"post","link":"https:\/\/www.visit-ulcinj.com\/blog\/2009\/02\/09\/ciljeta-ingridi-bashke-ne-klubet-e-nates\/","title":{"rendered":"\u00c7iljeta &#038; Ingridi bashk\u00eb n\u00eb klubet e nat\u00ebs"},"content":{"rendered":"<p><a href=\"http:\/\/www.visit-ulcinj.com\/blog\/wp-content\/uploads\/2009\/02\/ciljeta-ingridi.jpg\"><img loading=\"lazy\" class=\"alignleft size-full wp-image-11043\" title=\"ciljeta-ingridi\" src=\"http:\/\/www.visit-ulcinj.com\/blog\/wp-content\/uploads\/2009\/02\/ciljeta-ingridi.jpg\" alt=\"ciljeta-ingridi\" width=\"570\" height=\"410\" \/><\/a>Tashm\u00eb p\u00ebr t\u00eb gjith\u00eb \u00ebsht\u00eb prezent fakti q\u00eb \u00c7iljet\u00ebn dhe Ingridin nuk i lidh vet\u00ebm profesioni por edhe shoq\u00ebria. Jan\u00eb shum\u00eb t\u00eb af\u00ebrta mes tyre aq sa si\u00e7 kan\u00eb pohuar edhe vet\u00eb, shum\u00eb shpesh u takon t\u00eb kalojn\u00eb nat\u00ebn tek sht\u00ebpit\u00eb e nj\u00ebra-tjetr\u00ebs duke q\u00ebndruar zgjuar deri pas mesnate, duke folur dhe diskutuar gj\u00ebra vetjake por edhe t\u00eb p\u00ebrbashk\u00ebta. Pra, \u00c7iljeta dhe Ingridi nuk ndahen asnj\u00ebher\u00eb. Koh\u00ebt e fundit ato kan\u00eb nisur t\u00eb k\u00ebndojn\u00eb edhe n\u00eb t\u00eb nj\u00ebjtin ambient bashk\u00eb, kjo dhe fal\u00eb bashk\u00ebpunimit q\u00eb kan\u00eb patur n\u00eb k\u00ebng\u00ebn \u2018Pu\u00e7i-pu\u00e7i\u2019 q\u00eb p\u00ebr publikun u kthye menj\u00ebher\u00eb n\u00eb hit. N\u00eb k\u00ebto imazhe q\u00eb shihni, dy k\u00ebng\u00ebtaret kan\u00eb qen\u00eb n\u00eb nj\u00eb prej clubeve m\u00eb n\u00eb z\u00eb n\u00eb Tiran\u00eb, ku kan\u00eb k\u00ebnaqur t\u00eb pranishmit me repertorin e tyre muzikor.<\/p>\n<p><strong>LOOK-U<\/strong><\/p>\n<p>T\u00eb dyja kan\u00eb zgjedhur ngjyr\u00ebn e zez\u00eb p\u00ebr t\u00eb performuar. Ingridi nj\u00eb fustan t\u00eb zi, t\u00eb mbyllur n\u00eb pjes\u00ebn e lartme duke evituar dekolten\u00eb, por t\u00eb shkurt\u00ebr dhe t\u00eb ngusht\u00eb mjaft p\u00ebr t\u00eb treguar linjat trupore, tashm\u00eb me shum\u00eb kilogram\u00eb m\u00eb pak. Nga ana tjet\u00ebr \u00c7iljeta ka qen\u00eb paksa m\u00eb e komplikuar n\u00eb veshje. Kanatiere e zez\u00eb me dekolte shum\u00eb t\u00eb hapur, pantallona n\u00eb pjes\u00ebn m\u00eb t\u00eb madhe t\u00eb tejdukshme dhe shum\u00eb t\u00eb ngushta, nd\u00ebrkoh\u00eb q\u00eb kontrast i b\u00ebnin flok\u00ebt bjond\u00eb tashm\u00eb paksa t\u00eb rritur, dhe var\u00ebsja e madhe n\u00eb form\u00ebn e zinxhirit q\u00eb kishte vendosur t\u00eb kombinonte. Fotot tregojn\u00eb qart\u00eb se sa mir\u00eb komportohen me nj\u00ebra-tjetr\u00ebn n\u00eb sken\u00eb dy k\u00ebng\u00ebtaret duke buz\u00ebqeshur pa fund sikurse dhe duke marr\u00eb vler\u00ebsime n\u00ebp\u00ebrmjet duartrokitjeve dhe brohoritjeve n\u00eb lokal.<\/p>\n<p><strong>SURPRIZA<\/strong><\/p>\n<p>N\u00eb fakt ne t\u00eb \u2018Bluetooth\u2019 ju kemi njoftuar edhe disa muaj m\u00eb par\u00eb q\u00eb \u00c7iljeta dhe Ingridi po punojn\u00eb p\u00ebr nj\u00eb tjet\u00ebr bashk\u00ebpunim me nj\u00ebra-tjetr\u00ebn. Nj\u00eb tjet\u00ebr k\u00ebng\u00eb p\u00ebr t\u00eb cil\u00ebn jan\u00eb shum\u00eb optimiste. Dilema ka qen\u00eb n\u00ebse do t\u00eb ishte nj\u00eb balad\u00eb e bukur apo nj\u00eb k\u00ebng\u00eb ritmike sikurse dhe e para q\u00eb korri sukses t\u00eb ve\u00e7ant\u00eb. Padyshim k\u00ebnga do t\u00eb shoq\u00ebrohet edhe me nj\u00eb klip p\u00ebrkat\u00ebs. M\u00ebsohet se k\u00ebnga po p\u00ebrgatitet nga kompozitori q\u00eb dy vajzat zgjedhin p\u00ebr k\u00ebng\u00ebt e tyre, Flori Mumajesi.<\/p>\n<p><strong>DIT\u00cbLINDJA E \u00c7ILIT<\/strong><\/p>\n<p>Dy dit\u00eb m\u00eb par\u00eb \u00c7iljeta ka festuar dit\u00eblindjen n\u00ebn shoq\u00ebrin\u00eb e mjaft miqve dhe t\u00eb af\u00ebrmve. Nj\u00eb fest\u00eb e ve\u00e7ant\u00eb n\u00eb familje e m\u00eb pas nj\u00eb mbledhje e ngusht\u00eb me shoq\u00ebrin\u00eb m\u00eb t\u00eb af\u00ebrt si dhe t\u00eb dashurin e zemr\u00ebs. Dhuratat kan\u00eb qen\u00eb t\u00eb shumta, nj\u00eb prej t\u00eb cilave edhe nga shoqja e saj Ingridi q\u00eb nuk mungon asnj\u00ebher\u00eb n\u00eb evenimentet e mikesh\u00ebs s\u00eb saj. Edhe pse mes koncerteve t\u00eb shumta, \u00c7ili ka gjetur pak koh\u00eb p\u00ebr veten dhe njer\u00ebzit e saj m\u00eb t\u00eb dashur.<\/p>\n<p><strong>Bluetooth<\/strong><\/p>\n<p><strong><\/p>\n<p><\/strong><\/p>\n<p><!--YouTube Error: bad URL entered--><strong><br \/>\n<\/strong><\/p>\n","protected":false},"excerpt":{"rendered":"<p>Tashm\u00eb p\u00ebr t\u00eb gjith\u00eb \u00ebsht\u00eb prezent fakti q\u00eb \u00c7iljet\u00ebn dhe Ingridin nuk i lidh vet\u00ebm profesioni por edhe shoq\u00ebria. Jan\u00eb shum\u00eb t\u00eb af\u00ebrta mes tyre aq sa si\u00e7 kan\u00eb pohuar edhe vet\u00eb, shum\u00eb shpesh u takon t\u00eb kalojn\u00eb nat\u00ebn tek sht\u00ebpit\u00eb e nj\u00ebra-tjetr\u00ebs duke q\u00ebndruar zgjuar deri pas mesnate, duke folur dhe diskutuar gj\u00ebra vetjake [&hellip;]<\/p>\n","protected":false},"author":1,"featured_media":0,"comment_status":"open","ping_status":"closed","sticky":false,"template":"","format":"standard","meta":{"spay_email":"","jetpack_publicize_message":"","jetpack_is_tweetstorm":false,"jetpack_publicize_feature_enabled":true},"categories":[1],"tags":[6623,6625,6624],"jetpack_publicize_connections":[],"yoast_head":"<!-- This site is optimized with the Yoast SEO plugin v19.1 - https:\/\/yoast.com\/wordpress\/plugins\/seo\/ -->\n<title>\u00c7iljeta &amp; Ingridi bashk\u00eb n\u00eb klubet e nat\u00ebs - Lajme nga Ulqini<\/title>\n<meta name=\"description\" content=\"Tashm\u00eb p\u00ebr t\u00eb gjith\u00eb \u00ebsht\u00eb prezent fakti q\u00eb \u00c7iljet\u00ebn dhe Ingridin nuk i lidh vet\u00ebm profesioni por edhe shoq\u00ebria. Jan\u00eb shum\u00eb t\u00eb af\u00ebrta mes tyre aq sa si\u00e7\" \/>\n<meta name=\"robots\" content=\"index, follow, max-snippet:-1, max-image-preview:large, max-video-preview:-1\" \/>\n<link rel=\"canonical\" href=\"https:\/\/www.visit-ulcinj.com\/blog\/2009\/02\/09\/ciljeta-ingridi-bashke-ne-klubet-e-nates\/\" \/>\n<meta property=\"og:locale\" content=\"en_US\" \/>\n<meta property=\"og:type\" content=\"article\" \/>\n<meta property=\"og:title\" content=\"\u00c7iljeta &amp; Ingridi bashk\u00eb n\u00eb klubet e nat\u00ebs - Lajme nga Ulqini\" \/>\n<meta property=\"og:description\" content=\"Tashm\u00eb p\u00ebr t\u00eb gjith\u00eb \u00ebsht\u00eb prezent fakti q\u00eb \u00c7iljet\u00ebn dhe Ingridin nuk i lidh vet\u00ebm profesioni por edhe shoq\u00ebria. Jan\u00eb shum\u00eb t\u00eb af\u00ebrta mes tyre aq sa si\u00e7\" \/>\n<meta property=\"og:url\" content=\"https:\/\/www.visit-ulcinj.com\/blog\/2009\/02\/09\/ciljeta-ingridi-bashke-ne-klubet-e-nates\/\" \/>\n<meta property=\"og:site_name\" content=\"Lajme nga Ulqini\" \/>\n<meta property=\"article:published_time\" content=\"2009-02-09T20:12:31+00:00\" \/>\n<meta property=\"og:image\" content=\"https:\/\/www.visit-ulcinj.com\/blog\/wp-content\/uploads\/2009\/02\/ciljeta-ingridi-150x150.jpg\" \/>\n<meta name=\"twitter:label1\" content=\"Written by\" \/>\n\t<meta name=\"twitter:data1\" content=\"ulqini\" \/>\n\t<meta name=\"twitter:label2\" content=\"Est. reading time\" \/>\n\t<meta name=\"twitter:data2\" content=\"3 minutes\" \/>\n<script type=\"application\/ld+json\" class=\"yoast-schema-graph\">{\"@context\":\"https:\/\/schema.org\",\"@graph\":[{\"@type\":\"WebSite\",\"@id\":\"https:\/\/www.visit-ulcinj.com\/blog\/#website\",\"url\":\"https:\/\/www.visit-ulcinj.com\/blog\/\",\"name\":\"Lajme nga Ulqini\",\"description\":\"Lajme,Vijesti,Ulqini,Ulqin,Crna Gora,Mali i Zi\",\"potentialAction\":[{\"@type\":\"SearchAction\",\"target\":{\"@type\":\"EntryPoint\",\"urlTemplate\":\"https:\/\/www.visit-ulcinj.com\/blog\/?s={search_term_string}\"},\"query-input\":\"required name=search_term_string\"}],\"inLanguage\":\"en-US\"},{\"@type\":\"ImageObject\",\"inLanguage\":\"en-US\",\"@id\":\"https:\/\/www.visit-ulcinj.com\/blog\/2009\/02\/09\/ciljeta-ingridi-bashke-ne-klubet-e-nates\/#primaryimage\",\"url\":\"http:\/\/www.visit-ulcinj.com\/blog\/wp-content\/uploads\/2009\/02\/ciljeta-ingridi.jpg\",\"contentUrl\":\"http:\/\/www.visit-ulcinj.com\/blog\/wp-content\/uploads\/2009\/02\/ciljeta-ingridi.jpg\"},{\"@type\":\"WebPage\",\"@id\":\"https:\/\/www.visit-ulcinj.com\/blog\/2009\/02\/09\/ciljeta-ingridi-bashke-ne-klubet-e-nates\/#webpage\",\"url\":\"https:\/\/www.visit-ulcinj.com\/blog\/2009\/02\/09\/ciljeta-ingridi-bashke-ne-klubet-e-nates\/\",\"name\":\"\u00c7iljeta & Ingridi bashk\u00eb n\u00eb klubet e nat\u00ebs - Lajme nga Ulqini\",\"isPartOf\":{\"@id\":\"https:\/\/www.visit-ulcinj.com\/blog\/#website\"},\"primaryImageOfPage\":{\"@id\":\"https:\/\/www.visit-ulcinj.com\/blog\/2009\/02\/09\/ciljeta-ingridi-bashke-ne-klubet-e-nates\/#primaryimage\"},\"datePublished\":\"2009-02-09T20:12:31+00:00\",\"dateModified\":\"2009-02-09T20:12:31+00:00\",\"author\":{\"@id\":\"https:\/\/www.visit-ulcinj.com\/blog\/#\/schema\/person\/dcab619c614d3038751c63bc2aadc06d\"},\"description\":\"Tashm\u00eb p\u00ebr t\u00eb gjith\u00eb \u00ebsht\u00eb prezent fakti q\u00eb \u00c7iljet\u00ebn dhe Ingridin nuk i lidh vet\u00ebm profesioni por edhe shoq\u00ebria. Jan\u00eb shum\u00eb t\u00eb af\u00ebrta mes tyre aq sa si\u00e7\",\"breadcrumb\":{\"@id\":\"https:\/\/www.visit-ulcinj.com\/blog\/2009\/02\/09\/ciljeta-ingridi-bashke-ne-klubet-e-nates\/#breadcrumb\"},\"inLanguage\":\"en-US\",\"potentialAction\":[{\"@type\":\"ReadAction\",\"target\":[\"https:\/\/www.visit-ulcinj.com\/blog\/2009\/02\/09\/ciljeta-ingridi-bashke-ne-klubet-e-nates\/\"]}]},{\"@type\":\"BreadcrumbList\",\"@id\":\"https:\/\/www.visit-ulcinj.com\/blog\/2009\/02\/09\/ciljeta-ingridi-bashke-ne-klubet-e-nates\/#breadcrumb\",\"itemListElement\":[{\"@type\":\"ListItem\",\"position\":1,\"name\":\"\u00c7iljeta &#038; Ingridi bashk\u00eb n\u00eb klubet e nat\u00ebs\"}]},{\"@type\":\"Person\",\"@id\":\"https:\/\/www.visit-ulcinj.com\/blog\/#\/schema\/person\/dcab619c614d3038751c63bc2aadc06d\",\"name\":\"ulqini\",\"sameAs\":[\"http:\/\/www.visit-ulcinj.com\"],\"url\":\"https:\/\/www.visit-ulcinj.com\/blog\/author\/admin\/\"}]}<\/script>\n<!-- \/ Yoast SEO plugin. -->","yoast_head_json":{"title":"\u00c7iljeta & Ingridi bashk\u00eb n\u00eb klubet e nat\u00ebs - Lajme nga Ulqini","description":"Tashm\u00eb p\u00ebr t\u00eb gjith\u00eb \u00ebsht\u00eb prezent fakti q\u00eb \u00c7iljet\u00ebn dhe Ingridin nuk i lidh vet\u00ebm profesioni por edhe shoq\u00ebria. Jan\u00eb shum\u00eb t\u00eb af\u00ebrta mes tyre aq sa si\u00e7","robots":{"index":"index","follow":"follow","max-snippet":"max-snippet:-1","max-image-preview":"max-image-preview:large","max-video-preview":"max-video-preview:-1"},"canonical":"https:\/\/www.visit-ulcinj.com\/blog\/2009\/02\/09\/ciljeta-ingridi-bashke-ne-klubet-e-nates\/","og_locale":"en_US","og_type":"article","og_title":"\u00c7iljeta & Ingridi bashk\u00eb n\u00eb klubet e nat\u00ebs - Lajme nga Ulqini","og_description":"Tashm\u00eb p\u00ebr t\u00eb gjith\u00eb \u00ebsht\u00eb prezent fakti q\u00eb \u00c7iljet\u00ebn dhe Ingridin nuk i lidh vet\u00ebm profesioni por edhe shoq\u00ebria. Jan\u00eb shum\u00eb t\u00eb af\u00ebrta mes tyre aq sa si\u00e7","og_url":"https:\/\/www.visit-ulcinj.com\/blog\/2009\/02\/09\/ciljeta-ingridi-bashke-ne-klubet-e-nates\/","og_site_name":"Lajme nga Ulqini","article_published_time":"2009-02-09T20:12:31+00:00","og_image":[{"url":"https:\/\/www.visit-ulcinj.com\/blog\/wp-content\/uploads\/2009\/02\/ciljeta-ingridi-150x150.jpg"}],"twitter_misc":{"Written by":"ulqini","Est. reading time":"3 minutes"},"schema":{"@context":"https:\/\/schema.org","@graph":[{"@type":"WebSite","@id":"https:\/\/www.visit-ulcinj.com\/blog\/#website","url":"https:\/\/www.visit-ulcinj.com\/blog\/","name":"Lajme nga Ulqini","description":"Lajme,Vijesti,Ulqini,Ulqin,Crna Gora,Mali i Zi","potentialAction":[{"@type":"SearchAction","target":{"@type":"EntryPoint","urlTemplate":"https:\/\/www.visit-ulcinj.com\/blog\/?s={search_term_string}"},"query-input":"required name=search_term_string"}],"inLanguage":"en-US"},{"@type":"ImageObject","inLanguage":"en-US","@id":"https:\/\/www.visit-ulcinj.com\/blog\/2009\/02\/09\/ciljeta-ingridi-bashke-ne-klubet-e-nates\/#primaryimage","url":"http:\/\/www.visit-ulcinj.com\/blog\/wp-content\/uploads\/2009\/02\/ciljeta-ingridi.jpg","contentUrl":"http:\/\/www.visit-ulcinj.com\/blog\/wp-content\/uploads\/2009\/02\/ciljeta-ingridi.jpg"},{"@type":"WebPage","@id":"https:\/\/www.visit-ulcinj.com\/blog\/2009\/02\/09\/ciljeta-ingridi-bashke-ne-klubet-e-nates\/#webpage","url":"https:\/\/www.visit-ulcinj.com\/blog\/2009\/02\/09\/ciljeta-ingridi-bashke-ne-klubet-e-nates\/","name":"\u00c7iljeta & Ingridi bashk\u00eb n\u00eb klubet e nat\u00ebs - Lajme nga Ulqini","isPartOf":{"@id":"https:\/\/www.visit-ulcinj.com\/blog\/#website"},"primaryImageOfPage":{"@id":"https:\/\/www.visit-ulcinj.com\/blog\/2009\/02\/09\/ciljeta-ingridi-bashke-ne-klubet-e-nates\/#primaryimage"},"datePublished":"2009-02-09T20:12:31+00:00","dateModified":"2009-02-09T20:12:31+00:00","author":{"@id":"https:\/\/www.visit-ulcinj.com\/blog\/#\/schema\/person\/dcab619c614d3038751c63bc2aadc06d"},"description":"Tashm\u00eb p\u00ebr t\u00eb gjith\u00eb \u00ebsht\u00eb prezent fakti q\u00eb \u00c7iljet\u00ebn dhe Ingridin nuk i lidh vet\u00ebm profesioni por edhe shoq\u00ebria. Jan\u00eb shum\u00eb t\u00eb af\u00ebrta mes tyre aq sa si\u00e7","breadcrumb":{"@id":"https:\/\/www.visit-ulcinj.com\/blog\/2009\/02\/09\/ciljeta-ingridi-bashke-ne-klubet-e-nates\/#breadcrumb"},"inLanguage":"en-US","potentialAction":[{"@type":"ReadAction","target":["https:\/\/www.visit-ulcinj.com\/blog\/2009\/02\/09\/ciljeta-ingridi-bashke-ne-klubet-e-nates\/"]}]},{"@type":"BreadcrumbList","@id":"https:\/\/www.visit-ulcinj.com\/blog\/2009\/02\/09\/ciljeta-ingridi-bashke-ne-klubet-e-nates\/#breadcrumb","itemListElement":[{"@type":"ListItem","position":1,"name":"\u00c7iljeta &#038; Ingridi bashk\u00eb n\u00eb klubet e nat\u00ebs"}]},{"@type":"Person","@id":"https:\/\/www.visit-ulcinj.com\/blog\/#\/schema\/person\/dcab619c614d3038751c63bc2aadc06d","name":"ulqini","sameAs":["http:\/\/www.visit-ulcinj.com"],"url":"https:\/\/www.visit-ulcinj.com\/blog\/author\/admin\/"}]}},"jetpack_featured_media_url":"","jetpack_sharing_enabled":true,"jetpack_shortlink":"https:\/\/wp.me\/pe6lTn-2S0","_links":{"self":[{"href":"https:\/\/www.visit-ulcinj.com\/blog\/wp-json\/wp\/v2\/posts\/11036"}],"collection":[{"href":"https:\/\/www.visit-ulcinj.com\/blog\/wp-json\/wp\/v2\/posts"}],"about":[{"href":"https:\/\/www.visit-ulcinj.com\/blog\/wp-json\/wp\/v2\/types\/post"}],"author":[{"embeddable":true,"href":"https:\/\/www.visit-ulcinj.com\/blog\/wp-json\/wp\/v2\/users\/1"}],"replies":[{"embeddable":true,"href":"https:\/\/www.visit-ulcinj.com\/blog\/wp-json\/wp\/v2\/comments?post=11036"}],"version-history":[{"count":0,"href":"https:\/\/www.visit-ulcinj.com\/blog\/wp-json\/wp\/v2\/posts\/11036\/revisions"}],"wp:attachment":[{"href":"https:\/\/www.visit-ulcinj.com\/blog\/wp-json\/wp\/v2\/media?parent=11036"}],"wp:term":[{"taxonomy":"category","embeddable":true,"href":"https:\/\/www.visit-ulcinj.com\/blog\/wp-json\/wp\/v2\/categories?post=11036"},{"taxonomy":"post_tag","embeddable":true,"href":"https:\/\/www.visit-ulcinj.com\/blog\/wp-json\/wp\/v2\/tags?post=11036"}],"curies":[{"name":"wp","href":"https:\/\/api.w.org\/{rel}","templated":true}]}}