{"id":11057,"date":"2009-02-09T22:33:50","date_gmt":"2009-02-09T21:33:50","guid":{"rendered":"http:\/\/www.visit-ulcinj.com\/blog\/?p=11057"},"modified":"2009-02-09T22:33:50","modified_gmt":"2009-02-09T21:33:50","slug":"zhulieta-qaj-vetem-nga-inati","status":"publish","type":"post","link":"https:\/\/www.visit-ulcinj.com\/blog\/2009\/02\/09\/zhulieta-qaj-vetem-nga-inati\/","title":{"rendered":"Zhulieta &#8211; Qaj vet\u00ebm nga inati"},"content":{"rendered":"<p><a href=\"http:\/\/www.visit-ulcinj.com\/blog\/wp-content\/uploads\/2009\/02\/zhuljeta-qan.jpg\"><img loading=\"lazy\" class=\"alignleft size-full wp-image-11056\" title=\"zhuljeta-qan\" src=\"http:\/\/www.visit-ulcinj.com\/blog\/wp-content\/uploads\/2009\/02\/zhuljeta-qan.jpg\" alt=\"zhuljeta-qan\" width=\"300\" height=\"205\" \/><\/a>Vajzat jan\u00eb akomoduar t\u00eb gjitha n\u00eb dhom\u00ebn e tyre dhe po flasin p\u00ebr familjet e tyre q\u00eb i mungojn\u00eb shum\u00eb. Tema e rradh\u00ebs e bised\u00ebs \u00ebsht\u00eb e qara se kur ato preken m\u00eb shum\u00eb derisa t\u00eb qajn\u00eb. Zhuljeta e para pranon se qan zakonisht vet\u00ebm nga inati dhe p\u00ebr asnj\u00eb arsye tjet\u00ebr. Adelajda thot\u00eb se qan vet\u00ebm kur \u00eb l\u00ebndojn\u00eb t\u00eb tjer\u00ebt, \u00e7ka edhe konfirmon se ajo \u00ebsht\u00eb nj\u00eb tip shum \u00ebi ndjesh\u00ebm dhe preket leht\u00eb. Edhe pse kan\u00eb far\u00eb pak dit\u00eb q\u00eb jan\u00eb larg familjes ato tregojn\u00eb se i ka marr\u00eb malli ve\u00e7an\u00ebrisht p\u00ebr nip\u00ebrit dhe mbesat, m\u00eb t\u00eb vegj\u00eblit e familjeve t\u00eb tyre. N\u00eb kuzhin\u00eb Pavlini dhe Dritani kan\u00eb marr\u00eb \u00ebprsip\u00ebr pun\u00ebt e sht\u00ebpis,\u00eb po lajn\u00eb pjatat e drek\u00ebs, nd\u00ebrkoh\u00eb q\u00eb Lirita i v\u00ebzhgon djemt\u00eb nga larg duke i hedhur nga ndonj\u00eb batut\u00eb.\u00a0<\/p>\n<p><em>Top Channel<\/em><\/p>\n","protected":false},"excerpt":{"rendered":"<p>Vajzat jan\u00eb akomoduar t\u00eb gjitha n\u00eb dhom\u00ebn e tyre dhe po flasin p\u00ebr familjet e tyre q\u00eb i mungojn\u00eb shum\u00eb. Tema e rradh\u00ebs e bised\u00ebs \u00ebsht\u00eb e qara se kur ato preken m\u00eb shum\u00eb derisa t\u00eb qajn\u00eb. Zhuljeta e para pranon se qan zakonisht vet\u00ebm nga inati dhe p\u00ebr asnj\u00eb arsye tjet\u00ebr. Adelajda thot\u00eb se [&hellip;]<\/p>\n","protected":false},"author":1,"featured_media":0,"comment_status":"open","ping_status":"closed","sticky":false,"template":"","format":"standard","meta":{"spay_email":"","jetpack_publicize_message":"","jetpack_is_tweetstorm":false,"jetpack_publicize_feature_enabled":true},"categories":[6502],"tags":[6504,6506,6611,6604,6605,6606,6568,6629,6609,6610,5081,6628,6627],"jetpack_publicize_connections":[],"yoast_head":"<!-- This site is optimized with the Yoast SEO plugin v19.1 - https:\/\/yoast.com\/wordpress\/plugins\/seo\/ -->\n<title>Zhulieta - Qaj vet\u00ebm nga inati - Lajme nga Ulqini<\/title>\n<meta name=\"description\" content=\"Vajzat jan\u00eb akomoduar t\u00eb gjitha n\u00eb dhom\u00ebn e tyre dhe po flasin p\u00ebr familjet e tyre q\u00eb i mungojn\u00eb shum\u00eb. Tema e rradh\u00ebs e bised\u00ebs \u00ebsht\u00eb e qara se kur ato\" \/>\n<meta name=\"robots\" content=\"index, follow, max-snippet:-1, max-image-preview:large, max-video-preview:-1\" \/>\n<link rel=\"canonical\" href=\"https:\/\/www.visit-ulcinj.com\/blog\/2009\/02\/09\/zhulieta-qaj-vetem-nga-inati\/\" \/>\n<meta property=\"og:locale\" content=\"en_US\" \/>\n<meta property=\"og:type\" content=\"article\" \/>\n<meta property=\"og:title\" content=\"Zhulieta - Qaj vet\u00ebm nga inati - Lajme nga Ulqini\" \/>\n<meta property=\"og:description\" content=\"Vajzat jan\u00eb akomoduar t\u00eb gjitha n\u00eb dhom\u00ebn e tyre dhe po flasin p\u00ebr familjet e tyre q\u00eb i mungojn\u00eb shum\u00eb. Tema e rradh\u00ebs e bised\u00ebs \u00ebsht\u00eb e qara se kur ato\" \/>\n<meta property=\"og:url\" content=\"https:\/\/www.visit-ulcinj.com\/blog\/2009\/02\/09\/zhulieta-qaj-vetem-nga-inati\/\" \/>\n<meta property=\"og:site_name\" content=\"Lajme nga Ulqini\" \/>\n<meta property=\"article:published_time\" content=\"2009-02-09T21:33:50+00:00\" \/>\n<meta property=\"og:image\" content=\"http:\/\/www.visit-ulcinj.com\/blog\/wp-content\/uploads\/2009\/02\/zhuljeta-qan.jpg\" \/>\n<meta name=\"twitter:label1\" content=\"Written by\" \/>\n\t<meta name=\"twitter:data1\" content=\"ulqini\" \/>\n\t<meta name=\"twitter:label2\" content=\"Est. reading time\" \/>\n\t<meta name=\"twitter:data2\" content=\"1 minute\" \/>\n<script type=\"application\/ld+json\" class=\"yoast-schema-graph\">{\"@context\":\"https:\/\/schema.org\",\"@graph\":[{\"@type\":\"WebSite\",\"@id\":\"https:\/\/www.visit-ulcinj.com\/blog\/#website\",\"url\":\"https:\/\/www.visit-ulcinj.com\/blog\/\",\"name\":\"Lajme nga Ulqini\",\"description\":\"Lajme,Vijesti,Ulqini,Ulqin,Crna Gora,Mali i Zi\",\"potentialAction\":[{\"@type\":\"SearchAction\",\"target\":{\"@type\":\"EntryPoint\",\"urlTemplate\":\"https:\/\/www.visit-ulcinj.com\/blog\/?s={search_term_string}\"},\"query-input\":\"required name=search_term_string\"}],\"inLanguage\":\"en-US\"},{\"@type\":\"ImageObject\",\"inLanguage\":\"en-US\",\"@id\":\"https:\/\/www.visit-ulcinj.com\/blog\/2009\/02\/09\/zhulieta-qaj-vetem-nga-inati\/#primaryimage\",\"url\":\"http:\/\/www.visit-ulcinj.com\/blog\/wp-content\/uploads\/2009\/02\/zhuljeta-qan.jpg\",\"contentUrl\":\"http:\/\/www.visit-ulcinj.com\/blog\/wp-content\/uploads\/2009\/02\/zhuljeta-qan.jpg\"},{\"@type\":\"WebPage\",\"@id\":\"https:\/\/www.visit-ulcinj.com\/blog\/2009\/02\/09\/zhulieta-qaj-vetem-nga-inati\/#webpage\",\"url\":\"https:\/\/www.visit-ulcinj.com\/blog\/2009\/02\/09\/zhulieta-qaj-vetem-nga-inati\/\",\"name\":\"Zhulieta - Qaj vet\u00ebm nga inati - Lajme nga Ulqini\",\"isPartOf\":{\"@id\":\"https:\/\/www.visit-ulcinj.com\/blog\/#website\"},\"primaryImageOfPage\":{\"@id\":\"https:\/\/www.visit-ulcinj.com\/blog\/2009\/02\/09\/zhulieta-qaj-vetem-nga-inati\/#primaryimage\"},\"datePublished\":\"2009-02-09T21:33:50+00:00\",\"dateModified\":\"2009-02-09T21:33:50+00:00\",\"author\":{\"@id\":\"https:\/\/www.visit-ulcinj.com\/blog\/#\/schema\/person\/dcab619c614d3038751c63bc2aadc06d\"},\"description\":\"Vajzat jan\u00eb akomoduar t\u00eb gjitha n\u00eb dhom\u00ebn e tyre dhe po flasin p\u00ebr familjet e tyre q\u00eb i mungojn\u00eb shum\u00eb. Tema e rradh\u00ebs e bised\u00ebs \u00ebsht\u00eb e qara se kur ato\",\"breadcrumb\":{\"@id\":\"https:\/\/www.visit-ulcinj.com\/blog\/2009\/02\/09\/zhulieta-qaj-vetem-nga-inati\/#breadcrumb\"},\"inLanguage\":\"en-US\",\"potentialAction\":[{\"@type\":\"ReadAction\",\"target\":[\"https:\/\/www.visit-ulcinj.com\/blog\/2009\/02\/09\/zhulieta-qaj-vetem-nga-inati\/\"]}]},{\"@type\":\"BreadcrumbList\",\"@id\":\"https:\/\/www.visit-ulcinj.com\/blog\/2009\/02\/09\/zhulieta-qaj-vetem-nga-inati\/#breadcrumb\",\"itemListElement\":[{\"@type\":\"ListItem\",\"position\":1,\"name\":\"Zhulieta &#8211; Qaj vet\u00ebm nga inati\"}]},{\"@type\":\"Person\",\"@id\":\"https:\/\/www.visit-ulcinj.com\/blog\/#\/schema\/person\/dcab619c614d3038751c63bc2aadc06d\",\"name\":\"ulqini\",\"sameAs\":[\"http:\/\/www.visit-ulcinj.com\"],\"url\":\"https:\/\/www.visit-ulcinj.com\/blog\/author\/admin\/\"}]}<\/script>\n<!-- \/ Yoast SEO plugin. -->","yoast_head_json":{"title":"Zhulieta - Qaj vet\u00ebm nga inati - Lajme nga Ulqini","description":"Vajzat jan\u00eb akomoduar t\u00eb gjitha n\u00eb dhom\u00ebn e tyre dhe po flasin p\u00ebr familjet e tyre q\u00eb i mungojn\u00eb shum\u00eb. Tema e rradh\u00ebs e bised\u00ebs \u00ebsht\u00eb e qara se kur ato","robots":{"index":"index","follow":"follow","max-snippet":"max-snippet:-1","max-image-preview":"max-image-preview:large","max-video-preview":"max-video-preview:-1"},"canonical":"https:\/\/www.visit-ulcinj.com\/blog\/2009\/02\/09\/zhulieta-qaj-vetem-nga-inati\/","og_locale":"en_US","og_type":"article","og_title":"Zhulieta - Qaj vet\u00ebm nga inati - Lajme nga Ulqini","og_description":"Vajzat jan\u00eb akomoduar t\u00eb gjitha n\u00eb dhom\u00ebn e tyre dhe po flasin p\u00ebr familjet e tyre q\u00eb i mungojn\u00eb shum\u00eb. Tema e rradh\u00ebs e bised\u00ebs \u00ebsht\u00eb e qara se kur ato","og_url":"https:\/\/www.visit-ulcinj.com\/blog\/2009\/02\/09\/zhulieta-qaj-vetem-nga-inati\/","og_site_name":"Lajme nga Ulqini","article_published_time":"2009-02-09T21:33:50+00:00","og_image":[{"url":"http:\/\/www.visit-ulcinj.com\/blog\/wp-content\/uploads\/2009\/02\/zhuljeta-qan.jpg"}],"twitter_misc":{"Written by":"ulqini","Est. reading time":"1 minute"},"schema":{"@context":"https:\/\/schema.org","@graph":[{"@type":"WebSite","@id":"https:\/\/www.visit-ulcinj.com\/blog\/#website","url":"https:\/\/www.visit-ulcinj.com\/blog\/","name":"Lajme nga Ulqini","description":"Lajme,Vijesti,Ulqini,Ulqin,Crna Gora,Mali i Zi","potentialAction":[{"@type":"SearchAction","target":{"@type":"EntryPoint","urlTemplate":"https:\/\/www.visit-ulcinj.com\/blog\/?s={search_term_string}"},"query-input":"required name=search_term_string"}],"inLanguage":"en-US"},{"@type":"ImageObject","inLanguage":"en-US","@id":"https:\/\/www.visit-ulcinj.com\/blog\/2009\/02\/09\/zhulieta-qaj-vetem-nga-inati\/#primaryimage","url":"http:\/\/www.visit-ulcinj.com\/blog\/wp-content\/uploads\/2009\/02\/zhuljeta-qan.jpg","contentUrl":"http:\/\/www.visit-ulcinj.com\/blog\/wp-content\/uploads\/2009\/02\/zhuljeta-qan.jpg"},{"@type":"WebPage","@id":"https:\/\/www.visit-ulcinj.com\/blog\/2009\/02\/09\/zhulieta-qaj-vetem-nga-inati\/#webpage","url":"https:\/\/www.visit-ulcinj.com\/blog\/2009\/02\/09\/zhulieta-qaj-vetem-nga-inati\/","name":"Zhulieta - Qaj vet\u00ebm nga inati - Lajme nga Ulqini","isPartOf":{"@id":"https:\/\/www.visit-ulcinj.com\/blog\/#website"},"primaryImageOfPage":{"@id":"https:\/\/www.visit-ulcinj.com\/blog\/2009\/02\/09\/zhulieta-qaj-vetem-nga-inati\/#primaryimage"},"datePublished":"2009-02-09T21:33:50+00:00","dateModified":"2009-02-09T21:33:50+00:00","author":{"@id":"https:\/\/www.visit-ulcinj.com\/blog\/#\/schema\/person\/dcab619c614d3038751c63bc2aadc06d"},"description":"Vajzat jan\u00eb akomoduar t\u00eb gjitha n\u00eb dhom\u00ebn e tyre dhe po flasin p\u00ebr familjet e tyre q\u00eb i mungojn\u00eb shum\u00eb. Tema e rradh\u00ebs e bised\u00ebs \u00ebsht\u00eb e qara se kur ato","breadcrumb":{"@id":"https:\/\/www.visit-ulcinj.com\/blog\/2009\/02\/09\/zhulieta-qaj-vetem-nga-inati\/#breadcrumb"},"inLanguage":"en-US","potentialAction":[{"@type":"ReadAction","target":["https:\/\/www.visit-ulcinj.com\/blog\/2009\/02\/09\/zhulieta-qaj-vetem-nga-inati\/"]}]},{"@type":"BreadcrumbList","@id":"https:\/\/www.visit-ulcinj.com\/blog\/2009\/02\/09\/zhulieta-qaj-vetem-nga-inati\/#breadcrumb","itemListElement":[{"@type":"ListItem","position":1,"name":"Zhulieta &#8211; Qaj vet\u00ebm nga inati"}]},{"@type":"Person","@id":"https:\/\/www.visit-ulcinj.com\/blog\/#\/schema\/person\/dcab619c614d3038751c63bc2aadc06d","name":"ulqini","sameAs":["http:\/\/www.visit-ulcinj.com"],"url":"https:\/\/www.visit-ulcinj.com\/blog\/author\/admin\/"}]}},"jetpack_featured_media_url":"","jetpack_sharing_enabled":true,"jetpack_shortlink":"https:\/\/wp.me\/pe6lTn-2Sl","_links":{"self":[{"href":"https:\/\/www.visit-ulcinj.com\/blog\/wp-json\/wp\/v2\/posts\/11057"}],"collection":[{"href":"https:\/\/www.visit-ulcinj.com\/blog\/wp-json\/wp\/v2\/posts"}],"about":[{"href":"https:\/\/www.visit-ulcinj.com\/blog\/wp-json\/wp\/v2\/types\/post"}],"author":[{"embeddable":true,"href":"https:\/\/www.visit-ulcinj.com\/blog\/wp-json\/wp\/v2\/users\/1"}],"replies":[{"embeddable":true,"href":"https:\/\/www.visit-ulcinj.com\/blog\/wp-json\/wp\/v2\/comments?post=11057"}],"version-history":[{"count":0,"href":"https:\/\/www.visit-ulcinj.com\/blog\/wp-json\/wp\/v2\/posts\/11057\/revisions"}],"wp:attachment":[{"href":"https:\/\/www.visit-ulcinj.com\/blog\/wp-json\/wp\/v2\/media?parent=11057"}],"wp:term":[{"taxonomy":"category","embeddable":true,"href":"https:\/\/www.visit-ulcinj.com\/blog\/wp-json\/wp\/v2\/categories?post=11057"},{"taxonomy":"post_tag","embeddable":true,"href":"https:\/\/www.visit-ulcinj.com\/blog\/wp-json\/wp\/v2\/tags?post=11057"}],"curies":[{"name":"wp","href":"https:\/\/api.w.org\/{rel}","templated":true}]}}