{"id":11059,"date":"2009-02-09T22:40:21","date_gmt":"2009-02-09T21:40:21","guid":{"rendered":"http:\/\/www.visit-ulcinj.com\/blog\/?p=11059"},"modified":"2009-02-09T22:40:22","modified_gmt":"2009-02-09T21:40:22","slug":"republika-%e2%80%9ckam-respekt-per-policine%e2%80%9d","status":"publish","type":"post","link":"https:\/\/www.visit-ulcinj.com\/blog\/2009\/02\/09\/republika-%e2%80%9ckam-respekt-per-policine%e2%80%9d\/","title":{"rendered":"Republika \u201cKam respekt p\u00ebr policin\u00eb\u201d"},"content":{"rendered":"<p><a href=\"http:\/\/www.visit-ulcinj.com\/blog\/wp-content\/uploads\/2009\/02\/bikja-police.jpg\"><img loading=\"lazy\" class=\"alignleft size-full wp-image-11062\" title=\"bikja-police\" src=\"http:\/\/www.visit-ulcinj.com\/blog\/wp-content\/uploads\/2009\/02\/bikja-police.jpg\" alt=\"bikja-police\" width=\"300\" height=\"205\" \/><\/a>Edhe pse me tone jo fort miq\u00ebsore, Republika dhe Qet\u00ebsori jan\u00eb p\u00ebrq\u00ebndruar n\u00eb nj\u00eb debat mjaft t\u00eb nxeht\u00eb mes tyre, pik\u00ebrisht rolin e policis\u00eb. Qet\u00ebsori thot\u00eb se policia nuk \u00ebsht\u00eb aspak e nevojshme t\u00eb patrulloj\u00eb n\u00eb qytetet e vogla, si Orikumi, nd\u00ebrsa vajza nga Lazarati mendon krejt\u00ebsisht t\u00eb kund\u00ebrt\u00ebn duke th\u00ebn\u00eb se uniformat blu b\u00ebjn\u00eb detyr\u00ebn e tyre, kudo qofshin ato. Sipas Qet\u00ebsorit prania e policis\u00eb n\u00eb qytetet e vogla \u00ebsht\u00eb m\u00eb shum\u00eb nj\u00eb mjet presioni p\u00ebr qytetar\u00ebt, sesa p\u00ebr t\u00eb b\u00ebr\u00eb detyr\u00ebn q\u00eb i takon. \u201cUn\u00eb kam respekt p\u00ebr forcat e shtetit dhe nuk m\u00eb frik\u00ebson fakti kur mund t\u00eb shoh ndonj\u00eb polic, pasi ata jan\u00eb thjesht n\u00eb krye t\u00eb detyr\u00ebs\u201d-ka th\u00ebn\u00eb Bikja. Biseda nd\u00ebrpritet kur n\u00eb mes hyn Aida e cila i t\u00ebrheq v\u00ebmendjen vajz\u00ebs nga Lazarati duke i th\u00ebn\u00eb se duhet t\u00eb kujdeset m\u00eb shum\u00eb p\u00ebr pamjen e saj t\u00eb jashtme, duke i treguar disa sekrete estetike q\u00eb ajo \u00ebsht\u00eb e bindur se do ta ndryshojn\u00eb duksh\u00ebm imazhin e saj.\u00a0<\/p>\n<p><em>Top Channel<\/em><\/p>\n","protected":false},"excerpt":{"rendered":"<p>Edhe pse me tone jo fort miq\u00ebsore, Republika dhe Qet\u00ebsori jan\u00eb p\u00ebrq\u00ebndruar n\u00eb nj\u00eb debat mjaft t\u00eb nxeht\u00eb mes tyre, pik\u00ebrisht rolin e policis\u00eb. Qet\u00ebsori thot\u00eb se policia nuk \u00ebsht\u00eb aspak e nevojshme t\u00eb patrulloj\u00eb n\u00eb qytetet e vogla, si Orikumi, nd\u00ebrsa vajza nga Lazarati mendon krejt\u00ebsisht t\u00eb kund\u00ebrt\u00ebn duke th\u00ebn\u00eb se uniformat blu b\u00ebjn\u00eb [&hellip;]<\/p>\n","protected":false},"author":1,"featured_media":0,"comment_status":"open","ping_status":"closed","sticky":false,"template":"","format":"standard","meta":{"spay_email":"","jetpack_publicize_message":"","jetpack_is_tweetstorm":false,"jetpack_publicize_feature_enabled":true},"categories":[6502],"tags":[6504,6506,6611,6604,6631,6605,6606,6568,6609,262,6630,6610,5081],"jetpack_publicize_connections":[],"yoast_head":"<!-- This site is optimized with the Yoast SEO plugin v19.1 - https:\/\/yoast.com\/wordpress\/plugins\/seo\/ -->\n<title>Republika \u201cKam respekt p\u00ebr policin\u00eb\u201d - Lajme nga Ulqini<\/title>\n<meta name=\"description\" content=\"Edhe pse me tone jo fort miq\u00ebsore, Republika dhe Qet\u00ebsori jan\u00eb p\u00ebrq\u00ebndruar n\u00eb nj\u00eb debat mjaft t\u00eb nxeht\u00eb mes tyre, pik\u00ebrisht rolin e policis\u00eb. Qet\u00ebsori\" \/>\n<meta name=\"robots\" content=\"index, follow, max-snippet:-1, max-image-preview:large, max-video-preview:-1\" \/>\n<link rel=\"canonical\" href=\"https:\/\/www.visit-ulcinj.com\/blog\/2009\/02\/09\/republika-\u201ckam-respekt-per-policine\u201d\/\" \/>\n<meta property=\"og:locale\" content=\"en_US\" \/>\n<meta property=\"og:type\" content=\"article\" \/>\n<meta property=\"og:title\" content=\"Republika \u201cKam respekt p\u00ebr policin\u00eb\u201d - Lajme nga Ulqini\" \/>\n<meta property=\"og:description\" content=\"Edhe pse me tone jo fort miq\u00ebsore, Republika dhe Qet\u00ebsori jan\u00eb p\u00ebrq\u00ebndruar n\u00eb nj\u00eb debat mjaft t\u00eb nxeht\u00eb mes tyre, pik\u00ebrisht rolin e policis\u00eb. Qet\u00ebsori\" \/>\n<meta property=\"og:url\" content=\"https:\/\/www.visit-ulcinj.com\/blog\/2009\/02\/09\/republika-\u201ckam-respekt-per-policine\u201d\/\" \/>\n<meta property=\"og:site_name\" content=\"Lajme nga Ulqini\" \/>\n<meta property=\"article:published_time\" content=\"2009-02-09T21:40:21+00:00\" \/>\n<meta property=\"article:modified_time\" content=\"2009-02-09T21:40:22+00:00\" \/>\n<meta property=\"og:image\" content=\"http:\/\/www.visit-ulcinj.com\/blog\/wp-content\/uploads\/2009\/02\/bikja-police.jpg\" \/>\n<meta name=\"twitter:label1\" content=\"Written by\" \/>\n\t<meta name=\"twitter:data1\" content=\"ulqini\" \/>\n\t<meta name=\"twitter:label2\" content=\"Est. reading time\" \/>\n\t<meta name=\"twitter:data2\" content=\"1 minute\" \/>\n<script type=\"application\/ld+json\" class=\"yoast-schema-graph\">{\"@context\":\"https:\/\/schema.org\",\"@graph\":[{\"@type\":\"WebSite\",\"@id\":\"https:\/\/www.visit-ulcinj.com\/blog\/#website\",\"url\":\"https:\/\/www.visit-ulcinj.com\/blog\/\",\"name\":\"Lajme nga Ulqini\",\"description\":\"Lajme,Vijesti,Ulqini,Ulqin,Crna Gora,Mali i Zi\",\"potentialAction\":[{\"@type\":\"SearchAction\",\"target\":{\"@type\":\"EntryPoint\",\"urlTemplate\":\"https:\/\/www.visit-ulcinj.com\/blog\/?s={search_term_string}\"},\"query-input\":\"required name=search_term_string\"}],\"inLanguage\":\"en-US\"},{\"@type\":\"ImageObject\",\"inLanguage\":\"en-US\",\"@id\":\"https:\/\/www.visit-ulcinj.com\/blog\/2009\/02\/09\/republika-%e2%80%9ckam-respekt-per-policine%e2%80%9d\/#primaryimage\",\"url\":\"http:\/\/www.visit-ulcinj.com\/blog\/wp-content\/uploads\/2009\/02\/bikja-police.jpg\",\"contentUrl\":\"http:\/\/www.visit-ulcinj.com\/blog\/wp-content\/uploads\/2009\/02\/bikja-police.jpg\"},{\"@type\":\"WebPage\",\"@id\":\"https:\/\/www.visit-ulcinj.com\/blog\/2009\/02\/09\/republika-%e2%80%9ckam-respekt-per-policine%e2%80%9d\/#webpage\",\"url\":\"https:\/\/www.visit-ulcinj.com\/blog\/2009\/02\/09\/republika-%e2%80%9ckam-respekt-per-policine%e2%80%9d\/\",\"name\":\"Republika \u201cKam respekt p\u00ebr policin\u00eb\u201d - Lajme nga Ulqini\",\"isPartOf\":{\"@id\":\"https:\/\/www.visit-ulcinj.com\/blog\/#website\"},\"primaryImageOfPage\":{\"@id\":\"https:\/\/www.visit-ulcinj.com\/blog\/2009\/02\/09\/republika-%e2%80%9ckam-respekt-per-policine%e2%80%9d\/#primaryimage\"},\"datePublished\":\"2009-02-09T21:40:21+00:00\",\"dateModified\":\"2009-02-09T21:40:22+00:00\",\"author\":{\"@id\":\"https:\/\/www.visit-ulcinj.com\/blog\/#\/schema\/person\/dcab619c614d3038751c63bc2aadc06d\"},\"description\":\"Edhe pse me tone jo fort miq\u00ebsore, Republika dhe Qet\u00ebsori jan\u00eb p\u00ebrq\u00ebndruar n\u00eb nj\u00eb debat mjaft t\u00eb nxeht\u00eb mes tyre, pik\u00ebrisht rolin e policis\u00eb. Qet\u00ebsori\",\"breadcrumb\":{\"@id\":\"https:\/\/www.visit-ulcinj.com\/blog\/2009\/02\/09\/republika-%e2%80%9ckam-respekt-per-policine%e2%80%9d\/#breadcrumb\"},\"inLanguage\":\"en-US\",\"potentialAction\":[{\"@type\":\"ReadAction\",\"target\":[\"https:\/\/www.visit-ulcinj.com\/blog\/2009\/02\/09\/republika-%e2%80%9ckam-respekt-per-policine%e2%80%9d\/\"]}]},{\"@type\":\"BreadcrumbList\",\"@id\":\"https:\/\/www.visit-ulcinj.com\/blog\/2009\/02\/09\/republika-%e2%80%9ckam-respekt-per-policine%e2%80%9d\/#breadcrumb\",\"itemListElement\":[{\"@type\":\"ListItem\",\"position\":1,\"name\":\"Republika \u201cKam respekt p\u00ebr policin\u00eb\u201d\"}]},{\"@type\":\"Person\",\"@id\":\"https:\/\/www.visit-ulcinj.com\/blog\/#\/schema\/person\/dcab619c614d3038751c63bc2aadc06d\",\"name\":\"ulqini\",\"sameAs\":[\"http:\/\/www.visit-ulcinj.com\"],\"url\":\"https:\/\/www.visit-ulcinj.com\/blog\/author\/admin\/\"}]}<\/script>\n<!-- \/ Yoast SEO plugin. -->","yoast_head_json":{"title":"Republika \u201cKam respekt p\u00ebr policin\u00eb\u201d - Lajme nga Ulqini","description":"Edhe pse me tone jo fort miq\u00ebsore, Republika dhe Qet\u00ebsori jan\u00eb p\u00ebrq\u00ebndruar n\u00eb nj\u00eb debat mjaft t\u00eb nxeht\u00eb mes tyre, pik\u00ebrisht rolin e policis\u00eb. Qet\u00ebsori","robots":{"index":"index","follow":"follow","max-snippet":"max-snippet:-1","max-image-preview":"max-image-preview:large","max-video-preview":"max-video-preview:-1"},"canonical":"https:\/\/www.visit-ulcinj.com\/blog\/2009\/02\/09\/republika-\u201ckam-respekt-per-policine\u201d\/","og_locale":"en_US","og_type":"article","og_title":"Republika \u201cKam respekt p\u00ebr policin\u00eb\u201d - Lajme nga Ulqini","og_description":"Edhe pse me tone jo fort miq\u00ebsore, Republika dhe Qet\u00ebsori jan\u00eb p\u00ebrq\u00ebndruar n\u00eb nj\u00eb debat mjaft t\u00eb nxeht\u00eb mes tyre, pik\u00ebrisht rolin e policis\u00eb. Qet\u00ebsori","og_url":"https:\/\/www.visit-ulcinj.com\/blog\/2009\/02\/09\/republika-\u201ckam-respekt-per-policine\u201d\/","og_site_name":"Lajme nga Ulqini","article_published_time":"2009-02-09T21:40:21+00:00","article_modified_time":"2009-02-09T21:40:22+00:00","og_image":[{"url":"http:\/\/www.visit-ulcinj.com\/blog\/wp-content\/uploads\/2009\/02\/bikja-police.jpg"}],"twitter_misc":{"Written by":"ulqini","Est. reading time":"1 minute"},"schema":{"@context":"https:\/\/schema.org","@graph":[{"@type":"WebSite","@id":"https:\/\/www.visit-ulcinj.com\/blog\/#website","url":"https:\/\/www.visit-ulcinj.com\/blog\/","name":"Lajme nga Ulqini","description":"Lajme,Vijesti,Ulqini,Ulqin,Crna Gora,Mali i Zi","potentialAction":[{"@type":"SearchAction","target":{"@type":"EntryPoint","urlTemplate":"https:\/\/www.visit-ulcinj.com\/blog\/?s={search_term_string}"},"query-input":"required name=search_term_string"}],"inLanguage":"en-US"},{"@type":"ImageObject","inLanguage":"en-US","@id":"https:\/\/www.visit-ulcinj.com\/blog\/2009\/02\/09\/republika-%e2%80%9ckam-respekt-per-policine%e2%80%9d\/#primaryimage","url":"http:\/\/www.visit-ulcinj.com\/blog\/wp-content\/uploads\/2009\/02\/bikja-police.jpg","contentUrl":"http:\/\/www.visit-ulcinj.com\/blog\/wp-content\/uploads\/2009\/02\/bikja-police.jpg"},{"@type":"WebPage","@id":"https:\/\/www.visit-ulcinj.com\/blog\/2009\/02\/09\/republika-%e2%80%9ckam-respekt-per-policine%e2%80%9d\/#webpage","url":"https:\/\/www.visit-ulcinj.com\/blog\/2009\/02\/09\/republika-%e2%80%9ckam-respekt-per-policine%e2%80%9d\/","name":"Republika \u201cKam respekt p\u00ebr policin\u00eb\u201d - Lajme nga Ulqini","isPartOf":{"@id":"https:\/\/www.visit-ulcinj.com\/blog\/#website"},"primaryImageOfPage":{"@id":"https:\/\/www.visit-ulcinj.com\/blog\/2009\/02\/09\/republika-%e2%80%9ckam-respekt-per-policine%e2%80%9d\/#primaryimage"},"datePublished":"2009-02-09T21:40:21+00:00","dateModified":"2009-02-09T21:40:22+00:00","author":{"@id":"https:\/\/www.visit-ulcinj.com\/blog\/#\/schema\/person\/dcab619c614d3038751c63bc2aadc06d"},"description":"Edhe pse me tone jo fort miq\u00ebsore, Republika dhe Qet\u00ebsori jan\u00eb p\u00ebrq\u00ebndruar n\u00eb nj\u00eb debat mjaft t\u00eb nxeht\u00eb mes tyre, pik\u00ebrisht rolin e policis\u00eb. Qet\u00ebsori","breadcrumb":{"@id":"https:\/\/www.visit-ulcinj.com\/blog\/2009\/02\/09\/republika-%e2%80%9ckam-respekt-per-policine%e2%80%9d\/#breadcrumb"},"inLanguage":"en-US","potentialAction":[{"@type":"ReadAction","target":["https:\/\/www.visit-ulcinj.com\/blog\/2009\/02\/09\/republika-%e2%80%9ckam-respekt-per-policine%e2%80%9d\/"]}]},{"@type":"BreadcrumbList","@id":"https:\/\/www.visit-ulcinj.com\/blog\/2009\/02\/09\/republika-%e2%80%9ckam-respekt-per-policine%e2%80%9d\/#breadcrumb","itemListElement":[{"@type":"ListItem","position":1,"name":"Republika \u201cKam respekt p\u00ebr policin\u00eb\u201d"}]},{"@type":"Person","@id":"https:\/\/www.visit-ulcinj.com\/blog\/#\/schema\/person\/dcab619c614d3038751c63bc2aadc06d","name":"ulqini","sameAs":["http:\/\/www.visit-ulcinj.com"],"url":"https:\/\/www.visit-ulcinj.com\/blog\/author\/admin\/"}]}},"jetpack_featured_media_url":"","jetpack_sharing_enabled":true,"jetpack_shortlink":"https:\/\/wp.me\/pe6lTn-2Sn","_links":{"self":[{"href":"https:\/\/www.visit-ulcinj.com\/blog\/wp-json\/wp\/v2\/posts\/11059"}],"collection":[{"href":"https:\/\/www.visit-ulcinj.com\/blog\/wp-json\/wp\/v2\/posts"}],"about":[{"href":"https:\/\/www.visit-ulcinj.com\/blog\/wp-json\/wp\/v2\/types\/post"}],"author":[{"embeddable":true,"href":"https:\/\/www.visit-ulcinj.com\/blog\/wp-json\/wp\/v2\/users\/1"}],"replies":[{"embeddable":true,"href":"https:\/\/www.visit-ulcinj.com\/blog\/wp-json\/wp\/v2\/comments?post=11059"}],"version-history":[{"count":0,"href":"https:\/\/www.visit-ulcinj.com\/blog\/wp-json\/wp\/v2\/posts\/11059\/revisions"}],"wp:attachment":[{"href":"https:\/\/www.visit-ulcinj.com\/blog\/wp-json\/wp\/v2\/media?parent=11059"}],"wp:term":[{"taxonomy":"category","embeddable":true,"href":"https:\/\/www.visit-ulcinj.com\/blog\/wp-json\/wp\/v2\/categories?post=11059"},{"taxonomy":"post_tag","embeddable":true,"href":"https:\/\/www.visit-ulcinj.com\/blog\/wp-json\/wp\/v2\/tags?post=11059"}],"curies":[{"name":"wp","href":"https:\/\/api.w.org\/{rel}","templated":true}]}}