{"id":11066,"date":"2009-02-09T22:38:41","date_gmt":"2009-02-09T21:38:41","guid":{"rendered":"http:\/\/www.visit-ulcinj.com\/blog\/?p=11066"},"modified":"2009-02-09T22:38:41","modified_gmt":"2009-02-09T21:38:41","slug":"banoret-flasin-per-filmat-shqiptare","status":"publish","type":"post","link":"https:\/\/www.visit-ulcinj.com\/blog\/2009\/02\/09\/banoret-flasin-per-filmat-shqiptare\/","title":{"rendered":"Banor\u00ebt flasin p\u00ebr filmat shqiptar\u00eb"},"content":{"rendered":"<p><a href=\"http:\/\/www.visit-ulcinj.com\/blog\/wp-content\/uploads\/2009\/02\/foto-lajmiii.jpg\"><img loading=\"lazy\" class=\"alignleft size-full wp-image-11067\" title=\"foto-lajmiii\" src=\"http:\/\/www.visit-ulcinj.com\/blog\/wp-content\/uploads\/2009\/02\/foto-lajmiii.jpg\" alt=\"foto-lajmiii\" width=\"300\" height=\"205\" \/><\/a>Filmat shqiptar\u00eb jan\u00eb kthyer n\u00eb nj\u00eb tem\u00eb mjaft t\u00eb diskutuar mes banor\u00ebve t\u00eb sht\u00ebpis\u00eb m\u00eb t\u00eb njohur n\u00eb Shqip\u00ebri. Arjoni duke qen\u00eb se \u00ebsht\u00eb njoh\u00ebs i mir\u00eb i kinematografis\u00eb tregon se filmat shqiptare kan\u00eb shum\u00eb dialogje krahasuar me filmat e tjer\u00eb evropian\u00eb apo amerikan\u00eb, t\u00eb cil\u00ebt z\u00ebvend\u00ebsojn\u00eb k\u00ebt\u00eb pjes\u00eb m\u00eb aksion dhe teknologji. M\u00eb pas ata rr\u00ebfejn\u00eb p\u00ebr filmat e tyre t\u00eb preferuar dhe ata q\u00eb kan\u00eb par\u00eb m\u00eb s\u00eb fundmi, ku bi en\u00eb sy fakti se n\u00eb list\u00ebn e filmave t\u00eb preferuar jan\u00eb edhe ata t\u00eb animuar. Qet\u00ebsori flet p\u00ebr filmat historik\u00eb dhe ata psikologjik\u00eb, duke kujtuar filmin \u201cZhan D\u2019Ark\u201d, nd\u00ebrsa Zhulieta tregon nj\u00eb cil\u00ebsi t\u00eb saj, q\u00eb lidhet me prirjen q\u00eb ka p\u00ebr t\u00eb nuhatur \u00e7do gj\u00eb, duke e lidhur k\u00ebt\u00eb moment me filmin \u201cArom\u00eb Gruaje\u201d, me aktorin Al Pacino.<\/p>\n","protected":false},"excerpt":{"rendered":"<p>Filmat shqiptar\u00eb jan\u00eb kthyer n\u00eb nj\u00eb tem\u00eb mjaft t\u00eb diskutuar mes banor\u00ebve t\u00eb sht\u00ebpis\u00eb m\u00eb t\u00eb njohur n\u00eb Shqip\u00ebri. Arjoni duke qen\u00eb se \u00ebsht\u00eb njoh\u00ebs i mir\u00eb i kinematografis\u00eb tregon se filmat shqiptare kan\u00eb shum\u00eb dialogje krahasuar me filmat e tjer\u00eb evropian\u00eb apo amerikan\u00eb, t\u00eb cil\u00ebt z\u00ebvend\u00ebsojn\u00eb k\u00ebt\u00eb pjes\u00eb m\u00eb aksion dhe teknologji. M\u00eb pas [&hellip;]<\/p>\n","protected":false},"author":1,"featured_media":0,"comment_status":"open","ping_status":"closed","sticky":false,"template":"","format":"standard","meta":{"spay_email":"","jetpack_publicize_message":"","jetpack_is_tweetstorm":false,"jetpack_publicize_feature_enabled":true},"categories":[6502],"tags":[6632,6504,6506,6611,6604,6605,6606,6568,6609,6610,5081],"jetpack_publicize_connections":[],"yoast_head":"<!-- This site is optimized with the Yoast SEO plugin v19.1 - https:\/\/yoast.com\/wordpress\/plugins\/seo\/ -->\n<title>Banor\u00ebt flasin p\u00ebr filmat shqiptar\u00eb - Lajme nga Ulqini<\/title>\n<meta name=\"description\" content=\"Filmat shqiptar\u00eb jan\u00eb kthyer n\u00eb nj\u00eb tem\u00eb mjaft t\u00eb diskutuar mes banor\u00ebve t\u00eb sht\u00ebpis\u00eb m\u00eb t\u00eb njohur n\u00eb Shqip\u00ebri. Arjoni duke qen\u00eb se \u00ebsht\u00eb njoh\u00ebs i mir\u00eb i\" \/>\n<meta name=\"robots\" content=\"index, follow, max-snippet:-1, max-image-preview:large, max-video-preview:-1\" \/>\n<link rel=\"canonical\" href=\"https:\/\/www.visit-ulcinj.com\/blog\/2009\/02\/09\/banoret-flasin-per-filmat-shqiptare\/\" \/>\n<meta property=\"og:locale\" content=\"en_US\" \/>\n<meta property=\"og:type\" content=\"article\" \/>\n<meta property=\"og:title\" content=\"Banor\u00ebt flasin p\u00ebr filmat shqiptar\u00eb - Lajme nga Ulqini\" \/>\n<meta property=\"og:description\" content=\"Filmat shqiptar\u00eb jan\u00eb kthyer n\u00eb nj\u00eb tem\u00eb mjaft t\u00eb diskutuar mes banor\u00ebve t\u00eb sht\u00ebpis\u00eb m\u00eb t\u00eb njohur n\u00eb Shqip\u00ebri. Arjoni duke qen\u00eb se \u00ebsht\u00eb njoh\u00ebs i mir\u00eb i\" \/>\n<meta property=\"og:url\" content=\"https:\/\/www.visit-ulcinj.com\/blog\/2009\/02\/09\/banoret-flasin-per-filmat-shqiptare\/\" \/>\n<meta property=\"og:site_name\" content=\"Lajme nga Ulqini\" \/>\n<meta property=\"article:published_time\" content=\"2009-02-09T21:38:41+00:00\" \/>\n<meta property=\"og:image\" content=\"http:\/\/www.visit-ulcinj.com\/blog\/wp-content\/uploads\/2009\/02\/foto-lajmiii.jpg\" \/>\n<meta name=\"twitter:label1\" content=\"Written by\" \/>\n\t<meta name=\"twitter:data1\" content=\"ulqini\" \/>\n\t<meta name=\"twitter:label2\" content=\"Est. reading time\" \/>\n\t<meta name=\"twitter:data2\" content=\"1 minute\" \/>\n<script type=\"application\/ld+json\" class=\"yoast-schema-graph\">{\"@context\":\"https:\/\/schema.org\",\"@graph\":[{\"@type\":\"WebSite\",\"@id\":\"https:\/\/www.visit-ulcinj.com\/blog\/#website\",\"url\":\"https:\/\/www.visit-ulcinj.com\/blog\/\",\"name\":\"Lajme nga Ulqini\",\"description\":\"Lajme,Vijesti,Ulqini,Ulqin,Crna Gora,Mali i Zi\",\"potentialAction\":[{\"@type\":\"SearchAction\",\"target\":{\"@type\":\"EntryPoint\",\"urlTemplate\":\"https:\/\/www.visit-ulcinj.com\/blog\/?s={search_term_string}\"},\"query-input\":\"required name=search_term_string\"}],\"inLanguage\":\"en-US\"},{\"@type\":\"ImageObject\",\"inLanguage\":\"en-US\",\"@id\":\"https:\/\/www.visit-ulcinj.com\/blog\/2009\/02\/09\/banoret-flasin-per-filmat-shqiptare\/#primaryimage\",\"url\":\"http:\/\/www.visit-ulcinj.com\/blog\/wp-content\/uploads\/2009\/02\/foto-lajmiii.jpg\",\"contentUrl\":\"http:\/\/www.visit-ulcinj.com\/blog\/wp-content\/uploads\/2009\/02\/foto-lajmiii.jpg\"},{\"@type\":\"WebPage\",\"@id\":\"https:\/\/www.visit-ulcinj.com\/blog\/2009\/02\/09\/banoret-flasin-per-filmat-shqiptare\/#webpage\",\"url\":\"https:\/\/www.visit-ulcinj.com\/blog\/2009\/02\/09\/banoret-flasin-per-filmat-shqiptare\/\",\"name\":\"Banor\u00ebt flasin p\u00ebr filmat shqiptar\u00eb - Lajme nga Ulqini\",\"isPartOf\":{\"@id\":\"https:\/\/www.visit-ulcinj.com\/blog\/#website\"},\"primaryImageOfPage\":{\"@id\":\"https:\/\/www.visit-ulcinj.com\/blog\/2009\/02\/09\/banoret-flasin-per-filmat-shqiptare\/#primaryimage\"},\"datePublished\":\"2009-02-09T21:38:41+00:00\",\"dateModified\":\"2009-02-09T21:38:41+00:00\",\"author\":{\"@id\":\"https:\/\/www.visit-ulcinj.com\/blog\/#\/schema\/person\/dcab619c614d3038751c63bc2aadc06d\"},\"description\":\"Filmat shqiptar\u00eb jan\u00eb kthyer n\u00eb nj\u00eb tem\u00eb mjaft t\u00eb diskutuar mes banor\u00ebve t\u00eb sht\u00ebpis\u00eb m\u00eb t\u00eb njohur n\u00eb Shqip\u00ebri. Arjoni duke qen\u00eb se \u00ebsht\u00eb njoh\u00ebs i mir\u00eb i\",\"breadcrumb\":{\"@id\":\"https:\/\/www.visit-ulcinj.com\/blog\/2009\/02\/09\/banoret-flasin-per-filmat-shqiptare\/#breadcrumb\"},\"inLanguage\":\"en-US\",\"potentialAction\":[{\"@type\":\"ReadAction\",\"target\":[\"https:\/\/www.visit-ulcinj.com\/blog\/2009\/02\/09\/banoret-flasin-per-filmat-shqiptare\/\"]}]},{\"@type\":\"BreadcrumbList\",\"@id\":\"https:\/\/www.visit-ulcinj.com\/blog\/2009\/02\/09\/banoret-flasin-per-filmat-shqiptare\/#breadcrumb\",\"itemListElement\":[{\"@type\":\"ListItem\",\"position\":1,\"name\":\"Banor\u00ebt flasin p\u00ebr filmat shqiptar\u00eb\"}]},{\"@type\":\"Person\",\"@id\":\"https:\/\/www.visit-ulcinj.com\/blog\/#\/schema\/person\/dcab619c614d3038751c63bc2aadc06d\",\"name\":\"ulqini\",\"sameAs\":[\"http:\/\/www.visit-ulcinj.com\"],\"url\":\"https:\/\/www.visit-ulcinj.com\/blog\/author\/admin\/\"}]}<\/script>\n<!-- \/ Yoast SEO plugin. -->","yoast_head_json":{"title":"Banor\u00ebt flasin p\u00ebr filmat shqiptar\u00eb - Lajme nga Ulqini","description":"Filmat shqiptar\u00eb jan\u00eb kthyer n\u00eb nj\u00eb tem\u00eb mjaft t\u00eb diskutuar mes banor\u00ebve t\u00eb sht\u00ebpis\u00eb m\u00eb t\u00eb njohur n\u00eb Shqip\u00ebri. Arjoni duke qen\u00eb se \u00ebsht\u00eb njoh\u00ebs i mir\u00eb i","robots":{"index":"index","follow":"follow","max-snippet":"max-snippet:-1","max-image-preview":"max-image-preview:large","max-video-preview":"max-video-preview:-1"},"canonical":"https:\/\/www.visit-ulcinj.com\/blog\/2009\/02\/09\/banoret-flasin-per-filmat-shqiptare\/","og_locale":"en_US","og_type":"article","og_title":"Banor\u00ebt flasin p\u00ebr filmat shqiptar\u00eb - Lajme nga Ulqini","og_description":"Filmat shqiptar\u00eb jan\u00eb kthyer n\u00eb nj\u00eb tem\u00eb mjaft t\u00eb diskutuar mes banor\u00ebve t\u00eb sht\u00ebpis\u00eb m\u00eb t\u00eb njohur n\u00eb Shqip\u00ebri. Arjoni duke qen\u00eb se \u00ebsht\u00eb njoh\u00ebs i mir\u00eb i","og_url":"https:\/\/www.visit-ulcinj.com\/blog\/2009\/02\/09\/banoret-flasin-per-filmat-shqiptare\/","og_site_name":"Lajme nga Ulqini","article_published_time":"2009-02-09T21:38:41+00:00","og_image":[{"url":"http:\/\/www.visit-ulcinj.com\/blog\/wp-content\/uploads\/2009\/02\/foto-lajmiii.jpg"}],"twitter_misc":{"Written by":"ulqini","Est. reading time":"1 minute"},"schema":{"@context":"https:\/\/schema.org","@graph":[{"@type":"WebSite","@id":"https:\/\/www.visit-ulcinj.com\/blog\/#website","url":"https:\/\/www.visit-ulcinj.com\/blog\/","name":"Lajme nga Ulqini","description":"Lajme,Vijesti,Ulqini,Ulqin,Crna Gora,Mali i Zi","potentialAction":[{"@type":"SearchAction","target":{"@type":"EntryPoint","urlTemplate":"https:\/\/www.visit-ulcinj.com\/blog\/?s={search_term_string}"},"query-input":"required name=search_term_string"}],"inLanguage":"en-US"},{"@type":"ImageObject","inLanguage":"en-US","@id":"https:\/\/www.visit-ulcinj.com\/blog\/2009\/02\/09\/banoret-flasin-per-filmat-shqiptare\/#primaryimage","url":"http:\/\/www.visit-ulcinj.com\/blog\/wp-content\/uploads\/2009\/02\/foto-lajmiii.jpg","contentUrl":"http:\/\/www.visit-ulcinj.com\/blog\/wp-content\/uploads\/2009\/02\/foto-lajmiii.jpg"},{"@type":"WebPage","@id":"https:\/\/www.visit-ulcinj.com\/blog\/2009\/02\/09\/banoret-flasin-per-filmat-shqiptare\/#webpage","url":"https:\/\/www.visit-ulcinj.com\/blog\/2009\/02\/09\/banoret-flasin-per-filmat-shqiptare\/","name":"Banor\u00ebt flasin p\u00ebr filmat shqiptar\u00eb - Lajme nga Ulqini","isPartOf":{"@id":"https:\/\/www.visit-ulcinj.com\/blog\/#website"},"primaryImageOfPage":{"@id":"https:\/\/www.visit-ulcinj.com\/blog\/2009\/02\/09\/banoret-flasin-per-filmat-shqiptare\/#primaryimage"},"datePublished":"2009-02-09T21:38:41+00:00","dateModified":"2009-02-09T21:38:41+00:00","author":{"@id":"https:\/\/www.visit-ulcinj.com\/blog\/#\/schema\/person\/dcab619c614d3038751c63bc2aadc06d"},"description":"Filmat shqiptar\u00eb jan\u00eb kthyer n\u00eb nj\u00eb tem\u00eb mjaft t\u00eb diskutuar mes banor\u00ebve t\u00eb sht\u00ebpis\u00eb m\u00eb t\u00eb njohur n\u00eb Shqip\u00ebri. Arjoni duke qen\u00eb se \u00ebsht\u00eb njoh\u00ebs i mir\u00eb i","breadcrumb":{"@id":"https:\/\/www.visit-ulcinj.com\/blog\/2009\/02\/09\/banoret-flasin-per-filmat-shqiptare\/#breadcrumb"},"inLanguage":"en-US","potentialAction":[{"@type":"ReadAction","target":["https:\/\/www.visit-ulcinj.com\/blog\/2009\/02\/09\/banoret-flasin-per-filmat-shqiptare\/"]}]},{"@type":"BreadcrumbList","@id":"https:\/\/www.visit-ulcinj.com\/blog\/2009\/02\/09\/banoret-flasin-per-filmat-shqiptare\/#breadcrumb","itemListElement":[{"@type":"ListItem","position":1,"name":"Banor\u00ebt flasin p\u00ebr filmat shqiptar\u00eb"}]},{"@type":"Person","@id":"https:\/\/www.visit-ulcinj.com\/blog\/#\/schema\/person\/dcab619c614d3038751c63bc2aadc06d","name":"ulqini","sameAs":["http:\/\/www.visit-ulcinj.com"],"url":"https:\/\/www.visit-ulcinj.com\/blog\/author\/admin\/"}]}},"jetpack_featured_media_url":"","jetpack_sharing_enabled":true,"jetpack_shortlink":"https:\/\/wp.me\/pe6lTn-2Su","_links":{"self":[{"href":"https:\/\/www.visit-ulcinj.com\/blog\/wp-json\/wp\/v2\/posts\/11066"}],"collection":[{"href":"https:\/\/www.visit-ulcinj.com\/blog\/wp-json\/wp\/v2\/posts"}],"about":[{"href":"https:\/\/www.visit-ulcinj.com\/blog\/wp-json\/wp\/v2\/types\/post"}],"author":[{"embeddable":true,"href":"https:\/\/www.visit-ulcinj.com\/blog\/wp-json\/wp\/v2\/users\/1"}],"replies":[{"embeddable":true,"href":"https:\/\/www.visit-ulcinj.com\/blog\/wp-json\/wp\/v2\/comments?post=11066"}],"version-history":[{"count":0,"href":"https:\/\/www.visit-ulcinj.com\/blog\/wp-json\/wp\/v2\/posts\/11066\/revisions"}],"wp:attachment":[{"href":"https:\/\/www.visit-ulcinj.com\/blog\/wp-json\/wp\/v2\/media?parent=11066"}],"wp:term":[{"taxonomy":"category","embeddable":true,"href":"https:\/\/www.visit-ulcinj.com\/blog\/wp-json\/wp\/v2\/categories?post=11066"},{"taxonomy":"post_tag","embeddable":true,"href":"https:\/\/www.visit-ulcinj.com\/blog\/wp-json\/wp\/v2\/tags?post=11066"}],"curies":[{"name":"wp","href":"https:\/\/api.w.org\/{rel}","templated":true}]}}