{"id":11070,"date":"2009-02-09T22:39:32","date_gmt":"2009-02-09T21:39:32","guid":{"rendered":"http:\/\/www.visit-ulcinj.com\/blog\/?p=11070"},"modified":"2009-02-09T22:39:32","modified_gmt":"2009-02-09T21:39:32","slug":"barcaleta-te-nxehta-ne-shtepi","status":"publish","type":"post","link":"https:\/\/www.visit-ulcinj.com\/blog\/2009\/02\/09\/barcaleta-te-nxehta-ne-shtepi\/","title":{"rendered":"Barcaleta t\u00eb nxehta n\u00eb sht\u00ebpi"},"content":{"rendered":"<p><a href=\"http:\/\/www.visit-ulcinj.com\/blog\/wp-content\/uploads\/2009\/02\/barcaleta.jpg\"><img loading=\"lazy\" class=\"alignleft size-full wp-image-11071\" title=\"barcaleta\" src=\"http:\/\/www.visit-ulcinj.com\/blog\/wp-content\/uploads\/2009\/02\/barcaleta.jpg\" alt=\"barcaleta\" width=\"300\" height=\"205\" \/><\/a>Darka ka qen\u00eb me shum\u00eb t\u00eb qeshura n\u00eb sht\u00ebpin\u00eb e Big Brother, pasi t\u00eb gjith\u00eb banor\u00ebt jan\u00eb p\u00ebrqendruar totalisht duke rr\u00ebfyer barcaleta madje edhe me pull\u00eb t\u00eb kuqe, ku Qet\u00ebsori dhe Aida jan\u00eb protagonist\u00ebt kryesore. T\u00eb dy ndihen t\u00eb shpenguar duke rr\u00ebfuyer edhe gazmore erotike, madje edhe nxisin Arjonin q\u00eb t\u00eb jet\u00eb m\u00eb i ngaz\u00ebllyer p\u00ebr t\u00eb rr\u00ebfyer. Edhe Lirita tregon nj\u00eb barcalet\u00eb n\u00eb dialektin kosovar, por duket se asnj\u00eb nga banor\u00ebt nuk arriti q\u00eb ta kuptonte, kjo ishte nj\u00eb arsye p\u00ebr t\u00eb stepur Agonin p\u00ebr t\u00eb mos rr\u00ebfyer gazmoren e rradh\u00ebs. Nd\u00ebrkoh\u00eb banor\u00ebt e tjer\u00eb vet\u00ebm d\u00ebgjojn\u00eb dhe kan\u00eb r\u00ebn\u00eb paks an\u00eb plog\u00ebshti, duke mo smarr\u00eb pjes\u00eb n\u00eb asnj\u00eb loj\u00eb. Adi ka qen\u00eb gjat\u00eb gjith\u00eb koh\u00ebs i shtrir\u00eb n\u00eb divanin e tij t\u00eb preferuar duke d\u00ebgjuar dhe pa b\u00ebr\u00eb asnj\u00eb koment p\u00ebr historit\u00eb e shumta dhe plot humor q\u00eb tregojn\u00eb konkurent\u00ebt e tjer\u00eb.\u00a0<\/p>\n<p>Top Channel<\/p>\n","protected":false},"excerpt":{"rendered":"<p>Darka ka qen\u00eb me shum\u00eb t\u00eb qeshura n\u00eb sht\u00ebpin\u00eb e Big Brother, pasi t\u00eb gjith\u00eb banor\u00ebt jan\u00eb p\u00ebrqendruar totalisht duke rr\u00ebfyer barcaleta madje edhe me pull\u00eb t\u00eb kuqe, ku Qet\u00ebsori dhe Aida jan\u00eb protagonist\u00ebt kryesore. T\u00eb dy ndihen t\u00eb shpenguar duke rr\u00ebfuyer edhe gazmore erotike, madje edhe nxisin Arjonin q\u00eb t\u00eb jet\u00eb m\u00eb i ngaz\u00ebllyer [&hellip;]<\/p>\n","protected":false},"author":1,"featured_media":0,"comment_status":"open","ping_status":"closed","sticky":false,"template":"","format":"standard","meta":{"spay_email":"","jetpack_publicize_message":"","jetpack_is_tweetstorm":false,"jetpack_publicize_feature_enabled":true},"categories":[6502],"tags":[6633,6504,6506,6611,6604,6605,6606,6568,6609,6610,5081],"jetpack_publicize_connections":[],"yoast_head":"<!-- This site is optimized with the Yoast SEO plugin v19.1 - https:\/\/yoast.com\/wordpress\/plugins\/seo\/ -->\n<title>Barcaleta t\u00eb nxehta n\u00eb sht\u00ebpi - Lajme nga Ulqini<\/title>\n<meta name=\"description\" content=\"Darka ka qen\u00eb me shum\u00eb t\u00eb qeshura n\u00eb sht\u00ebpin\u00eb e Big Brother, pasi t\u00eb gjith\u00eb banor\u00ebt jan\u00eb p\u00ebrqendruar totalisht duke rr\u00ebfyer barcaleta madje edhe me pull\u00eb\" \/>\n<meta name=\"robots\" content=\"index, follow, max-snippet:-1, max-image-preview:large, max-video-preview:-1\" \/>\n<link rel=\"canonical\" href=\"https:\/\/www.visit-ulcinj.com\/blog\/2009\/02\/09\/barcaleta-te-nxehta-ne-shtepi\/\" \/>\n<meta property=\"og:locale\" content=\"en_US\" \/>\n<meta property=\"og:type\" content=\"article\" \/>\n<meta property=\"og:title\" content=\"Barcaleta t\u00eb nxehta n\u00eb sht\u00ebpi - Lajme nga Ulqini\" \/>\n<meta property=\"og:description\" content=\"Darka ka qen\u00eb me shum\u00eb t\u00eb qeshura n\u00eb sht\u00ebpin\u00eb e Big Brother, pasi t\u00eb gjith\u00eb banor\u00ebt jan\u00eb p\u00ebrqendruar totalisht duke rr\u00ebfyer barcaleta madje edhe me pull\u00eb\" \/>\n<meta property=\"og:url\" content=\"https:\/\/www.visit-ulcinj.com\/blog\/2009\/02\/09\/barcaleta-te-nxehta-ne-shtepi\/\" \/>\n<meta property=\"og:site_name\" content=\"Lajme nga Ulqini\" \/>\n<meta property=\"article:published_time\" content=\"2009-02-09T21:39:32+00:00\" \/>\n<meta property=\"og:image\" content=\"http:\/\/www.visit-ulcinj.com\/blog\/wp-content\/uploads\/2009\/02\/barcaleta.jpg\" \/>\n<meta name=\"twitter:label1\" content=\"Written by\" \/>\n\t<meta name=\"twitter:data1\" content=\"ulqini\" \/>\n\t<meta name=\"twitter:label2\" content=\"Est. reading time\" \/>\n\t<meta name=\"twitter:data2\" content=\"1 minute\" \/>\n<script type=\"application\/ld+json\" class=\"yoast-schema-graph\">{\"@context\":\"https:\/\/schema.org\",\"@graph\":[{\"@type\":\"WebSite\",\"@id\":\"https:\/\/www.visit-ulcinj.com\/blog\/#website\",\"url\":\"https:\/\/www.visit-ulcinj.com\/blog\/\",\"name\":\"Lajme nga Ulqini\",\"description\":\"Lajme,Vijesti,Ulqini,Ulqin,Crna Gora,Mali i Zi\",\"potentialAction\":[{\"@type\":\"SearchAction\",\"target\":{\"@type\":\"EntryPoint\",\"urlTemplate\":\"https:\/\/www.visit-ulcinj.com\/blog\/?s={search_term_string}\"},\"query-input\":\"required name=search_term_string\"}],\"inLanguage\":\"en-US\"},{\"@type\":\"ImageObject\",\"inLanguage\":\"en-US\",\"@id\":\"https:\/\/www.visit-ulcinj.com\/blog\/2009\/02\/09\/barcaleta-te-nxehta-ne-shtepi\/#primaryimage\",\"url\":\"http:\/\/www.visit-ulcinj.com\/blog\/wp-content\/uploads\/2009\/02\/barcaleta.jpg\",\"contentUrl\":\"http:\/\/www.visit-ulcinj.com\/blog\/wp-content\/uploads\/2009\/02\/barcaleta.jpg\"},{\"@type\":\"WebPage\",\"@id\":\"https:\/\/www.visit-ulcinj.com\/blog\/2009\/02\/09\/barcaleta-te-nxehta-ne-shtepi\/#webpage\",\"url\":\"https:\/\/www.visit-ulcinj.com\/blog\/2009\/02\/09\/barcaleta-te-nxehta-ne-shtepi\/\",\"name\":\"Barcaleta t\u00eb nxehta n\u00eb sht\u00ebpi - Lajme nga Ulqini\",\"isPartOf\":{\"@id\":\"https:\/\/www.visit-ulcinj.com\/blog\/#website\"},\"primaryImageOfPage\":{\"@id\":\"https:\/\/www.visit-ulcinj.com\/blog\/2009\/02\/09\/barcaleta-te-nxehta-ne-shtepi\/#primaryimage\"},\"datePublished\":\"2009-02-09T21:39:32+00:00\",\"dateModified\":\"2009-02-09T21:39:32+00:00\",\"author\":{\"@id\":\"https:\/\/www.visit-ulcinj.com\/blog\/#\/schema\/person\/dcab619c614d3038751c63bc2aadc06d\"},\"description\":\"Darka ka qen\u00eb me shum\u00eb t\u00eb qeshura n\u00eb sht\u00ebpin\u00eb e Big Brother, pasi t\u00eb gjith\u00eb banor\u00ebt jan\u00eb p\u00ebrqendruar totalisht duke rr\u00ebfyer barcaleta madje edhe me pull\u00eb\",\"breadcrumb\":{\"@id\":\"https:\/\/www.visit-ulcinj.com\/blog\/2009\/02\/09\/barcaleta-te-nxehta-ne-shtepi\/#breadcrumb\"},\"inLanguage\":\"en-US\",\"potentialAction\":[{\"@type\":\"ReadAction\",\"target\":[\"https:\/\/www.visit-ulcinj.com\/blog\/2009\/02\/09\/barcaleta-te-nxehta-ne-shtepi\/\"]}]},{\"@type\":\"BreadcrumbList\",\"@id\":\"https:\/\/www.visit-ulcinj.com\/blog\/2009\/02\/09\/barcaleta-te-nxehta-ne-shtepi\/#breadcrumb\",\"itemListElement\":[{\"@type\":\"ListItem\",\"position\":1,\"name\":\"Barcaleta t\u00eb nxehta n\u00eb sht\u00ebpi\"}]},{\"@type\":\"Person\",\"@id\":\"https:\/\/www.visit-ulcinj.com\/blog\/#\/schema\/person\/dcab619c614d3038751c63bc2aadc06d\",\"name\":\"ulqini\",\"sameAs\":[\"http:\/\/www.visit-ulcinj.com\"],\"url\":\"https:\/\/www.visit-ulcinj.com\/blog\/author\/admin\/\"}]}<\/script>\n<!-- \/ Yoast SEO plugin. -->","yoast_head_json":{"title":"Barcaleta t\u00eb nxehta n\u00eb sht\u00ebpi - Lajme nga Ulqini","description":"Darka ka qen\u00eb me shum\u00eb t\u00eb qeshura n\u00eb sht\u00ebpin\u00eb e Big Brother, pasi t\u00eb gjith\u00eb banor\u00ebt jan\u00eb p\u00ebrqendruar totalisht duke rr\u00ebfyer barcaleta madje edhe me pull\u00eb","robots":{"index":"index","follow":"follow","max-snippet":"max-snippet:-1","max-image-preview":"max-image-preview:large","max-video-preview":"max-video-preview:-1"},"canonical":"https:\/\/www.visit-ulcinj.com\/blog\/2009\/02\/09\/barcaleta-te-nxehta-ne-shtepi\/","og_locale":"en_US","og_type":"article","og_title":"Barcaleta t\u00eb nxehta n\u00eb sht\u00ebpi - Lajme nga Ulqini","og_description":"Darka ka qen\u00eb me shum\u00eb t\u00eb qeshura n\u00eb sht\u00ebpin\u00eb e Big Brother, pasi t\u00eb gjith\u00eb banor\u00ebt jan\u00eb p\u00ebrqendruar totalisht duke rr\u00ebfyer barcaleta madje edhe me pull\u00eb","og_url":"https:\/\/www.visit-ulcinj.com\/blog\/2009\/02\/09\/barcaleta-te-nxehta-ne-shtepi\/","og_site_name":"Lajme nga Ulqini","article_published_time":"2009-02-09T21:39:32+00:00","og_image":[{"url":"http:\/\/www.visit-ulcinj.com\/blog\/wp-content\/uploads\/2009\/02\/barcaleta.jpg"}],"twitter_misc":{"Written by":"ulqini","Est. reading time":"1 minute"},"schema":{"@context":"https:\/\/schema.org","@graph":[{"@type":"WebSite","@id":"https:\/\/www.visit-ulcinj.com\/blog\/#website","url":"https:\/\/www.visit-ulcinj.com\/blog\/","name":"Lajme nga Ulqini","description":"Lajme,Vijesti,Ulqini,Ulqin,Crna Gora,Mali i Zi","potentialAction":[{"@type":"SearchAction","target":{"@type":"EntryPoint","urlTemplate":"https:\/\/www.visit-ulcinj.com\/blog\/?s={search_term_string}"},"query-input":"required name=search_term_string"}],"inLanguage":"en-US"},{"@type":"ImageObject","inLanguage":"en-US","@id":"https:\/\/www.visit-ulcinj.com\/blog\/2009\/02\/09\/barcaleta-te-nxehta-ne-shtepi\/#primaryimage","url":"http:\/\/www.visit-ulcinj.com\/blog\/wp-content\/uploads\/2009\/02\/barcaleta.jpg","contentUrl":"http:\/\/www.visit-ulcinj.com\/blog\/wp-content\/uploads\/2009\/02\/barcaleta.jpg"},{"@type":"WebPage","@id":"https:\/\/www.visit-ulcinj.com\/blog\/2009\/02\/09\/barcaleta-te-nxehta-ne-shtepi\/#webpage","url":"https:\/\/www.visit-ulcinj.com\/blog\/2009\/02\/09\/barcaleta-te-nxehta-ne-shtepi\/","name":"Barcaleta t\u00eb nxehta n\u00eb sht\u00ebpi - Lajme nga Ulqini","isPartOf":{"@id":"https:\/\/www.visit-ulcinj.com\/blog\/#website"},"primaryImageOfPage":{"@id":"https:\/\/www.visit-ulcinj.com\/blog\/2009\/02\/09\/barcaleta-te-nxehta-ne-shtepi\/#primaryimage"},"datePublished":"2009-02-09T21:39:32+00:00","dateModified":"2009-02-09T21:39:32+00:00","author":{"@id":"https:\/\/www.visit-ulcinj.com\/blog\/#\/schema\/person\/dcab619c614d3038751c63bc2aadc06d"},"description":"Darka ka qen\u00eb me shum\u00eb t\u00eb qeshura n\u00eb sht\u00ebpin\u00eb e Big Brother, pasi t\u00eb gjith\u00eb banor\u00ebt jan\u00eb p\u00ebrqendruar totalisht duke rr\u00ebfyer barcaleta madje edhe me pull\u00eb","breadcrumb":{"@id":"https:\/\/www.visit-ulcinj.com\/blog\/2009\/02\/09\/barcaleta-te-nxehta-ne-shtepi\/#breadcrumb"},"inLanguage":"en-US","potentialAction":[{"@type":"ReadAction","target":["https:\/\/www.visit-ulcinj.com\/blog\/2009\/02\/09\/barcaleta-te-nxehta-ne-shtepi\/"]}]},{"@type":"BreadcrumbList","@id":"https:\/\/www.visit-ulcinj.com\/blog\/2009\/02\/09\/barcaleta-te-nxehta-ne-shtepi\/#breadcrumb","itemListElement":[{"@type":"ListItem","position":1,"name":"Barcaleta t\u00eb nxehta n\u00eb sht\u00ebpi"}]},{"@type":"Person","@id":"https:\/\/www.visit-ulcinj.com\/blog\/#\/schema\/person\/dcab619c614d3038751c63bc2aadc06d","name":"ulqini","sameAs":["http:\/\/www.visit-ulcinj.com"],"url":"https:\/\/www.visit-ulcinj.com\/blog\/author\/admin\/"}]}},"jetpack_featured_media_url":"","jetpack_sharing_enabled":true,"jetpack_shortlink":"https:\/\/wp.me\/pe6lTn-2Sy","_links":{"self":[{"href":"https:\/\/www.visit-ulcinj.com\/blog\/wp-json\/wp\/v2\/posts\/11070"}],"collection":[{"href":"https:\/\/www.visit-ulcinj.com\/blog\/wp-json\/wp\/v2\/posts"}],"about":[{"href":"https:\/\/www.visit-ulcinj.com\/blog\/wp-json\/wp\/v2\/types\/post"}],"author":[{"embeddable":true,"href":"https:\/\/www.visit-ulcinj.com\/blog\/wp-json\/wp\/v2\/users\/1"}],"replies":[{"embeddable":true,"href":"https:\/\/www.visit-ulcinj.com\/blog\/wp-json\/wp\/v2\/comments?post=11070"}],"version-history":[{"count":0,"href":"https:\/\/www.visit-ulcinj.com\/blog\/wp-json\/wp\/v2\/posts\/11070\/revisions"}],"wp:attachment":[{"href":"https:\/\/www.visit-ulcinj.com\/blog\/wp-json\/wp\/v2\/media?parent=11070"}],"wp:term":[{"taxonomy":"category","embeddable":true,"href":"https:\/\/www.visit-ulcinj.com\/blog\/wp-json\/wp\/v2\/categories?post=11070"},{"taxonomy":"post_tag","embeddable":true,"href":"https:\/\/www.visit-ulcinj.com\/blog\/wp-json\/wp\/v2\/tags?post=11070"}],"curies":[{"name":"wp","href":"https:\/\/api.w.org\/{rel}","templated":true}]}}