{"id":11075,"date":"2009-02-09T22:41:54","date_gmt":"2009-02-09T21:41:54","guid":{"rendered":"http:\/\/www.visit-ulcinj.com\/blog\/?p=11075"},"modified":"2009-02-09T22:41:54","modified_gmt":"2009-02-09T21:41:54","slug":"erjola-%e2%80%9cme-pelqejne-aventurat-ne-det%e2%80%9d","status":"publish","type":"post","link":"https:\/\/www.visit-ulcinj.com\/blog\/2009\/02\/09\/erjola-%e2%80%9cme-pelqejne-aventurat-ne-det%e2%80%9d\/","title":{"rendered":"Erjola \u201cM\u00eb p\u00eblqejn\u00eb aventurat ne det\u201d"},"content":{"rendered":"<p><a href=\"http:\/\/www.visit-ulcinj.com\/blog\/wp-content\/uploads\/2009\/02\/pasionet-e-erjoles.jpg\"><img loading=\"lazy\" class=\"alignleft size-full wp-image-11076\" title=\"pasionet-e-erjoles\" src=\"http:\/\/www.visit-ulcinj.com\/blog\/wp-content\/uploads\/2009\/02\/pasionet-e-erjoles.jpg\" alt=\"pasionet-e-erjoles\" width=\"300\" height=\"205\" \/><\/a>Pas nj\u00eb periudhe pauze, Erjola m\u00eb n\u00eb fund fillon dhe t\u00eb flas\u00eb p\u00ebr frik\u00ebrat dhe gj\u00ebrat q\u00eb p\u00eblqen m\u00eb shum\u00eb. \u201cM\u00eb p\u00eblqejn\u00eb udh\u00ebtimet e gjata, sidomos n\u00eb kro\u00e7era,, te lundroj mbi det dhe t\u00eb bej aventura t\u00eb gjata \u00ebsht\u00eb gj\u00ebja q\u00eb \u00ebnd\u00ebrroj\u201d, thot\u00eb Erjola. Ajo rr\u00ebfen se i p\u00eblqen shum\u00eb t\u00eb rrij\u00eb n\u00eb det, por ka nj\u00eb problem sepse ka shum\u00eb frik\u00eb t\u00eb hyj\u00eb n\u00eb det, nj\u00eb fobi q\u00eb ende nuk di sesi ta shpjegoj\u00eb. Nd\u00ebrkoh\u00eb Arjoni fillon t\u00eb v\u00ebr\u00eb n\u00eb loj\u00eb Erjol\u00ebn, por ajo n\u00eb fillim nuk arrin t\u2019i p\u00ebrgjigjet k\u00ebsaj loje, derisa arrin q\u00eb ta kund\u00ebrvihet me batuta, djaloshit q\u00eb i p\u00eblqen modelingu dhe stilimi. Qet\u00ebsori dhe Adi tregojn\u00eb aft\u00ebsit\u00eb e tyre si xhongler\u00eb, por Dritnai kund\u00ebrshton duke th\u00ebn\u00eb se ata nuk duhet t\u00eb abuzojn\u00eb me frutat, t\u00eb cilat jan\u00eb p\u00ebr t\u00eb ngr\u00ebn\u00eb dhe jo p\u00ebr t\u00eb luajtur. Nd\u00ebrkoh\u00eb pjesa tjet\u00ebr e banor\u00ebve kan\u00eb dal\u00eb n\u00eb oborr p\u00ebr t\u00eb pir\u00eb cigare, duke kujtuar historit\u00eb e nj\u00eb nate m\u00eb par\u00eb t\u00eb cilat do t\u00eb shfaqen n\u00eb ekran. Zhuljeta p\u00ebrg\u00ebzon Pavlinin p\u00ebr natyr\u00ebn e tij t\u00eb hapur dhe pa komplekse, duke theksuar se kjo \u00ebsht\u00eb nj\u00eb m\u00ebnyr\u00eb mjaft e mir\u00eb p\u00ebr t\u00eb zbuluar vetveten.<\/p>\n","protected":false},"excerpt":{"rendered":"<p>Pas nj\u00eb periudhe pauze, Erjola m\u00eb n\u00eb fund fillon dhe t\u00eb flas\u00eb p\u00ebr frik\u00ebrat dhe gj\u00ebrat q\u00eb p\u00eblqen m\u00eb shum\u00eb. \u201cM\u00eb p\u00eblqejn\u00eb udh\u00ebtimet e gjata, sidomos n\u00eb kro\u00e7era,, te lundroj mbi det dhe t\u00eb bej aventura t\u00eb gjata \u00ebsht\u00eb gj\u00ebja q\u00eb \u00ebnd\u00ebrroj\u201d, thot\u00eb Erjola. Ajo rr\u00ebfen se i p\u00eblqen shum\u00eb t\u00eb rrij\u00eb n\u00eb det, por [&hellip;]<\/p>\n","protected":false},"author":1,"featured_media":0,"comment_status":"open","ping_status":"closed","sticky":false,"template":"","format":"standard","meta":{"spay_email":"","jetpack_publicize_message":"","jetpack_is_tweetstorm":false,"jetpack_publicize_feature_enabled":true},"categories":[6502],"tags":[6504,6506,6611,6604,6563,6634,6605,6606,6635,6568,6609,6610,5081],"jetpack_publicize_connections":[],"yoast_head":"<!-- This site is optimized with the Yoast SEO plugin v19.1 - https:\/\/yoast.com\/wordpress\/plugins\/seo\/ -->\n<title>Erjola \u201cM\u00eb p\u00eblqejn\u00eb aventurat ne det\u201d - Lajme nga Ulqini<\/title>\n<meta name=\"description\" content=\"Pas nj\u00eb periudhe pauze, Erjola m\u00eb n\u00eb fund fillon dhe t\u00eb flas\u00eb p\u00ebr frik\u00ebrat dhe gj\u00ebrat q\u00eb p\u00eblqen m\u00eb shum\u00eb. \u201cM\u00eb p\u00eblqejn\u00eb udh\u00ebtimet e gjata, sidomos n\u00eb\" \/>\n<meta name=\"robots\" content=\"index, follow, max-snippet:-1, max-image-preview:large, max-video-preview:-1\" \/>\n<link rel=\"canonical\" href=\"https:\/\/www.visit-ulcinj.com\/blog\/2009\/02\/09\/erjola-\u201cme-pelqejne-aventurat-ne-det\u201d\/\" \/>\n<meta property=\"og:locale\" content=\"en_US\" \/>\n<meta property=\"og:type\" content=\"article\" \/>\n<meta property=\"og:title\" content=\"Erjola \u201cM\u00eb p\u00eblqejn\u00eb aventurat ne det\u201d - Lajme nga Ulqini\" \/>\n<meta property=\"og:description\" content=\"Pas nj\u00eb periudhe pauze, Erjola m\u00eb n\u00eb fund fillon dhe t\u00eb flas\u00eb p\u00ebr frik\u00ebrat dhe gj\u00ebrat q\u00eb p\u00eblqen m\u00eb shum\u00eb. \u201cM\u00eb p\u00eblqejn\u00eb udh\u00ebtimet e gjata, sidomos n\u00eb\" \/>\n<meta property=\"og:url\" content=\"https:\/\/www.visit-ulcinj.com\/blog\/2009\/02\/09\/erjola-\u201cme-pelqejne-aventurat-ne-det\u201d\/\" \/>\n<meta property=\"og:site_name\" content=\"Lajme nga Ulqini\" \/>\n<meta property=\"article:published_time\" content=\"2009-02-09T21:41:54+00:00\" \/>\n<meta property=\"og:image\" content=\"http:\/\/www.visit-ulcinj.com\/blog\/wp-content\/uploads\/2009\/02\/pasionet-e-erjoles.jpg\" \/>\n<meta name=\"twitter:label1\" content=\"Written by\" \/>\n\t<meta name=\"twitter:data1\" content=\"ulqini\" \/>\n\t<meta name=\"twitter:label2\" content=\"Est. reading time\" \/>\n\t<meta name=\"twitter:data2\" content=\"1 minute\" \/>\n<script type=\"application\/ld+json\" class=\"yoast-schema-graph\">{\"@context\":\"https:\/\/schema.org\",\"@graph\":[{\"@type\":\"WebSite\",\"@id\":\"https:\/\/www.visit-ulcinj.com\/blog\/#website\",\"url\":\"https:\/\/www.visit-ulcinj.com\/blog\/\",\"name\":\"Lajme nga Ulqini\",\"description\":\"Lajme,Vijesti,Ulqini,Ulqin,Crna Gora,Mali i Zi\",\"potentialAction\":[{\"@type\":\"SearchAction\",\"target\":{\"@type\":\"EntryPoint\",\"urlTemplate\":\"https:\/\/www.visit-ulcinj.com\/blog\/?s={search_term_string}\"},\"query-input\":\"required name=search_term_string\"}],\"inLanguage\":\"en-US\"},{\"@type\":\"ImageObject\",\"inLanguage\":\"en-US\",\"@id\":\"https:\/\/www.visit-ulcinj.com\/blog\/2009\/02\/09\/erjola-%e2%80%9cme-pelqejne-aventurat-ne-det%e2%80%9d\/#primaryimage\",\"url\":\"http:\/\/www.visit-ulcinj.com\/blog\/wp-content\/uploads\/2009\/02\/pasionet-e-erjoles.jpg\",\"contentUrl\":\"http:\/\/www.visit-ulcinj.com\/blog\/wp-content\/uploads\/2009\/02\/pasionet-e-erjoles.jpg\"},{\"@type\":\"WebPage\",\"@id\":\"https:\/\/www.visit-ulcinj.com\/blog\/2009\/02\/09\/erjola-%e2%80%9cme-pelqejne-aventurat-ne-det%e2%80%9d\/#webpage\",\"url\":\"https:\/\/www.visit-ulcinj.com\/blog\/2009\/02\/09\/erjola-%e2%80%9cme-pelqejne-aventurat-ne-det%e2%80%9d\/\",\"name\":\"Erjola \u201cM\u00eb p\u00eblqejn\u00eb aventurat ne det\u201d - Lajme nga Ulqini\",\"isPartOf\":{\"@id\":\"https:\/\/www.visit-ulcinj.com\/blog\/#website\"},\"primaryImageOfPage\":{\"@id\":\"https:\/\/www.visit-ulcinj.com\/blog\/2009\/02\/09\/erjola-%e2%80%9cme-pelqejne-aventurat-ne-det%e2%80%9d\/#primaryimage\"},\"datePublished\":\"2009-02-09T21:41:54+00:00\",\"dateModified\":\"2009-02-09T21:41:54+00:00\",\"author\":{\"@id\":\"https:\/\/www.visit-ulcinj.com\/blog\/#\/schema\/person\/dcab619c614d3038751c63bc2aadc06d\"},\"description\":\"Pas nj\u00eb periudhe pauze, Erjola m\u00eb n\u00eb fund fillon dhe t\u00eb flas\u00eb p\u00ebr frik\u00ebrat dhe gj\u00ebrat q\u00eb p\u00eblqen m\u00eb shum\u00eb. \u201cM\u00eb p\u00eblqejn\u00eb udh\u00ebtimet e gjata, sidomos n\u00eb\",\"breadcrumb\":{\"@id\":\"https:\/\/www.visit-ulcinj.com\/blog\/2009\/02\/09\/erjola-%e2%80%9cme-pelqejne-aventurat-ne-det%e2%80%9d\/#breadcrumb\"},\"inLanguage\":\"en-US\",\"potentialAction\":[{\"@type\":\"ReadAction\",\"target\":[\"https:\/\/www.visit-ulcinj.com\/blog\/2009\/02\/09\/erjola-%e2%80%9cme-pelqejne-aventurat-ne-det%e2%80%9d\/\"]}]},{\"@type\":\"BreadcrumbList\",\"@id\":\"https:\/\/www.visit-ulcinj.com\/blog\/2009\/02\/09\/erjola-%e2%80%9cme-pelqejne-aventurat-ne-det%e2%80%9d\/#breadcrumb\",\"itemListElement\":[{\"@type\":\"ListItem\",\"position\":1,\"name\":\"Erjola \u201cM\u00eb p\u00eblqejn\u00eb aventurat ne det\u201d\"}]},{\"@type\":\"Person\",\"@id\":\"https:\/\/www.visit-ulcinj.com\/blog\/#\/schema\/person\/dcab619c614d3038751c63bc2aadc06d\",\"name\":\"ulqini\",\"sameAs\":[\"http:\/\/www.visit-ulcinj.com\"],\"url\":\"https:\/\/www.visit-ulcinj.com\/blog\/author\/admin\/\"}]}<\/script>\n<!-- \/ Yoast SEO plugin. -->","yoast_head_json":{"title":"Erjola \u201cM\u00eb p\u00eblqejn\u00eb aventurat ne det\u201d - Lajme nga Ulqini","description":"Pas nj\u00eb periudhe pauze, Erjola m\u00eb n\u00eb fund fillon dhe t\u00eb flas\u00eb p\u00ebr frik\u00ebrat dhe gj\u00ebrat q\u00eb p\u00eblqen m\u00eb shum\u00eb. \u201cM\u00eb p\u00eblqejn\u00eb udh\u00ebtimet e gjata, sidomos n\u00eb","robots":{"index":"index","follow":"follow","max-snippet":"max-snippet:-1","max-image-preview":"max-image-preview:large","max-video-preview":"max-video-preview:-1"},"canonical":"https:\/\/www.visit-ulcinj.com\/blog\/2009\/02\/09\/erjola-\u201cme-pelqejne-aventurat-ne-det\u201d\/","og_locale":"en_US","og_type":"article","og_title":"Erjola \u201cM\u00eb p\u00eblqejn\u00eb aventurat ne det\u201d - Lajme nga Ulqini","og_description":"Pas nj\u00eb periudhe pauze, Erjola m\u00eb n\u00eb fund fillon dhe t\u00eb flas\u00eb p\u00ebr frik\u00ebrat dhe gj\u00ebrat q\u00eb p\u00eblqen m\u00eb shum\u00eb. \u201cM\u00eb p\u00eblqejn\u00eb udh\u00ebtimet e gjata, sidomos n\u00eb","og_url":"https:\/\/www.visit-ulcinj.com\/blog\/2009\/02\/09\/erjola-\u201cme-pelqejne-aventurat-ne-det\u201d\/","og_site_name":"Lajme nga Ulqini","article_published_time":"2009-02-09T21:41:54+00:00","og_image":[{"url":"http:\/\/www.visit-ulcinj.com\/blog\/wp-content\/uploads\/2009\/02\/pasionet-e-erjoles.jpg"}],"twitter_misc":{"Written by":"ulqini","Est. reading time":"1 minute"},"schema":{"@context":"https:\/\/schema.org","@graph":[{"@type":"WebSite","@id":"https:\/\/www.visit-ulcinj.com\/blog\/#website","url":"https:\/\/www.visit-ulcinj.com\/blog\/","name":"Lajme nga Ulqini","description":"Lajme,Vijesti,Ulqini,Ulqin,Crna Gora,Mali i Zi","potentialAction":[{"@type":"SearchAction","target":{"@type":"EntryPoint","urlTemplate":"https:\/\/www.visit-ulcinj.com\/blog\/?s={search_term_string}"},"query-input":"required name=search_term_string"}],"inLanguage":"en-US"},{"@type":"ImageObject","inLanguage":"en-US","@id":"https:\/\/www.visit-ulcinj.com\/blog\/2009\/02\/09\/erjola-%e2%80%9cme-pelqejne-aventurat-ne-det%e2%80%9d\/#primaryimage","url":"http:\/\/www.visit-ulcinj.com\/blog\/wp-content\/uploads\/2009\/02\/pasionet-e-erjoles.jpg","contentUrl":"http:\/\/www.visit-ulcinj.com\/blog\/wp-content\/uploads\/2009\/02\/pasionet-e-erjoles.jpg"},{"@type":"WebPage","@id":"https:\/\/www.visit-ulcinj.com\/blog\/2009\/02\/09\/erjola-%e2%80%9cme-pelqejne-aventurat-ne-det%e2%80%9d\/#webpage","url":"https:\/\/www.visit-ulcinj.com\/blog\/2009\/02\/09\/erjola-%e2%80%9cme-pelqejne-aventurat-ne-det%e2%80%9d\/","name":"Erjola \u201cM\u00eb p\u00eblqejn\u00eb aventurat ne det\u201d - Lajme nga Ulqini","isPartOf":{"@id":"https:\/\/www.visit-ulcinj.com\/blog\/#website"},"primaryImageOfPage":{"@id":"https:\/\/www.visit-ulcinj.com\/blog\/2009\/02\/09\/erjola-%e2%80%9cme-pelqejne-aventurat-ne-det%e2%80%9d\/#primaryimage"},"datePublished":"2009-02-09T21:41:54+00:00","dateModified":"2009-02-09T21:41:54+00:00","author":{"@id":"https:\/\/www.visit-ulcinj.com\/blog\/#\/schema\/person\/dcab619c614d3038751c63bc2aadc06d"},"description":"Pas nj\u00eb periudhe pauze, Erjola m\u00eb n\u00eb fund fillon dhe t\u00eb flas\u00eb p\u00ebr frik\u00ebrat dhe gj\u00ebrat q\u00eb p\u00eblqen m\u00eb shum\u00eb. \u201cM\u00eb p\u00eblqejn\u00eb udh\u00ebtimet e gjata, sidomos n\u00eb","breadcrumb":{"@id":"https:\/\/www.visit-ulcinj.com\/blog\/2009\/02\/09\/erjola-%e2%80%9cme-pelqejne-aventurat-ne-det%e2%80%9d\/#breadcrumb"},"inLanguage":"en-US","potentialAction":[{"@type":"ReadAction","target":["https:\/\/www.visit-ulcinj.com\/blog\/2009\/02\/09\/erjola-%e2%80%9cme-pelqejne-aventurat-ne-det%e2%80%9d\/"]}]},{"@type":"BreadcrumbList","@id":"https:\/\/www.visit-ulcinj.com\/blog\/2009\/02\/09\/erjola-%e2%80%9cme-pelqejne-aventurat-ne-det%e2%80%9d\/#breadcrumb","itemListElement":[{"@type":"ListItem","position":1,"name":"Erjola \u201cM\u00eb p\u00eblqejn\u00eb aventurat ne det\u201d"}]},{"@type":"Person","@id":"https:\/\/www.visit-ulcinj.com\/blog\/#\/schema\/person\/dcab619c614d3038751c63bc2aadc06d","name":"ulqini","sameAs":["http:\/\/www.visit-ulcinj.com"],"url":"https:\/\/www.visit-ulcinj.com\/blog\/author\/admin\/"}]}},"jetpack_featured_media_url":"","jetpack_sharing_enabled":true,"jetpack_shortlink":"https:\/\/wp.me\/pe6lTn-2SD","_links":{"self":[{"href":"https:\/\/www.visit-ulcinj.com\/blog\/wp-json\/wp\/v2\/posts\/11075"}],"collection":[{"href":"https:\/\/www.visit-ulcinj.com\/blog\/wp-json\/wp\/v2\/posts"}],"about":[{"href":"https:\/\/www.visit-ulcinj.com\/blog\/wp-json\/wp\/v2\/types\/post"}],"author":[{"embeddable":true,"href":"https:\/\/www.visit-ulcinj.com\/blog\/wp-json\/wp\/v2\/users\/1"}],"replies":[{"embeddable":true,"href":"https:\/\/www.visit-ulcinj.com\/blog\/wp-json\/wp\/v2\/comments?post=11075"}],"version-history":[{"count":0,"href":"https:\/\/www.visit-ulcinj.com\/blog\/wp-json\/wp\/v2\/posts\/11075\/revisions"}],"wp:attachment":[{"href":"https:\/\/www.visit-ulcinj.com\/blog\/wp-json\/wp\/v2\/media?parent=11075"}],"wp:term":[{"taxonomy":"category","embeddable":true,"href":"https:\/\/www.visit-ulcinj.com\/blog\/wp-json\/wp\/v2\/categories?post=11075"},{"taxonomy":"post_tag","embeddable":true,"href":"https:\/\/www.visit-ulcinj.com\/blog\/wp-json\/wp\/v2\/tags?post=11075"}],"curies":[{"name":"wp","href":"https:\/\/api.w.org\/{rel}","templated":true}]}}