{"id":11078,"date":"2009-02-09T22:43:15","date_gmt":"2009-02-09T21:43:15","guid":{"rendered":"http:\/\/www.visit-ulcinj.com\/blog\/?p=11078"},"modified":"2009-02-09T22:43:15","modified_gmt":"2009-02-09T21:43:15","slug":"bjordi-dhe-agoni-vishen-si-vajza","status":"publish","type":"post","link":"https:\/\/www.visit-ulcinj.com\/blog\/2009\/02\/09\/bjordi-dhe-agoni-vishen-si-vajza\/","title":{"rendered":"Bjordi dhe Agoni vishen si vajza"},"content":{"rendered":"<p><a href=\"http:\/\/www.visit-ulcinj.com\/blog\/wp-content\/uploads\/2009\/02\/treshja-trans.jpg\"><img loading=\"lazy\" class=\"alignleft size-full wp-image-11079\" title=\"treshja-trans\" src=\"http:\/\/www.visit-ulcinj.com\/blog\/wp-content\/uploads\/2009\/02\/treshja-trans.jpg\" alt=\"treshja-trans\" width=\"300\" height=\"205\" \/><\/a>Duket se k\u00ebt\u00eb nat\u00eb humori do t\u00eb jet\u00eb nj\u00eb arsye m\u00eb shum\u00eb q\u00eb banor\u00ebt t\u00eb mos mendojn\u00eb p\u00ebr t\u00eb fjetur gjum\u00eb, por t\u00eb arg\u00ebtohen. Pasi kan\u00eb kaluar disa minuta truku dhe veshje-zhveshjesh n\u00eb dhom\u00ebn e vajzave, shfaqen tre personazhe krejt t\u00eb reja n\u00eb hollin e sht\u00ebpis\u00eb s\u00eb Big Brother. Jan\u00eb pik\u00ebrisht dy vajza dhe nj\u00eb djal\u00eb : ose ndryshe Bjordi dhe Agoni t\u00eb maskuar si femra, nd\u00ebrsa Lirita ka veshur rroba mashkulli dhe ka vendosur mjek\u00ebr. Ata b\u00ebjn\u00eb nj\u00eb parakalim n\u00ebp\u00ebr sht\u00ebpi, duke shkaktuar t\u00eb qeshura me banor\u00ebt e tjer\u00eb. Nd\u00ebrkoh\u00eb Arjoni dhe Dritani b\u00ebjn\u00eb humor me veshjen e Bjordit dhe l\u00ebvizjet e tij, por edhe nga Agoni i cili b\u00ebn skena provokuese p\u00ebr djemt\u00eb e tjer\u00eb n\u00eb sht\u00ebpi, t\u00eb cilat reagoijn\u00eb vet\u00ebm duke qeshur dhe b\u00ebr\u00eb komente t\u00eb ndryshme.\u00a0<\/p>\n<p><strong><em>Top Channel<\/em><\/strong><\/p>\n","protected":false},"excerpt":{"rendered":"<p>Duket se k\u00ebt\u00eb nat\u00eb humori do t\u00eb jet\u00eb nj\u00eb arsye m\u00eb shum\u00eb q\u00eb banor\u00ebt t\u00eb mos mendojn\u00eb p\u00ebr t\u00eb fjetur gjum\u00eb, por t\u00eb arg\u00ebtohen. Pasi kan\u00eb kaluar disa minuta truku dhe veshje-zhveshjesh n\u00eb dhom\u00ebn e vajzave, shfaqen tre personazhe krejt t\u00eb reja n\u00eb hollin e sht\u00ebpis\u00eb s\u00eb Big Brother. Jan\u00eb pik\u00ebrisht dy vajza dhe nj\u00eb [&hellip;]<\/p>\n","protected":false},"author":1,"featured_media":0,"comment_status":"open","ping_status":"closed","sticky":false,"template":"","format":"standard","meta":{"spay_email":"","jetpack_publicize_message":"","jetpack_is_tweetstorm":false,"jetpack_publicize_feature_enabled":true},"categories":[6502],"tags":[6638,6504,6506,6611,6636,6604,6605,6606,6568,6609,6610,5081,6639,6637],"jetpack_publicize_connections":[],"yoast_head":"<!-- This site is optimized with the Yoast SEO plugin v19.1 - https:\/\/yoast.com\/wordpress\/plugins\/seo\/ -->\n<title>Bjordi dhe Agoni vishen si vajza - Lajme nga Ulqini<\/title>\n<meta name=\"description\" content=\"Duket se k\u00ebt\u00eb nat\u00eb humori do t\u00eb jet\u00eb nj\u00eb arsye m\u00eb shum\u00eb q\u00eb banor\u00ebt t\u00eb mos mendojn\u00eb p\u00ebr t\u00eb fjetur gjum\u00eb, por t\u00eb arg\u00ebtohen. Pasi kan\u00eb kaluar disa minuta\" \/>\n<meta name=\"robots\" content=\"index, follow, max-snippet:-1, max-image-preview:large, max-video-preview:-1\" \/>\n<link rel=\"canonical\" href=\"https:\/\/www.visit-ulcinj.com\/blog\/2009\/02\/09\/bjordi-dhe-agoni-vishen-si-vajza\/\" \/>\n<meta property=\"og:locale\" content=\"en_US\" \/>\n<meta property=\"og:type\" content=\"article\" \/>\n<meta property=\"og:title\" content=\"Bjordi dhe Agoni vishen si vajza - Lajme nga Ulqini\" \/>\n<meta property=\"og:description\" content=\"Duket se k\u00ebt\u00eb nat\u00eb humori do t\u00eb jet\u00eb nj\u00eb arsye m\u00eb shum\u00eb q\u00eb banor\u00ebt t\u00eb mos mendojn\u00eb p\u00ebr t\u00eb fjetur gjum\u00eb, por t\u00eb arg\u00ebtohen. Pasi kan\u00eb kaluar disa minuta\" \/>\n<meta property=\"og:url\" content=\"https:\/\/www.visit-ulcinj.com\/blog\/2009\/02\/09\/bjordi-dhe-agoni-vishen-si-vajza\/\" \/>\n<meta property=\"og:site_name\" content=\"Lajme nga Ulqini\" \/>\n<meta property=\"article:published_time\" content=\"2009-02-09T21:43:15+00:00\" \/>\n<meta property=\"og:image\" content=\"http:\/\/www.visit-ulcinj.com\/blog\/wp-content\/uploads\/2009\/02\/treshja-trans.jpg\" \/>\n<meta name=\"twitter:label1\" content=\"Written by\" \/>\n\t<meta name=\"twitter:data1\" content=\"ulqini\" \/>\n\t<meta name=\"twitter:label2\" content=\"Est. reading time\" \/>\n\t<meta name=\"twitter:data2\" content=\"1 minute\" \/>\n<script type=\"application\/ld+json\" class=\"yoast-schema-graph\">{\"@context\":\"https:\/\/schema.org\",\"@graph\":[{\"@type\":\"WebSite\",\"@id\":\"https:\/\/www.visit-ulcinj.com\/blog\/#website\",\"url\":\"https:\/\/www.visit-ulcinj.com\/blog\/\",\"name\":\"Lajme nga Ulqini\",\"description\":\"Lajme,Vijesti,Ulqini,Ulqin,Crna Gora,Mali i Zi\",\"potentialAction\":[{\"@type\":\"SearchAction\",\"target\":{\"@type\":\"EntryPoint\",\"urlTemplate\":\"https:\/\/www.visit-ulcinj.com\/blog\/?s={search_term_string}\"},\"query-input\":\"required name=search_term_string\"}],\"inLanguage\":\"en-US\"},{\"@type\":\"ImageObject\",\"inLanguage\":\"en-US\",\"@id\":\"https:\/\/www.visit-ulcinj.com\/blog\/2009\/02\/09\/bjordi-dhe-agoni-vishen-si-vajza\/#primaryimage\",\"url\":\"http:\/\/www.visit-ulcinj.com\/blog\/wp-content\/uploads\/2009\/02\/treshja-trans.jpg\",\"contentUrl\":\"http:\/\/www.visit-ulcinj.com\/blog\/wp-content\/uploads\/2009\/02\/treshja-trans.jpg\"},{\"@type\":\"WebPage\",\"@id\":\"https:\/\/www.visit-ulcinj.com\/blog\/2009\/02\/09\/bjordi-dhe-agoni-vishen-si-vajza\/#webpage\",\"url\":\"https:\/\/www.visit-ulcinj.com\/blog\/2009\/02\/09\/bjordi-dhe-agoni-vishen-si-vajza\/\",\"name\":\"Bjordi dhe Agoni vishen si vajza - Lajme nga Ulqini\",\"isPartOf\":{\"@id\":\"https:\/\/www.visit-ulcinj.com\/blog\/#website\"},\"primaryImageOfPage\":{\"@id\":\"https:\/\/www.visit-ulcinj.com\/blog\/2009\/02\/09\/bjordi-dhe-agoni-vishen-si-vajza\/#primaryimage\"},\"datePublished\":\"2009-02-09T21:43:15+00:00\",\"dateModified\":\"2009-02-09T21:43:15+00:00\",\"author\":{\"@id\":\"https:\/\/www.visit-ulcinj.com\/blog\/#\/schema\/person\/dcab619c614d3038751c63bc2aadc06d\"},\"description\":\"Duket se k\u00ebt\u00eb nat\u00eb humori do t\u00eb jet\u00eb nj\u00eb arsye m\u00eb shum\u00eb q\u00eb banor\u00ebt t\u00eb mos mendojn\u00eb p\u00ebr t\u00eb fjetur gjum\u00eb, por t\u00eb arg\u00ebtohen. Pasi kan\u00eb kaluar disa minuta\",\"breadcrumb\":{\"@id\":\"https:\/\/www.visit-ulcinj.com\/blog\/2009\/02\/09\/bjordi-dhe-agoni-vishen-si-vajza\/#breadcrumb\"},\"inLanguage\":\"en-US\",\"potentialAction\":[{\"@type\":\"ReadAction\",\"target\":[\"https:\/\/www.visit-ulcinj.com\/blog\/2009\/02\/09\/bjordi-dhe-agoni-vishen-si-vajza\/\"]}]},{\"@type\":\"BreadcrumbList\",\"@id\":\"https:\/\/www.visit-ulcinj.com\/blog\/2009\/02\/09\/bjordi-dhe-agoni-vishen-si-vajza\/#breadcrumb\",\"itemListElement\":[{\"@type\":\"ListItem\",\"position\":1,\"name\":\"Bjordi dhe Agoni vishen si vajza\"}]},{\"@type\":\"Person\",\"@id\":\"https:\/\/www.visit-ulcinj.com\/blog\/#\/schema\/person\/dcab619c614d3038751c63bc2aadc06d\",\"name\":\"ulqini\",\"sameAs\":[\"http:\/\/www.visit-ulcinj.com\"],\"url\":\"https:\/\/www.visit-ulcinj.com\/blog\/author\/admin\/\"}]}<\/script>\n<!-- \/ Yoast SEO plugin. -->","yoast_head_json":{"title":"Bjordi dhe Agoni vishen si vajza - Lajme nga Ulqini","description":"Duket se k\u00ebt\u00eb nat\u00eb humori do t\u00eb jet\u00eb nj\u00eb arsye m\u00eb shum\u00eb q\u00eb banor\u00ebt t\u00eb mos mendojn\u00eb p\u00ebr t\u00eb fjetur gjum\u00eb, por t\u00eb arg\u00ebtohen. Pasi kan\u00eb kaluar disa minuta","robots":{"index":"index","follow":"follow","max-snippet":"max-snippet:-1","max-image-preview":"max-image-preview:large","max-video-preview":"max-video-preview:-1"},"canonical":"https:\/\/www.visit-ulcinj.com\/blog\/2009\/02\/09\/bjordi-dhe-agoni-vishen-si-vajza\/","og_locale":"en_US","og_type":"article","og_title":"Bjordi dhe Agoni vishen si vajza - Lajme nga Ulqini","og_description":"Duket se k\u00ebt\u00eb nat\u00eb humori do t\u00eb jet\u00eb nj\u00eb arsye m\u00eb shum\u00eb q\u00eb banor\u00ebt t\u00eb mos mendojn\u00eb p\u00ebr t\u00eb fjetur gjum\u00eb, por t\u00eb arg\u00ebtohen. Pasi kan\u00eb kaluar disa minuta","og_url":"https:\/\/www.visit-ulcinj.com\/blog\/2009\/02\/09\/bjordi-dhe-agoni-vishen-si-vajza\/","og_site_name":"Lajme nga Ulqini","article_published_time":"2009-02-09T21:43:15+00:00","og_image":[{"url":"http:\/\/www.visit-ulcinj.com\/blog\/wp-content\/uploads\/2009\/02\/treshja-trans.jpg"}],"twitter_misc":{"Written by":"ulqini","Est. reading time":"1 minute"},"schema":{"@context":"https:\/\/schema.org","@graph":[{"@type":"WebSite","@id":"https:\/\/www.visit-ulcinj.com\/blog\/#website","url":"https:\/\/www.visit-ulcinj.com\/blog\/","name":"Lajme nga Ulqini","description":"Lajme,Vijesti,Ulqini,Ulqin,Crna Gora,Mali i Zi","potentialAction":[{"@type":"SearchAction","target":{"@type":"EntryPoint","urlTemplate":"https:\/\/www.visit-ulcinj.com\/blog\/?s={search_term_string}"},"query-input":"required name=search_term_string"}],"inLanguage":"en-US"},{"@type":"ImageObject","inLanguage":"en-US","@id":"https:\/\/www.visit-ulcinj.com\/blog\/2009\/02\/09\/bjordi-dhe-agoni-vishen-si-vajza\/#primaryimage","url":"http:\/\/www.visit-ulcinj.com\/blog\/wp-content\/uploads\/2009\/02\/treshja-trans.jpg","contentUrl":"http:\/\/www.visit-ulcinj.com\/blog\/wp-content\/uploads\/2009\/02\/treshja-trans.jpg"},{"@type":"WebPage","@id":"https:\/\/www.visit-ulcinj.com\/blog\/2009\/02\/09\/bjordi-dhe-agoni-vishen-si-vajza\/#webpage","url":"https:\/\/www.visit-ulcinj.com\/blog\/2009\/02\/09\/bjordi-dhe-agoni-vishen-si-vajza\/","name":"Bjordi dhe Agoni vishen si vajza - Lajme nga Ulqini","isPartOf":{"@id":"https:\/\/www.visit-ulcinj.com\/blog\/#website"},"primaryImageOfPage":{"@id":"https:\/\/www.visit-ulcinj.com\/blog\/2009\/02\/09\/bjordi-dhe-agoni-vishen-si-vajza\/#primaryimage"},"datePublished":"2009-02-09T21:43:15+00:00","dateModified":"2009-02-09T21:43:15+00:00","author":{"@id":"https:\/\/www.visit-ulcinj.com\/blog\/#\/schema\/person\/dcab619c614d3038751c63bc2aadc06d"},"description":"Duket se k\u00ebt\u00eb nat\u00eb humori do t\u00eb jet\u00eb nj\u00eb arsye m\u00eb shum\u00eb q\u00eb banor\u00ebt t\u00eb mos mendojn\u00eb p\u00ebr t\u00eb fjetur gjum\u00eb, por t\u00eb arg\u00ebtohen. Pasi kan\u00eb kaluar disa minuta","breadcrumb":{"@id":"https:\/\/www.visit-ulcinj.com\/blog\/2009\/02\/09\/bjordi-dhe-agoni-vishen-si-vajza\/#breadcrumb"},"inLanguage":"en-US","potentialAction":[{"@type":"ReadAction","target":["https:\/\/www.visit-ulcinj.com\/blog\/2009\/02\/09\/bjordi-dhe-agoni-vishen-si-vajza\/"]}]},{"@type":"BreadcrumbList","@id":"https:\/\/www.visit-ulcinj.com\/blog\/2009\/02\/09\/bjordi-dhe-agoni-vishen-si-vajza\/#breadcrumb","itemListElement":[{"@type":"ListItem","position":1,"name":"Bjordi dhe Agoni vishen si vajza"}]},{"@type":"Person","@id":"https:\/\/www.visit-ulcinj.com\/blog\/#\/schema\/person\/dcab619c614d3038751c63bc2aadc06d","name":"ulqini","sameAs":["http:\/\/www.visit-ulcinj.com"],"url":"https:\/\/www.visit-ulcinj.com\/blog\/author\/admin\/"}]}},"jetpack_featured_media_url":"","jetpack_sharing_enabled":true,"jetpack_shortlink":"https:\/\/wp.me\/pe6lTn-2SG","_links":{"self":[{"href":"https:\/\/www.visit-ulcinj.com\/blog\/wp-json\/wp\/v2\/posts\/11078"}],"collection":[{"href":"https:\/\/www.visit-ulcinj.com\/blog\/wp-json\/wp\/v2\/posts"}],"about":[{"href":"https:\/\/www.visit-ulcinj.com\/blog\/wp-json\/wp\/v2\/types\/post"}],"author":[{"embeddable":true,"href":"https:\/\/www.visit-ulcinj.com\/blog\/wp-json\/wp\/v2\/users\/1"}],"replies":[{"embeddable":true,"href":"https:\/\/www.visit-ulcinj.com\/blog\/wp-json\/wp\/v2\/comments?post=11078"}],"version-history":[{"count":0,"href":"https:\/\/www.visit-ulcinj.com\/blog\/wp-json\/wp\/v2\/posts\/11078\/revisions"}],"wp:attachment":[{"href":"https:\/\/www.visit-ulcinj.com\/blog\/wp-json\/wp\/v2\/media?parent=11078"}],"wp:term":[{"taxonomy":"category","embeddable":true,"href":"https:\/\/www.visit-ulcinj.com\/blog\/wp-json\/wp\/v2\/categories?post=11078"},{"taxonomy":"post_tag","embeddable":true,"href":"https:\/\/www.visit-ulcinj.com\/blog\/wp-json\/wp\/v2\/tags?post=11078"}],"curies":[{"name":"wp","href":"https:\/\/api.w.org\/{rel}","templated":true}]}}