{"id":1108,"date":"2008-04-01T11:59:19","date_gmt":"2008-04-01T16:59:19","guid":{"rendered":"http:\/\/www.visit-ulcinj.com\/blog\/?p=1108"},"modified":"2008-04-01T11:59:19","modified_gmt":"2008-04-01T16:59:19","slug":"levizja-atdheu-na-bashkon-hap-zyren-ne-tuz","status":"publish","type":"post","link":"https:\/\/www.visit-ulcinj.com\/blog\/2008\/04\/01\/levizja-atdheu-na-bashkon-hap-zyren-ne-tuz\/","title":{"rendered":"L\u00ebvizja &#8220;Atdheu na Bashkon&#8221; hap zyr\u00ebn n\u00eb Tuz"},"content":{"rendered":"<p><a href=\"http:\/\/www.visit-ulcinj.com\/blog\/wp-content\/uploads\/2008\/04\/atdheu-na-bashkon.jpg\"><img loading=\"lazy\" class=\"alignleft size-medium wp-image-1109\" style=\"float: left;\" title=\"atdheu-na-bashkon\" src=\"http:\/\/www.visit-ulcinj.com\/blog\/wp-content\/uploads\/2008\/04\/atdheu-na-bashkon.jpg\" alt=\"Atdheu na Bashkon\" width=\"152\" height=\"130\" \/><\/a><\/p>\n<p><strong>Konsolidim i nj\u00eb bashk\u00ebpunimi<\/strong><br \/>\nL\u00ebvizja &#8220;Atdheu na Bashkon&#8221; do t\u00eb hap\u00eb t\u00eb enjten e ardhshme (m\u00eb 3 prill) Zyr\u00ebn n\u00eb Mal t\u00eb Zi, me qend\u00ebr n\u00eb Tuz.<br \/>\nN\u00eb k\u00ebt\u00eb eveniment jan\u00eb t\u00eb ftuar Ambasadori Amerikan n\u00eb Podgoric\u00eb, Roderik Mur dhe ai i Shqip\u00ebris\u00eb, Saimir Bala, si dhe shum\u00eb personalitete nga fusha politike, OJQ-t\u00eb dhe organizatat p\u00ebr t\u00eb drejtat e njeriut. Me k\u00ebt\u00eb rast, nga SHBA pritet t\u00eb vij\u00eb edhe nj\u00eb delegacion i L\u00ebvizjes &#8220;Atdheu na Bashkon&#8221;.<br \/>\nHapja e k\u00ebsaj zyre n\u00eb Tuz ka p\u00ebr q\u00ebllim konsolidimin e nj\u00eb bashk\u00ebpunimi m\u00eb t\u00eb ngusht\u00eb midis shqiptar\u00ebve nga Mali i Zi dhe diaspora, si dhe angazhimin e drejtp\u00ebrdrejt\u00eb t\u00eb realizimit dhe mbrojtjes s\u00eb t\u00eb drejtave t\u00eb njeriut dhe pakicave komb\u00ebtare sipas normave dhe ligjeve nd\u00ebrkomb\u00ebtare.<br \/>\nT\u00eb nes\u00ebrmen, m\u00eb 4 prill, L\u00ebvizja &#8220;Atdheu na Bashkon&#8221; do t\u00eb organizoj\u00eb n\u00eb Ulqin nj\u00eb tryez\u00eb t\u00eb rrumbullak\u00ebt me tem\u00ebn &#8220;E ardhmja e shqiptar\u00ebve n\u00eb Mal t\u00eb Zi&#8221;, ku jan\u00eb t\u00eb ftuar mbi dyzet intelektual\u00eb me ekspertiz\u00eb t\u00eb ndryshme. N\u00eb k\u00ebt\u00eb tryez\u00eb pritet t\u00eb diskutohet edhe mbi t\u00eb ardhmen politiko-juridike, ekonomike, edukativo-arsimore dhe kulturore.<br \/>\nDelegacioni i L\u00ebvizjes &#8220;Atdheu na Bashkon&#8221; pritet t\u00eb zhvilloj\u00eb takime me Ambasadorin Amerikan z. Moore, me an\u00ebtar\u00eb t\u00eb organizatave p\u00ebr t\u00eb Drejtat e Njeriut, p\u00ebrfaq\u00ebsues t\u00eb OJQ dhe udh\u00ebheq\u00ebs politik\u00eb.<br \/>\n(Kohapress)<\/p>\n","protected":false},"excerpt":{"rendered":"<p><img loading=\"lazy\" class=\"alignleft size-medium wp-image-1109\" style=\"float: left;\" title=\"atdheu-na-bashkon\" src=\"http:\/\/www.visit-ulcinj.com\/blog\/wp-content\/uploads\/2008\/04\/atdheu-na-bashkon.jpg\" alt=\"Atdheu na Bashkon\" width=\"140\" height=\"140\" \/><\/p>\n","protected":false},"author":1,"featured_media":0,"comment_status":"open","ping_status":"closed","sticky":false,"template":"","format":"standard","meta":{"spay_email":"","jetpack_publicize_message":"","jetpack_is_tweetstorm":false,"jetpack_publicize_feature_enabled":true},"categories":[11],"tags":[2373,1083,2374,1645],"jetpack_publicize_connections":[],"yoast_head":"<!-- This site is optimized with the Yoast SEO plugin v19.1 - https:\/\/yoast.com\/wordpress\/plugins\/seo\/ -->\n<title>L\u00ebvizja &quot;Atdheu na Bashkon&quot; hap zyr\u00ebn n\u00eb Tuz - Lajme nga Ulqini<\/title>\n<meta name=\"robots\" content=\"index, follow, max-snippet:-1, max-image-preview:large, max-video-preview:-1\" \/>\n<link rel=\"canonical\" href=\"https:\/\/www.visit-ulcinj.com\/blog\/2008\/04\/01\/levizja-atdheu-na-bashkon-hap-zyren-ne-tuz\/\" \/>\n<meta property=\"og:locale\" content=\"en_US\" \/>\n<meta property=\"og:type\" content=\"article\" \/>\n<meta property=\"og:title\" content=\"L\u00ebvizja &quot;Atdheu na Bashkon&quot; hap zyr\u00ebn n\u00eb Tuz - Lajme nga Ulqini\" \/>\n<meta property=\"og:url\" content=\"https:\/\/www.visit-ulcinj.com\/blog\/2008\/04\/01\/levizja-atdheu-na-bashkon-hap-zyren-ne-tuz\/\" \/>\n<meta property=\"og:site_name\" content=\"Lajme nga Ulqini\" \/>\n<meta property=\"article:published_time\" content=\"2008-04-01T16:59:19+00:00\" \/>\n<meta property=\"og:image\" content=\"http:\/\/www.visit-ulcinj.com\/blog\/wp-content\/uploads\/2008\/04\/atdheu-na-bashkon.jpg\" \/>\n<meta name=\"twitter:label1\" content=\"Written by\" \/>\n\t<meta name=\"twitter:data1\" content=\"ulqini\" \/>\n\t<meta name=\"twitter:label2\" content=\"Est. reading time\" \/>\n\t<meta name=\"twitter:data2\" content=\"1 minute\" \/>\n<script type=\"application\/ld+json\" class=\"yoast-schema-graph\">{\"@context\":\"https:\/\/schema.org\",\"@graph\":[{\"@type\":\"WebSite\",\"@id\":\"https:\/\/www.visit-ulcinj.com\/blog\/#website\",\"url\":\"https:\/\/www.visit-ulcinj.com\/blog\/\",\"name\":\"Lajme nga Ulqini\",\"description\":\"Lajme,Vijesti,Ulqini,Ulqin,Crna Gora,Mali i Zi\",\"potentialAction\":[{\"@type\":\"SearchAction\",\"target\":{\"@type\":\"EntryPoint\",\"urlTemplate\":\"https:\/\/www.visit-ulcinj.com\/blog\/?s={search_term_string}\"},\"query-input\":\"required name=search_term_string\"}],\"inLanguage\":\"en-US\"},{\"@type\":\"ImageObject\",\"inLanguage\":\"en-US\",\"@id\":\"https:\/\/www.visit-ulcinj.com\/blog\/2008\/04\/01\/levizja-atdheu-na-bashkon-hap-zyren-ne-tuz\/#primaryimage\",\"url\":\"http:\/\/www.visit-ulcinj.com\/blog\/wp-content\/uploads\/2008\/04\/atdheu-na-bashkon.jpg\",\"contentUrl\":\"http:\/\/www.visit-ulcinj.com\/blog\/wp-content\/uploads\/2008\/04\/atdheu-na-bashkon.jpg\"},{\"@type\":\"WebPage\",\"@id\":\"https:\/\/www.visit-ulcinj.com\/blog\/2008\/04\/01\/levizja-atdheu-na-bashkon-hap-zyren-ne-tuz\/#webpage\",\"url\":\"https:\/\/www.visit-ulcinj.com\/blog\/2008\/04\/01\/levizja-atdheu-na-bashkon-hap-zyren-ne-tuz\/\",\"name\":\"L\u00ebvizja \\\"Atdheu na Bashkon\\\" hap zyr\u00ebn n\u00eb Tuz - Lajme nga Ulqini\",\"isPartOf\":{\"@id\":\"https:\/\/www.visit-ulcinj.com\/blog\/#website\"},\"primaryImageOfPage\":{\"@id\":\"https:\/\/www.visit-ulcinj.com\/blog\/2008\/04\/01\/levizja-atdheu-na-bashkon-hap-zyren-ne-tuz\/#primaryimage\"},\"datePublished\":\"2008-04-01T16:59:19+00:00\",\"dateModified\":\"2008-04-01T16:59:19+00:00\",\"author\":{\"@id\":\"https:\/\/www.visit-ulcinj.com\/blog\/#\/schema\/person\/dcab619c614d3038751c63bc2aadc06d\"},\"breadcrumb\":{\"@id\":\"https:\/\/www.visit-ulcinj.com\/blog\/2008\/04\/01\/levizja-atdheu-na-bashkon-hap-zyren-ne-tuz\/#breadcrumb\"},\"inLanguage\":\"en-US\",\"potentialAction\":[{\"@type\":\"ReadAction\",\"target\":[\"https:\/\/www.visit-ulcinj.com\/blog\/2008\/04\/01\/levizja-atdheu-na-bashkon-hap-zyren-ne-tuz\/\"]}]},{\"@type\":\"BreadcrumbList\",\"@id\":\"https:\/\/www.visit-ulcinj.com\/blog\/2008\/04\/01\/levizja-atdheu-na-bashkon-hap-zyren-ne-tuz\/#breadcrumb\",\"itemListElement\":[{\"@type\":\"ListItem\",\"position\":1,\"name\":\"L\u00ebvizja &#8220;Atdheu na Bashkon&#8221; hap zyr\u00ebn n\u00eb Tuz\"}]},{\"@type\":\"Person\",\"@id\":\"https:\/\/www.visit-ulcinj.com\/blog\/#\/schema\/person\/dcab619c614d3038751c63bc2aadc06d\",\"name\":\"ulqini\",\"sameAs\":[\"http:\/\/www.visit-ulcinj.com\"],\"url\":\"https:\/\/www.visit-ulcinj.com\/blog\/author\/admin\/\"}]}<\/script>\n<!-- \/ Yoast SEO plugin. -->","yoast_head_json":{"title":"L\u00ebvizja \"Atdheu na Bashkon\" hap zyr\u00ebn n\u00eb Tuz - Lajme nga Ulqini","robots":{"index":"index","follow":"follow","max-snippet":"max-snippet:-1","max-image-preview":"max-image-preview:large","max-video-preview":"max-video-preview:-1"},"canonical":"https:\/\/www.visit-ulcinj.com\/blog\/2008\/04\/01\/levizja-atdheu-na-bashkon-hap-zyren-ne-tuz\/","og_locale":"en_US","og_type":"article","og_title":"L\u00ebvizja \"Atdheu na Bashkon\" hap zyr\u00ebn n\u00eb Tuz - Lajme nga Ulqini","og_url":"https:\/\/www.visit-ulcinj.com\/blog\/2008\/04\/01\/levizja-atdheu-na-bashkon-hap-zyren-ne-tuz\/","og_site_name":"Lajme nga Ulqini","article_published_time":"2008-04-01T16:59:19+00:00","og_image":[{"url":"http:\/\/www.visit-ulcinj.com\/blog\/wp-content\/uploads\/2008\/04\/atdheu-na-bashkon.jpg"}],"twitter_misc":{"Written by":"ulqini","Est. reading time":"1 minute"},"schema":{"@context":"https:\/\/schema.org","@graph":[{"@type":"WebSite","@id":"https:\/\/www.visit-ulcinj.com\/blog\/#website","url":"https:\/\/www.visit-ulcinj.com\/blog\/","name":"Lajme nga Ulqini","description":"Lajme,Vijesti,Ulqini,Ulqin,Crna Gora,Mali i Zi","potentialAction":[{"@type":"SearchAction","target":{"@type":"EntryPoint","urlTemplate":"https:\/\/www.visit-ulcinj.com\/blog\/?s={search_term_string}"},"query-input":"required name=search_term_string"}],"inLanguage":"en-US"},{"@type":"ImageObject","inLanguage":"en-US","@id":"https:\/\/www.visit-ulcinj.com\/blog\/2008\/04\/01\/levizja-atdheu-na-bashkon-hap-zyren-ne-tuz\/#primaryimage","url":"http:\/\/www.visit-ulcinj.com\/blog\/wp-content\/uploads\/2008\/04\/atdheu-na-bashkon.jpg","contentUrl":"http:\/\/www.visit-ulcinj.com\/blog\/wp-content\/uploads\/2008\/04\/atdheu-na-bashkon.jpg"},{"@type":"WebPage","@id":"https:\/\/www.visit-ulcinj.com\/blog\/2008\/04\/01\/levizja-atdheu-na-bashkon-hap-zyren-ne-tuz\/#webpage","url":"https:\/\/www.visit-ulcinj.com\/blog\/2008\/04\/01\/levizja-atdheu-na-bashkon-hap-zyren-ne-tuz\/","name":"L\u00ebvizja \"Atdheu na Bashkon\" hap zyr\u00ebn n\u00eb Tuz - Lajme nga Ulqini","isPartOf":{"@id":"https:\/\/www.visit-ulcinj.com\/blog\/#website"},"primaryImageOfPage":{"@id":"https:\/\/www.visit-ulcinj.com\/blog\/2008\/04\/01\/levizja-atdheu-na-bashkon-hap-zyren-ne-tuz\/#primaryimage"},"datePublished":"2008-04-01T16:59:19+00:00","dateModified":"2008-04-01T16:59:19+00:00","author":{"@id":"https:\/\/www.visit-ulcinj.com\/blog\/#\/schema\/person\/dcab619c614d3038751c63bc2aadc06d"},"breadcrumb":{"@id":"https:\/\/www.visit-ulcinj.com\/blog\/2008\/04\/01\/levizja-atdheu-na-bashkon-hap-zyren-ne-tuz\/#breadcrumb"},"inLanguage":"en-US","potentialAction":[{"@type":"ReadAction","target":["https:\/\/www.visit-ulcinj.com\/blog\/2008\/04\/01\/levizja-atdheu-na-bashkon-hap-zyren-ne-tuz\/"]}]},{"@type":"BreadcrumbList","@id":"https:\/\/www.visit-ulcinj.com\/blog\/2008\/04\/01\/levizja-atdheu-na-bashkon-hap-zyren-ne-tuz\/#breadcrumb","itemListElement":[{"@type":"ListItem","position":1,"name":"L\u00ebvizja &#8220;Atdheu na Bashkon&#8221; hap zyr\u00ebn n\u00eb Tuz"}]},{"@type":"Person","@id":"https:\/\/www.visit-ulcinj.com\/blog\/#\/schema\/person\/dcab619c614d3038751c63bc2aadc06d","name":"ulqini","sameAs":["http:\/\/www.visit-ulcinj.com"],"url":"https:\/\/www.visit-ulcinj.com\/blog\/author\/admin\/"}]}},"jetpack_featured_media_url":"","jetpack_sharing_enabled":true,"jetpack_shortlink":"https:\/\/wp.me\/pe6lTn-hS","_links":{"self":[{"href":"https:\/\/www.visit-ulcinj.com\/blog\/wp-json\/wp\/v2\/posts\/1108"}],"collection":[{"href":"https:\/\/www.visit-ulcinj.com\/blog\/wp-json\/wp\/v2\/posts"}],"about":[{"href":"https:\/\/www.visit-ulcinj.com\/blog\/wp-json\/wp\/v2\/types\/post"}],"author":[{"embeddable":true,"href":"https:\/\/www.visit-ulcinj.com\/blog\/wp-json\/wp\/v2\/users\/1"}],"replies":[{"embeddable":true,"href":"https:\/\/www.visit-ulcinj.com\/blog\/wp-json\/wp\/v2\/comments?post=1108"}],"version-history":[{"count":0,"href":"https:\/\/www.visit-ulcinj.com\/blog\/wp-json\/wp\/v2\/posts\/1108\/revisions"}],"wp:attachment":[{"href":"https:\/\/www.visit-ulcinj.com\/blog\/wp-json\/wp\/v2\/media?parent=1108"}],"wp:term":[{"taxonomy":"category","embeddable":true,"href":"https:\/\/www.visit-ulcinj.com\/blog\/wp-json\/wp\/v2\/categories?post=1108"},{"taxonomy":"post_tag","embeddable":true,"href":"https:\/\/www.visit-ulcinj.com\/blog\/wp-json\/wp\/v2\/tags?post=1108"}],"curies":[{"name":"wp","href":"https:\/\/api.w.org\/{rel}","templated":true}]}}