{"id":11083,"date":"2009-02-09T22:45:24","date_gmt":"2009-02-09T21:45:24","guid":{"rendered":"http:\/\/www.visit-ulcinj.com\/blog\/?p=11083"},"modified":"2009-02-09T22:45:24","modified_gmt":"2009-02-09T21:45:24","slug":"nisin-pergatitjet-per-proven-e-javes","status":"publish","type":"post","link":"https:\/\/www.visit-ulcinj.com\/blog\/2009\/02\/09\/nisin-pergatitjet-per-proven-e-javes\/","title":{"rendered":"Nisin p\u00ebrgatitjet p\u00ebr prov\u00ebn e jav\u00ebs"},"content":{"rendered":"<p><a href=\"http:\/\/www.visit-ulcinj.com\/blog\/wp-content\/uploads\/2009\/02\/prova-e-javes.jpg\"><img loading=\"lazy\" class=\"alignleft size-full wp-image-11084\" title=\"prova-e-javes\" src=\"http:\/\/www.visit-ulcinj.com\/blog\/wp-content\/uploads\/2009\/02\/prova-e-javes.jpg\" alt=\"prova-e-javes\" width=\"300\" height=\"205\" \/><\/a>M\u00eb n\u00eb fund gj\u00ebrat b\u00ebhen me serioze n\u00eb sht\u00ebpi. Banor\u00ebt kujtohen se kan\u00eb p\u00ebrpara nj\u00eb sfid\u00eb t\u00eb madhe, pik\u00ebrisht prov\u00ebn e jav\u00ebs, prandaj edhe impenjohen t\u00eb gjith\u00eb n\u00eb rolet e tyre p\u00ebr t\u2019i intepretuar sa m\u00eb mir\u00eb. K\u00ebshtu Erjola dhe Bjordi nisin t\u00eb p\u00ebrs\u00ebrisin teksin e filmit q\u00eb u \u00ebsht\u00eb ngarkuar, edhe pse ky i fundit ka shum\u00eb v\u00ebshtir\u00ebsi n\u00eb lexim, madje shpesh shoq\u00ebrohet nga pauza t\u00eb gjata q\u00eb i shkaktojn\u00eb atij edhe nervoziz\u00ebm. Nga ana tjet\u00ebr edhe Arjoni me Zhuljet\u00ebn nisin provat p\u00ebr t\u00eb intepretuar \u201cRomeo dhe Zhuljeta\u201d, nd\u00ebrsa banor\u00ebt e tjer\u00eb jan\u00eb duke ndjekur loj\u00ebn e tyre aktoreske, duke dh\u00ebn\u00eb edhe komente, sesi t\u00eb realizohet sa m\u00eb mir\u00eb kjo prov\u00eb. Fundja, n\u00ebse nj\u00ebri prej tyre d\u00ebshton, ata do t\u00eb penalizohen t\u00eb gjith\u00eb s\u00eb bashku, q\u00eb do t\u00eb thot\u00eb nj\u00eb buxhet i reduktuar p\u00ebr jav\u00ebn tjet\u00ebr.<\/p>\n","protected":false},"excerpt":{"rendered":"<p>M\u00eb n\u00eb fund gj\u00ebrat b\u00ebhen me serioze n\u00eb sht\u00ebpi. Banor\u00ebt kujtohen se kan\u00eb p\u00ebrpara nj\u00eb sfid\u00eb t\u00eb madhe, pik\u00ebrisht prov\u00ebn e jav\u00ebs, prandaj edhe impenjohen t\u00eb gjith\u00eb n\u00eb rolet e tyre p\u00ebr t\u2019i intepretuar sa m\u00eb mir\u00eb. K\u00ebshtu Erjola dhe Bjordi nisin t\u00eb p\u00ebrs\u00ebrisin teksin e filmit q\u00eb u \u00ebsht\u00eb ngarkuar, edhe pse ky i [&hellip;]<\/p>\n","protected":false},"author":1,"featured_media":0,"comment_status":"open","ping_status":"closed","sticky":false,"template":"","format":"standard","meta":{"spay_email":"","jetpack_publicize_message":"","jetpack_is_tweetstorm":false,"jetpack_publicize_feature_enabled":true},"categories":[6502],"tags":[6504,6506,6611,6604,6605,6606,6568,6640,6609,6610,5081],"jetpack_publicize_connections":[],"yoast_head":"<!-- This site is optimized with the Yoast SEO plugin v19.1 - https:\/\/yoast.com\/wordpress\/plugins\/seo\/ -->\n<title>Nisin p\u00ebrgatitjet p\u00ebr prov\u00ebn e jav\u00ebs - Lajme nga Ulqini<\/title>\n<meta name=\"description\" content=\"M\u00eb n\u00eb fund gj\u00ebrat b\u00ebhen me serioze n\u00eb sht\u00ebpi. Banor\u00ebt kujtohen se kan\u00eb p\u00ebrpara nj\u00eb sfid\u00eb t\u00eb madhe, pik\u00ebrisht prov\u00ebn e jav\u00ebs, prandaj edhe impenjohen t\u00eb\" \/>\n<meta name=\"robots\" content=\"index, follow, max-snippet:-1, max-image-preview:large, max-video-preview:-1\" \/>\n<link rel=\"canonical\" href=\"https:\/\/www.visit-ulcinj.com\/blog\/2009\/02\/09\/nisin-pergatitjet-per-proven-e-javes\/\" \/>\n<meta property=\"og:locale\" content=\"en_US\" \/>\n<meta property=\"og:type\" content=\"article\" \/>\n<meta property=\"og:title\" content=\"Nisin p\u00ebrgatitjet p\u00ebr prov\u00ebn e jav\u00ebs - Lajme nga Ulqini\" \/>\n<meta property=\"og:description\" content=\"M\u00eb n\u00eb fund gj\u00ebrat b\u00ebhen me serioze n\u00eb sht\u00ebpi. Banor\u00ebt kujtohen se kan\u00eb p\u00ebrpara nj\u00eb sfid\u00eb t\u00eb madhe, pik\u00ebrisht prov\u00ebn e jav\u00ebs, prandaj edhe impenjohen t\u00eb\" \/>\n<meta property=\"og:url\" content=\"https:\/\/www.visit-ulcinj.com\/blog\/2009\/02\/09\/nisin-pergatitjet-per-proven-e-javes\/\" \/>\n<meta property=\"og:site_name\" content=\"Lajme nga Ulqini\" \/>\n<meta property=\"article:published_time\" content=\"2009-02-09T21:45:24+00:00\" \/>\n<meta property=\"og:image\" content=\"http:\/\/www.visit-ulcinj.com\/blog\/wp-content\/uploads\/2009\/02\/prova-e-javes.jpg\" \/>\n<meta name=\"twitter:label1\" content=\"Written by\" \/>\n\t<meta name=\"twitter:data1\" content=\"ulqini\" \/>\n\t<meta name=\"twitter:label2\" content=\"Est. reading time\" \/>\n\t<meta name=\"twitter:data2\" content=\"1 minute\" \/>\n<script type=\"application\/ld+json\" class=\"yoast-schema-graph\">{\"@context\":\"https:\/\/schema.org\",\"@graph\":[{\"@type\":\"WebSite\",\"@id\":\"https:\/\/www.visit-ulcinj.com\/blog\/#website\",\"url\":\"https:\/\/www.visit-ulcinj.com\/blog\/\",\"name\":\"Lajme nga Ulqini\",\"description\":\"Lajme,Vijesti,Ulqini,Ulqin,Crna Gora,Mali i Zi\",\"potentialAction\":[{\"@type\":\"SearchAction\",\"target\":{\"@type\":\"EntryPoint\",\"urlTemplate\":\"https:\/\/www.visit-ulcinj.com\/blog\/?s={search_term_string}\"},\"query-input\":\"required name=search_term_string\"}],\"inLanguage\":\"en-US\"},{\"@type\":\"ImageObject\",\"inLanguage\":\"en-US\",\"@id\":\"https:\/\/www.visit-ulcinj.com\/blog\/2009\/02\/09\/nisin-pergatitjet-per-proven-e-javes\/#primaryimage\",\"url\":\"http:\/\/www.visit-ulcinj.com\/blog\/wp-content\/uploads\/2009\/02\/prova-e-javes.jpg\",\"contentUrl\":\"http:\/\/www.visit-ulcinj.com\/blog\/wp-content\/uploads\/2009\/02\/prova-e-javes.jpg\"},{\"@type\":\"WebPage\",\"@id\":\"https:\/\/www.visit-ulcinj.com\/blog\/2009\/02\/09\/nisin-pergatitjet-per-proven-e-javes\/#webpage\",\"url\":\"https:\/\/www.visit-ulcinj.com\/blog\/2009\/02\/09\/nisin-pergatitjet-per-proven-e-javes\/\",\"name\":\"Nisin p\u00ebrgatitjet p\u00ebr prov\u00ebn e jav\u00ebs - Lajme nga Ulqini\",\"isPartOf\":{\"@id\":\"https:\/\/www.visit-ulcinj.com\/blog\/#website\"},\"primaryImageOfPage\":{\"@id\":\"https:\/\/www.visit-ulcinj.com\/blog\/2009\/02\/09\/nisin-pergatitjet-per-proven-e-javes\/#primaryimage\"},\"datePublished\":\"2009-02-09T21:45:24+00:00\",\"dateModified\":\"2009-02-09T21:45:24+00:00\",\"author\":{\"@id\":\"https:\/\/www.visit-ulcinj.com\/blog\/#\/schema\/person\/dcab619c614d3038751c63bc2aadc06d\"},\"description\":\"M\u00eb n\u00eb fund gj\u00ebrat b\u00ebhen me serioze n\u00eb sht\u00ebpi. Banor\u00ebt kujtohen se kan\u00eb p\u00ebrpara nj\u00eb sfid\u00eb t\u00eb madhe, pik\u00ebrisht prov\u00ebn e jav\u00ebs, prandaj edhe impenjohen t\u00eb\",\"breadcrumb\":{\"@id\":\"https:\/\/www.visit-ulcinj.com\/blog\/2009\/02\/09\/nisin-pergatitjet-per-proven-e-javes\/#breadcrumb\"},\"inLanguage\":\"en-US\",\"potentialAction\":[{\"@type\":\"ReadAction\",\"target\":[\"https:\/\/www.visit-ulcinj.com\/blog\/2009\/02\/09\/nisin-pergatitjet-per-proven-e-javes\/\"]}]},{\"@type\":\"BreadcrumbList\",\"@id\":\"https:\/\/www.visit-ulcinj.com\/blog\/2009\/02\/09\/nisin-pergatitjet-per-proven-e-javes\/#breadcrumb\",\"itemListElement\":[{\"@type\":\"ListItem\",\"position\":1,\"name\":\"Nisin p\u00ebrgatitjet p\u00ebr prov\u00ebn e jav\u00ebs\"}]},{\"@type\":\"Person\",\"@id\":\"https:\/\/www.visit-ulcinj.com\/blog\/#\/schema\/person\/dcab619c614d3038751c63bc2aadc06d\",\"name\":\"ulqini\",\"sameAs\":[\"http:\/\/www.visit-ulcinj.com\"],\"url\":\"https:\/\/www.visit-ulcinj.com\/blog\/author\/admin\/\"}]}<\/script>\n<!-- \/ Yoast SEO plugin. -->","yoast_head_json":{"title":"Nisin p\u00ebrgatitjet p\u00ebr prov\u00ebn e jav\u00ebs - Lajme nga Ulqini","description":"M\u00eb n\u00eb fund gj\u00ebrat b\u00ebhen me serioze n\u00eb sht\u00ebpi. Banor\u00ebt kujtohen se kan\u00eb p\u00ebrpara nj\u00eb sfid\u00eb t\u00eb madhe, pik\u00ebrisht prov\u00ebn e jav\u00ebs, prandaj edhe impenjohen t\u00eb","robots":{"index":"index","follow":"follow","max-snippet":"max-snippet:-1","max-image-preview":"max-image-preview:large","max-video-preview":"max-video-preview:-1"},"canonical":"https:\/\/www.visit-ulcinj.com\/blog\/2009\/02\/09\/nisin-pergatitjet-per-proven-e-javes\/","og_locale":"en_US","og_type":"article","og_title":"Nisin p\u00ebrgatitjet p\u00ebr prov\u00ebn e jav\u00ebs - Lajme nga Ulqini","og_description":"M\u00eb n\u00eb fund gj\u00ebrat b\u00ebhen me serioze n\u00eb sht\u00ebpi. Banor\u00ebt kujtohen se kan\u00eb p\u00ebrpara nj\u00eb sfid\u00eb t\u00eb madhe, pik\u00ebrisht prov\u00ebn e jav\u00ebs, prandaj edhe impenjohen t\u00eb","og_url":"https:\/\/www.visit-ulcinj.com\/blog\/2009\/02\/09\/nisin-pergatitjet-per-proven-e-javes\/","og_site_name":"Lajme nga Ulqini","article_published_time":"2009-02-09T21:45:24+00:00","og_image":[{"url":"http:\/\/www.visit-ulcinj.com\/blog\/wp-content\/uploads\/2009\/02\/prova-e-javes.jpg"}],"twitter_misc":{"Written by":"ulqini","Est. reading time":"1 minute"},"schema":{"@context":"https:\/\/schema.org","@graph":[{"@type":"WebSite","@id":"https:\/\/www.visit-ulcinj.com\/blog\/#website","url":"https:\/\/www.visit-ulcinj.com\/blog\/","name":"Lajme nga Ulqini","description":"Lajme,Vijesti,Ulqini,Ulqin,Crna Gora,Mali i Zi","potentialAction":[{"@type":"SearchAction","target":{"@type":"EntryPoint","urlTemplate":"https:\/\/www.visit-ulcinj.com\/blog\/?s={search_term_string}"},"query-input":"required name=search_term_string"}],"inLanguage":"en-US"},{"@type":"ImageObject","inLanguage":"en-US","@id":"https:\/\/www.visit-ulcinj.com\/blog\/2009\/02\/09\/nisin-pergatitjet-per-proven-e-javes\/#primaryimage","url":"http:\/\/www.visit-ulcinj.com\/blog\/wp-content\/uploads\/2009\/02\/prova-e-javes.jpg","contentUrl":"http:\/\/www.visit-ulcinj.com\/blog\/wp-content\/uploads\/2009\/02\/prova-e-javes.jpg"},{"@type":"WebPage","@id":"https:\/\/www.visit-ulcinj.com\/blog\/2009\/02\/09\/nisin-pergatitjet-per-proven-e-javes\/#webpage","url":"https:\/\/www.visit-ulcinj.com\/blog\/2009\/02\/09\/nisin-pergatitjet-per-proven-e-javes\/","name":"Nisin p\u00ebrgatitjet p\u00ebr prov\u00ebn e jav\u00ebs - Lajme nga Ulqini","isPartOf":{"@id":"https:\/\/www.visit-ulcinj.com\/blog\/#website"},"primaryImageOfPage":{"@id":"https:\/\/www.visit-ulcinj.com\/blog\/2009\/02\/09\/nisin-pergatitjet-per-proven-e-javes\/#primaryimage"},"datePublished":"2009-02-09T21:45:24+00:00","dateModified":"2009-02-09T21:45:24+00:00","author":{"@id":"https:\/\/www.visit-ulcinj.com\/blog\/#\/schema\/person\/dcab619c614d3038751c63bc2aadc06d"},"description":"M\u00eb n\u00eb fund gj\u00ebrat b\u00ebhen me serioze n\u00eb sht\u00ebpi. Banor\u00ebt kujtohen se kan\u00eb p\u00ebrpara nj\u00eb sfid\u00eb t\u00eb madhe, pik\u00ebrisht prov\u00ebn e jav\u00ebs, prandaj edhe impenjohen t\u00eb","breadcrumb":{"@id":"https:\/\/www.visit-ulcinj.com\/blog\/2009\/02\/09\/nisin-pergatitjet-per-proven-e-javes\/#breadcrumb"},"inLanguage":"en-US","potentialAction":[{"@type":"ReadAction","target":["https:\/\/www.visit-ulcinj.com\/blog\/2009\/02\/09\/nisin-pergatitjet-per-proven-e-javes\/"]}]},{"@type":"BreadcrumbList","@id":"https:\/\/www.visit-ulcinj.com\/blog\/2009\/02\/09\/nisin-pergatitjet-per-proven-e-javes\/#breadcrumb","itemListElement":[{"@type":"ListItem","position":1,"name":"Nisin p\u00ebrgatitjet p\u00ebr prov\u00ebn e jav\u00ebs"}]},{"@type":"Person","@id":"https:\/\/www.visit-ulcinj.com\/blog\/#\/schema\/person\/dcab619c614d3038751c63bc2aadc06d","name":"ulqini","sameAs":["http:\/\/www.visit-ulcinj.com"],"url":"https:\/\/www.visit-ulcinj.com\/blog\/author\/admin\/"}]}},"jetpack_featured_media_url":"","jetpack_sharing_enabled":true,"jetpack_shortlink":"https:\/\/wp.me\/pe6lTn-2SL","_links":{"self":[{"href":"https:\/\/www.visit-ulcinj.com\/blog\/wp-json\/wp\/v2\/posts\/11083"}],"collection":[{"href":"https:\/\/www.visit-ulcinj.com\/blog\/wp-json\/wp\/v2\/posts"}],"about":[{"href":"https:\/\/www.visit-ulcinj.com\/blog\/wp-json\/wp\/v2\/types\/post"}],"author":[{"embeddable":true,"href":"https:\/\/www.visit-ulcinj.com\/blog\/wp-json\/wp\/v2\/users\/1"}],"replies":[{"embeddable":true,"href":"https:\/\/www.visit-ulcinj.com\/blog\/wp-json\/wp\/v2\/comments?post=11083"}],"version-history":[{"count":0,"href":"https:\/\/www.visit-ulcinj.com\/blog\/wp-json\/wp\/v2\/posts\/11083\/revisions"}],"wp:attachment":[{"href":"https:\/\/www.visit-ulcinj.com\/blog\/wp-json\/wp\/v2\/media?parent=11083"}],"wp:term":[{"taxonomy":"category","embeddable":true,"href":"https:\/\/www.visit-ulcinj.com\/blog\/wp-json\/wp\/v2\/categories?post=11083"},{"taxonomy":"post_tag","embeddable":true,"href":"https:\/\/www.visit-ulcinj.com\/blog\/wp-json\/wp\/v2\/tags?post=11083"}],"curies":[{"name":"wp","href":"https:\/\/api.w.org\/{rel}","templated":true}]}}