{"id":11090,"date":"2009-02-09T23:51:41","date_gmt":"2009-02-09T22:51:41","guid":{"rendered":"http:\/\/www.visit-ulcinj.com\/blog\/?p=11090"},"modified":"2009-02-09T23:51:41","modified_gmt":"2009-02-09T22:51:41","slug":"pasioni-i-valsit-rremben-tanin-dhe-aiden","status":"publish","type":"post","link":"https:\/\/www.visit-ulcinj.com\/blog\/2009\/02\/09\/pasioni-i-valsit-rremben-tanin-dhe-aiden\/","title":{"rendered":"Pasioni i valsit rr\u00ebmben Tanin dhe Aid\u00ebn"},"content":{"rendered":"<p><a href=\"http:\/\/www.visit-ulcinj.com\/blog\/wp-content\/uploads\/2009\/02\/tani-dhe-aidoka.jpg\"><img loading=\"lazy\" class=\"alignleft size-full wp-image-11091\" title=\"tani-dhe-aidoka\" src=\"http:\/\/www.visit-ulcinj.com\/blog\/wp-content\/uploads\/2009\/02\/tani-dhe-aidoka.jpg\" alt=\"tani-dhe-aidoka\" width=\"300\" height=\"205\" \/><\/a>Dritani dhe Aida kan\u00eb vijuar edhe sot p\u00ebrgatitjen e valsit t\u00eb tyre t\u00eb dashuris\u00eb, q\u00eb mbr\u00ebmjen e djeshme i p\u00ebrfshiu q\u00eb t\u00eb dy n\u00eb impenjime t\u00eb nj\u00ebpasnj\u00ebshme. Edhe pse duket sikur nuk po merren fort mir\u00eb vesh me nj\u00ebri-tjetrin, \u00e7ifti ka arritur q\u00eb t\u00eb unifoj\u00eb l\u00ebvizjet, p\u00ebrpos komenteve q\u00eb b\u00ebjn\u00eb banor\u00ebt e tjer\u00eb. Nd\u00ebrkoh\u00eb Agoni shpjegon regjin\u00eb dhe se si do ta konceptoj\u00eb prezantimin e valsit. Ai i tregon Republik\u00ebs t\u00eb gjitha skenat dhe momentet q\u00eb do t\u00eb ndjek\u00eb ky spektak\u00ebl i vog\u00ebl i improvizuar nga t\u00eb gjith\u00eb banor\u00ebt e sht\u00ebpis\u00eb s\u00eb Big Brother me rastin e Sh\u00ebn Valentininit. T\u00eb lodhur nga puna q\u00eb kan\u00eb b\u00ebr\u00eb gjat\u00eb gjith\u00eb mbr\u00ebmjes me prov\u00ebn e jav\u00ebs, nj\u00eb pjes\u00eb e banor\u00ebve vazhdojn\u00eb t\u00eb p\u00ebrs\u00ebritin tekstet e tyre teatrale, t\u00eb tjer\u00eb jan\u00eb shtrir\u00eb t\u00eb shplodhen n\u00ebp\u00ebr divane, nd\u00ebrsa vet\u00ebm pak jan\u00eb duke u marr\u00eb me p\u00ebrgatitjet e dark\u00ebs, madje edhe duke u ushquer paralelisht.\u00a0<\/p>\n<p><em>Top Channel<\/em><\/p>\n","protected":false},"excerpt":{"rendered":"<p>Dritani dhe Aida kan\u00eb vijuar edhe sot p\u00ebrgatitjen e valsit t\u00eb tyre t\u00eb dashuris\u00eb, q\u00eb mbr\u00ebmjen e djeshme i p\u00ebrfshiu q\u00eb t\u00eb dy n\u00eb impenjime t\u00eb nj\u00ebpasnj\u00ebshme. Edhe pse duket sikur nuk po merren fort mir\u00eb vesh me nj\u00ebri-tjetrin, \u00e7ifti ka arritur q\u00eb t\u00eb unifoj\u00eb l\u00ebvizjet, p\u00ebrpos komenteve q\u00eb b\u00ebjn\u00eb banor\u00ebt e tjer\u00eb. Nd\u00ebrkoh\u00eb Agoni [&hellip;]<\/p>\n","protected":false},"author":1,"featured_media":0,"comment_status":"open","ping_status":"closed","sticky":false,"template":"","format":"standard","meta":{"spay_email":"","jetpack_publicize_message":"","jetpack_is_tweetstorm":false,"jetpack_publicize_feature_enabled":true},"categories":[6502],"tags":[6566,6504,6506,6611,6604,6605,6606,6568,6640,6648,6609,6610,1389,5081],"jetpack_publicize_connections":[],"yoast_head":"<!-- This site is optimized with the Yoast SEO plugin v19.1 - https:\/\/yoast.com\/wordpress\/plugins\/seo\/ -->\n<title>Pasioni i valsit rr\u00ebmben Tanin dhe Aid\u00ebn - Lajme nga Ulqini<\/title>\n<meta name=\"description\" content=\"Dritani dhe Aida kan\u00eb vijuar edhe sot p\u00ebrgatitjen e valsit t\u00eb tyre t\u00eb dashuris\u00eb, q\u00eb mbr\u00ebmjen e djeshme i p\u00ebrfshiu q\u00eb t\u00eb dy n\u00eb impenjime t\u00eb nj\u00ebpasnj\u00ebshme.\" \/>\n<meta name=\"robots\" content=\"index, follow, max-snippet:-1, max-image-preview:large, max-video-preview:-1\" \/>\n<link rel=\"canonical\" href=\"https:\/\/www.visit-ulcinj.com\/blog\/2009\/02\/09\/pasioni-i-valsit-rremben-tanin-dhe-aiden\/\" \/>\n<meta property=\"og:locale\" content=\"en_US\" \/>\n<meta property=\"og:type\" content=\"article\" \/>\n<meta property=\"og:title\" content=\"Pasioni i valsit rr\u00ebmben Tanin dhe Aid\u00ebn - Lajme nga Ulqini\" \/>\n<meta property=\"og:description\" content=\"Dritani dhe Aida kan\u00eb vijuar edhe sot p\u00ebrgatitjen e valsit t\u00eb tyre t\u00eb dashuris\u00eb, q\u00eb mbr\u00ebmjen e djeshme i p\u00ebrfshiu q\u00eb t\u00eb dy n\u00eb impenjime t\u00eb nj\u00ebpasnj\u00ebshme.\" \/>\n<meta property=\"og:url\" content=\"https:\/\/www.visit-ulcinj.com\/blog\/2009\/02\/09\/pasioni-i-valsit-rremben-tanin-dhe-aiden\/\" \/>\n<meta property=\"og:site_name\" content=\"Lajme nga Ulqini\" \/>\n<meta property=\"article:published_time\" content=\"2009-02-09T22:51:41+00:00\" \/>\n<meta property=\"og:image\" content=\"http:\/\/www.visit-ulcinj.com\/blog\/wp-content\/uploads\/2009\/02\/tani-dhe-aidoka.jpg\" \/>\n<meta name=\"twitter:label1\" content=\"Written by\" \/>\n\t<meta name=\"twitter:data1\" content=\"ulqini\" \/>\n\t<meta name=\"twitter:label2\" content=\"Est. reading time\" \/>\n\t<meta name=\"twitter:data2\" content=\"1 minute\" \/>\n<script type=\"application\/ld+json\" class=\"yoast-schema-graph\">{\"@context\":\"https:\/\/schema.org\",\"@graph\":[{\"@type\":\"WebSite\",\"@id\":\"https:\/\/www.visit-ulcinj.com\/blog\/#website\",\"url\":\"https:\/\/www.visit-ulcinj.com\/blog\/\",\"name\":\"Lajme nga Ulqini\",\"description\":\"Lajme,Vijesti,Ulqini,Ulqin,Crna Gora,Mali i Zi\",\"potentialAction\":[{\"@type\":\"SearchAction\",\"target\":{\"@type\":\"EntryPoint\",\"urlTemplate\":\"https:\/\/www.visit-ulcinj.com\/blog\/?s={search_term_string}\"},\"query-input\":\"required name=search_term_string\"}],\"inLanguage\":\"en-US\"},{\"@type\":\"ImageObject\",\"inLanguage\":\"en-US\",\"@id\":\"https:\/\/www.visit-ulcinj.com\/blog\/2009\/02\/09\/pasioni-i-valsit-rremben-tanin-dhe-aiden\/#primaryimage\",\"url\":\"http:\/\/www.visit-ulcinj.com\/blog\/wp-content\/uploads\/2009\/02\/tani-dhe-aidoka.jpg\",\"contentUrl\":\"http:\/\/www.visit-ulcinj.com\/blog\/wp-content\/uploads\/2009\/02\/tani-dhe-aidoka.jpg\"},{\"@type\":\"WebPage\",\"@id\":\"https:\/\/www.visit-ulcinj.com\/blog\/2009\/02\/09\/pasioni-i-valsit-rremben-tanin-dhe-aiden\/#webpage\",\"url\":\"https:\/\/www.visit-ulcinj.com\/blog\/2009\/02\/09\/pasioni-i-valsit-rremben-tanin-dhe-aiden\/\",\"name\":\"Pasioni i valsit rr\u00ebmben Tanin dhe Aid\u00ebn - Lajme nga Ulqini\",\"isPartOf\":{\"@id\":\"https:\/\/www.visit-ulcinj.com\/blog\/#website\"},\"primaryImageOfPage\":{\"@id\":\"https:\/\/www.visit-ulcinj.com\/blog\/2009\/02\/09\/pasioni-i-valsit-rremben-tanin-dhe-aiden\/#primaryimage\"},\"datePublished\":\"2009-02-09T22:51:41+00:00\",\"dateModified\":\"2009-02-09T22:51:41+00:00\",\"author\":{\"@id\":\"https:\/\/www.visit-ulcinj.com\/blog\/#\/schema\/person\/dcab619c614d3038751c63bc2aadc06d\"},\"description\":\"Dritani dhe Aida kan\u00eb vijuar edhe sot p\u00ebrgatitjen e valsit t\u00eb tyre t\u00eb dashuris\u00eb, q\u00eb mbr\u00ebmjen e djeshme i p\u00ebrfshiu q\u00eb t\u00eb dy n\u00eb impenjime t\u00eb nj\u00ebpasnj\u00ebshme.\",\"breadcrumb\":{\"@id\":\"https:\/\/www.visit-ulcinj.com\/blog\/2009\/02\/09\/pasioni-i-valsit-rremben-tanin-dhe-aiden\/#breadcrumb\"},\"inLanguage\":\"en-US\",\"potentialAction\":[{\"@type\":\"ReadAction\",\"target\":[\"https:\/\/www.visit-ulcinj.com\/blog\/2009\/02\/09\/pasioni-i-valsit-rremben-tanin-dhe-aiden\/\"]}]},{\"@type\":\"BreadcrumbList\",\"@id\":\"https:\/\/www.visit-ulcinj.com\/blog\/2009\/02\/09\/pasioni-i-valsit-rremben-tanin-dhe-aiden\/#breadcrumb\",\"itemListElement\":[{\"@type\":\"ListItem\",\"position\":1,\"name\":\"Pasioni i valsit rr\u00ebmben Tanin dhe Aid\u00ebn\"}]},{\"@type\":\"Person\",\"@id\":\"https:\/\/www.visit-ulcinj.com\/blog\/#\/schema\/person\/dcab619c614d3038751c63bc2aadc06d\",\"name\":\"ulqini\",\"sameAs\":[\"http:\/\/www.visit-ulcinj.com\"],\"url\":\"https:\/\/www.visit-ulcinj.com\/blog\/author\/admin\/\"}]}<\/script>\n<!-- \/ Yoast SEO plugin. -->","yoast_head_json":{"title":"Pasioni i valsit rr\u00ebmben Tanin dhe Aid\u00ebn - Lajme nga Ulqini","description":"Dritani dhe Aida kan\u00eb vijuar edhe sot p\u00ebrgatitjen e valsit t\u00eb tyre t\u00eb dashuris\u00eb, q\u00eb mbr\u00ebmjen e djeshme i p\u00ebrfshiu q\u00eb t\u00eb dy n\u00eb impenjime t\u00eb nj\u00ebpasnj\u00ebshme.","robots":{"index":"index","follow":"follow","max-snippet":"max-snippet:-1","max-image-preview":"max-image-preview:large","max-video-preview":"max-video-preview:-1"},"canonical":"https:\/\/www.visit-ulcinj.com\/blog\/2009\/02\/09\/pasioni-i-valsit-rremben-tanin-dhe-aiden\/","og_locale":"en_US","og_type":"article","og_title":"Pasioni i valsit rr\u00ebmben Tanin dhe Aid\u00ebn - Lajme nga Ulqini","og_description":"Dritani dhe Aida kan\u00eb vijuar edhe sot p\u00ebrgatitjen e valsit t\u00eb tyre t\u00eb dashuris\u00eb, q\u00eb mbr\u00ebmjen e djeshme i p\u00ebrfshiu q\u00eb t\u00eb dy n\u00eb impenjime t\u00eb nj\u00ebpasnj\u00ebshme.","og_url":"https:\/\/www.visit-ulcinj.com\/blog\/2009\/02\/09\/pasioni-i-valsit-rremben-tanin-dhe-aiden\/","og_site_name":"Lajme nga Ulqini","article_published_time":"2009-02-09T22:51:41+00:00","og_image":[{"url":"http:\/\/www.visit-ulcinj.com\/blog\/wp-content\/uploads\/2009\/02\/tani-dhe-aidoka.jpg"}],"twitter_misc":{"Written by":"ulqini","Est. reading time":"1 minute"},"schema":{"@context":"https:\/\/schema.org","@graph":[{"@type":"WebSite","@id":"https:\/\/www.visit-ulcinj.com\/blog\/#website","url":"https:\/\/www.visit-ulcinj.com\/blog\/","name":"Lajme nga Ulqini","description":"Lajme,Vijesti,Ulqini,Ulqin,Crna Gora,Mali i Zi","potentialAction":[{"@type":"SearchAction","target":{"@type":"EntryPoint","urlTemplate":"https:\/\/www.visit-ulcinj.com\/blog\/?s={search_term_string}"},"query-input":"required name=search_term_string"}],"inLanguage":"en-US"},{"@type":"ImageObject","inLanguage":"en-US","@id":"https:\/\/www.visit-ulcinj.com\/blog\/2009\/02\/09\/pasioni-i-valsit-rremben-tanin-dhe-aiden\/#primaryimage","url":"http:\/\/www.visit-ulcinj.com\/blog\/wp-content\/uploads\/2009\/02\/tani-dhe-aidoka.jpg","contentUrl":"http:\/\/www.visit-ulcinj.com\/blog\/wp-content\/uploads\/2009\/02\/tani-dhe-aidoka.jpg"},{"@type":"WebPage","@id":"https:\/\/www.visit-ulcinj.com\/blog\/2009\/02\/09\/pasioni-i-valsit-rremben-tanin-dhe-aiden\/#webpage","url":"https:\/\/www.visit-ulcinj.com\/blog\/2009\/02\/09\/pasioni-i-valsit-rremben-tanin-dhe-aiden\/","name":"Pasioni i valsit rr\u00ebmben Tanin dhe Aid\u00ebn - Lajme nga Ulqini","isPartOf":{"@id":"https:\/\/www.visit-ulcinj.com\/blog\/#website"},"primaryImageOfPage":{"@id":"https:\/\/www.visit-ulcinj.com\/blog\/2009\/02\/09\/pasioni-i-valsit-rremben-tanin-dhe-aiden\/#primaryimage"},"datePublished":"2009-02-09T22:51:41+00:00","dateModified":"2009-02-09T22:51:41+00:00","author":{"@id":"https:\/\/www.visit-ulcinj.com\/blog\/#\/schema\/person\/dcab619c614d3038751c63bc2aadc06d"},"description":"Dritani dhe Aida kan\u00eb vijuar edhe sot p\u00ebrgatitjen e valsit t\u00eb tyre t\u00eb dashuris\u00eb, q\u00eb mbr\u00ebmjen e djeshme i p\u00ebrfshiu q\u00eb t\u00eb dy n\u00eb impenjime t\u00eb nj\u00ebpasnj\u00ebshme.","breadcrumb":{"@id":"https:\/\/www.visit-ulcinj.com\/blog\/2009\/02\/09\/pasioni-i-valsit-rremben-tanin-dhe-aiden\/#breadcrumb"},"inLanguage":"en-US","potentialAction":[{"@type":"ReadAction","target":["https:\/\/www.visit-ulcinj.com\/blog\/2009\/02\/09\/pasioni-i-valsit-rremben-tanin-dhe-aiden\/"]}]},{"@type":"BreadcrumbList","@id":"https:\/\/www.visit-ulcinj.com\/blog\/2009\/02\/09\/pasioni-i-valsit-rremben-tanin-dhe-aiden\/#breadcrumb","itemListElement":[{"@type":"ListItem","position":1,"name":"Pasioni i valsit rr\u00ebmben Tanin dhe Aid\u00ebn"}]},{"@type":"Person","@id":"https:\/\/www.visit-ulcinj.com\/blog\/#\/schema\/person\/dcab619c614d3038751c63bc2aadc06d","name":"ulqini","sameAs":["http:\/\/www.visit-ulcinj.com"],"url":"https:\/\/www.visit-ulcinj.com\/blog\/author\/admin\/"}]}},"jetpack_featured_media_url":"","jetpack_sharing_enabled":true,"jetpack_shortlink":"https:\/\/wp.me\/pe6lTn-2SS","_links":{"self":[{"href":"https:\/\/www.visit-ulcinj.com\/blog\/wp-json\/wp\/v2\/posts\/11090"}],"collection":[{"href":"https:\/\/www.visit-ulcinj.com\/blog\/wp-json\/wp\/v2\/posts"}],"about":[{"href":"https:\/\/www.visit-ulcinj.com\/blog\/wp-json\/wp\/v2\/types\/post"}],"author":[{"embeddable":true,"href":"https:\/\/www.visit-ulcinj.com\/blog\/wp-json\/wp\/v2\/users\/1"}],"replies":[{"embeddable":true,"href":"https:\/\/www.visit-ulcinj.com\/blog\/wp-json\/wp\/v2\/comments?post=11090"}],"version-history":[{"count":0,"href":"https:\/\/www.visit-ulcinj.com\/blog\/wp-json\/wp\/v2\/posts\/11090\/revisions"}],"wp:attachment":[{"href":"https:\/\/www.visit-ulcinj.com\/blog\/wp-json\/wp\/v2\/media?parent=11090"}],"wp:term":[{"taxonomy":"category","embeddable":true,"href":"https:\/\/www.visit-ulcinj.com\/blog\/wp-json\/wp\/v2\/categories?post=11090"},{"taxonomy":"post_tag","embeddable":true,"href":"https:\/\/www.visit-ulcinj.com\/blog\/wp-json\/wp\/v2\/tags?post=11090"}],"curies":[{"name":"wp","href":"https:\/\/api.w.org\/{rel}","templated":true}]}}