{"id":11115,"date":"2009-02-10T15:05:05","date_gmt":"2009-02-10T14:05:05","guid":{"rendered":"http:\/\/www.visit-ulcinj.com\/blog\/?p=11115"},"modified":"2009-02-10T15:05:05","modified_gmt":"2009-02-10T14:05:05","slug":"nuk-dua-te-me-thone-zemra","status":"publish","type":"post","link":"https:\/\/www.visit-ulcinj.com\/blog\/2009\/02\/10\/nuk-dua-te-me-thone-zemra\/","title":{"rendered":"Nuk dua t\u00eb m\u00eb thon\u00eb zemra"},"content":{"rendered":"<p><strong><span class=\"newstitlec\"><a href=\"http:\/\/www.visit-ulcinj.com\/blog\/wp-content\/uploads\/2009\/02\/adelajda-debat-vetem.jpg\"><img loading=\"lazy\" class=\"alignleft size-full wp-image-11116\" title=\"adelajda-debat-vetem\" src=\"http:\/\/www.visit-ulcinj.com\/blog\/wp-content\/uploads\/2009\/02\/adelajda-debat-vetem.jpg\" alt=\"adelajda-debat-vetem\" width=\"273\" height=\"205\" \/><\/a>Nuk dua t\u00eb m\u00eb thon\u00eb \u201czemra\u201d<\/span><\/strong><br \/>\n<em><span class=\"newsdate\">10\/02\/09 13:30<\/span><\/em><\/p>\n<p>Duke pir\u00eb kafen n\u00eb kuzhin\u00eb, Adelajda ka shprehur pak\u00ebnaq\u00ebsin\u00eb dhe paragjykimet e saj ndaj meshkujve q\u00eb n\u00eb vend t\u2019i th\u00ebrrasin femrat me emrat e tyre, u thon\u00eb \u201czemra\u201d.<br \/>\n\u201c-Un\u00eb nuk dua, -ka th\u00ebn\u00eb qart\u00eb ajo- t\u00eb m\u00eb th\u00ebrrasin zemra. Un\u00eb kam nj\u00eb em\u00ebr, m\u00eb th\u00ebrrit me em\u00ebr!\u201d Djemt\u00eb i jan\u00eb kund\u00ebrv\u00ebn\u00eb duke th\u00ebn\u00eb se sipas mendimit t\u00eb tyre nuk ka asgj\u00eb t\u00eb keqe n\u00eb k\u00ebt\u00eb mes, madje kjo mund t\u00eb jet\u00eb nj\u00eb m\u00ebnyr\u00eb mjaft e mir\u00eb p\u00ebr t\u00eb dal\u00eb nga situata kur nuk t\u00eb kujtohet emri i vajz\u00ebs apo gruas q\u00eb po i flet, apo, sipas Qetsorit, nj\u00eb m\u00ebnyr\u00eb p\u00ebr ta marr\u00eb at\u00eb me t\u00eb mire e p\u00ebr t\u00eb arritur at\u00eb q\u00eb do.<br \/>\n\u201c-Un\u00eb nuk dua dhe pik\u00eb!- ka vazhduar ajo. \u2013Ose, n\u00ebse ju vazhdoni ta p\u00ebrdorni, mos t\u2019ju vij\u00eb keq kur un\u00eb t\u2019ju th\u00ebrras: -O \u00e7uni!\u201d<\/p>\n<div id=\"copyright\" style=\"padding-top: 5px;\">\u00a9 Big Brother Albania &#8211; 2009<\/div>\n","protected":false},"excerpt":{"rendered":"<p>Nuk dua t\u00eb m\u00eb thon\u00eb \u201czemra\u201d 10\/02\/09 13:30 Duke pir\u00eb kafen n\u00eb kuzhin\u00eb, Adelajda ka shprehur pak\u00ebnaq\u00ebsin\u00eb dhe paragjykimet e saj ndaj meshkujve q\u00eb n\u00eb vend t\u2019i th\u00ebrrasin femrat me emrat e tyre, u thon\u00eb \u201czemra\u201d. \u201c-Un\u00eb nuk dua, -ka th\u00ebn\u00eb qart\u00eb ajo- t\u00eb m\u00eb th\u00ebrrasin zemra. Un\u00eb kam nj\u00eb em\u00ebr, m\u00eb th\u00ebrrit me em\u00ebr!\u201d [&hellip;]<\/p>\n","protected":false},"author":1,"featured_media":0,"comment_status":"open","ping_status":"closed","sticky":false,"template":"","format":"standard","meta":{"spay_email":"","jetpack_publicize_message":"","jetpack_is_tweetstorm":false,"jetpack_publicize_feature_enabled":true},"categories":[6502],"tags":[6504,6506,6611,6604,6605,6606,6568,6653,6609,6610,5081],"jetpack_publicize_connections":[],"yoast_head":"<!-- This site is optimized with the Yoast SEO plugin v19.1 - https:\/\/yoast.com\/wordpress\/plugins\/seo\/ -->\n<title>Nuk dua t\u00eb m\u00eb thon\u00eb zemra - Lajme nga Ulqini<\/title>\n<meta name=\"description\" content=\"Nuk dua t\u00eb m\u00eb thon\u00eb \u201czemra\u201d 10\/02\/09 13:30 Duke pir\u00eb kafen n\u00eb kuzhin\u00eb, Adelajda ka shprehur pak\u00ebnaq\u00ebsin\u00eb dhe paragjykimet e saj ndaj meshkujve q\u00eb n\u00eb vend\" \/>\n<meta name=\"robots\" content=\"index, follow, max-snippet:-1, max-image-preview:large, max-video-preview:-1\" \/>\n<link rel=\"canonical\" href=\"https:\/\/www.visit-ulcinj.com\/blog\/2009\/02\/10\/nuk-dua-te-me-thone-zemra\/\" \/>\n<meta property=\"og:locale\" content=\"en_US\" \/>\n<meta property=\"og:type\" content=\"article\" \/>\n<meta property=\"og:title\" content=\"Nuk dua t\u00eb m\u00eb thon\u00eb zemra - Lajme nga Ulqini\" \/>\n<meta property=\"og:description\" content=\"Nuk dua t\u00eb m\u00eb thon\u00eb \u201czemra\u201d 10\/02\/09 13:30 Duke pir\u00eb kafen n\u00eb kuzhin\u00eb, Adelajda ka shprehur pak\u00ebnaq\u00ebsin\u00eb dhe paragjykimet e saj ndaj meshkujve q\u00eb n\u00eb vend\" \/>\n<meta property=\"og:url\" content=\"https:\/\/www.visit-ulcinj.com\/blog\/2009\/02\/10\/nuk-dua-te-me-thone-zemra\/\" \/>\n<meta property=\"og:site_name\" content=\"Lajme nga Ulqini\" \/>\n<meta property=\"article:published_time\" content=\"2009-02-10T14:05:05+00:00\" \/>\n<meta property=\"og:image\" content=\"http:\/\/www.visit-ulcinj.com\/blog\/wp-content\/uploads\/2009\/02\/adelajda-debat-vetem.jpg\" \/>\n<meta name=\"twitter:label1\" content=\"Written by\" \/>\n\t<meta name=\"twitter:data1\" content=\"ulqini\" \/>\n\t<meta name=\"twitter:label2\" content=\"Est. reading time\" \/>\n\t<meta name=\"twitter:data2\" content=\"1 minute\" \/>\n<script type=\"application\/ld+json\" class=\"yoast-schema-graph\">{\"@context\":\"https:\/\/schema.org\",\"@graph\":[{\"@type\":\"WebSite\",\"@id\":\"https:\/\/www.visit-ulcinj.com\/blog\/#website\",\"url\":\"https:\/\/www.visit-ulcinj.com\/blog\/\",\"name\":\"Lajme nga Ulqini\",\"description\":\"Lajme,Vijesti,Ulqini,Ulqin,Crna Gora,Mali i Zi\",\"potentialAction\":[{\"@type\":\"SearchAction\",\"target\":{\"@type\":\"EntryPoint\",\"urlTemplate\":\"https:\/\/www.visit-ulcinj.com\/blog\/?s={search_term_string}\"},\"query-input\":\"required name=search_term_string\"}],\"inLanguage\":\"en-US\"},{\"@type\":\"ImageObject\",\"inLanguage\":\"en-US\",\"@id\":\"https:\/\/www.visit-ulcinj.com\/blog\/2009\/02\/10\/nuk-dua-te-me-thone-zemra\/#primaryimage\",\"url\":\"http:\/\/www.visit-ulcinj.com\/blog\/wp-content\/uploads\/2009\/02\/adelajda-debat-vetem.jpg\",\"contentUrl\":\"http:\/\/www.visit-ulcinj.com\/blog\/wp-content\/uploads\/2009\/02\/adelajda-debat-vetem.jpg\"},{\"@type\":\"WebPage\",\"@id\":\"https:\/\/www.visit-ulcinj.com\/blog\/2009\/02\/10\/nuk-dua-te-me-thone-zemra\/#webpage\",\"url\":\"https:\/\/www.visit-ulcinj.com\/blog\/2009\/02\/10\/nuk-dua-te-me-thone-zemra\/\",\"name\":\"Nuk dua t\u00eb m\u00eb thon\u00eb zemra - Lajme nga Ulqini\",\"isPartOf\":{\"@id\":\"https:\/\/www.visit-ulcinj.com\/blog\/#website\"},\"primaryImageOfPage\":{\"@id\":\"https:\/\/www.visit-ulcinj.com\/blog\/2009\/02\/10\/nuk-dua-te-me-thone-zemra\/#primaryimage\"},\"datePublished\":\"2009-02-10T14:05:05+00:00\",\"dateModified\":\"2009-02-10T14:05:05+00:00\",\"author\":{\"@id\":\"https:\/\/www.visit-ulcinj.com\/blog\/#\/schema\/person\/dcab619c614d3038751c63bc2aadc06d\"},\"description\":\"Nuk dua t\u00eb m\u00eb thon\u00eb \u201czemra\u201d 10\/02\/09 13:30 Duke pir\u00eb kafen n\u00eb kuzhin\u00eb, Adelajda ka shprehur pak\u00ebnaq\u00ebsin\u00eb dhe paragjykimet e saj ndaj meshkujve q\u00eb n\u00eb vend\",\"breadcrumb\":{\"@id\":\"https:\/\/www.visit-ulcinj.com\/blog\/2009\/02\/10\/nuk-dua-te-me-thone-zemra\/#breadcrumb\"},\"inLanguage\":\"en-US\",\"potentialAction\":[{\"@type\":\"ReadAction\",\"target\":[\"https:\/\/www.visit-ulcinj.com\/blog\/2009\/02\/10\/nuk-dua-te-me-thone-zemra\/\"]}]},{\"@type\":\"BreadcrumbList\",\"@id\":\"https:\/\/www.visit-ulcinj.com\/blog\/2009\/02\/10\/nuk-dua-te-me-thone-zemra\/#breadcrumb\",\"itemListElement\":[{\"@type\":\"ListItem\",\"position\":1,\"name\":\"Nuk dua t\u00eb m\u00eb thon\u00eb zemra\"}]},{\"@type\":\"Person\",\"@id\":\"https:\/\/www.visit-ulcinj.com\/blog\/#\/schema\/person\/dcab619c614d3038751c63bc2aadc06d\",\"name\":\"ulqini\",\"sameAs\":[\"http:\/\/www.visit-ulcinj.com\"],\"url\":\"https:\/\/www.visit-ulcinj.com\/blog\/author\/admin\/\"}]}<\/script>\n<!-- \/ Yoast SEO plugin. -->","yoast_head_json":{"title":"Nuk dua t\u00eb m\u00eb thon\u00eb zemra - Lajme nga Ulqini","description":"Nuk dua t\u00eb m\u00eb thon\u00eb \u201czemra\u201d 10\/02\/09 13:30 Duke pir\u00eb kafen n\u00eb kuzhin\u00eb, Adelajda ka shprehur pak\u00ebnaq\u00ebsin\u00eb dhe paragjykimet e saj ndaj meshkujve q\u00eb n\u00eb vend","robots":{"index":"index","follow":"follow","max-snippet":"max-snippet:-1","max-image-preview":"max-image-preview:large","max-video-preview":"max-video-preview:-1"},"canonical":"https:\/\/www.visit-ulcinj.com\/blog\/2009\/02\/10\/nuk-dua-te-me-thone-zemra\/","og_locale":"en_US","og_type":"article","og_title":"Nuk dua t\u00eb m\u00eb thon\u00eb zemra - Lajme nga Ulqini","og_description":"Nuk dua t\u00eb m\u00eb thon\u00eb \u201czemra\u201d 10\/02\/09 13:30 Duke pir\u00eb kafen n\u00eb kuzhin\u00eb, Adelajda ka shprehur pak\u00ebnaq\u00ebsin\u00eb dhe paragjykimet e saj ndaj meshkujve q\u00eb n\u00eb vend","og_url":"https:\/\/www.visit-ulcinj.com\/blog\/2009\/02\/10\/nuk-dua-te-me-thone-zemra\/","og_site_name":"Lajme nga Ulqini","article_published_time":"2009-02-10T14:05:05+00:00","og_image":[{"url":"http:\/\/www.visit-ulcinj.com\/blog\/wp-content\/uploads\/2009\/02\/adelajda-debat-vetem.jpg"}],"twitter_misc":{"Written by":"ulqini","Est. reading time":"1 minute"},"schema":{"@context":"https:\/\/schema.org","@graph":[{"@type":"WebSite","@id":"https:\/\/www.visit-ulcinj.com\/blog\/#website","url":"https:\/\/www.visit-ulcinj.com\/blog\/","name":"Lajme nga Ulqini","description":"Lajme,Vijesti,Ulqini,Ulqin,Crna Gora,Mali i Zi","potentialAction":[{"@type":"SearchAction","target":{"@type":"EntryPoint","urlTemplate":"https:\/\/www.visit-ulcinj.com\/blog\/?s={search_term_string}"},"query-input":"required name=search_term_string"}],"inLanguage":"en-US"},{"@type":"ImageObject","inLanguage":"en-US","@id":"https:\/\/www.visit-ulcinj.com\/blog\/2009\/02\/10\/nuk-dua-te-me-thone-zemra\/#primaryimage","url":"http:\/\/www.visit-ulcinj.com\/blog\/wp-content\/uploads\/2009\/02\/adelajda-debat-vetem.jpg","contentUrl":"http:\/\/www.visit-ulcinj.com\/blog\/wp-content\/uploads\/2009\/02\/adelajda-debat-vetem.jpg"},{"@type":"WebPage","@id":"https:\/\/www.visit-ulcinj.com\/blog\/2009\/02\/10\/nuk-dua-te-me-thone-zemra\/#webpage","url":"https:\/\/www.visit-ulcinj.com\/blog\/2009\/02\/10\/nuk-dua-te-me-thone-zemra\/","name":"Nuk dua t\u00eb m\u00eb thon\u00eb zemra - Lajme nga Ulqini","isPartOf":{"@id":"https:\/\/www.visit-ulcinj.com\/blog\/#website"},"primaryImageOfPage":{"@id":"https:\/\/www.visit-ulcinj.com\/blog\/2009\/02\/10\/nuk-dua-te-me-thone-zemra\/#primaryimage"},"datePublished":"2009-02-10T14:05:05+00:00","dateModified":"2009-02-10T14:05:05+00:00","author":{"@id":"https:\/\/www.visit-ulcinj.com\/blog\/#\/schema\/person\/dcab619c614d3038751c63bc2aadc06d"},"description":"Nuk dua t\u00eb m\u00eb thon\u00eb \u201czemra\u201d 10\/02\/09 13:30 Duke pir\u00eb kafen n\u00eb kuzhin\u00eb, Adelajda ka shprehur pak\u00ebnaq\u00ebsin\u00eb dhe paragjykimet e saj ndaj meshkujve q\u00eb n\u00eb vend","breadcrumb":{"@id":"https:\/\/www.visit-ulcinj.com\/blog\/2009\/02\/10\/nuk-dua-te-me-thone-zemra\/#breadcrumb"},"inLanguage":"en-US","potentialAction":[{"@type":"ReadAction","target":["https:\/\/www.visit-ulcinj.com\/blog\/2009\/02\/10\/nuk-dua-te-me-thone-zemra\/"]}]},{"@type":"BreadcrumbList","@id":"https:\/\/www.visit-ulcinj.com\/blog\/2009\/02\/10\/nuk-dua-te-me-thone-zemra\/#breadcrumb","itemListElement":[{"@type":"ListItem","position":1,"name":"Nuk dua t\u00eb m\u00eb thon\u00eb zemra"}]},{"@type":"Person","@id":"https:\/\/www.visit-ulcinj.com\/blog\/#\/schema\/person\/dcab619c614d3038751c63bc2aadc06d","name":"ulqini","sameAs":["http:\/\/www.visit-ulcinj.com"],"url":"https:\/\/www.visit-ulcinj.com\/blog\/author\/admin\/"}]}},"jetpack_featured_media_url":"","jetpack_sharing_enabled":true,"jetpack_shortlink":"https:\/\/wp.me\/pe6lTn-2Th","_links":{"self":[{"href":"https:\/\/www.visit-ulcinj.com\/blog\/wp-json\/wp\/v2\/posts\/11115"}],"collection":[{"href":"https:\/\/www.visit-ulcinj.com\/blog\/wp-json\/wp\/v2\/posts"}],"about":[{"href":"https:\/\/www.visit-ulcinj.com\/blog\/wp-json\/wp\/v2\/types\/post"}],"author":[{"embeddable":true,"href":"https:\/\/www.visit-ulcinj.com\/blog\/wp-json\/wp\/v2\/users\/1"}],"replies":[{"embeddable":true,"href":"https:\/\/www.visit-ulcinj.com\/blog\/wp-json\/wp\/v2\/comments?post=11115"}],"version-history":[{"count":0,"href":"https:\/\/www.visit-ulcinj.com\/blog\/wp-json\/wp\/v2\/posts\/11115\/revisions"}],"wp:attachment":[{"href":"https:\/\/www.visit-ulcinj.com\/blog\/wp-json\/wp\/v2\/media?parent=11115"}],"wp:term":[{"taxonomy":"category","embeddable":true,"href":"https:\/\/www.visit-ulcinj.com\/blog\/wp-json\/wp\/v2\/categories?post=11115"},{"taxonomy":"post_tag","embeddable":true,"href":"https:\/\/www.visit-ulcinj.com\/blog\/wp-json\/wp\/v2\/tags?post=11115"}],"curies":[{"name":"wp","href":"https:\/\/api.w.org\/{rel}","templated":true}]}}