{"id":11123,"date":"2009-02-10T15:20:28","date_gmt":"2009-02-10T14:20:28","guid":{"rendered":"http:\/\/www.visit-ulcinj.com\/blog\/?p=11123"},"modified":"2009-02-10T15:20:28","modified_gmt":"2009-02-10T14:20:28","slug":"banoret-bejne-thashetheme","status":"publish","type":"post","link":"https:\/\/www.visit-ulcinj.com\/blog\/2009\/02\/10\/banoret-bejne-thashetheme\/","title":{"rendered":"Banor\u00ebt b\u00ebjn\u00eb thashetheme"},"content":{"rendered":"<p><strong><span class=\"newstitlec\"><a href=\"http:\/\/www.visit-ulcinj.com\/blog\/wp-content\/uploads\/2009\/02\/thashetheme-per-adelajden.jpg\"><img loading=\"lazy\" class=\"alignleft size-full wp-image-11124\" title=\"thashetheme-per-adelajden\" src=\"http:\/\/www.visit-ulcinj.com\/blog\/wp-content\/uploads\/2009\/02\/thashetheme-per-adelajden.jpg\" alt=\"thashetheme-per-adelajden\" width=\"300\" height=\"205\" \/><\/a>Banor\u00ebt b\u00ebjn\u00eb thashetheme<\/span><\/strong><br \/>\n<em><span class=\"newsdate\">10\/02\/09 05:00<\/span><\/em><\/p>\n<p>Aida, Arjoni dhe Agoni kan\u00eb q\u00ebn\u00eb pjes\u00eb e nj\u00eb bised\u00eb t\u00eb nisur nga Erjola rreth Adelajdes. Sipas Erjol\u00ebs, \u201czysha\u201d \u00ebsht\u00eb e vetmja q\u00eb jo vet\u00ebm nuk fare pjes\u00eb n\u00eb sistemimin e kuzhin\u00ebs, por edhe en\u00ebt q\u00eb b\u00ebn vet pis nuk i lan. Madje ta kthen keq po t\u2019ia v\u00ebsh n\u00eb dukje. Por jo vet\u00ebm kaq! Sipas Erjol\u00ebs, ajo kapet edhe pas fjal\u00ebve. Nd\u00ebrkoh\u00eb q\u00eb po sipas saj, e vetmja q\u00eb \u201czysha\u201d nuk guxon t\u2019ia zgjas\u00eb, \u00ebsht\u00eb Aida.<\/p>\n<div id=\"copyright\" style=\"padding-top: 5px;\">\u00a9 Big Brother Albania &#8211; 2009<\/div>\n","protected":false},"excerpt":{"rendered":"<p>Banor\u00ebt b\u00ebjn\u00eb thashetheme 10\/02\/09 05:00 Aida, Arjoni dhe Agoni kan\u00eb q\u00ebn\u00eb pjes\u00eb e nj\u00eb bised\u00eb t\u00eb nisur nga Erjola rreth Adelajdes. Sipas Erjol\u00ebs, \u201czysha\u201d \u00ebsht\u00eb e vetmja q\u00eb jo vet\u00ebm nuk fare pjes\u00eb n\u00eb sistemimin e kuzhin\u00ebs, por edhe en\u00ebt q\u00eb b\u00ebn vet pis nuk i lan. Madje ta kthen keq po t\u2019ia v\u00ebsh n\u00eb [&hellip;]<\/p>\n","protected":false},"author":1,"featured_media":0,"comment_status":"open","ping_status":"closed","sticky":false,"template":"","format":"standard","meta":{"spay_email":"","jetpack_publicize_message":"","jetpack_is_tweetstorm":false,"jetpack_publicize_feature_enabled":true},"categories":[6502],"tags":[6655,6504,6506,6611,6604,6605,6606,6568,6609,6610,5081],"jetpack_publicize_connections":[],"yoast_head":"<!-- This site is optimized with the Yoast SEO plugin v19.1 - https:\/\/yoast.com\/wordpress\/plugins\/seo\/ -->\n<title>Banor\u00ebt b\u00ebjn\u00eb thashetheme - Lajme nga Ulqini<\/title>\n<meta name=\"description\" content=\"Banor\u00ebt b\u00ebjn\u00eb thashetheme 10\/02\/09 05:00 Aida, Arjoni dhe Agoni kan\u00eb q\u00ebn\u00eb pjes\u00eb e nj\u00eb bised\u00eb t\u00eb nisur nga Erjola rreth Adelajdes. Sipas Erjol\u00ebs, \u201czysha\u201d\" \/>\n<meta name=\"robots\" content=\"index, follow, max-snippet:-1, max-image-preview:large, max-video-preview:-1\" \/>\n<link rel=\"canonical\" href=\"https:\/\/www.visit-ulcinj.com\/blog\/2009\/02\/10\/banoret-bejne-thashetheme\/\" \/>\n<meta property=\"og:locale\" content=\"en_US\" \/>\n<meta property=\"og:type\" content=\"article\" \/>\n<meta property=\"og:title\" content=\"Banor\u00ebt b\u00ebjn\u00eb thashetheme - Lajme nga Ulqini\" \/>\n<meta property=\"og:description\" content=\"Banor\u00ebt b\u00ebjn\u00eb thashetheme 10\/02\/09 05:00 Aida, Arjoni dhe Agoni kan\u00eb q\u00ebn\u00eb pjes\u00eb e nj\u00eb bised\u00eb t\u00eb nisur nga Erjola rreth Adelajdes. Sipas Erjol\u00ebs, \u201czysha\u201d\" \/>\n<meta property=\"og:url\" content=\"https:\/\/www.visit-ulcinj.com\/blog\/2009\/02\/10\/banoret-bejne-thashetheme\/\" \/>\n<meta property=\"og:site_name\" content=\"Lajme nga Ulqini\" \/>\n<meta property=\"article:published_time\" content=\"2009-02-10T14:20:28+00:00\" \/>\n<meta property=\"og:image\" content=\"http:\/\/www.visit-ulcinj.com\/blog\/wp-content\/uploads\/2009\/02\/thashetheme-per-adelajden.jpg\" \/>\n<meta name=\"twitter:label1\" content=\"Written by\" \/>\n\t<meta name=\"twitter:data1\" content=\"ulqini\" \/>\n<script type=\"application\/ld+json\" class=\"yoast-schema-graph\">{\"@context\":\"https:\/\/schema.org\",\"@graph\":[{\"@type\":\"WebSite\",\"@id\":\"https:\/\/www.visit-ulcinj.com\/blog\/#website\",\"url\":\"https:\/\/www.visit-ulcinj.com\/blog\/\",\"name\":\"Lajme nga Ulqini\",\"description\":\"Lajme,Vijesti,Ulqini,Ulqin,Crna Gora,Mali i Zi\",\"potentialAction\":[{\"@type\":\"SearchAction\",\"target\":{\"@type\":\"EntryPoint\",\"urlTemplate\":\"https:\/\/www.visit-ulcinj.com\/blog\/?s={search_term_string}\"},\"query-input\":\"required name=search_term_string\"}],\"inLanguage\":\"en-US\"},{\"@type\":\"ImageObject\",\"inLanguage\":\"en-US\",\"@id\":\"https:\/\/www.visit-ulcinj.com\/blog\/2009\/02\/10\/banoret-bejne-thashetheme\/#primaryimage\",\"url\":\"http:\/\/www.visit-ulcinj.com\/blog\/wp-content\/uploads\/2009\/02\/thashetheme-per-adelajden.jpg\",\"contentUrl\":\"http:\/\/www.visit-ulcinj.com\/blog\/wp-content\/uploads\/2009\/02\/thashetheme-per-adelajden.jpg\"},{\"@type\":\"WebPage\",\"@id\":\"https:\/\/www.visit-ulcinj.com\/blog\/2009\/02\/10\/banoret-bejne-thashetheme\/#webpage\",\"url\":\"https:\/\/www.visit-ulcinj.com\/blog\/2009\/02\/10\/banoret-bejne-thashetheme\/\",\"name\":\"Banor\u00ebt b\u00ebjn\u00eb thashetheme - Lajme nga Ulqini\",\"isPartOf\":{\"@id\":\"https:\/\/www.visit-ulcinj.com\/blog\/#website\"},\"primaryImageOfPage\":{\"@id\":\"https:\/\/www.visit-ulcinj.com\/blog\/2009\/02\/10\/banoret-bejne-thashetheme\/#primaryimage\"},\"datePublished\":\"2009-02-10T14:20:28+00:00\",\"dateModified\":\"2009-02-10T14:20:28+00:00\",\"author\":{\"@id\":\"https:\/\/www.visit-ulcinj.com\/blog\/#\/schema\/person\/dcab619c614d3038751c63bc2aadc06d\"},\"description\":\"Banor\u00ebt b\u00ebjn\u00eb thashetheme 10\/02\/09 05:00 Aida, Arjoni dhe Agoni kan\u00eb q\u00ebn\u00eb pjes\u00eb e nj\u00eb bised\u00eb t\u00eb nisur nga Erjola rreth Adelajdes. Sipas Erjol\u00ebs, \u201czysha\u201d\",\"breadcrumb\":{\"@id\":\"https:\/\/www.visit-ulcinj.com\/blog\/2009\/02\/10\/banoret-bejne-thashetheme\/#breadcrumb\"},\"inLanguage\":\"en-US\",\"potentialAction\":[{\"@type\":\"ReadAction\",\"target\":[\"https:\/\/www.visit-ulcinj.com\/blog\/2009\/02\/10\/banoret-bejne-thashetheme\/\"]}]},{\"@type\":\"BreadcrumbList\",\"@id\":\"https:\/\/www.visit-ulcinj.com\/blog\/2009\/02\/10\/banoret-bejne-thashetheme\/#breadcrumb\",\"itemListElement\":[{\"@type\":\"ListItem\",\"position\":1,\"name\":\"Banor\u00ebt b\u00ebjn\u00eb thashetheme\"}]},{\"@type\":\"Person\",\"@id\":\"https:\/\/www.visit-ulcinj.com\/blog\/#\/schema\/person\/dcab619c614d3038751c63bc2aadc06d\",\"name\":\"ulqini\",\"sameAs\":[\"http:\/\/www.visit-ulcinj.com\"],\"url\":\"https:\/\/www.visit-ulcinj.com\/blog\/author\/admin\/\"}]}<\/script>\n<!-- \/ Yoast SEO plugin. -->","yoast_head_json":{"title":"Banor\u00ebt b\u00ebjn\u00eb thashetheme - Lajme nga Ulqini","description":"Banor\u00ebt b\u00ebjn\u00eb thashetheme 10\/02\/09 05:00 Aida, Arjoni dhe Agoni kan\u00eb q\u00ebn\u00eb pjes\u00eb e nj\u00eb bised\u00eb t\u00eb nisur nga Erjola rreth Adelajdes. Sipas Erjol\u00ebs, \u201czysha\u201d","robots":{"index":"index","follow":"follow","max-snippet":"max-snippet:-1","max-image-preview":"max-image-preview:large","max-video-preview":"max-video-preview:-1"},"canonical":"https:\/\/www.visit-ulcinj.com\/blog\/2009\/02\/10\/banoret-bejne-thashetheme\/","og_locale":"en_US","og_type":"article","og_title":"Banor\u00ebt b\u00ebjn\u00eb thashetheme - Lajme nga Ulqini","og_description":"Banor\u00ebt b\u00ebjn\u00eb thashetheme 10\/02\/09 05:00 Aida, Arjoni dhe Agoni kan\u00eb q\u00ebn\u00eb pjes\u00eb e nj\u00eb bised\u00eb t\u00eb nisur nga Erjola rreth Adelajdes. Sipas Erjol\u00ebs, \u201czysha\u201d","og_url":"https:\/\/www.visit-ulcinj.com\/blog\/2009\/02\/10\/banoret-bejne-thashetheme\/","og_site_name":"Lajme nga Ulqini","article_published_time":"2009-02-10T14:20:28+00:00","og_image":[{"url":"http:\/\/www.visit-ulcinj.com\/blog\/wp-content\/uploads\/2009\/02\/thashetheme-per-adelajden.jpg"}],"twitter_misc":{"Written by":"ulqini"},"schema":{"@context":"https:\/\/schema.org","@graph":[{"@type":"WebSite","@id":"https:\/\/www.visit-ulcinj.com\/blog\/#website","url":"https:\/\/www.visit-ulcinj.com\/blog\/","name":"Lajme nga Ulqini","description":"Lajme,Vijesti,Ulqini,Ulqin,Crna Gora,Mali i Zi","potentialAction":[{"@type":"SearchAction","target":{"@type":"EntryPoint","urlTemplate":"https:\/\/www.visit-ulcinj.com\/blog\/?s={search_term_string}"},"query-input":"required name=search_term_string"}],"inLanguage":"en-US"},{"@type":"ImageObject","inLanguage":"en-US","@id":"https:\/\/www.visit-ulcinj.com\/blog\/2009\/02\/10\/banoret-bejne-thashetheme\/#primaryimage","url":"http:\/\/www.visit-ulcinj.com\/blog\/wp-content\/uploads\/2009\/02\/thashetheme-per-adelajden.jpg","contentUrl":"http:\/\/www.visit-ulcinj.com\/blog\/wp-content\/uploads\/2009\/02\/thashetheme-per-adelajden.jpg"},{"@type":"WebPage","@id":"https:\/\/www.visit-ulcinj.com\/blog\/2009\/02\/10\/banoret-bejne-thashetheme\/#webpage","url":"https:\/\/www.visit-ulcinj.com\/blog\/2009\/02\/10\/banoret-bejne-thashetheme\/","name":"Banor\u00ebt b\u00ebjn\u00eb thashetheme - Lajme nga Ulqini","isPartOf":{"@id":"https:\/\/www.visit-ulcinj.com\/blog\/#website"},"primaryImageOfPage":{"@id":"https:\/\/www.visit-ulcinj.com\/blog\/2009\/02\/10\/banoret-bejne-thashetheme\/#primaryimage"},"datePublished":"2009-02-10T14:20:28+00:00","dateModified":"2009-02-10T14:20:28+00:00","author":{"@id":"https:\/\/www.visit-ulcinj.com\/blog\/#\/schema\/person\/dcab619c614d3038751c63bc2aadc06d"},"description":"Banor\u00ebt b\u00ebjn\u00eb thashetheme 10\/02\/09 05:00 Aida, Arjoni dhe Agoni kan\u00eb q\u00ebn\u00eb pjes\u00eb e nj\u00eb bised\u00eb t\u00eb nisur nga Erjola rreth Adelajdes. Sipas Erjol\u00ebs, \u201czysha\u201d","breadcrumb":{"@id":"https:\/\/www.visit-ulcinj.com\/blog\/2009\/02\/10\/banoret-bejne-thashetheme\/#breadcrumb"},"inLanguage":"en-US","potentialAction":[{"@type":"ReadAction","target":["https:\/\/www.visit-ulcinj.com\/blog\/2009\/02\/10\/banoret-bejne-thashetheme\/"]}]},{"@type":"BreadcrumbList","@id":"https:\/\/www.visit-ulcinj.com\/blog\/2009\/02\/10\/banoret-bejne-thashetheme\/#breadcrumb","itemListElement":[{"@type":"ListItem","position":1,"name":"Banor\u00ebt b\u00ebjn\u00eb thashetheme"}]},{"@type":"Person","@id":"https:\/\/www.visit-ulcinj.com\/blog\/#\/schema\/person\/dcab619c614d3038751c63bc2aadc06d","name":"ulqini","sameAs":["http:\/\/www.visit-ulcinj.com"],"url":"https:\/\/www.visit-ulcinj.com\/blog\/author\/admin\/"}]}},"jetpack_featured_media_url":"","jetpack_sharing_enabled":true,"jetpack_shortlink":"https:\/\/wp.me\/pe6lTn-2Tp","_links":{"self":[{"href":"https:\/\/www.visit-ulcinj.com\/blog\/wp-json\/wp\/v2\/posts\/11123"}],"collection":[{"href":"https:\/\/www.visit-ulcinj.com\/blog\/wp-json\/wp\/v2\/posts"}],"about":[{"href":"https:\/\/www.visit-ulcinj.com\/blog\/wp-json\/wp\/v2\/types\/post"}],"author":[{"embeddable":true,"href":"https:\/\/www.visit-ulcinj.com\/blog\/wp-json\/wp\/v2\/users\/1"}],"replies":[{"embeddable":true,"href":"https:\/\/www.visit-ulcinj.com\/blog\/wp-json\/wp\/v2\/comments?post=11123"}],"version-history":[{"count":0,"href":"https:\/\/www.visit-ulcinj.com\/blog\/wp-json\/wp\/v2\/posts\/11123\/revisions"}],"wp:attachment":[{"href":"https:\/\/www.visit-ulcinj.com\/blog\/wp-json\/wp\/v2\/media?parent=11123"}],"wp:term":[{"taxonomy":"category","embeddable":true,"href":"https:\/\/www.visit-ulcinj.com\/blog\/wp-json\/wp\/v2\/categories?post=11123"},{"taxonomy":"post_tag","embeddable":true,"href":"https:\/\/www.visit-ulcinj.com\/blog\/wp-json\/wp\/v2\/tags?post=11123"}],"curies":[{"name":"wp","href":"https:\/\/api.w.org\/{rel}","templated":true}]}}