{"id":1113,"date":"2008-04-02T03:34:38","date_gmt":"2008-04-02T08:34:38","guid":{"rendered":"http:\/\/www.visit-ulcinj.com\/blog\/?p=1113"},"modified":"2008-04-02T07:19:19","modified_gmt":"2008-04-02T12:19:19","slug":"ulqin-ulcinj-czarnogora","status":"publish","type":"post","link":"https:\/\/www.visit-ulcinj.com\/blog\/2008\/04\/02\/ulqin-ulcinj-czarnogora\/","title":{"rendered":"Ulci? &#8211; Czarnog\u00f3ra"},"content":{"rendered":"<p><a href=\"http:\/\/www.visit-ulcinj.com\/blog\/wp-content\/uploads\/2008\/03\/ulqini_limani_rana.jpg\"><img loading=\"lazy\" class=\"alignleft size-thumbnail wp-image-813\" style=\"float: left;\" title=\"Urlaub in Ulqin \/ Ulcinj - Montenegro \" src=\"http:\/\/www.visit-ulcinj.com\/blog\/wp-content\/uploads\/2008\/03\/ulqini_limani_rana.jpg\" alt=\"Ulqin \/ Ulcinj - Czarnog\u00f3ra\" width=\"183\" height=\"179\" \/><\/a><strong><a title=\"ulqin,ulqini,ulcinj,montenegro\" href=\"http:\/\/www.visit-ulcinj.com\/\" target=\"_blank\">Ulci?<\/a> &#8211; Czarnog\u00f3ra<\/strong><\/p>\n<p>Ptak migruj?cy kt\u00f3ry wybiera? the uroczy Adriatycki na sw\u00f3j spos\u00f3b the d?d?ownica po?udnie odpowiada? the pytanie jak adriatycki: Dok?d linia brzegowa gubi? sw\u00f3j eskorta, tamte ampu?a i Long Island, dok?d the wysoka g\u00f3ra crags, cz?sto gwa?towny i ja?owy, pochodzi? i w depresja i delikatny wzg\u00f3rze, i wtedy w szeroki nizina poprzek?ada? whith rzeka i jezioro, dok?d the ro?lina ?ycie rosn?? zwarty i rozprzestrzenia? the morze zwarty, zatrzymywa? unikalny, d?ugi, piaskowaty beaches- kt\u00f3ry by? dok?d ULQINI by?.<br \/>\nW the szeroki rozleg?o?? the kula ziemska ten miasteczko zakrywa? malutki punkt na the skrzy?owanie the lampas mi?dzy longitudes 19&#8242; 8 (wioska Fraskanjel) i 19&#8242; 23 (Stary Ulqini- wyspa Kru\u00e7) wsch\u00f3d, i szeroko?? 41&#8242; 50 (Ada e vogel) i 42&#8242; 5 (Kozjaku i vogel) p\u00f3?noc. Rzym znaczy? ?e the wielki czerwony pi?ka wysy?a? sw\u00f3j ciep?y promie? Ulqini pod the ten sam k?t kt\u00f3ry ono robi? Barcelona i Rzym.<a href=\"http:\/\/www.visit-ulcinj.com\/blog\/wp-content\/uploads\/2008\/03\/ulcinj_maps.jpg\"><img loading=\"lazy\" class=\"alignright size-medium wp-image-814\" style=\"float: right;\" title=\"Montenegro Rivijera\" src=\"http:\/\/www.visit-ulcinj.com\/blog\/wp-content\/uploads\/2008\/03\/ulcinj_maps.jpg\" alt=\"ulcinj_maps\" width=\"173\" height=\"248\" \/><\/a><br \/>\nUlqini k?ama? na kraw?dzi podzwrotnikowy strefa the Europejski ?r\u00f3dziemnomorski i mie? the Adriatycki wariant the ?r\u00f3dziemnomorski klimat i podzwrotnikowy ro?linno??. Ono mie? mn\u00f3stwo ?wiat?o i ciep?o, 2,700 godzina ?wiat?o s?oneczne rok. W ?agodny zima the ?redni lotniczy temperatura w the zimny miesi?c, Luty, by? 7.1&#8242; C. Ono ?nieg bardzo rzadko, i gdy ono robi? ono by? istny przygoda dla the populacja. Wiosna przychodzi? tutaj wcze?nie i by? ciep?y i ciep?y, jesie? t?skni?, ciep?y i bogaty, i lato i suchy.<br \/>\nUlqini m\u00f3c dosi?ga? ziemia i morze i po?rednio powietrze. The pobliski lotnisko by? Tivat (85 km.), Podgorica (95 km.), i Dubrovnic (152 km.). Droga (25 km) ??czy? ono z sw\u00f3j zamkni?ty s?siad, the miasteczko i the port Tivari. The droga biega? obok the morze, przez malowniczy wie?, podr\u00f3?nik-turysta dla uroczy wakacje.<\/p>\n<p>Przez Tivari stacja kolejowa, Ulqini mie? zosta? cz??? the kolejowy sie? Montenegro Jugos?awia i Europa. Sw\u00f3j schronienie i the morze ??czy? ten teren z the schronienie i miasteczko wzd?u? the Adriatycki Morze i ?wiat.The wej?cie the miasteczko by? nieco niezwyk?y, tak jakby the gospodarz obraca? jego plecy na jego wielki mi?o??, the morze, jego go?? niecierpliwy i kardyna? powitanie. The denny prz\u00f3d, morze, Stary Miasteczko i pla?a opuszcza? dla nowy przyjemny niespodzianka.<strong><\/strong><\/p>\n<p><a href=\"http:\/\/www.visit-ulcinj.com\/blog\/wp-content\/uploads\/2008\/04\/gravura-e-ulqinit.jpg\"><img loading=\"lazy\" class=\"alignleft size-medium wp-image-1114\" style=\"float: left;\" title=\"gravura-e-ulqinit\" src=\"http:\/\/www.visit-ulcinj.com\/blog\/wp-content\/uploads\/2008\/04\/gravura-e-ulqinit-300x190.jpg\" alt=\" Gravura e Ulqinit\" width=\"261\" height=\"165\" srcset=\"https:\/\/www.visit-ulcinj.com\/blog\/wp-content\/uploads\/2008\/04\/gravura-e-ulqinit-300x190.jpg 300w, https:\/\/www.visit-ulcinj.com\/blog\/wp-content\/uploads\/2008\/04\/gravura-e-ulqinit.jpg 590w\" sizes=\"(max-width: 261px) 100vw, 261px\" \/><\/a><strong>Historia miasta <a title=\"ulqin,ulqini,ulcinj,montenegro\" href=\"http:\/\/www.visit-ulcinj.com\/gallery\/main.php\" target=\"_blank\">Ulcinia<\/a><\/strong><br \/>\nAntyczny Colchinium zosta? Olcinium w the antyczny wiek ANTYCZNY, gdy the Romans wzi?? ono od the illyrian plemi? Olciniates (163 163). Pod ten imi? ono spotyka? w pisa? ?r\u00f3d?o pierwszy raz w Pliny the Starsza osoba, w Naturalis Historia, i tak?e mantioned Titus Livius.Under Romans Ulqini zosta? warowny oppdium-civium romanorum, i op\u00f3?niony municypium miasto z ja?? rz?d<br \/>\nUlci? ma przynajmniej 2000 lat pod nazw? Olcinium. Tutaj jeszcze ?yj? opowiadania o starych arabskich piratach, kt\u00f3rzy przewozili czarnych niewolnik\u00f3w z Afryki. Jeden ze statk\u00f3w rozbi? si? u wybrze?y Ulcinia i oswobodzeni niewolnicy zamieszkali w mie?cie, a ich potomkowie ?yj? tu do dzi?.<br \/>\n<a title=\"ulqin,ulqini,ulcinj,montenegro\" href=\"http:\/\/www.visit-ulcinj.com\/gallery\/main.php\" target=\"_blank\"> Ulci? <\/a>jest jednym z najstarszach miast na Adriatyku. Ilirskie groby, znalezione w Zogaju, przedmie?ciu <a title=\"ulqin,ulqini,ulcinj,montenegro\" href=\"http:\/\/www.visit-ulcinj.com\/\" target=\"_blank\">Ulcinia<\/a>, pochodz? z epoki br?zu. Ulci? prawdopodobnie za?o?yli w V w. p.n.e. Grecy, koloni?ci z Kolchidy. Poeta Apoloniusz z Rodosu wspomina kolonizacj? z Kolchidy. W III w. n.e. Ilirowie zamieszkiwali te tereny i pod wp?ywem Grek\u00f3w budowali wielkie mury. W ?redniowieczu by?o tu pa?stwo pod nazw? Zeta, w kt\u00f3rym by?o, jak powiadaj?, tyle cerkwi, ile dni w roku. Stare mury na miejscu dzisiejszego Starego Ulcinia s? ?ladami najstarszego na tym terenie osiedla i najstarsz? budowl? tego typu we wschodniej cz??ci Adriatyku. Stara nazwa Colchinium zosta?a zmieniona na Olcinium w czasie kiedy Rzymianie przej?li miasto od plemienia Olciniat\u00f3w. W czasach rzymskich Ulci? otrzyma? prawa miejskie. Z tego czasu pozosta?y mury, kt\u00f3re si? odr\u00f3?niaj? od mur\u00f3w ilirsko-greckich mniej z?o?on? konstrukcj?.<\/p>\n<p>liczne cerkwie. Po upadku Cesarstwa Serbskiego alba?skie rodziny Balszaj i Wenice walczy?y o w?adz? w mie?cie. Balszaje zwyci??yli, a w Starym Mie?cie pozosta?a z tego okresu interesuj?ca wie?a Balszaj. W roku 1405 miasto zaj?li Wenecjanie i rz?dzili w nim 150 lat. W tym czasie miasto otrzyma?o unikalne wschodnio-adriatyckie pi?tno: charakterystyczne pa?ace, cerkwie, ko?cio?y i place. W roku 1571 Otoma?scy<a href=\"http:\/\/www.visit-ulcinj.com\/blog\/wp-content\/uploads\/2008\/04\/guri.jpg\"><img loading=\"lazy\" class=\"alignright size-medium wp-image-1116\" style=\"float: right;\" title=\"guri\" src=\"http:\/\/www.visit-ulcinj.com\/blog\/wp-content\/uploads\/2008\/04\/guri.jpg\" alt=\"guri n\u00eb kala_ulqin\" width=\"203\" height=\"186\" \/><\/a> Turcy przej?li miasto i wtedy Ulci? ponownie si? zmieni? \u2013 otrzyma? nowy orientalny wygl?d, kt\u00f3ry zachowa?W VII w., po podziale Cesarstwa Rzymskiego, Ulci? zosta? cz??ci? prowincji Prevalis pod administracj? Cesarstwa Bizantyjskiego. Od XII-XIV w. Ulci? by? cz??ci? Cesarstwa Serbskiego. W tym czasie s? budowane do dnia dzisiejszego. Zbudowano Meczet Paszy (1719), G?\u00f3wny meczet (1728), G\u00f3rski meczet (1783), oraz wiele ?a?ni tureckich. Szczeg\u00f3lnie ciekawa jest wie?a zegarowa (1754).<\/p>\n<p>Ruiny <a title=\"ulqin,ulqini,ulcinj,montenegro\" href=\"http:\/\/www.visit-ulcinj.com\/gallery\/main.php\" target=\"_blank\">Ulcinia<\/a>, tego z rzymskich czas\u00f3w wida? pod wod? na g?eboko?ci ok. 2m. Miasto zosta?o zatopione w 2. wieku p.n.e. po mocnym trz?sieniu ?iemi.<\/p>\n<p><a href=\"http:\/\/www.visit-ulcinj.com\/blog\/wp-content\/uploads\/2008\/04\/sahat-kulla1.jpg\"><img loading=\"lazy\" class=\"alignleft size-thumbnail wp-image-1115\" style=\"float: left;\" title=\"sahat-kulla1\" src=\"http:\/\/www.visit-ulcinj.com\/blog\/wp-content\/uploads\/2008\/04\/sahat-kulla1-150x150.jpg\" alt=\"Saht Kulla\" width=\"176\" height=\"186\" \/><\/a>Ciekawy jest te? i targ owocowo-warzywny w centrum <a title=\"ulqin,ulqini,ulcinj,montenegro\" href=\"http:\/\/www.visit-ulcinj.com\/gallery\/main.php\" target=\"_blank\">Ulcinia<\/a>, gdzie mo?na zobaczy? Albanki w strojach narodowych i pog?aska? osio?ka. Targ jest najlepszy w pi?tek i we wtorek. Obok s? stoiska z pami?tkami i ro?nymi fata?aszkami.Podczas the rok the Alba?ski niezale?no?? ruch, the Liga Prizren, <a title=\"ulqin,ulqini,ulcinj,montenegro\" href=\"http:\/\/www.visit-ulcinj.com\/\" target=\"_blank\">Ulqin <\/a>wraz z Shkodra, zosta? the ostro?? Alba?ski op\u00f3r Otoman, Czarnog\u00f3rzec, i zachodni Europejski wojsko. The Alba?ski populacja ?apa? mi?dzy the Czarnog\u00f3rzec i Europejczyk w?adza wojsko na jeden strona, che by? tam  the postanowienie the Kongres Berlin (1878), che zgadza? si? <a title=\"ulqin,ulqini,ulcinj,montenegro\" href=\"http:\/\/www.visit-ulcinj.com\/gallery\/main.php\" target=\"_blank\">Ulqin<\/a> Montenegro, i the Otoman, che odmawia? z the decyzja. Po Tym Jak the ruch oporu t?umi?, <a title=\"ulqin,ulqini,ulcinj,montenegro\" href=\"http:\/\/www.visit-ulcinj.com\/\" target=\"_blank\">Ulqin<\/a>, wraz z the Alba?ski ludno?ciowy region Plav, Guci, Podgorica, Tivar (Bar), Berana (Ivangrad), zosta? cz??? the Ksi?stewko Montenegro w 1880. Alba?czyk wci?? zawiera? the wi?kszo?? the populacja w <a title=\"ulqin,ulqini,ulcinj,montenegro\" href=\"http:\/\/www.visit-ulcinj.com\/\" target=\"_blank\">Ulqin<\/a>, pomimo the nacisk od the Czarnog\u00f3rski re?im.<\/p>\n<p><img loading=\"lazy\" class=\"alignright\" style=\"float: right;\" src=\"http:\/\/www.fdungan.com\/quixote.gif\" alt=\"\" width=\"171\" height=\"212\" \/><strong>MIGUEL DE SERVANTES BY? W <a title=\"ulqin,ulqini,ulcinj,montenegro\" href=\"http:\/\/www.visit-ulcinj.com\/gallery\/main.php\" target=\"_blank\">ULCINIU<\/a><\/strong><br \/>\nStare Miasto w Ulcinju jest jedn? z najstarszych twierdz na Adriatyku. Ta wspania?a twierdza by?a zawsze nara?ona na napady korsarzy i innych rozb\u00f3jnik\u00f3w. Legenda powiada, ?e po bitwie pod Lewantem w 1571 roku w czasie, kiedy <a title=\"ulqin,ulqini,ulcinj,montenegro\" href=\"http:\/\/www.visit-ulcinj.com\/\" target=\"_blank\">Ulcinj<\/a> by? pod w?adz? tureck?, Hiszpan Miguel de Servantes by? przez pi?? lat wi?ziony w starogradzkiej twierdzy w Ulcinju. Po bitwie pod Lewantem korsarze znale?li listy pisane do kr\u00f3la hiszpa?skiego, w kt\u00f3rych by?a mowa o awansowaniu Miguela de Servantesa. Pomy?leli, ?e Servantes pochodzi ze znamienitego hiszpa?skiego rodu i za??dali za niego ogromnego wykupu. Niestety jego rodzina ani przez pi?? lat nie by?a w stanie zebra? pieni?dzy. Mimo to, Servantes zdo?a? wr\u00f3ci? do Hiszpanii, gdzie potem napisa? ,,Don Kichota\u201d. W <a title=\"ulqin,ulqini,ulcinj,montenegro\" href=\"http:\/\/www.visit-ulcinj.com\/\" target=\"_blank\">Ulcinju<\/a> jeszcze do dzi? miejsce, gdzie sprzedawano niewolnik\u00f3w, nazywaj? Placem niewolnik\u00f3w, albo Placem Servantesa. W czasach Servantesa <img loading=\"lazy\" class=\"alignleft\" style=\"float: left;\" src=\"http:\/\/www.stykk.is\/comenius\/images\/spain_img\/cervantes.jpg\" alt=\"\" width=\"149\" height=\"131\" \/>Ulcinj nosi? nazw? Cita di Dolcino i mo?na przypuszcza?, ?e ukochana Don Kichota \u2013 Dulcinea otrzyma?a imi? na pami?tk? pobytu autora w Dolcino.<br \/>\nUlcinianie m\u00f3wi? o Servantesie z wielk? sympati?. W styczniu 2006 r. zorganizowano koloni? malarsk?, na kt\u00f3rej go?cili przedstawiciele wszystkich pa?stw po?o?onych nad Adriatykiem. Kolonia by?a po?wi?cona 400-leciu od pierwszego wydania ,,Don Kichota\u201d. Na zako?czenie kolonii otwarto wystaw? prac jej uczestnik\u00f3w na motywy Servantesa i jego wiekopomnego dzie?a.<\/p>\n<p><strong><a title=\"ulqin,ulqini,ulcinj,montenegro\" href=\"http:\/\/www.visit-ulcinj.com\/\" target=\"_blank\">Ulci? <\/a>podczas Imperium Rzymskie<\/strong> <a href=\"http:\/\/www.visit-ulcinj.com\/blog\/wp-content\/uploads\/2008\/04\/castele_balsic.jpg\"><img loading=\"lazy\" class=\"alignright size-medium wp-image-1117\" style=\"float: right;\" title=\"castele_balsic\" src=\"http:\/\/www.visit-ulcinj.com\/blog\/wp-content\/uploads\/2008\/04\/castele_balsic-225x300.jpg\" alt=\"Kulla Ballsica\" width=\"207\" height=\"291\" \/><\/a><br \/>\nW the imperium wiek, po the podzia? the Imperium Rzymskie, <a title=\"ulqin,ulqini,ulcinj,montenegro\" href=\"http:\/\/www.visit-ulcinj.com\/gallery\/main.php\" target=\"_blank\">Ulqin<\/a> zosta? cz??? the prowincja Prevalis, pod the Bizantyjski Imperium. Od the 12th the czternasty wiek, <a title=\"ulqin,ulqini,ulcinj,montenegro\" href=\"http:\/\/www.visit-ulcinj.com\/gallery\/main.php\" target=\"_blank\">Ulqin<\/a> by? cz??? the Serbski Imperium, okres od che zostawa? kilka podstawa ko?ci\u00f3?. Po the dezintegracja the Serbski Imperium, the Alba?ski feodalny rodzina Balshaj i Wenecja walczy? nad kontrola the miasteczko. The Balshajs by? zwyci?ski, i the uderzaj?cy Balshaj Wierza (Kulla e Balshajve), lokalizowa? w the g\u00f3rny cz??? the stary miasteczko, by? jeden the resztki od ten okres. The Venetians wzi?? the miasteczko w 1405 i rz?dzi? Ulqin dla 150 rok. Podczas ten okres, the miasteczko dosta? the miastowy Wenecki znaczek the wschodni Adriatycki typ, z uroczy pa?ac, ko?ci\u00f3?, i kwadrat. Wenecja ochrania? the miasteczko do 1571, gdy ono chwyta? the Osma?ski Turczynka. Pod the Turczynka, Ulqin p\u00f3j?? pod inny transformacja, orientalny pojawienie. Meczet tak jak the Pasha Meczet (1719), The G?\u00f3wny Meczet (1728), The Halny Meczet (1783), budowa?, by? wiele Turecki sk?panie (hamams). Szczeg\u00f3lnie imponuj?co struktura by? the Zegarowy Wierza, budowa? w 1754.<\/p>\n<p><a href=\"http:\/\/www.visit-ulcinj.com\/blog\/wp-content\/uploads\/2008\/04\/riza-shurdha.jpg\"><img loading=\"lazy\" class=\"alignleft size-thumbnail wp-image-1118\" style=\"float: left;\" title=\"riza-shurdha\" src=\"http:\/\/www.visit-ulcinj.com\/blog\/wp-content\/uploads\/2008\/04\/riza-shurdha-150x150.jpg\" alt=\"Rizo Shurdha\" width=\"150\" height=\"150\" \/><\/a>Populacja <a title=\"ulqin,ulqini,ulcinj,montenegro\" href=\"http:\/\/www.visit-ulcinj.com\/\" target=\"_blank\">Ulci?ia<\/a> (woko?o 22,000) by? powik?any spo?eczno?? w pocz?tek, tradycja, kulturalny i og\u00f3lnospo?eczny w?a?ciwo??, che dawa? ten miasteczko unikalny urok i rozmaito??. Alba?czyk, Czarnog\u00f3rzec i cz?onek the tutaj zaludnia? i narodowo?? Jugos?awia ?y? tutaj. The Alba?czyk by? the wi?kszo?? o 85% the populacja.<br \/>\nUlqini asymilowa? potomek Barbary Cumowa? od Algieria kto osiedla? tutaj Turczynka the miasteczko, i Czer?, potomek the mnogi niewolnik przynosi? tutaj od Afryka.<br \/>\nNa the targowy dzie?, Wtorek i Pi?tek, the centrum the miasteczko zosta? istny przyci?ganie. The kolorowy ludowy kostium the r\u00f3?norodny grupa etnicza od otaczaj?cy wioska by? znakomity fotograficzny motyw szeroko wykorzystywa? turysta i excursionist od po ca?ym Europa kto przychodzi? Ulqini. Dla turysta kto przychodzi? ich wakacje w Ulqini, ono by? do?wiadczenie, nawet je?li ono znaczy? the pla?a dla jeden dzie?.<br \/>\nUlqins ludowy kostium by? tradycyjny ocena ten region i konserwowa? ich oryginalny cecha wyr\u00f3wnywa? podczas the XX wiek. Niezale?nie od mnogi kulturalny kontakt, the kostium zostawa? the cz??? the ludowy kultura kt\u00f3ry zmienia? ma?y i pokazywa? wielki nieust?pliwo??.<a href=\"http:\/\/www.visit-ulcinj.com\/blog\/wp-content\/uploads\/2008\/04\/rexhep-abazi.jpg\"><img loading=\"lazy\" class=\"alignright size-thumbnail wp-image-1119\" style=\"float: right;\" title=\"rexhep-abazi\" src=\"http:\/\/www.visit-ulcinj.com\/blog\/wp-content\/uploads\/2008\/04\/rexhep-abazi-150x150.jpg\" alt=\"rexhep abazi ulqin\" width=\"150\" height=\"150\" srcset=\"https:\/\/www.visit-ulcinj.com\/blog\/wp-content\/uploads\/2008\/04\/rexhep-abazi-150x150.jpg 150w, https:\/\/www.visit-ulcinj.com\/blog\/wp-content\/uploads\/2008\/04\/rexhep-abazi-300x298.jpg 300w, https:\/\/www.visit-ulcinj.com\/blog\/wp-content\/uploads\/2008\/04\/rexhep-abazi.jpg 640w\" sizes=\"(max-width: 150px) 100vw, 150px\" \/><\/a><br \/>\nTam  by? kilka r\u00f3?ny ludowy kostium w ten region: Czarnog\u00f3rzec. the kostium by? ubranym Alba?czyk w Ulqini kostium-the miasto kostium, the kostium by? ubranym Alba?czyk w pole Anamali, the Bregasor, Shestan, Malesor, i Goran (Merkojevic) kostium.<br \/>\nWszystkie typ tradycyjny kostium dok?d domowej roboty. We?na, bawe?na, len i jedwab u?ywa?, i ka?dy gospodarstwo domowe miewa? horyzontalny krosienko na che the kobieta wyplata?. Opr\u00f3cz tkactwo, the kobieta tak?e zrobi? broderia, szy? na aplikacja i dzia?.<\/p>\n<p><strong>Pla?e<\/strong><br \/>\n<a href=\"http:\/\/www.visit-ulcinj.com\/blog\/wp-content\/uploads\/2008\/02\/61h-1112702248.jpg\"><img loading=\"lazy\" class=\"alignleft size-thumbnail wp-image-621\" style=\"float: left;\" title=\"Ulcinjska rivijera\" src=\"http:\/\/www.visit-ulcinj.com\/blog\/wp-content\/uploads\/2008\/02\/61h-1112702248.jpg\" alt=\"\" width=\"193\" height=\"127\" \/><\/a><a title=\"ulqin,ulqini,ulcinj,montenegro\" href=\"http:\/\/www.visit-ulcinj.com\/\" target=\"_blank\">Wielka Pla?a<\/a> (Velika Pla\u017ea) ma d?ugo?? ok. 15 km. Je?li jeszcze doda?, ?e morze jest p?ytkie przy brzegu, ?e nie ma je?y wodnych, mo?na z pewnosci? stwierdzi?, ?e jest to idealne miejsce dla turyst\u00f3w z dzie?mi. Jest tu wiele miejsc do k?pieli. Mo?na znale?? i odosobnione miejsce, gdzie nie ma nikogo i niczego opr\u00f3cz s?o?ca i wody.<br \/>\nNajlepiej wyposa?ona jest pla?a ,,Copacabana\u201d, kt\u00f3ra si? znajduje 1100m od naszego domu. Do pla?y wiedzie dobra droga asfaltowa. Mo?na doj?? piechot? za ok. 20 minut, albo dojecha? autem. Parking jest wielki i bezp?atny (w tym roku przynajmniej). Na pla?y s? le?aki, parasole z trzciny, restauracja, kawiarnia, miejsce zabaw dla dzieci itd. Piasek na Wielkiej Pla?y jest koloru szarego i ma w?a?ciwo?ci lecznicze.<br \/>\nNa pla?y obok higienicznych drewnianych le?ak\u00f3w, parasoli, zje?d?alni, rower\u00f3w wodnych, restauracji, bar\u00f3w i innych urz?dze? co roku przybywa nowy sprz?t i nowe formy us?ugi. W tym roku nowo?ci? b?dzie ,,przedszkole\u201d dla dzieci, gdzie rodzice b?d? mogli zostawi? na dowolny czas swoje pociechy pod fachow? opiek? babysiter, kt\u00f3re m\u00f3wi? w kilku j?zykach.<br \/>\nRestauracja na samej plazy ,,Copacabana\u201d jest dobra. W restauracji s? dania na zamowienie a codziennie jest i tzw Ekspres linia obiadowa &#8211; dania na ktore nie musicie czekac. Restauracja otwarta jest codziennie od godziny 8 do 1 w nocy (kiedy na plazy organizowane s? koncerty muzyki popularnej i rozne imprezy to otwarta jest dluzej). W tej chwili kawacapuchino kosztuje 1.20E, a espresso 0.80E, piwo Nik Gold 0,33l kosztuje 1.50 E. Parasole na plazy s? p?atne, za w?asny parasol p?aci sie 1 euro dziennie (zacieniony parking, tusze itd. nie s? p?atne). <a href=\"http:\/\/www.visit-ulcinj.com\/blog\/wp-content\/uploads\/2008\/02\/copakabana.jpg\"><img loading=\"lazy\" class=\"alignright size-thumbnail wp-image-670\" style=\"float: right;\" title=\"copakabana beach\" src=\"http:\/\/www.visit-ulcinj.com\/blog\/wp-content\/uploads\/2008\/02\/copakabana.jpg\" alt=\"copakabana beach ulcinj\" width=\"162\" height=\"144\" \/><\/a><br \/>\nDo?wiadczenie m\u00f3wi, ?e i tak b?dziecie je?dzi? na r\u00f3?ne pla?e z ciekawo?ci. Na pla?? kamienist? musicie jechac autem do miasta. W mie?cie polecamy Liman I, Liman II i pla?e kamieniste przy hotelach. ,,Ma?a Pla?a&#8221; w centrum Ulcinia jest w sezonie brudna i nieprzyjemna. Morski brzeg w Ulcinju rozci?ga si? od przyl?dka Stary Ulcinj do uj?cia rzeki Bojany do Adriatyku. Ulcinjsk? Riwier? stanowi 18 zatoczek w skalistej cz??ci, p\u00f3?wyspy Marjan i Mandra, pla?a Valdanos, dwie pla?e piaszczyste: Wielka i Ma?a oraz atrakcyjna pla?a &#8211; rezerwat przyrody Wyspa Bojana, gdzie znajduje si? tak?e hotel dla nudyst\u00f3w.<\/p>\n<p><strong>Ada Bojana  \/ <a title=\"ulqin,ulqini,ulcinj,montenegro\" href=\"http:\/\/www.visit-ulcinj.com\/\" target=\"_blank\">Ulci?<\/a> &#8211; Czarnog\u00f3ra<\/strong><a href=\"http:\/\/www.visit-ulcinj.com\/blog\/wp-content\/uploads\/2008\/03\/ada_bojana_ulcinj.jpg\"><img loading=\"lazy\" class=\"alignleft size-thumbnail wp-image-820\" style=\"float: left;\" title=\"Ada  Bojana Ulcinj\" src=\"http:\/\/www.visit-ulcinj.com\/blog\/wp-content\/uploads\/2008\/03\/ada_bojana_ulcinj.jpg\" alt=\"ada bojana montenegro\" width=\"150\" height=\"141\" \/><\/a><br \/>\nSzansa w ten spos\u00f3b d?ugo temu the rzeczny wysepka Ada rozwija? na the usta the nadgraniczny rzeczny Buna. W 1958 skuner Merito, posiada? Antun Allegretti Togir, chwali? Kapitan Naporeli, ton?? w the rzeka. Tam  u?ywa? dwa ma?y wysepka na the miejsce. Ono przypuszcza? ?e gdy czas przechodzi? the rzeczny deponowa? materia? woko?o the ko?ciec the ton?? statek i tamte dwa wysepka, i wi?c najpierw sandbar i wtedy wtedy wyspa tworzy?.<br \/>\nUkazywa? si? the wyspa dzieli? the rzeka dwa w dwa rozwidlenie, i uzyskiwa? the tr\u00f3jgraniasty kszta?t. Ono by? 2.8 km d?ugi w kierunku the nawadnia? przep?yw, 1.8 km szeroki, i 3.4m wysoki. Dwa the strona my? the ?wie?a woda the rzeka, i the trzeci, piaskowaty, pla?a owija? the fala the morze. The prawy rozwidlenie Buna przerzuca? most, Ada z Wielki Pla?a. Na the bank ten cz??? the rzeka Buna by? budowa? drewniany buda z dziwaczny po?\u00f3w divaces-Kalimera, che robi? ono spojrzenie jak egzotyczny teren the daleki wsch\u00f3d Ada, daleki od the ?wiat, by? istny oaza pok\u00f3j i relaks. Sw\u00f3j absolutny cisza zak?\u00f3ca? tylko the odpryskiwanie rzadki ptak i the ?amanie fala. Sw\u00f3j g?sty i luksusowy ro?linno?? robi? ono specjalny mikro ekologiczny ?wiat, the dom rzadki ro?lina i rzadki zwierz?.<br \/>\nThe wyspa trzyma? the nowo?ytny naturist kurort Ada Buna, przygotowywa? rado?? kochanek naturyzm i kontakt z natura. Du?o powrotny Ada znowu i znowu.<a href=\"http:\/\/www.visit-ulcinj.com\/blog\/wp-content\/uploads\/2008\/04\/ada-bojana-_meti.jpg\"><img loading=\"lazy\" class=\"alignright size-thumbnail wp-image-1120\" style=\"float: right;\" title=\"ada-bojana-_meti\" src=\"http:\/\/www.visit-ulcinj.com\/blog\/wp-content\/uploads\/2008\/04\/ada-bojana-_meti-150x150.jpg\" alt=\"ada bojana_meti\" width=\"165\" height=\"160\" \/><\/a><br \/>\nRzeka ,,Bojana&#8221; wyp?ywa z Jeziora Skadarskiego, wpada do morza blisko nas. Rzeka Bojana przy uj?ciu do morza jest znana z domk\u00f3w rybackich i wikendowych, budowanych cz??ciowo na wodzie. Ko?o tych domk\u00f3w s? tradycyjne urz?dzenia dla ?owienia ryb, tzw. kalimery (mechanizm zrobiony z drzewa i sieci). Na samym uj?ciu w?dkarze mog? ?owi? i rzeczne i morskie ryby, a mo?na te? zam\u00f3wi? w restauracji na rzece dania rybne i inne ,,owoce morza&#8221;.<br \/>\nNaj?adniejsze restauracje s? na rzece przy uj?ciu. Balkon ka?dej z restauracji jest na samej rzece.<\/p>\n<p><strong>Valdanos<\/strong><\/p>\n<p><a href=\"http:\/\/www.visit-ulcinj.com\/blog\/wp-content\/uploads\/2008\/03\/valdanosi-1.jpg\"><img loading=\"lazy\" class=\"alignleft size-thumbnail wp-image-1055\" style=\"float: left;\" title=\"Baie de Valdanos\" src=\"http:\/\/www.visit-ulcinj.com\/blog\/wp-content\/uploads\/2008\/03\/valdanosi-1.jpg\" alt=\"valdanos\" width=\"182\" height=\"146\" \/><\/a>Cztery nautyczny mila the p\u00f3?noc <a title=\"ulqin,ulqini,ulcinj,montenegro\" href=\"http:\/\/www.visit-ulcinj.com\/\" target=\"_blank\">Ulqin<\/a>, mi?dzy Mavrijen i Mendra, k?ama? the nautyczny Valdanos Bay.Its ko?c\u00f3wka punkt spada? gwa?townie i nagle w the morze, i the pla?a by? pojedynczy, opanowany opanowany kamie? 1-20 cm w ?rednica, Ono by? 600 m d?ugo i 20 m szeroki na ?rednia. W Przeciwie?stwie Do inny zatoka, ten jeden ochrania? od po?udniowy i p\u00f3?nocny wiatr i ono cz?sto s?uzy? statek podczas burza. W the g??bia the zatoka po ?rodku the pla?a, by? the kwarantanna. W 1833 ono nagrywa? ?e Ulqin brygantyna ?eglowa? w Valdanos od Aleksandria zanieczyszcza? niekt\u00f3re choroba i za rozkazem Ulqins harbormaster, ona musie? w kwarantanna dla 40 dzie?. Valdanos dosi?ga? od morze i od ziemia. Oba the raut by? ciekawy i pi?kny, i w zale?no?ci od spos\u00f3b wybiera?, the pi?kno the zatoka do?wiadcza? w r\u00f3?ny spos\u00f3b. Dla zupe?ny wra?enie, my poleca? przybycie ziemia i oddawanie morze. The Valdanos dolina mie? the stary uprawiany drzewo-oliwka, tivar mie? dla wiek wspiera? the ?ycie the wspiera? mieszkaniec Ulqini.The Ulqini oliwny plantacja (Ullishta), z 74,000 drzewo by? the drugi co do wielko?ci na the Adriatycki wybrze?e p\u00f3?niej kt\u00f3ry w Tivar. Sw\u00f3j unikalny cecha by? ?e wi?kszo?? z tego 75% by? jeden pojedynczy kompleks. The ?redni wiek by? nad 300 rok, i rok daktylowy od the dzie? Antyczny Grecja (antyczny wiek ANTYCZNY). The stary oliwny plantacja mie? olej dawa? gatunek. The s?awny <a title=\"ulqin,ulqini,ulcinj,montenegro\" href=\"http:\/\/www.visit-ulcinj.com\/\" target=\"_blank\">Ulqini<\/a> oliwa z oliwek, w amfora earthenware garnek, by? artyku? warty sw\u00f3j ci??ar w z?oto, ono wysy?a? Trieste, Wenecja Rzym, Kair i w wewn?trzny Shkoder, Shkup, Duklje, Wysypka, Prizren i w ten spos\u00f3b dalej. Podczas ?niwo the plantacja rozbrzmiewa? z the ?piew the zbieracz. Przyja?? zrobi? mi?o?? by? urodzony, panna m?oda by? szansa przysz?o?ciowy panna m?oda. Wed?ug tradycja m??czyzna m\u00f3c po?lubia? until on zasadza? przynajmniej jeden drzewo oliwne.<a href=\"http:\/\/www.visit-ulcinj.com\/blog\/wp-content\/uploads\/2008\/03\/plazha-e-valdanosit-_3_.jpg\"><img loading=\"lazy\" class=\"alignright size-thumbnail wp-image-829\" style=\"float: right;\" title=\"Valdanos Bucht_ulcinj.\" src=\"http:\/\/www.visit-ulcinj.com\/blog\/wp-content\/uploads\/2008\/03\/plazha-e-valdanosit-_3_.jpg\" alt=\"Pla?a Valdanos\" width=\"174\" height=\"117\" \/><\/a><strong><br \/>\n<\/strong><\/p>\n<p><strong><\/strong><strong>Pla?a Valdanos<\/strong><br \/>\nMi?dzy Barem a <a title=\"ulqin,ulqini,ulcinj,montenegro\" href=\"http:\/\/www.visit-ulcinj.com\/gallery\/main.php\" target=\"_blank\">Ulciniem<\/a> jest zatoka i pla?a Valdanos. Obozowisko jest niestety bardzo zaniedbane ale przyroda i pla?a s? warte odwiedzania. Pachnie oliwkami, czysta woda, odciente g\u00f3ry&#8230;Osrtrzegamy przed wielkim smietnikiem powy?ej.<\/p>\n<p><strong>Shas \/ \u0160as \/ Sva?<\/strong><br \/>\n<a href=\"http:\/\/www.visit-ulcinj.com\/blog\/wp-content\/uploads\/2008\/03\/shasi-03.jpg\"><img loading=\"lazy\" class=\"alignleft size-thumbnail wp-image-764\" style=\"float: left;\" title=\"Sva? - \u0160as - Shasi03\" src=\"http:\/\/www.visit-ulcinj.com\/blog\/wp-content\/uploads\/2008\/03\/shasi-03.jpg\" alt=\"\u0160asko jezero\" width=\"180\" height=\"144\" \/><\/a>Wybrze?e rujnowa? ?redniowieczny warowny miasto the stary Zeta blisko Ulqin na nastroszony ziemia nastroszony jezioro Shasi, by? jeden the ciekawy nie?ywy miasto the Adriatycki wybrze?e.<br \/>\nShas wspomina? pierwszy raz w on pierwszy raz wiek jako biskup miasto. W woko?o 1183 ono wzi?? Stefan Nemanja i ??czy? Rashka wraz z the inny miasteczko antyczny Zeta. Ono niszczy? the Mongo? w 1242 i odnawia? Kr\u00f3lowa Jelena. Ono ca?kowicie dezerterowa? po tym jak ono wzi?? the Turczynka w 1571.<br \/>\nWed?ug the 14th i 15 wiek tradycja, Shasi miewa? r\u00f3wnie wiele ko?ci\u00f3? gdy the rok mie? dzie?, ale dzisiaj the podstawa tylko osiem ko?ci\u00f3? m\u00f3c rozpoznawa? w the ruina. The dwa wielki by? the stary (woko?o 1300) Romanescue Katedra St.John the Baptysta w the wysoki cz??? the miasto, i nowy Gocki Franciszka?ski<a href=\"http:\/\/www.visit-ulcinj.com\/blog\/wp-content\/uploads\/2008\/03\/shasi_1.jpg\"><img loading=\"lazy\" class=\"alignright size-thumbnail wp-image-770\" style=\"float: right;\" title=\"Sva? - \u0160as - Shas_1\" src=\"http:\/\/www.visit-ulcinj.com\/blog\/wp-content\/uploads\/2008\/03\/shasi_1.jpg\" alt=\"katedralla Shas \/ \u0160as \/ Sva?\" width=\"150\" height=\"102\" \/><\/a> ko?ci\u00f3? St. Mary w the podmiejski dolina.<\/p>\n<p>Dach miewa? pojedynczy nave dzieli? w dwa cz??? niski rozbiorowy ?ciana, i cembrowa? dach. Wszystkie the ko?ci\u00f3? w Shas miewa? architektoniczny l dekoracja i frescoes, i w ?ciana ?lad farba m\u00f3c wci?? rozpoznawa? na the ?ciana. Archeologiczny badanie ten nie?ywy miasto by? pod spos\u00f3b.<\/p>\n<!-- vimeo error: not a vimeo video -->\n","protected":false},"excerpt":{"rendered":"<p><img loading=\"lazy\" class=\"alignleft size-thumbnail wp-image-813\" style=\"float: left;\" title=\"Urlaub in Ulqin \/ Ulcinj - Montenegro \" src=\"http:\/\/www.visit-ulcinj.com\/blog\/wp-content\/uploads\/2008\/03\/ulqini_limani_rana.jpg\" alt=\"Ulqin \/ Ulcinj - Czarnog\u00f3ra\" width=\"140\" height=\"140\" \/><\/p>\n","protected":false},"author":1,"featured_media":0,"comment_status":"open","ping_status":"closed","sticky":false,"template":"","format":"standard","meta":{"spay_email":"","jetpack_publicize_message":"","jetpack_is_tweetstorm":false,"jetpack_publicize_feature_enabled":true},"categories":[15],"tags":[138,2387,2391,2105,2381,2388,2390,2392,2386,2389,2378,2385,2379,2377,2380,2384,2382,2383],"jetpack_publicize_connections":[],"yoast_head":"<!-- This site is optimized with the Yoast SEO plugin v19.1 - https:\/\/yoast.com\/wordpress\/plugins\/seo\/ -->\n<title>Ulci? - Czarnog\u00f3ra - Lajme nga Ulqini<\/title>\n<meta name=\"robots\" content=\"index, follow, max-snippet:-1, max-image-preview:large, max-video-preview:-1\" \/>\n<link rel=\"canonical\" href=\"https:\/\/www.visit-ulcinj.com\/blog\/2008\/04\/02\/ulqin-ulcinj-czarnogora\/\" \/>\n<meta property=\"og:locale\" content=\"en_US\" \/>\n<meta property=\"og:type\" content=\"article\" \/>\n<meta property=\"og:title\" content=\"Ulci? - Czarnog\u00f3ra - Lajme nga Ulqini\" \/>\n<meta property=\"og:url\" content=\"https:\/\/www.visit-ulcinj.com\/blog\/2008\/04\/02\/ulqin-ulcinj-czarnogora\/\" \/>\n<meta property=\"og:site_name\" content=\"Lajme nga Ulqini\" \/>\n<meta property=\"article:published_time\" content=\"2008-04-02T08:34:38+00:00\" \/>\n<meta property=\"article:modified_time\" content=\"2008-04-02T12:19:19+00:00\" \/>\n<meta property=\"og:image\" content=\"http:\/\/www.visit-ulcinj.com\/blog\/wp-content\/uploads\/2008\/03\/ulqini_limani_rana.jpg\" \/>\n<meta name=\"twitter:label1\" content=\"Written by\" \/>\n\t<meta name=\"twitter:data1\" content=\"ulqini\" \/>\n\t<meta name=\"twitter:label2\" content=\"Est. reading time\" \/>\n\t<meta name=\"twitter:data2\" content=\"15 minutes\" \/>\n<script type=\"application\/ld+json\" class=\"yoast-schema-graph\">{\"@context\":\"https:\/\/schema.org\",\"@graph\":[{\"@type\":\"WebSite\",\"@id\":\"https:\/\/www.visit-ulcinj.com\/blog\/#website\",\"url\":\"https:\/\/www.visit-ulcinj.com\/blog\/\",\"name\":\"Lajme nga Ulqini\",\"description\":\"Lajme,Vijesti,Ulqini,Ulqin,Crna Gora,Mali i Zi\",\"potentialAction\":[{\"@type\":\"SearchAction\",\"target\":{\"@type\":\"EntryPoint\",\"urlTemplate\":\"https:\/\/www.visit-ulcinj.com\/blog\/?s={search_term_string}\"},\"query-input\":\"required name=search_term_string\"}],\"inLanguage\":\"en-US\"},{\"@type\":\"ImageObject\",\"inLanguage\":\"en-US\",\"@id\":\"https:\/\/www.visit-ulcinj.com\/blog\/2008\/04\/02\/ulqin-ulcinj-czarnogora\/#primaryimage\",\"url\":\"http:\/\/www.visit-ulcinj.com\/blog\/wp-content\/uploads\/2008\/03\/ulqini_limani_rana.jpg\",\"contentUrl\":\"http:\/\/www.visit-ulcinj.com\/blog\/wp-content\/uploads\/2008\/03\/ulqini_limani_rana.jpg\"},{\"@type\":\"WebPage\",\"@id\":\"https:\/\/www.visit-ulcinj.com\/blog\/2008\/04\/02\/ulqin-ulcinj-czarnogora\/#webpage\",\"url\":\"https:\/\/www.visit-ulcinj.com\/blog\/2008\/04\/02\/ulqin-ulcinj-czarnogora\/\",\"name\":\"Ulci? - Czarnog\u00f3ra - Lajme nga Ulqini\",\"isPartOf\":{\"@id\":\"https:\/\/www.visit-ulcinj.com\/blog\/#website\"},\"primaryImageOfPage\":{\"@id\":\"https:\/\/www.visit-ulcinj.com\/blog\/2008\/04\/02\/ulqin-ulcinj-czarnogora\/#primaryimage\"},\"datePublished\":\"2008-04-02T08:34:38+00:00\",\"dateModified\":\"2008-04-02T12:19:19+00:00\",\"author\":{\"@id\":\"https:\/\/www.visit-ulcinj.com\/blog\/#\/schema\/person\/dcab619c614d3038751c63bc2aadc06d\"},\"breadcrumb\":{\"@id\":\"https:\/\/www.visit-ulcinj.com\/blog\/2008\/04\/02\/ulqin-ulcinj-czarnogora\/#breadcrumb\"},\"inLanguage\":\"en-US\",\"potentialAction\":[{\"@type\":\"ReadAction\",\"target\":[\"https:\/\/www.visit-ulcinj.com\/blog\/2008\/04\/02\/ulqin-ulcinj-czarnogora\/\"]}]},{\"@type\":\"BreadcrumbList\",\"@id\":\"https:\/\/www.visit-ulcinj.com\/blog\/2008\/04\/02\/ulqin-ulcinj-czarnogora\/#breadcrumb\",\"itemListElement\":[{\"@type\":\"ListItem\",\"position\":1,\"name\":\"Ulci? &#8211; Czarnog\u00f3ra\"}]},{\"@type\":\"Person\",\"@id\":\"https:\/\/www.visit-ulcinj.com\/blog\/#\/schema\/person\/dcab619c614d3038751c63bc2aadc06d\",\"name\":\"ulqini\",\"sameAs\":[\"http:\/\/www.visit-ulcinj.com\"],\"url\":\"https:\/\/www.visit-ulcinj.com\/blog\/author\/admin\/\"}]}<\/script>\n<!-- \/ Yoast SEO plugin. -->","yoast_head_json":{"title":"Ulci? - Czarnog\u00f3ra - Lajme nga Ulqini","robots":{"index":"index","follow":"follow","max-snippet":"max-snippet:-1","max-image-preview":"max-image-preview:large","max-video-preview":"max-video-preview:-1"},"canonical":"https:\/\/www.visit-ulcinj.com\/blog\/2008\/04\/02\/ulqin-ulcinj-czarnogora\/","og_locale":"en_US","og_type":"article","og_title":"Ulci? - Czarnog\u00f3ra - Lajme nga Ulqini","og_url":"https:\/\/www.visit-ulcinj.com\/blog\/2008\/04\/02\/ulqin-ulcinj-czarnogora\/","og_site_name":"Lajme nga Ulqini","article_published_time":"2008-04-02T08:34:38+00:00","article_modified_time":"2008-04-02T12:19:19+00:00","og_image":[{"url":"http:\/\/www.visit-ulcinj.com\/blog\/wp-content\/uploads\/2008\/03\/ulqini_limani_rana.jpg"}],"twitter_misc":{"Written by":"ulqini","Est. reading time":"15 minutes"},"schema":{"@context":"https:\/\/schema.org","@graph":[{"@type":"WebSite","@id":"https:\/\/www.visit-ulcinj.com\/blog\/#website","url":"https:\/\/www.visit-ulcinj.com\/blog\/","name":"Lajme nga Ulqini","description":"Lajme,Vijesti,Ulqini,Ulqin,Crna Gora,Mali i Zi","potentialAction":[{"@type":"SearchAction","target":{"@type":"EntryPoint","urlTemplate":"https:\/\/www.visit-ulcinj.com\/blog\/?s={search_term_string}"},"query-input":"required name=search_term_string"}],"inLanguage":"en-US"},{"@type":"ImageObject","inLanguage":"en-US","@id":"https:\/\/www.visit-ulcinj.com\/blog\/2008\/04\/02\/ulqin-ulcinj-czarnogora\/#primaryimage","url":"http:\/\/www.visit-ulcinj.com\/blog\/wp-content\/uploads\/2008\/03\/ulqini_limani_rana.jpg","contentUrl":"http:\/\/www.visit-ulcinj.com\/blog\/wp-content\/uploads\/2008\/03\/ulqini_limani_rana.jpg"},{"@type":"WebPage","@id":"https:\/\/www.visit-ulcinj.com\/blog\/2008\/04\/02\/ulqin-ulcinj-czarnogora\/#webpage","url":"https:\/\/www.visit-ulcinj.com\/blog\/2008\/04\/02\/ulqin-ulcinj-czarnogora\/","name":"Ulci? - Czarnog\u00f3ra - Lajme nga Ulqini","isPartOf":{"@id":"https:\/\/www.visit-ulcinj.com\/blog\/#website"},"primaryImageOfPage":{"@id":"https:\/\/www.visit-ulcinj.com\/blog\/2008\/04\/02\/ulqin-ulcinj-czarnogora\/#primaryimage"},"datePublished":"2008-04-02T08:34:38+00:00","dateModified":"2008-04-02T12:19:19+00:00","author":{"@id":"https:\/\/www.visit-ulcinj.com\/blog\/#\/schema\/person\/dcab619c614d3038751c63bc2aadc06d"},"breadcrumb":{"@id":"https:\/\/www.visit-ulcinj.com\/blog\/2008\/04\/02\/ulqin-ulcinj-czarnogora\/#breadcrumb"},"inLanguage":"en-US","potentialAction":[{"@type":"ReadAction","target":["https:\/\/www.visit-ulcinj.com\/blog\/2008\/04\/02\/ulqin-ulcinj-czarnogora\/"]}]},{"@type":"BreadcrumbList","@id":"https:\/\/www.visit-ulcinj.com\/blog\/2008\/04\/02\/ulqin-ulcinj-czarnogora\/#breadcrumb","itemListElement":[{"@type":"ListItem","position":1,"name":"Ulci? &#8211; Czarnog\u00f3ra"}]},{"@type":"Person","@id":"https:\/\/www.visit-ulcinj.com\/blog\/#\/schema\/person\/dcab619c614d3038751c63bc2aadc06d","name":"ulqini","sameAs":["http:\/\/www.visit-ulcinj.com"],"url":"https:\/\/www.visit-ulcinj.com\/blog\/author\/admin\/"}]}},"jetpack_featured_media_url":"","jetpack_sharing_enabled":true,"jetpack_shortlink":"https:\/\/wp.me\/pe6lTn-hX","_links":{"self":[{"href":"https:\/\/www.visit-ulcinj.com\/blog\/wp-json\/wp\/v2\/posts\/1113"}],"collection":[{"href":"https:\/\/www.visit-ulcinj.com\/blog\/wp-json\/wp\/v2\/posts"}],"about":[{"href":"https:\/\/www.visit-ulcinj.com\/blog\/wp-json\/wp\/v2\/types\/post"}],"author":[{"embeddable":true,"href":"https:\/\/www.visit-ulcinj.com\/blog\/wp-json\/wp\/v2\/users\/1"}],"replies":[{"embeddable":true,"href":"https:\/\/www.visit-ulcinj.com\/blog\/wp-json\/wp\/v2\/comments?post=1113"}],"version-history":[{"count":0,"href":"https:\/\/www.visit-ulcinj.com\/blog\/wp-json\/wp\/v2\/posts\/1113\/revisions"}],"wp:attachment":[{"href":"https:\/\/www.visit-ulcinj.com\/blog\/wp-json\/wp\/v2\/media?parent=1113"}],"wp:term":[{"taxonomy":"category","embeddable":true,"href":"https:\/\/www.visit-ulcinj.com\/blog\/wp-json\/wp\/v2\/categories?post=1113"},{"taxonomy":"post_tag","embeddable":true,"href":"https:\/\/www.visit-ulcinj.com\/blog\/wp-json\/wp\/v2\/tags?post=1113"}],"curies":[{"name":"wp","href":"https:\/\/api.w.org\/{rel}","templated":true}]}}