{"id":11140,"date":"2009-02-10T16:57:07","date_gmt":"2009-02-10T15:57:07","guid":{"rendered":"http:\/\/www.visit-ulcinj.com\/blog\/?p=11140"},"modified":"2009-02-10T16:57:07","modified_gmt":"2009-02-10T15:57:07","slug":"prova-e-javes-arti-i-dashurise","status":"publish","type":"post","link":"https:\/\/www.visit-ulcinj.com\/blog\/2009\/02\/10\/prova-e-javes-arti-i-dashurise\/","title":{"rendered":"Prova e jav\u00ebs: Arti i dashuris\u00eb"},"content":{"rendered":"<p><strong><span class=\"newstitlec\"><a href=\"http:\/\/www.visit-ulcinj.com\/blog\/wp-content\/uploads\/2009\/02\/banoret-prova.jpg\"><img loading=\"lazy\" class=\"alignleft size-full wp-image-11141\" title=\"banoret-prova\" src=\"http:\/\/www.visit-ulcinj.com\/blog\/wp-content\/uploads\/2009\/02\/banoret-prova.jpg\" alt=\"banoret-prova\" width=\"300\" height=\"205\" \/><\/a>Prova e jav\u00ebs: Arti i dashuris\u00eb<\/span><\/strong><br \/>\n<em><span class=\"newsdate\">10\/02\/09 14:30<\/span><\/em><\/p>\n<p>N\u00eb drek\u00eb banor\u00ebt jan\u00eb njohur me detyr\u00ebn e par\u00eb t\u00eb prov\u00ebs s\u00eb jav\u00ebs. Duke qen\u00eb se vet\u00ebm pak dit\u00eb na ndajn\u00eb nga Sh\u00ebn Valentini apo Festa e t\u00eb dashuruarve dhe se nata e dyt\u00eb e spektaklit Big Brother p\u00ebrkon pik\u00ebrisht me k\u00ebt\u00eb dit\u00eb, autor\u00ebt kan\u00eb menduar ta quajn\u00eb at\u00eb \u201cArti i dashuris\u00eb\u201d. Sot banor\u00ebt jan\u00eb njohur me detyr\u00ebn e par\u00eb t\u00eb tyre: Ardiani, Qetsori, Lirita dhe Adelajda duhet t\u00eb pikturonin grafite mbi der\u00ebn e kopshtit, nd\u00ebrkoh\u00eb q\u00eb t\u00eb gjith\u00eb banor\u00ebt e tjer\u00eb ishin t\u00eb detyruar t\u00eb ndiqnin prov\u00ebn.<br \/>\nBanor\u00ebt e p\u00ebrzgjedhur nga V\u00ebllai i madh kan\u00eb v\u00ebn\u00eb p\u00ebrpar\u00ebset e kan\u00eb filluar nga \u201cpuna\u201d. Rezultati ka qen\u00eb nj\u00eb zem\u00ebr e bardh\u00eb n\u00eb nj\u00eb sfond t\u00eb kuq, t\u00eb nd\u00ebrthurrur me diellin n\u00eb qiell e \u201czbukurime\u201d t\u00eb tjera.<br \/>\nProva filloi e p\u00ebrfundoi me r\u00ebnien e gongut.<\/p>\n<p><strong><em>Top Channel<\/em><\/strong><\/p>\n","protected":false},"excerpt":{"rendered":"<p>Prova e jav\u00ebs: Arti i dashuris\u00eb 10\/02\/09 14:30 N\u00eb drek\u00eb banor\u00ebt jan\u00eb njohur me detyr\u00ebn e par\u00eb t\u00eb prov\u00ebs s\u00eb jav\u00ebs. Duke qen\u00eb se vet\u00ebm pak dit\u00eb na ndajn\u00eb nga Sh\u00ebn Valentini apo Festa e t\u00eb dashuruarve dhe se nata e dyt\u00eb e spektaklit Big Brother p\u00ebrkon pik\u00ebrisht me k\u00ebt\u00eb dit\u00eb, autor\u00ebt kan\u00eb menduar ta [&hellip;]<\/p>\n","protected":false},"author":1,"featured_media":0,"comment_status":"open","ping_status":"closed","sticky":false,"template":"","format":"standard","meta":{"spay_email":"","jetpack_publicize_message":"","jetpack_is_tweetstorm":false,"jetpack_publicize_feature_enabled":true},"categories":[6502],"tags":[6562,6657,6663,6504,6506,6604,6605,6606,6568,6662,6661,6609,6610,5081],"jetpack_publicize_connections":[],"yoast_head":"<!-- This site is optimized with the Yoast SEO plugin v19.1 - https:\/\/yoast.com\/wordpress\/plugins\/seo\/ -->\n<title>Prova e jav\u00c3\u00abs: Arti i dashuris\u00c3\u00ab<\/title>\n<meta name=\"description\" content=\"N\u00c3\u00ab drek\u00c3\u00ab banor\u00c3\u00abt jan\u00c3\u00ab njohur me detyr\u00c3\u00abn e par\u00c3\u00ab t\u00c3\u00ab prov\u00c3\u00abs s\u00c3\u00ab jav\u00c3\u00abs. Duke qen\u00c3\u00ab se vet\u00c3\u00abm pak dit\u00c3\u00ab na ndajn\u00c3\u00ab nga Sh\u00c3\u00abn Valentini apo Festa e t\u00c3\u00ab dashuruarve.\" \/>\n<meta name=\"robots\" content=\"index, follow, max-snippet:-1, max-image-preview:large, max-video-preview:-1\" \/>\n<link rel=\"canonical\" href=\"https:\/\/www.visit-ulcinj.com\/blog\/2009\/02\/10\/prova-e-javes-arti-i-dashurise\/\" \/>\n<meta property=\"og:locale\" content=\"en_US\" \/>\n<meta property=\"og:type\" content=\"article\" \/>\n<meta property=\"og:title\" content=\"Prova e jav\u00c3\u00abs: Arti i dashuris\u00c3\u00ab\" \/>\n<meta property=\"og:description\" content=\"N\u00c3\u00ab drek\u00c3\u00ab banor\u00c3\u00abt jan\u00c3\u00ab njohur me detyr\u00c3\u00abn e par\u00c3\u00ab t\u00c3\u00ab prov\u00c3\u00abs s\u00c3\u00ab jav\u00c3\u00abs. Duke qen\u00c3\u00ab se vet\u00c3\u00abm pak dit\u00c3\u00ab na ndajn\u00c3\u00ab nga Sh\u00c3\u00abn Valentini apo Festa e t\u00c3\u00ab dashuruarve.\" \/>\n<meta property=\"og:url\" content=\"https:\/\/www.visit-ulcinj.com\/blog\/2009\/02\/10\/prova-e-javes-arti-i-dashurise\/\" \/>\n<meta property=\"og:site_name\" content=\"Lajme nga Ulqini\" \/>\n<meta property=\"article:published_time\" content=\"2009-02-10T15:57:07+00:00\" \/>\n<meta property=\"og:image\" content=\"http:\/\/www.visit-ulcinj.com\/blog\/wp-content\/uploads\/2009\/02\/banoret-prova.jpg\" \/>\n<meta name=\"twitter:label1\" content=\"Written by\" \/>\n\t<meta name=\"twitter:data1\" content=\"ulqini\" \/>\n\t<meta name=\"twitter:label2\" content=\"Est. reading time\" \/>\n\t<meta name=\"twitter:data2\" content=\"1 minute\" \/>\n<script type=\"application\/ld+json\" class=\"yoast-schema-graph\">{\"@context\":\"https:\/\/schema.org\",\"@graph\":[{\"@type\":\"WebSite\",\"@id\":\"https:\/\/www.visit-ulcinj.com\/blog\/#website\",\"url\":\"https:\/\/www.visit-ulcinj.com\/blog\/\",\"name\":\"Lajme nga Ulqini\",\"description\":\"Lajme,Vijesti,Ulqini,Ulqin,Crna Gora,Mali i Zi\",\"potentialAction\":[{\"@type\":\"SearchAction\",\"target\":{\"@type\":\"EntryPoint\",\"urlTemplate\":\"https:\/\/www.visit-ulcinj.com\/blog\/?s={search_term_string}\"},\"query-input\":\"required name=search_term_string\"}],\"inLanguage\":\"en-US\"},{\"@type\":\"ImageObject\",\"inLanguage\":\"en-US\",\"@id\":\"https:\/\/www.visit-ulcinj.com\/blog\/2009\/02\/10\/prova-e-javes-arti-i-dashurise\/#primaryimage\",\"url\":\"http:\/\/www.visit-ulcinj.com\/blog\/wp-content\/uploads\/2009\/02\/banoret-prova.jpg\",\"contentUrl\":\"http:\/\/www.visit-ulcinj.com\/blog\/wp-content\/uploads\/2009\/02\/banoret-prova.jpg\"},{\"@type\":\"WebPage\",\"@id\":\"https:\/\/www.visit-ulcinj.com\/blog\/2009\/02\/10\/prova-e-javes-arti-i-dashurise\/#webpage\",\"url\":\"https:\/\/www.visit-ulcinj.com\/blog\/2009\/02\/10\/prova-e-javes-arti-i-dashurise\/\",\"name\":\"Prova e jav\u00c3\u00abs: Arti i dashuris\u00c3\u00ab\",\"isPartOf\":{\"@id\":\"https:\/\/www.visit-ulcinj.com\/blog\/#website\"},\"primaryImageOfPage\":{\"@id\":\"https:\/\/www.visit-ulcinj.com\/blog\/2009\/02\/10\/prova-e-javes-arti-i-dashurise\/#primaryimage\"},\"datePublished\":\"2009-02-10T15:57:07+00:00\",\"dateModified\":\"2009-02-10T15:57:07+00:00\",\"author\":{\"@id\":\"https:\/\/www.visit-ulcinj.com\/blog\/#\/schema\/person\/dcab619c614d3038751c63bc2aadc06d\"},\"description\":\"N\u00c3\u00ab drek\u00c3\u00ab banor\u00c3\u00abt jan\u00c3\u00ab njohur me detyr\u00c3\u00abn e par\u00c3\u00ab t\u00c3\u00ab prov\u00c3\u00abs s\u00c3\u00ab jav\u00c3\u00abs. Duke qen\u00c3\u00ab se vet\u00c3\u00abm pak dit\u00c3\u00ab na ndajn\u00c3\u00ab nga Sh\u00c3\u00abn Valentini apo Festa e t\u00c3\u00ab dashuruarve.\",\"breadcrumb\":{\"@id\":\"https:\/\/www.visit-ulcinj.com\/blog\/2009\/02\/10\/prova-e-javes-arti-i-dashurise\/#breadcrumb\"},\"inLanguage\":\"en-US\",\"potentialAction\":[{\"@type\":\"ReadAction\",\"target\":[\"https:\/\/www.visit-ulcinj.com\/blog\/2009\/02\/10\/prova-e-javes-arti-i-dashurise\/\"]}]},{\"@type\":\"BreadcrumbList\",\"@id\":\"https:\/\/www.visit-ulcinj.com\/blog\/2009\/02\/10\/prova-e-javes-arti-i-dashurise\/#breadcrumb\",\"itemListElement\":[{\"@type\":\"ListItem\",\"position\":1,\"name\":\"Prova e jav\u00ebs: Arti i dashuris\u00eb\"}]},{\"@type\":\"Person\",\"@id\":\"https:\/\/www.visit-ulcinj.com\/blog\/#\/schema\/person\/dcab619c614d3038751c63bc2aadc06d\",\"name\":\"ulqini\",\"sameAs\":[\"http:\/\/www.visit-ulcinj.com\"],\"url\":\"https:\/\/www.visit-ulcinj.com\/blog\/author\/admin\/\"}]}<\/script>\n<!-- \/ Yoast SEO plugin. -->","yoast_head_json":{"title":"Prova e jav\u00c3\u00abs: Arti i dashuris\u00c3\u00ab","description":"N\u00c3\u00ab drek\u00c3\u00ab banor\u00c3\u00abt jan\u00c3\u00ab njohur me detyr\u00c3\u00abn e par\u00c3\u00ab t\u00c3\u00ab prov\u00c3\u00abs s\u00c3\u00ab jav\u00c3\u00abs. Duke qen\u00c3\u00ab se vet\u00c3\u00abm pak dit\u00c3\u00ab na ndajn\u00c3\u00ab nga Sh\u00c3\u00abn Valentini apo Festa e t\u00c3\u00ab dashuruarve.","robots":{"index":"index","follow":"follow","max-snippet":"max-snippet:-1","max-image-preview":"max-image-preview:large","max-video-preview":"max-video-preview:-1"},"canonical":"https:\/\/www.visit-ulcinj.com\/blog\/2009\/02\/10\/prova-e-javes-arti-i-dashurise\/","og_locale":"en_US","og_type":"article","og_title":"Prova e jav\u00c3\u00abs: Arti i dashuris\u00c3\u00ab","og_description":"N\u00c3\u00ab drek\u00c3\u00ab banor\u00c3\u00abt jan\u00c3\u00ab njohur me detyr\u00c3\u00abn e par\u00c3\u00ab t\u00c3\u00ab prov\u00c3\u00abs s\u00c3\u00ab jav\u00c3\u00abs. Duke qen\u00c3\u00ab se vet\u00c3\u00abm pak dit\u00c3\u00ab na ndajn\u00c3\u00ab nga Sh\u00c3\u00abn Valentini apo Festa e t\u00c3\u00ab dashuruarve.","og_url":"https:\/\/www.visit-ulcinj.com\/blog\/2009\/02\/10\/prova-e-javes-arti-i-dashurise\/","og_site_name":"Lajme nga Ulqini","article_published_time":"2009-02-10T15:57:07+00:00","og_image":[{"url":"http:\/\/www.visit-ulcinj.com\/blog\/wp-content\/uploads\/2009\/02\/banoret-prova.jpg"}],"twitter_misc":{"Written by":"ulqini","Est. reading time":"1 minute"},"schema":{"@context":"https:\/\/schema.org","@graph":[{"@type":"WebSite","@id":"https:\/\/www.visit-ulcinj.com\/blog\/#website","url":"https:\/\/www.visit-ulcinj.com\/blog\/","name":"Lajme nga Ulqini","description":"Lajme,Vijesti,Ulqini,Ulqin,Crna Gora,Mali i Zi","potentialAction":[{"@type":"SearchAction","target":{"@type":"EntryPoint","urlTemplate":"https:\/\/www.visit-ulcinj.com\/blog\/?s={search_term_string}"},"query-input":"required name=search_term_string"}],"inLanguage":"en-US"},{"@type":"ImageObject","inLanguage":"en-US","@id":"https:\/\/www.visit-ulcinj.com\/blog\/2009\/02\/10\/prova-e-javes-arti-i-dashurise\/#primaryimage","url":"http:\/\/www.visit-ulcinj.com\/blog\/wp-content\/uploads\/2009\/02\/banoret-prova.jpg","contentUrl":"http:\/\/www.visit-ulcinj.com\/blog\/wp-content\/uploads\/2009\/02\/banoret-prova.jpg"},{"@type":"WebPage","@id":"https:\/\/www.visit-ulcinj.com\/blog\/2009\/02\/10\/prova-e-javes-arti-i-dashurise\/#webpage","url":"https:\/\/www.visit-ulcinj.com\/blog\/2009\/02\/10\/prova-e-javes-arti-i-dashurise\/","name":"Prova e jav\u00c3\u00abs: Arti i dashuris\u00c3\u00ab","isPartOf":{"@id":"https:\/\/www.visit-ulcinj.com\/blog\/#website"},"primaryImageOfPage":{"@id":"https:\/\/www.visit-ulcinj.com\/blog\/2009\/02\/10\/prova-e-javes-arti-i-dashurise\/#primaryimage"},"datePublished":"2009-02-10T15:57:07+00:00","dateModified":"2009-02-10T15:57:07+00:00","author":{"@id":"https:\/\/www.visit-ulcinj.com\/blog\/#\/schema\/person\/dcab619c614d3038751c63bc2aadc06d"},"description":"N\u00c3\u00ab drek\u00c3\u00ab banor\u00c3\u00abt jan\u00c3\u00ab njohur me detyr\u00c3\u00abn e par\u00c3\u00ab t\u00c3\u00ab prov\u00c3\u00abs s\u00c3\u00ab jav\u00c3\u00abs. Duke qen\u00c3\u00ab se vet\u00c3\u00abm pak dit\u00c3\u00ab na ndajn\u00c3\u00ab nga Sh\u00c3\u00abn Valentini apo Festa e t\u00c3\u00ab dashuruarve.","breadcrumb":{"@id":"https:\/\/www.visit-ulcinj.com\/blog\/2009\/02\/10\/prova-e-javes-arti-i-dashurise\/#breadcrumb"},"inLanguage":"en-US","potentialAction":[{"@type":"ReadAction","target":["https:\/\/www.visit-ulcinj.com\/blog\/2009\/02\/10\/prova-e-javes-arti-i-dashurise\/"]}]},{"@type":"BreadcrumbList","@id":"https:\/\/www.visit-ulcinj.com\/blog\/2009\/02\/10\/prova-e-javes-arti-i-dashurise\/#breadcrumb","itemListElement":[{"@type":"ListItem","position":1,"name":"Prova e jav\u00ebs: Arti i dashuris\u00eb"}]},{"@type":"Person","@id":"https:\/\/www.visit-ulcinj.com\/blog\/#\/schema\/person\/dcab619c614d3038751c63bc2aadc06d","name":"ulqini","sameAs":["http:\/\/www.visit-ulcinj.com"],"url":"https:\/\/www.visit-ulcinj.com\/blog\/author\/admin\/"}]}},"jetpack_featured_media_url":"","jetpack_sharing_enabled":true,"jetpack_shortlink":"https:\/\/wp.me\/pe6lTn-2TG","_links":{"self":[{"href":"https:\/\/www.visit-ulcinj.com\/blog\/wp-json\/wp\/v2\/posts\/11140"}],"collection":[{"href":"https:\/\/www.visit-ulcinj.com\/blog\/wp-json\/wp\/v2\/posts"}],"about":[{"href":"https:\/\/www.visit-ulcinj.com\/blog\/wp-json\/wp\/v2\/types\/post"}],"author":[{"embeddable":true,"href":"https:\/\/www.visit-ulcinj.com\/blog\/wp-json\/wp\/v2\/users\/1"}],"replies":[{"embeddable":true,"href":"https:\/\/www.visit-ulcinj.com\/blog\/wp-json\/wp\/v2\/comments?post=11140"}],"version-history":[{"count":0,"href":"https:\/\/www.visit-ulcinj.com\/blog\/wp-json\/wp\/v2\/posts\/11140\/revisions"}],"wp:attachment":[{"href":"https:\/\/www.visit-ulcinj.com\/blog\/wp-json\/wp\/v2\/media?parent=11140"}],"wp:term":[{"taxonomy":"category","embeddable":true,"href":"https:\/\/www.visit-ulcinj.com\/blog\/wp-json\/wp\/v2\/categories?post=11140"},{"taxonomy":"post_tag","embeddable":true,"href":"https:\/\/www.visit-ulcinj.com\/blog\/wp-json\/wp\/v2\/tags?post=11140"}],"curies":[{"name":"wp","href":"https:\/\/api.w.org\/{rel}","templated":true}]}}