{"id":11183,"date":"2009-02-10T19:32:38","date_gmt":"2009-02-10T18:32:38","guid":{"rendered":"http:\/\/www.visit-ulcinj.com\/blog\/?p=11183"},"modified":"2009-02-10T19:34:08","modified_gmt":"2009-02-10T18:34:08","slug":"ulcinj-za-jedan-kvadrat-i-do-250-eura","status":"publish","type":"post","link":"https:\/\/www.visit-ulcinj.com\/blog\/2009\/02\/10\/ulcinj-za-jedan-kvadrat-i-do-250-eura\/","title":{"rendered":"Ulcinj: Za jedan kvadrat i do 250 eura"},"content":{"rendered":"<p><strong><a href=\"http:\/\/www.visit-ulcinj.com\/blog\/wp-content\/uploads\/2009\/02\/kaplan-mucaj-_blerim-hollaj-_pdp_ulcinj.jpg\"><img loading=\"lazy\" class=\"alignleft size-full wp-image-11184\" title=\"kaplan-mucaj-_blerim-hollaj-_pdp_ulcinj\" src=\"http:\/\/www.visit-ulcinj.com\/blog\/wp-content\/uploads\/2009\/02\/kaplan-mucaj-_blerim-hollaj-_pdp_ulcinj.jpg\" alt=\"kaplan-mucaj-_blerim-hollaj-_pdp_ulcinj\" width=\"570\" height=\"350\" \/><\/a>Rasprava u so ulcinj o predlogu odluke o komunalijama<\/strong><\/p>\n<p>Ulcinj &#8211; Odbornici u ulcinjskom parlamentu po?eli su ju?e raspravu o predlogu odluke o naknadi za ure?enje gra?evinskog zemlji\u0161ta, ali je sjednica prekinuta ne\u0161to prije 15 ?asova, nakon \u0161to je odbornik PDP Kaplan Mu?aj svog kolegu iz redova DSA Basri Liku nazvao pogrdnim imenom, a opozicija u znak protesta napustila salu. Predsjednik parlamenta Muhamet Nika je nastavak sjednice zakazao za petak.<\/p>\n<p>Prema predlogu odluke, za sve objekte u ekstra zoni, kojoj pripadaju Stari grad, Pristan, Borova \u0161uma od biv\u0161eg \u201cJadrana\u201d do ponte od ?erana, Velika pla\u017ea od ponte od ?erana do Bojane i od obale do magistralnog puta Ulcinj-Ada, Ada i Valdanos, naknada po kvadratu neto povr\u0161ine objekta iznosi?e 250 eura.<\/p>\n<p>Za industrijsku i servisno-skladi\u0161nu zonu, investitori ?e naknadu pla?ati 80 eura po kvadratu objekta.<\/p>\n<p>Grad je predlogom odluke podijeljen u \u0161est zona koje imaju razli?ite tarife za stambene, poslovne i hotelske objekte.<\/p>\n<p>U prvoj zoni, naknada za kvadrat stambenog, poslovnog i hotelskog objekta iznosi 50, odnosno 100 i 160 eura, u drugoj 39, 78 i 130 eura, u tre?oj 33, 66 i 108, u ?etvrtoj 22, 44 i 72 i u petoj 17, 34 i 54 eura, dok ?e se za podru?je \u0160asa, koje je uvr\u0161teno u \u0161estu zonu, naknada odrediti naknadno.<\/p>\n<p>Odbornici opozicije osporili su zakonitost predloga odluke, tra\u017ee?i da je predlaga? povu?e iz procedure ili Skup\u0161tina sa dnevnog reda.<\/p>\n<p>Odbornik Force D\u017eaudet Cakuli kazao je da predlog odluke nije uskla?en sa novim zakonom.<\/p>\n<p>&#8211; Novi zakon ne tretira ure?enje gra?evinskog zemlji\u0161ta, ve? komunalno opremanje. Neko nije dobro pro?itao zakon ili nije obratio pa\u017enju na to, ali me ?udi da je Odbor za statut i propise dao zeleno svjetlo za usvajanje &#8211; kazao je Cakuli.<\/p>\n<p><strong>Ba\u0161ovi?: Sve je po zakonu<\/strong><\/p>\n<p>Predsjednik Odbora za statut i propise Borislav Ba\u0161ovi? odbacio je optu\u017ebe opozicije o zakonskoj neosnovanosti predloga.<\/p>\n<p>&#8211; Predlog odluke je potpuno usagla\u0161en sa zakonom koji tretira pitanje ure?ivanja gra?evinskog zemlji\u0161ta, a u okviru njega i komunalno opremanje &#8211; kazao je Ba\u0161ovi? i dodao da je predlaga? prihvatio sve predloga Odbora za statut i propise i bud\u017eet i finansije.<\/p>\n<p><strong>S.A.<\/p>\n<p>Izvor \/ Vijesti<\/strong><\/p>\n","protected":false},"excerpt":{"rendered":"<p>Rasprava u so ulcinj o predlogu odluke o komunalijama Ulcinj &#8211; Odbornici u ulcinjskom parlamentu po?eli su ju?e raspravu o predlogu odluke o naknadi za ure?enje gra?evinskog zemlji\u0161ta, ali je sjednica prekinuta ne\u0161to prije 15 ?asova, nakon \u0161to je odbornik PDP Kaplan Mu?aj svog kolegu iz redova DSA Basri Liku nazvao pogrdnim imenom, a opozicija [&hellip;]<\/p>\n","protected":false},"author":1,"featured_media":0,"comment_status":"open","ping_status":"closed","sticky":false,"template":"","format":"standard","meta":{"spay_email":"","jetpack_publicize_message":"","jetpack_is_tweetstorm":false,"jetpack_publicize_feature_enabled":true},"categories":[6],"tags":[6674,6672,6668,6675,5334,6670,6676,6671,4229,850,19,6673,6669],"jetpack_publicize_connections":[],"yoast_head":"<!-- This site is optimized with the Yoast SEO plugin v19.1 - https:\/\/yoast.com\/wordpress\/plugins\/seo\/ -->\n<title>Ulcinj: Za jedan kvadrat i do 250 eura - Lajme nga Ulqini<\/title>\n<meta name=\"description\" content=\"Rasprava u so ulcinj o predlogu odluke o komunalijama Ulcinj - Odbornici u ulcinjskom parlamentu po?eli su ju?e raspravu o predlogu odluke o naknadi za\" \/>\n<meta name=\"robots\" content=\"index, follow, max-snippet:-1, max-image-preview:large, max-video-preview:-1\" \/>\n<link rel=\"canonical\" href=\"https:\/\/www.visit-ulcinj.com\/blog\/2009\/02\/10\/ulcinj-za-jedan-kvadrat-i-do-250-eura\/\" \/>\n<meta property=\"og:locale\" content=\"en_US\" \/>\n<meta property=\"og:type\" content=\"article\" \/>\n<meta property=\"og:title\" content=\"Ulcinj: Za jedan kvadrat i do 250 eura - Lajme nga Ulqini\" \/>\n<meta property=\"og:description\" content=\"Rasprava u so ulcinj o predlogu odluke o komunalijama Ulcinj - Odbornici u ulcinjskom parlamentu po?eli su ju?e raspravu o predlogu odluke o naknadi za\" \/>\n<meta property=\"og:url\" content=\"https:\/\/www.visit-ulcinj.com\/blog\/2009\/02\/10\/ulcinj-za-jedan-kvadrat-i-do-250-eura\/\" \/>\n<meta property=\"og:site_name\" content=\"Lajme nga Ulqini\" \/>\n<meta property=\"article:published_time\" content=\"2009-02-10T18:32:38+00:00\" \/>\n<meta property=\"article:modified_time\" content=\"2009-02-10T18:34:08+00:00\" \/>\n<meta property=\"og:image\" content=\"http:\/\/www.visit-ulcinj.com\/blog\/wp-content\/uploads\/2009\/02\/kaplan-mucaj-_blerim-hollaj-_pdp_ulcinj.jpg\" \/>\n<meta name=\"twitter:label1\" content=\"Written by\" \/>\n\t<meta name=\"twitter:data1\" content=\"ulqini\" \/>\n\t<meta name=\"twitter:label2\" content=\"Est. reading time\" \/>\n\t<meta name=\"twitter:data2\" content=\"2 minutes\" \/>\n<script type=\"application\/ld+json\" class=\"yoast-schema-graph\">{\"@context\":\"https:\/\/schema.org\",\"@graph\":[{\"@type\":\"WebSite\",\"@id\":\"https:\/\/www.visit-ulcinj.com\/blog\/#website\",\"url\":\"https:\/\/www.visit-ulcinj.com\/blog\/\",\"name\":\"Lajme nga Ulqini\",\"description\":\"Lajme,Vijesti,Ulqini,Ulqin,Crna Gora,Mali i Zi\",\"potentialAction\":[{\"@type\":\"SearchAction\",\"target\":{\"@type\":\"EntryPoint\",\"urlTemplate\":\"https:\/\/www.visit-ulcinj.com\/blog\/?s={search_term_string}\"},\"query-input\":\"required name=search_term_string\"}],\"inLanguage\":\"en-US\"},{\"@type\":\"ImageObject\",\"inLanguage\":\"en-US\",\"@id\":\"https:\/\/www.visit-ulcinj.com\/blog\/2009\/02\/10\/ulcinj-za-jedan-kvadrat-i-do-250-eura\/#primaryimage\",\"url\":\"https:\/\/www.visit-ulcinj.com\/blog\/wp-content\/uploads\/2009\/02\/kaplan-mucaj-_blerim-hollaj-_pdp_ulcinj.jpg\",\"contentUrl\":\"https:\/\/www.visit-ulcinj.com\/blog\/wp-content\/uploads\/2009\/02\/kaplan-mucaj-_blerim-hollaj-_pdp_ulcinj.jpg\",\"width\":\"290\",\"height\":\"190\"},{\"@type\":\"WebPage\",\"@id\":\"https:\/\/www.visit-ulcinj.com\/blog\/2009\/02\/10\/ulcinj-za-jedan-kvadrat-i-do-250-eura\/#webpage\",\"url\":\"https:\/\/www.visit-ulcinj.com\/blog\/2009\/02\/10\/ulcinj-za-jedan-kvadrat-i-do-250-eura\/\",\"name\":\"Ulcinj: Za jedan kvadrat i do 250 eura - Lajme nga Ulqini\",\"isPartOf\":{\"@id\":\"https:\/\/www.visit-ulcinj.com\/blog\/#website\"},\"primaryImageOfPage\":{\"@id\":\"https:\/\/www.visit-ulcinj.com\/blog\/2009\/02\/10\/ulcinj-za-jedan-kvadrat-i-do-250-eura\/#primaryimage\"},\"datePublished\":\"2009-02-10T18:32:38+00:00\",\"dateModified\":\"2009-02-10T18:34:08+00:00\",\"author\":{\"@id\":\"https:\/\/www.visit-ulcinj.com\/blog\/#\/schema\/person\/dcab619c614d3038751c63bc2aadc06d\"},\"description\":\"Rasprava u so ulcinj o predlogu odluke o komunalijama Ulcinj - Odbornici u ulcinjskom parlamentu po?eli su ju?e raspravu o predlogu odluke o naknadi za\",\"breadcrumb\":{\"@id\":\"https:\/\/www.visit-ulcinj.com\/blog\/2009\/02\/10\/ulcinj-za-jedan-kvadrat-i-do-250-eura\/#breadcrumb\"},\"inLanguage\":\"en-US\",\"potentialAction\":[{\"@type\":\"ReadAction\",\"target\":[\"https:\/\/www.visit-ulcinj.com\/blog\/2009\/02\/10\/ulcinj-za-jedan-kvadrat-i-do-250-eura\/\"]}]},{\"@type\":\"BreadcrumbList\",\"@id\":\"https:\/\/www.visit-ulcinj.com\/blog\/2009\/02\/10\/ulcinj-za-jedan-kvadrat-i-do-250-eura\/#breadcrumb\",\"itemListElement\":[{\"@type\":\"ListItem\",\"position\":1,\"name\":\"Ulcinj: Za jedan kvadrat i do 250 eura\"}]},{\"@type\":\"Person\",\"@id\":\"https:\/\/www.visit-ulcinj.com\/blog\/#\/schema\/person\/dcab619c614d3038751c63bc2aadc06d\",\"name\":\"ulqini\",\"sameAs\":[\"http:\/\/www.visit-ulcinj.com\"],\"url\":\"https:\/\/www.visit-ulcinj.com\/blog\/author\/admin\/\"}]}<\/script>\n<!-- \/ Yoast SEO plugin. -->","yoast_head_json":{"title":"Ulcinj: Za jedan kvadrat i do 250 eura - Lajme nga Ulqini","description":"Rasprava u so ulcinj o predlogu odluke o komunalijama Ulcinj - Odbornici u ulcinjskom parlamentu po?eli su ju?e raspravu o predlogu odluke o naknadi za","robots":{"index":"index","follow":"follow","max-snippet":"max-snippet:-1","max-image-preview":"max-image-preview:large","max-video-preview":"max-video-preview:-1"},"canonical":"https:\/\/www.visit-ulcinj.com\/blog\/2009\/02\/10\/ulcinj-za-jedan-kvadrat-i-do-250-eura\/","og_locale":"en_US","og_type":"article","og_title":"Ulcinj: Za jedan kvadrat i do 250 eura - Lajme nga Ulqini","og_description":"Rasprava u so ulcinj o predlogu odluke o komunalijama Ulcinj - Odbornici u ulcinjskom parlamentu po?eli su ju?e raspravu o predlogu odluke o naknadi za","og_url":"https:\/\/www.visit-ulcinj.com\/blog\/2009\/02\/10\/ulcinj-za-jedan-kvadrat-i-do-250-eura\/","og_site_name":"Lajme nga Ulqini","article_published_time":"2009-02-10T18:32:38+00:00","article_modified_time":"2009-02-10T18:34:08+00:00","og_image":[{"url":"http:\/\/www.visit-ulcinj.com\/blog\/wp-content\/uploads\/2009\/02\/kaplan-mucaj-_blerim-hollaj-_pdp_ulcinj.jpg"}],"twitter_misc":{"Written by":"ulqini","Est. reading time":"2 minutes"},"schema":{"@context":"https:\/\/schema.org","@graph":[{"@type":"WebSite","@id":"https:\/\/www.visit-ulcinj.com\/blog\/#website","url":"https:\/\/www.visit-ulcinj.com\/blog\/","name":"Lajme nga Ulqini","description":"Lajme,Vijesti,Ulqini,Ulqin,Crna Gora,Mali i Zi","potentialAction":[{"@type":"SearchAction","target":{"@type":"EntryPoint","urlTemplate":"https:\/\/www.visit-ulcinj.com\/blog\/?s={search_term_string}"},"query-input":"required name=search_term_string"}],"inLanguage":"en-US"},{"@type":"ImageObject","inLanguage":"en-US","@id":"https:\/\/www.visit-ulcinj.com\/blog\/2009\/02\/10\/ulcinj-za-jedan-kvadrat-i-do-250-eura\/#primaryimage","url":"https:\/\/www.visit-ulcinj.com\/blog\/wp-content\/uploads\/2009\/02\/kaplan-mucaj-_blerim-hollaj-_pdp_ulcinj.jpg","contentUrl":"https:\/\/www.visit-ulcinj.com\/blog\/wp-content\/uploads\/2009\/02\/kaplan-mucaj-_blerim-hollaj-_pdp_ulcinj.jpg","width":"290","height":"190"},{"@type":"WebPage","@id":"https:\/\/www.visit-ulcinj.com\/blog\/2009\/02\/10\/ulcinj-za-jedan-kvadrat-i-do-250-eura\/#webpage","url":"https:\/\/www.visit-ulcinj.com\/blog\/2009\/02\/10\/ulcinj-za-jedan-kvadrat-i-do-250-eura\/","name":"Ulcinj: Za jedan kvadrat i do 250 eura - Lajme nga Ulqini","isPartOf":{"@id":"https:\/\/www.visit-ulcinj.com\/blog\/#website"},"primaryImageOfPage":{"@id":"https:\/\/www.visit-ulcinj.com\/blog\/2009\/02\/10\/ulcinj-za-jedan-kvadrat-i-do-250-eura\/#primaryimage"},"datePublished":"2009-02-10T18:32:38+00:00","dateModified":"2009-02-10T18:34:08+00:00","author":{"@id":"https:\/\/www.visit-ulcinj.com\/blog\/#\/schema\/person\/dcab619c614d3038751c63bc2aadc06d"},"description":"Rasprava u so ulcinj o predlogu odluke o komunalijama Ulcinj - Odbornici u ulcinjskom parlamentu po?eli su ju?e raspravu o predlogu odluke o naknadi za","breadcrumb":{"@id":"https:\/\/www.visit-ulcinj.com\/blog\/2009\/02\/10\/ulcinj-za-jedan-kvadrat-i-do-250-eura\/#breadcrumb"},"inLanguage":"en-US","potentialAction":[{"@type":"ReadAction","target":["https:\/\/www.visit-ulcinj.com\/blog\/2009\/02\/10\/ulcinj-za-jedan-kvadrat-i-do-250-eura\/"]}]},{"@type":"BreadcrumbList","@id":"https:\/\/www.visit-ulcinj.com\/blog\/2009\/02\/10\/ulcinj-za-jedan-kvadrat-i-do-250-eura\/#breadcrumb","itemListElement":[{"@type":"ListItem","position":1,"name":"Ulcinj: Za jedan kvadrat i do 250 eura"}]},{"@type":"Person","@id":"https:\/\/www.visit-ulcinj.com\/blog\/#\/schema\/person\/dcab619c614d3038751c63bc2aadc06d","name":"ulqini","sameAs":["http:\/\/www.visit-ulcinj.com"],"url":"https:\/\/www.visit-ulcinj.com\/blog\/author\/admin\/"}]}},"jetpack_featured_media_url":"","jetpack_sharing_enabled":true,"jetpack_shortlink":"https:\/\/wp.me\/pe6lTn-2Un","_links":{"self":[{"href":"https:\/\/www.visit-ulcinj.com\/blog\/wp-json\/wp\/v2\/posts\/11183"}],"collection":[{"href":"https:\/\/www.visit-ulcinj.com\/blog\/wp-json\/wp\/v2\/posts"}],"about":[{"href":"https:\/\/www.visit-ulcinj.com\/blog\/wp-json\/wp\/v2\/types\/post"}],"author":[{"embeddable":true,"href":"https:\/\/www.visit-ulcinj.com\/blog\/wp-json\/wp\/v2\/users\/1"}],"replies":[{"embeddable":true,"href":"https:\/\/www.visit-ulcinj.com\/blog\/wp-json\/wp\/v2\/comments?post=11183"}],"version-history":[{"count":0,"href":"https:\/\/www.visit-ulcinj.com\/blog\/wp-json\/wp\/v2\/posts\/11183\/revisions"}],"wp:attachment":[{"href":"https:\/\/www.visit-ulcinj.com\/blog\/wp-json\/wp\/v2\/media?parent=11183"}],"wp:term":[{"taxonomy":"category","embeddable":true,"href":"https:\/\/www.visit-ulcinj.com\/blog\/wp-json\/wp\/v2\/categories?post=11183"},{"taxonomy":"post_tag","embeddable":true,"href":"https:\/\/www.visit-ulcinj.com\/blog\/wp-json\/wp\/v2\/tags?post=11183"}],"curies":[{"name":"wp","href":"https:\/\/api.w.org\/{rel}","templated":true}]}}