{"id":11208,"date":"2009-02-10T20:58:14","date_gmt":"2009-02-10T19:58:14","guid":{"rendered":"http:\/\/www.visit-ulcinj.com\/blog\/?p=11208"},"modified":"2009-02-10T20:58:14","modified_gmt":"2009-02-10T19:58:14","slug":"aida-u-lexon-filxhanin-banoreve","status":"publish","type":"post","link":"https:\/\/www.visit-ulcinj.com\/blog\/2009\/02\/10\/aida-u-lexon-filxhanin-banoreve\/","title":{"rendered":"AIDA U LEXON FILXHANIN BANOR\u00cbVE"},"content":{"rendered":"<p><strong><a href=\"http:\/\/www.visit-ulcinj.com\/blog\/wp-content\/uploads\/2009\/02\/aida-arjon.jpg\"><img loading=\"lazy\" class=\"alignleft size-full wp-image-11206\" title=\"aida-arjon\" src=\"http:\/\/www.visit-ulcinj.com\/blog\/wp-content\/uploads\/2009\/02\/aida-arjon.jpg\" alt=\"aida-arjon\" width=\"300\" height=\"205\" \/><\/a>AIDA U LEXON FILXHANIN BANOR\u00cbVE<\/strong><br \/>\n10\/02\/09 16:30<\/p>\n<p>Nd\u00ebrsa Adi fillon t\u00eb lexoj\u00eb instruksionet p\u00ebr prov\u00ebn e jav\u00ebs, Erjola i k\u00ebrkon Aid\u00ebs q\u00eb t\u2019i lexoj\u00eb filxhanin. Gjendja shpirt\u00ebrore e Erjol\u00ebs sot nuk ka qen\u00eb fort e k\u00ebnaqshme, pasi gjith\u00eb dit\u00ebn ka folur p\u00ebr vajz\u00ebn e saj, prandaj edhe ndoshta k\u00ebrkon t\u00eb m\u00ebsoj\u00eb m\u00eb shum\u00eb nga fati. Aida tregohet e gatshme p\u00ebr t\u00eb treguar ca detaje nga falli i filxhanit, por duket se ky moment shkakton edhe t\u00eb qeshura tek banor\u00ebt e tjer\u00eb, pasi ka mosmarr\u00ebveshje n\u00eb gjetjen e shkronjave q\u00eb nuk korrespondojn\u00eb me at\u00eb q\u00eb k\u00ebrkon Erjola. Kjo e fundit b\u00ebn shaka me ato q\u00eb p\u00ebrs\u00ebrit her\u00eb pas her\u00eb Aida, nd\u00ebrsa Mimoza q\u00ebndron gjat\u00eb gjith\u00eb koh\u00ebs e heshtur duke d\u00ebgjuar me kuriozitet at\u00eb q\u00eb thot\u00eb banorja tjet\u00ebr.<\/p>\n<p><strong><em>Top Channel<\/em><\/strong><em><\/em><\/p>\n","protected":false},"excerpt":{"rendered":"<p>AIDA U LEXON FILXHANIN BANOR\u00cbVE 10\/02\/09 16:30 Nd\u00ebrsa Adi fillon t\u00eb lexoj\u00eb instruksionet p\u00ebr prov\u00ebn e jav\u00ebs, Erjola i k\u00ebrkon Aid\u00ebs q\u00eb t\u2019i lexoj\u00eb filxhanin. Gjendja shpirt\u00ebrore e Erjol\u00ebs sot nuk ka qen\u00eb fort e k\u00ebnaqshme, pasi gjith\u00eb dit\u00ebn ka folur p\u00ebr vajz\u00ebn e saj, prandaj edhe ndoshta k\u00ebrkon t\u00eb m\u00ebsoj\u00eb m\u00eb shum\u00eb nga fati. [&hellip;]<\/p>\n","protected":false},"author":1,"featured_media":0,"comment_status":"open","ping_status":"closed","sticky":false,"template":"","format":"standard","meta":{"spay_email":"","jetpack_publicize_message":"","jetpack_is_tweetstorm":false,"jetpack_publicize_feature_enabled":true},"categories":[6502],"tags":[6562,6657,6566,6537,6687,6558,6504,6506,6665,6664,6604,6667,6666,6605,6567,6606,6568,6609,6610,5081],"jetpack_publicize_connections":[],"yoast_head":"<!-- This site is optimized with the Yoast SEO plugin v19.1 - https:\/\/yoast.com\/wordpress\/plugins\/seo\/ -->\n<title>AIDA U LEXON FILXHANIN BANOR\u00c3\u2039VE<\/title>\n<meta name=\"description\" content=\"Big Brother Albania 2 - Nd\u00c3\u00abrsa Aida fillon t\u00c3\u00ab lexoj\u00c3\u00ab instruksionet p\u00c3\u00abr prov\u00c3\u00abn e jav\u00c3\u00abs, Erjola i k\u00c3\u00abrkon Aid\u00c3\u00abs q\u00c3\u00ab t\u00e2\u20ac\u2122i lexoj\u00c3\u00ab filxhanin. Gjendja shpirt\u00c3\u00abrore e Erjol\u00c3\u00abs sot nuk ka qen\u00c3\u00ab fort e k\u00c3\u00abnaqshme, pasi gjith\u00c3\u00ab dit\u00c3\u00abn ka folur p\u00c3\u00abr vajz\u00c3\u00abn e saj, prandaj edhe ndoshta k\u00c3\u00abrkon t\u00c3\u00ab m\u00c3\u00absoj\u00c3\u00ab m\u00c3\u00ab shum\u00c3\u00ab nga fati\" \/>\n<meta name=\"robots\" content=\"index, follow, max-snippet:-1, max-image-preview:large, max-video-preview:-1\" \/>\n<link rel=\"canonical\" href=\"https:\/\/www.visit-ulcinj.com\/blog\/2009\/02\/10\/aida-u-lexon-filxhanin-banoreve\/\" \/>\n<meta property=\"og:locale\" content=\"en_US\" \/>\n<meta property=\"og:type\" content=\"article\" \/>\n<meta property=\"og:title\" content=\"AIDA U LEXON FILXHANIN BANOR\u00c3\u2039VE\" \/>\n<meta property=\"og:description\" content=\"Big Brother Albania 2 - Nd\u00c3\u00abrsa Aida fillon t\u00c3\u00ab lexoj\u00c3\u00ab instruksionet p\u00c3\u00abr prov\u00c3\u00abn e jav\u00c3\u00abs, Erjola i k\u00c3\u00abrkon Aid\u00c3\u00abs q\u00c3\u00ab t\u00e2\u20ac\u2122i lexoj\u00c3\u00ab filxhanin. Gjendja shpirt\u00c3\u00abrore e Erjol\u00c3\u00abs sot nuk ka qen\u00c3\u00ab fort e k\u00c3\u00abnaqshme, pasi gjith\u00c3\u00ab dit\u00c3\u00abn ka folur p\u00c3\u00abr vajz\u00c3\u00abn e saj, prandaj edhe ndoshta k\u00c3\u00abrkon t\u00c3\u00ab m\u00c3\u00absoj\u00c3\u00ab m\u00c3\u00ab shum\u00c3\u00ab nga fati\" \/>\n<meta property=\"og:url\" content=\"https:\/\/www.visit-ulcinj.com\/blog\/2009\/02\/10\/aida-u-lexon-filxhanin-banoreve\/\" \/>\n<meta property=\"og:site_name\" content=\"Lajme nga Ulqini\" \/>\n<meta property=\"article:published_time\" content=\"2009-02-10T19:58:14+00:00\" \/>\n<meta property=\"og:image\" content=\"http:\/\/www.visit-ulcinj.com\/blog\/wp-content\/uploads\/2009\/02\/aida-arjon.jpg\" \/>\n<meta name=\"twitter:label1\" content=\"Written by\" \/>\n\t<meta name=\"twitter:data1\" content=\"ulqini\" \/>\n\t<meta name=\"twitter:label2\" content=\"Est. reading time\" \/>\n\t<meta name=\"twitter:data2\" content=\"1 minute\" \/>\n<script type=\"application\/ld+json\" class=\"yoast-schema-graph\">{\"@context\":\"https:\/\/schema.org\",\"@graph\":[{\"@type\":\"WebSite\",\"@id\":\"https:\/\/www.visit-ulcinj.com\/blog\/#website\",\"url\":\"https:\/\/www.visit-ulcinj.com\/blog\/\",\"name\":\"Lajme nga Ulqini\",\"description\":\"Lajme,Vijesti,Ulqini,Ulqin,Crna Gora,Mali i Zi\",\"potentialAction\":[{\"@type\":\"SearchAction\",\"target\":{\"@type\":\"EntryPoint\",\"urlTemplate\":\"https:\/\/www.visit-ulcinj.com\/blog\/?s={search_term_string}\"},\"query-input\":\"required name=search_term_string\"}],\"inLanguage\":\"en-US\"},{\"@type\":\"ImageObject\",\"inLanguage\":\"en-US\",\"@id\":\"https:\/\/www.visit-ulcinj.com\/blog\/2009\/02\/10\/aida-u-lexon-filxhanin-banoreve\/#primaryimage\",\"url\":\"http:\/\/www.visit-ulcinj.com\/blog\/wp-content\/uploads\/2009\/02\/aida-arjon.jpg\",\"contentUrl\":\"http:\/\/www.visit-ulcinj.com\/blog\/wp-content\/uploads\/2009\/02\/aida-arjon.jpg\"},{\"@type\":\"WebPage\",\"@id\":\"https:\/\/www.visit-ulcinj.com\/blog\/2009\/02\/10\/aida-u-lexon-filxhanin-banoreve\/#webpage\",\"url\":\"https:\/\/www.visit-ulcinj.com\/blog\/2009\/02\/10\/aida-u-lexon-filxhanin-banoreve\/\",\"name\":\"AIDA U LEXON FILXHANIN BANOR\u00c3\u2039VE\",\"isPartOf\":{\"@id\":\"https:\/\/www.visit-ulcinj.com\/blog\/#website\"},\"primaryImageOfPage\":{\"@id\":\"https:\/\/www.visit-ulcinj.com\/blog\/2009\/02\/10\/aida-u-lexon-filxhanin-banoreve\/#primaryimage\"},\"datePublished\":\"2009-02-10T19:58:14+00:00\",\"dateModified\":\"2009-02-10T19:58:14+00:00\",\"author\":{\"@id\":\"https:\/\/www.visit-ulcinj.com\/blog\/#\/schema\/person\/dcab619c614d3038751c63bc2aadc06d\"},\"description\":\"Big Brother Albania 2 - Nd\u00c3\u00abrsa Aida fillon t\u00c3\u00ab lexoj\u00c3\u00ab instruksionet p\u00c3\u00abr prov\u00c3\u00abn e jav\u00c3\u00abs, Erjola i k\u00c3\u00abrkon Aid\u00c3\u00abs q\u00c3\u00ab t\u00e2\u20ac\u2122i lexoj\u00c3\u00ab filxhanin. Gjendja shpirt\u00c3\u00abrore e Erjol\u00c3\u00abs sot nuk ka qen\u00c3\u00ab fort e k\u00c3\u00abnaqshme, pasi gjith\u00c3\u00ab dit\u00c3\u00abn ka folur p\u00c3\u00abr vajz\u00c3\u00abn e saj, prandaj edhe ndoshta k\u00c3\u00abrkon t\u00c3\u00ab m\u00c3\u00absoj\u00c3\u00ab m\u00c3\u00ab shum\u00c3\u00ab nga fati\",\"breadcrumb\":{\"@id\":\"https:\/\/www.visit-ulcinj.com\/blog\/2009\/02\/10\/aida-u-lexon-filxhanin-banoreve\/#breadcrumb\"},\"inLanguage\":\"en-US\",\"potentialAction\":[{\"@type\":\"ReadAction\",\"target\":[\"https:\/\/www.visit-ulcinj.com\/blog\/2009\/02\/10\/aida-u-lexon-filxhanin-banoreve\/\"]}]},{\"@type\":\"BreadcrumbList\",\"@id\":\"https:\/\/www.visit-ulcinj.com\/blog\/2009\/02\/10\/aida-u-lexon-filxhanin-banoreve\/#breadcrumb\",\"itemListElement\":[{\"@type\":\"ListItem\",\"position\":1,\"name\":\"AIDA U LEXON FILXHANIN BANOR\u00cbVE\"}]},{\"@type\":\"Person\",\"@id\":\"https:\/\/www.visit-ulcinj.com\/blog\/#\/schema\/person\/dcab619c614d3038751c63bc2aadc06d\",\"name\":\"ulqini\",\"sameAs\":[\"http:\/\/www.visit-ulcinj.com\"],\"url\":\"https:\/\/www.visit-ulcinj.com\/blog\/author\/admin\/\"}]}<\/script>\n<!-- \/ Yoast SEO plugin. -->","yoast_head_json":{"title":"AIDA U LEXON FILXHANIN BANOR\u00c3\u2039VE","description":"Big Brother Albania 2 - Nd\u00c3\u00abrsa Aida fillon t\u00c3\u00ab lexoj\u00c3\u00ab instruksionet p\u00c3\u00abr prov\u00c3\u00abn e jav\u00c3\u00abs, Erjola i k\u00c3\u00abrkon Aid\u00c3\u00abs q\u00c3\u00ab t\u00e2\u20ac\u2122i lexoj\u00c3\u00ab filxhanin. Gjendja shpirt\u00c3\u00abrore e Erjol\u00c3\u00abs sot nuk ka qen\u00c3\u00ab fort e k\u00c3\u00abnaqshme, pasi gjith\u00c3\u00ab dit\u00c3\u00abn ka folur p\u00c3\u00abr vajz\u00c3\u00abn e saj, prandaj edhe ndoshta k\u00c3\u00abrkon t\u00c3\u00ab m\u00c3\u00absoj\u00c3\u00ab m\u00c3\u00ab shum\u00c3\u00ab nga fati","robots":{"index":"index","follow":"follow","max-snippet":"max-snippet:-1","max-image-preview":"max-image-preview:large","max-video-preview":"max-video-preview:-1"},"canonical":"https:\/\/www.visit-ulcinj.com\/blog\/2009\/02\/10\/aida-u-lexon-filxhanin-banoreve\/","og_locale":"en_US","og_type":"article","og_title":"AIDA U LEXON FILXHANIN BANOR\u00c3\u2039VE","og_description":"Big Brother Albania 2 - Nd\u00c3\u00abrsa Aida fillon t\u00c3\u00ab lexoj\u00c3\u00ab instruksionet p\u00c3\u00abr prov\u00c3\u00abn e jav\u00c3\u00abs, Erjola i k\u00c3\u00abrkon Aid\u00c3\u00abs q\u00c3\u00ab t\u00e2\u20ac\u2122i lexoj\u00c3\u00ab filxhanin. Gjendja shpirt\u00c3\u00abrore e Erjol\u00c3\u00abs sot nuk ka qen\u00c3\u00ab fort e k\u00c3\u00abnaqshme, pasi gjith\u00c3\u00ab dit\u00c3\u00abn ka folur p\u00c3\u00abr vajz\u00c3\u00abn e saj, prandaj edhe ndoshta k\u00c3\u00abrkon t\u00c3\u00ab m\u00c3\u00absoj\u00c3\u00ab m\u00c3\u00ab shum\u00c3\u00ab nga fati","og_url":"https:\/\/www.visit-ulcinj.com\/blog\/2009\/02\/10\/aida-u-lexon-filxhanin-banoreve\/","og_site_name":"Lajme nga Ulqini","article_published_time":"2009-02-10T19:58:14+00:00","og_image":[{"url":"http:\/\/www.visit-ulcinj.com\/blog\/wp-content\/uploads\/2009\/02\/aida-arjon.jpg"}],"twitter_misc":{"Written by":"ulqini","Est. reading time":"1 minute"},"schema":{"@context":"https:\/\/schema.org","@graph":[{"@type":"WebSite","@id":"https:\/\/www.visit-ulcinj.com\/blog\/#website","url":"https:\/\/www.visit-ulcinj.com\/blog\/","name":"Lajme nga Ulqini","description":"Lajme,Vijesti,Ulqini,Ulqin,Crna Gora,Mali i Zi","potentialAction":[{"@type":"SearchAction","target":{"@type":"EntryPoint","urlTemplate":"https:\/\/www.visit-ulcinj.com\/blog\/?s={search_term_string}"},"query-input":"required name=search_term_string"}],"inLanguage":"en-US"},{"@type":"ImageObject","inLanguage":"en-US","@id":"https:\/\/www.visit-ulcinj.com\/blog\/2009\/02\/10\/aida-u-lexon-filxhanin-banoreve\/#primaryimage","url":"http:\/\/www.visit-ulcinj.com\/blog\/wp-content\/uploads\/2009\/02\/aida-arjon.jpg","contentUrl":"http:\/\/www.visit-ulcinj.com\/blog\/wp-content\/uploads\/2009\/02\/aida-arjon.jpg"},{"@type":"WebPage","@id":"https:\/\/www.visit-ulcinj.com\/blog\/2009\/02\/10\/aida-u-lexon-filxhanin-banoreve\/#webpage","url":"https:\/\/www.visit-ulcinj.com\/blog\/2009\/02\/10\/aida-u-lexon-filxhanin-banoreve\/","name":"AIDA U LEXON FILXHANIN BANOR\u00c3\u2039VE","isPartOf":{"@id":"https:\/\/www.visit-ulcinj.com\/blog\/#website"},"primaryImageOfPage":{"@id":"https:\/\/www.visit-ulcinj.com\/blog\/2009\/02\/10\/aida-u-lexon-filxhanin-banoreve\/#primaryimage"},"datePublished":"2009-02-10T19:58:14+00:00","dateModified":"2009-02-10T19:58:14+00:00","author":{"@id":"https:\/\/www.visit-ulcinj.com\/blog\/#\/schema\/person\/dcab619c614d3038751c63bc2aadc06d"},"description":"Big Brother Albania 2 - Nd\u00c3\u00abrsa Aida fillon t\u00c3\u00ab lexoj\u00c3\u00ab instruksionet p\u00c3\u00abr prov\u00c3\u00abn e jav\u00c3\u00abs, Erjola i k\u00c3\u00abrkon Aid\u00c3\u00abs q\u00c3\u00ab t\u00e2\u20ac\u2122i lexoj\u00c3\u00ab filxhanin. Gjendja shpirt\u00c3\u00abrore e Erjol\u00c3\u00abs sot nuk ka qen\u00c3\u00ab fort e k\u00c3\u00abnaqshme, pasi gjith\u00c3\u00ab dit\u00c3\u00abn ka folur p\u00c3\u00abr vajz\u00c3\u00abn e saj, prandaj edhe ndoshta k\u00c3\u00abrkon t\u00c3\u00ab m\u00c3\u00absoj\u00c3\u00ab m\u00c3\u00ab shum\u00c3\u00ab nga fati","breadcrumb":{"@id":"https:\/\/www.visit-ulcinj.com\/blog\/2009\/02\/10\/aida-u-lexon-filxhanin-banoreve\/#breadcrumb"},"inLanguage":"en-US","potentialAction":[{"@type":"ReadAction","target":["https:\/\/www.visit-ulcinj.com\/blog\/2009\/02\/10\/aida-u-lexon-filxhanin-banoreve\/"]}]},{"@type":"BreadcrumbList","@id":"https:\/\/www.visit-ulcinj.com\/blog\/2009\/02\/10\/aida-u-lexon-filxhanin-banoreve\/#breadcrumb","itemListElement":[{"@type":"ListItem","position":1,"name":"AIDA U LEXON FILXHANIN BANOR\u00cbVE"}]},{"@type":"Person","@id":"https:\/\/www.visit-ulcinj.com\/blog\/#\/schema\/person\/dcab619c614d3038751c63bc2aadc06d","name":"ulqini","sameAs":["http:\/\/www.visit-ulcinj.com"],"url":"https:\/\/www.visit-ulcinj.com\/blog\/author\/admin\/"}]}},"jetpack_featured_media_url":"","jetpack_sharing_enabled":true,"jetpack_shortlink":"https:\/\/wp.me\/pe6lTn-2UM","_links":{"self":[{"href":"https:\/\/www.visit-ulcinj.com\/blog\/wp-json\/wp\/v2\/posts\/11208"}],"collection":[{"href":"https:\/\/www.visit-ulcinj.com\/blog\/wp-json\/wp\/v2\/posts"}],"about":[{"href":"https:\/\/www.visit-ulcinj.com\/blog\/wp-json\/wp\/v2\/types\/post"}],"author":[{"embeddable":true,"href":"https:\/\/www.visit-ulcinj.com\/blog\/wp-json\/wp\/v2\/users\/1"}],"replies":[{"embeddable":true,"href":"https:\/\/www.visit-ulcinj.com\/blog\/wp-json\/wp\/v2\/comments?post=11208"}],"version-history":[{"count":0,"href":"https:\/\/www.visit-ulcinj.com\/blog\/wp-json\/wp\/v2\/posts\/11208\/revisions"}],"wp:attachment":[{"href":"https:\/\/www.visit-ulcinj.com\/blog\/wp-json\/wp\/v2\/media?parent=11208"}],"wp:term":[{"taxonomy":"category","embeddable":true,"href":"https:\/\/www.visit-ulcinj.com\/blog\/wp-json\/wp\/v2\/categories?post=11208"},{"taxonomy":"post_tag","embeddable":true,"href":"https:\/\/www.visit-ulcinj.com\/blog\/wp-json\/wp\/v2\/tags?post=11208"}],"curies":[{"name":"wp","href":"https:\/\/api.w.org\/{rel}","templated":true}]}}