{"id":1121,"date":"2008-04-02T07:31:26","date_gmt":"2008-04-02T12:31:26","guid":{"rendered":"http:\/\/www.visit-ulcinj.com\/blog\/?p=1121"},"modified":"2008-04-02T07:34:37","modified_gmt":"2008-04-02T12:34:37","slug":"reagim-ndaj-shkreses-se-udsh-se-deges-se-malesise","status":"publish","type":"post","link":"https:\/\/www.visit-ulcinj.com\/blog\/2008\/04\/02\/reagim-ndaj-shkreses-se-udsh-se-deges-se-malesise\/","title":{"rendered":"Reagim ndaj shkres\u00ebs se UDSH-s\u00eb-Deg\u00ebs s\u00eb Mal\u00ebsis\u00eb,"},"content":{"rendered":"<p style=\"text-align: left;\"><a href=\"http:\/\/www.visit-ulcinj.com\/blog\/wp-content\/uploads\/2008\/03\/nikolle-camaj1.jpg\"><img loading=\"lazy\" class=\"alignleft size-thumbnail wp-image-740\" style=\"float: left;\" title=\"Nikol\u00eb Camaj\" src=\"http:\/\/www.visit-ulcinj.com\/blog\/wp-content\/uploads\/2008\/03\/nikolle-camaj1.jpg\" alt=\"Nikol\u00eb Camaj_LDMZ\" width=\"149\" height=\"159\" \/><\/a>Edhepse heshtja do t\u00eb ishte demanti m\u00eb i mir\u00eb i shkres\u00ebs n\u00eb fjal\u00eb, jemi t\u00eb detyruar t\u00eb reagojm\u00eb vet\u00ebm p\u00ebr hir\u00eb se e shkruara mbetet. Duke filluar q\u00eb nga titulli e deri te fjalia e fundit, teksti-pamflet i UDSH-s\u00eb \u00ebsht\u00eb tejet tedencioz, i pavler\u00eb e madje edhe i pakuptimt\u00eb. Zot\u00ebrinjt\u00eb, si duket nuk vler\u00ebsojn\u00eb se k\u00ebshilltari ka pesh\u00ebn e vet, pa marr\u00eb parasysh nga i cili subjekt politik vjen, andaj edhe publikojn\u00eb nj\u00eb nonsens t\u00eb till\u00eb, se gjoja seanca e kuvendit, pa pjes\u00ebmarrjen e UD, qenka jolegjitime. Por as q\u00eb mund t\u00eb pritej di\u00e7ka tjet\u00ebr nga ata q\u00eb dit\u00ebn kur u mbajt seanca deklaruan se nuk do t\u00eb marrin pjes\u00eb n\u00eb Kuvend ku jan\u00eb pjes\u00ebtar\u00ebt e LD, IQ dhe PSP. Sipas tyre k\u00ebshilltari i PSP-s\u00eb qenka jolegjitim, apo nuk u dashka t\u00eb marr\u00eb pjes\u00eb n\u00eb seancat e Kuvendit, apo, \u00e7ka \u00ebsht\u00eb edhe m\u00eb keq, ai nuk e paska pesh\u00ebn e nj\u00eb mandati t\u00eb plot\u00eb t\u00eb k\u00ebshilltarit, pasiq\u00eb UD e konteston shumic\u00ebn! A mos zot\u00ebrinjt\u00eb presin q\u00eb si shumic\u00eb t\u00eb instalohet UD me partenr\u00ebt e vet? Droja \u00ebsht\u00eb se do t\u00eb duhej t\u00eb pritet pak si gjat\u00eb! Zot\u00ebrinjt\u00eb, do t\u00eb duhej t\u00eb pranojn\u00eb realitetin, se Kuvendi \u00ebsht\u00eb legjitim kur n\u00eb pun\u00ebn e tij marrin pjes\u00eb shumica e k\u00ebshilltar\u00ebve dhe legjitimitetin e tij nuk e p\u00ebrcakton koalicioni midis subjekteve q\u00eb marrin pjes\u00eb n\u00eb Kuvend. Pra, kur ekziston kuorumi, Kuvendi vazhdon pun\u00ebn! P\u00ebr k\u00ebt\u00eb, zot\u00ebrinjt\u00eb do t\u00eb b\u00ebnin mir\u00eb sikur t\u00eb pyesnin njeriun e vet\u00eb, kryeadministratorin e Podgoric\u00ebs, i cili \u00ebsht\u00eb p\u00ebrgjegj\u00ebs p\u00ebr ligj\u00ebshm\u00ebrin\u00eb e pun\u00ebs n\u00eb Kryeqytet dhe i cili me siguri nuk do t\u00eb lejonte &#8220;parregull\u00ebsit\u00eb&#8221; p\u00ebr t\u00eb cilat flet UDSH-ja &#8220;shp\u00ebtimtare&#8221;!<br \/>\nE gjith\u00eb kjo ndodh\u00eb n\u00eb koh\u00ebn kur edhe UDSH e sheh se statusi i komun\u00ebs urbane nuk \u00ebsht\u00eb ajo q\u00eb i vlen Tuzit e Mal\u00ebsis\u00eb, por tenton q\u00eb, duke manipuluar t\u00eb v\u00ebrtet\u00ebn, t\u00eb kontestoj\u00eb gjith\u00e7ka q\u00eb b\u00ebjm\u00eb n\u00eb kuad\u00ebr t\u00eb mund\u00ebsive q\u00eb jep Ligji, i cili \u00ebsht\u00eb vep\u00ebr e tyre. Ata q\u00eb kan\u00eb lidhur koalicion t\u00eb \u00e7elikt\u00eb me grupacionin q\u00eb na la pa komun\u00eb, q\u00eb \u00ebsht\u00eb p\u00ebrgjegj\u00ebse p\u00ebr tortur\u00ebn mbi t\u00eb arrestuarit dhe familjar\u00ebt e tyre n\u00eb akcionin policor &#8220;Fluturimi i shqiponj\u00ebs&#8221;, me ata q\u00eb kryen privatizimin pla\u00e7kit\u00ebs e okupues t\u00eb pronave shiptare n\u00eb Mal t\u00eb Zi, ata q\u00eb instaluan shumic\u00ebn damsjell\u00ebse n\u00eb Kuvendin e Ulqinit (shih, atje paskemi shumic\u00eb legjitime e n\u00eb Tuz, sipas tyre, jo!) e sa e sa t\u00eb tjera, sot marrin guximin q\u00eb plot mllef t\u00eb akuzojn\u00eb dik\u00ebn tjet\u00ebr p\u00ebr manipulime. E gjith\u00eb kjo i ngjan\u00eb th\u00ebnies kur hajni tregon me gisht n\u00eb nj\u00eb kalimtar\u00eb t\u00eb rastit duke b\u00ebrtitur &#8220;mbajeni hajnin!&#8221;. Por, \u00ebsht\u00eb i kuptuesh\u00ebm nervozizmi i UDSH-s\u00eb pasiq\u00eb ata, si duket, ishte n\u00eb pritje t\u00eb sindromit t\u00eb Ulqinit, i cili megjithat\u00eb d\u00ebshtoi.<a href=\"http:\/\/www.visit-ulcinj.com\/blog\/wp-content\/uploads\/2008\/03\/smail-maliq-cunmulaj.jpg\"><img loading=\"lazy\" class=\"alignright size-thumbnail wp-image-1017\" style=\"float: right;\" title=\"smail-maliq \u00e7unmulaj\" src=\"http:\/\/www.visit-ulcinj.com\/blog\/wp-content\/uploads\/2008\/03\/smail-maliq-cunmulaj.jpg\" alt=\"Smail \u00c7unmulaj \" width=\"147\" height=\"150\" \/><\/a><br \/>\nPlani financiar, e t\u00eb tjerat mang\u00ebsi t\u00eb Ligjit mbi kryeqytetin, t\u00eb cilat po d\u00ebshmohen p\u00ebrdit\u00eb, e q\u00eb jan\u00eb produkt i politik\u00ebs s\u00eb tyre, produkt i atyre q\u00eb pohojn\u00eb se Mal\u00ebsia nuk ka resurse dhe se do t\u00eb p\u00ebrkrahnin komun\u00ebn e plot\u00eb vet\u00ebm kur t\u00eb d\u00ebshmohet se mund t\u00eb vet\u00ebfinansohet, e q\u00eb sipas tyre, kjo nuk do t\u00eb ndodh\u00eb kurr. P\u00ebrderisa n\u00eb kryet e starteg\u00ebve t\u00eb Komun\u00ebs urabne Dinosh\u00eb-Mugosh\u00eb, q\u00ebndron mednimi se Mal\u00ebsia ka vet\u00ebm disa kafene e asgj\u00eb tjet\u00ebr, at\u00ebher\u00eb do t\u00eb jet\u00eb pothuaj e pamundur q\u00eb t\u00eb nj\u00ebjtit t\u00eb binden p\u00ebr resusrset q\u00eb v\u00ebrtet\u00eb i posedojm\u00eb dhe \u00ebsht\u00eb, pothuaj iluzore, t\u00eb pritet q\u00eb ata t\u00eb shpreh\u00ebn ndryshe, p\u00ebrpos si u shprehen n\u00eb pamfletin n\u00eb fjal\u00eb. Besojm\u00eb se \u00e7dokush tashm\u00eb e ka t\u00eb qart\u00eb se a \u00ebsht\u00eb manipulim ky i UD-s\u00eb apo angazhimi i denj\u00eb q\u00eb t\u00eb till\u00ebve t\u00eb mos u mund\u00ebsohet t\u00eb jen\u00eb n\u00eb pushtetin lokal n\u00eb Tuz, pasiq\u00eb ata definitivisht\u00eb do t\u00eb cementonin pozicionin ton inferior ndaj Podgoric\u00ebs. Se kush &#8220;vazhdon t\u00eb krijoj\u00eb tendosje edhe n\u00eb marr\u00ebdh\u00ebniet nd\u00ebrnjer\u00ebzore&#8221;, m\u00eb s\u00eb pakti mund ta flas\u00eb UD-shja! Ne UD-s\u00eb i urojm\u00eb pun\u00eb t\u00eb mbar\u00eb n\u00eb mbledhjen e votave p\u00ebr idolin e vet, p\u00ebr kryetar t\u00eb Malit t\u00eb Zi dhe n\u00eb vet\u00ebd\u00ebshmin\u00eb e patriotizmit n\u00eb \u00e7\u00ebshtjen e Kosov\u00ebs, se Mal\u00ebsin\u00eb, si duket, nuk e kan\u00eb preokupim. N\u00eb baz\u00eb t\u00eb tez\u00ebs &#8220;mendo globalisht e vepro lokalisht&#8221; \u00ebsht\u00eb koha q\u00eb patriotizmi t\u00eb d\u00ebshmohet n\u00eb raport me Mal\u00ebsin\u00eb e jo me Kosov\u00ebn. Asaj i kemi ndej af\u00ebr kur pati nevoj\u00eb! Tash ne jemi n\u00eb nevoj\u00eb. Mal\u00ebsia pra \u00ebsht\u00eb n\u00eb nevoj\u00eb. Kosova \u00ebsht\u00eb kapitull i mbyllur dhe nuk ka nevoj\u00eb q\u00eb patriotizmi yn\u00eb t\u00eb d\u00ebshmohet n\u00eb mbrojtjen e saj\u00eb, por n\u00eb mbrojtjen e interesave t\u00eb Mals\u00ebsi\u00eb, Ulqinit, Kraj\u00ebs, Plav\u00eb-Gucis\u00eb e Rozhaj\u00ebs, \u00e7ka nuk e zvog\u00eblon aspak dashurin\u00eb ndaj Kosov\u00ebs e as ndaj Shqip\u00ebris\u00eb. E interesat tona nuk mbrohen duke u hyr\u00eb n\u00eb qejf atyre q\u00eb, fal\u00eb p\u00ebrkrahjes s\u00eb UD, nuk i realizuan premtimet e dh\u00ebna qytetar\u00ebve t\u00eb Mal\u00ebsis\u00eb p\u00ebr komun\u00eb t\u00eb plot\u00eb.<\/p>\n<p>Smail \u00c7unmulaj &#8212;                                                  Nikoll\u00eb Camaj<\/p>\n<p>malesia.org<\/p>\n","protected":false},"excerpt":{"rendered":"<p><img loading=\"lazy\" class=\"alignleft size-thumbnail wp-image-740\" style=\"float: left;\" title=\"Nikol\u00eb Camaj\" src=\"http:\/\/www.visit-ulcinj.com\/blog\/wp-content\/uploads\/2008\/03\/nikolle-camaj1.jpg\" alt=\"Nikol\u00eb Camaj_LDMZ\" width=\"140\" height=\"140\" \/><\/p>\n","protected":false},"author":1,"featured_media":0,"comment_status":"open","ping_status":"closed","sticky":false,"template":"","format":"standard","meta":{"spay_email":"","jetpack_publicize_message":"","jetpack_is_tweetstorm":false,"jetpack_publicize_feature_enabled":true},"categories":[5,1],"tags":[130,189,2395,2393,201,2394,18],"jetpack_publicize_connections":[],"yoast_head":"<!-- This site is optimized with the Yoast SEO plugin v19.1 - https:\/\/yoast.com\/wordpress\/plugins\/seo\/ -->\n<title>Reagim ndaj shkres\u00ebs se UDSH-s\u00eb-Deg\u00ebs s\u00eb Mal\u00ebsis\u00eb, - Lajme nga Ulqini<\/title>\n<meta name=\"robots\" content=\"index, follow, max-snippet:-1, max-image-preview:large, max-video-preview:-1\" \/>\n<link rel=\"canonical\" href=\"https:\/\/www.visit-ulcinj.com\/blog\/2008\/04\/02\/reagim-ndaj-shkreses-se-udsh-se-deges-se-malesise\/\" \/>\n<meta property=\"og:locale\" content=\"en_US\" \/>\n<meta property=\"og:type\" content=\"article\" \/>\n<meta property=\"og:title\" content=\"Reagim ndaj shkres\u00ebs se UDSH-s\u00eb-Deg\u00ebs s\u00eb Mal\u00ebsis\u00eb, - Lajme nga Ulqini\" \/>\n<meta property=\"og:url\" content=\"https:\/\/www.visit-ulcinj.com\/blog\/2008\/04\/02\/reagim-ndaj-shkreses-se-udsh-se-deges-se-malesise\/\" \/>\n<meta property=\"og:site_name\" content=\"Lajme nga Ulqini\" \/>\n<meta property=\"article:published_time\" content=\"2008-04-02T12:31:26+00:00\" \/>\n<meta property=\"article:modified_time\" content=\"2008-04-02T12:34:37+00:00\" \/>\n<meta property=\"og:image\" content=\"http:\/\/www.visit-ulcinj.com\/blog\/wp-content\/uploads\/2008\/03\/nikolle-camaj1.jpg\" \/>\n<meta name=\"twitter:label1\" content=\"Written by\" \/>\n\t<meta name=\"twitter:data1\" content=\"ulqini\" \/>\n\t<meta name=\"twitter:label2\" content=\"Est. reading time\" \/>\n\t<meta name=\"twitter:data2\" content=\"5 minutes\" \/>\n<script type=\"application\/ld+json\" class=\"yoast-schema-graph\">{\"@context\":\"https:\/\/schema.org\",\"@graph\":[{\"@type\":\"WebSite\",\"@id\":\"https:\/\/www.visit-ulcinj.com\/blog\/#website\",\"url\":\"https:\/\/www.visit-ulcinj.com\/blog\/\",\"name\":\"Lajme nga Ulqini\",\"description\":\"Lajme,Vijesti,Ulqini,Ulqin,Crna Gora,Mali i Zi\",\"potentialAction\":[{\"@type\":\"SearchAction\",\"target\":{\"@type\":\"EntryPoint\",\"urlTemplate\":\"https:\/\/www.visit-ulcinj.com\/blog\/?s={search_term_string}\"},\"query-input\":\"required name=search_term_string\"}],\"inLanguage\":\"en-US\"},{\"@type\":\"ImageObject\",\"inLanguage\":\"en-US\",\"@id\":\"https:\/\/www.visit-ulcinj.com\/blog\/2008\/04\/02\/reagim-ndaj-shkreses-se-udsh-se-deges-se-malesise\/#primaryimage\",\"url\":\"http:\/\/www.visit-ulcinj.com\/blog\/wp-content\/uploads\/2008\/03\/nikolle-camaj1.jpg\",\"contentUrl\":\"http:\/\/www.visit-ulcinj.com\/blog\/wp-content\/uploads\/2008\/03\/nikolle-camaj1.jpg\"},{\"@type\":\"WebPage\",\"@id\":\"https:\/\/www.visit-ulcinj.com\/blog\/2008\/04\/02\/reagim-ndaj-shkreses-se-udsh-se-deges-se-malesise\/#webpage\",\"url\":\"https:\/\/www.visit-ulcinj.com\/blog\/2008\/04\/02\/reagim-ndaj-shkreses-se-udsh-se-deges-se-malesise\/\",\"name\":\"Reagim ndaj shkres\u00ebs se UDSH-s\u00eb-Deg\u00ebs s\u00eb Mal\u00ebsis\u00eb, - Lajme nga Ulqini\",\"isPartOf\":{\"@id\":\"https:\/\/www.visit-ulcinj.com\/blog\/#website\"},\"primaryImageOfPage\":{\"@id\":\"https:\/\/www.visit-ulcinj.com\/blog\/2008\/04\/02\/reagim-ndaj-shkreses-se-udsh-se-deges-se-malesise\/#primaryimage\"},\"datePublished\":\"2008-04-02T12:31:26+00:00\",\"dateModified\":\"2008-04-02T12:34:37+00:00\",\"author\":{\"@id\":\"https:\/\/www.visit-ulcinj.com\/blog\/#\/schema\/person\/dcab619c614d3038751c63bc2aadc06d\"},\"breadcrumb\":{\"@id\":\"https:\/\/www.visit-ulcinj.com\/blog\/2008\/04\/02\/reagim-ndaj-shkreses-se-udsh-se-deges-se-malesise\/#breadcrumb\"},\"inLanguage\":\"en-US\",\"potentialAction\":[{\"@type\":\"ReadAction\",\"target\":[\"https:\/\/www.visit-ulcinj.com\/blog\/2008\/04\/02\/reagim-ndaj-shkreses-se-udsh-se-deges-se-malesise\/\"]}]},{\"@type\":\"BreadcrumbList\",\"@id\":\"https:\/\/www.visit-ulcinj.com\/blog\/2008\/04\/02\/reagim-ndaj-shkreses-se-udsh-se-deges-se-malesise\/#breadcrumb\",\"itemListElement\":[{\"@type\":\"ListItem\",\"position\":1,\"name\":\"Reagim ndaj shkres\u00ebs se UDSH-s\u00eb-Deg\u00ebs s\u00eb Mal\u00ebsis\u00eb,\"}]},{\"@type\":\"Person\",\"@id\":\"https:\/\/www.visit-ulcinj.com\/blog\/#\/schema\/person\/dcab619c614d3038751c63bc2aadc06d\",\"name\":\"ulqini\",\"sameAs\":[\"http:\/\/www.visit-ulcinj.com\"],\"url\":\"https:\/\/www.visit-ulcinj.com\/blog\/author\/admin\/\"}]}<\/script>\n<!-- \/ Yoast SEO plugin. -->","yoast_head_json":{"title":"Reagim ndaj shkres\u00ebs se UDSH-s\u00eb-Deg\u00ebs s\u00eb Mal\u00ebsis\u00eb, - Lajme nga Ulqini","robots":{"index":"index","follow":"follow","max-snippet":"max-snippet:-1","max-image-preview":"max-image-preview:large","max-video-preview":"max-video-preview:-1"},"canonical":"https:\/\/www.visit-ulcinj.com\/blog\/2008\/04\/02\/reagim-ndaj-shkreses-se-udsh-se-deges-se-malesise\/","og_locale":"en_US","og_type":"article","og_title":"Reagim ndaj shkres\u00ebs se UDSH-s\u00eb-Deg\u00ebs s\u00eb Mal\u00ebsis\u00eb, - Lajme nga Ulqini","og_url":"https:\/\/www.visit-ulcinj.com\/blog\/2008\/04\/02\/reagim-ndaj-shkreses-se-udsh-se-deges-se-malesise\/","og_site_name":"Lajme nga Ulqini","article_published_time":"2008-04-02T12:31:26+00:00","article_modified_time":"2008-04-02T12:34:37+00:00","og_image":[{"url":"http:\/\/www.visit-ulcinj.com\/blog\/wp-content\/uploads\/2008\/03\/nikolle-camaj1.jpg"}],"twitter_misc":{"Written by":"ulqini","Est. reading time":"5 minutes"},"schema":{"@context":"https:\/\/schema.org","@graph":[{"@type":"WebSite","@id":"https:\/\/www.visit-ulcinj.com\/blog\/#website","url":"https:\/\/www.visit-ulcinj.com\/blog\/","name":"Lajme nga Ulqini","description":"Lajme,Vijesti,Ulqini,Ulqin,Crna Gora,Mali i Zi","potentialAction":[{"@type":"SearchAction","target":{"@type":"EntryPoint","urlTemplate":"https:\/\/www.visit-ulcinj.com\/blog\/?s={search_term_string}"},"query-input":"required name=search_term_string"}],"inLanguage":"en-US"},{"@type":"ImageObject","inLanguage":"en-US","@id":"https:\/\/www.visit-ulcinj.com\/blog\/2008\/04\/02\/reagim-ndaj-shkreses-se-udsh-se-deges-se-malesise\/#primaryimage","url":"http:\/\/www.visit-ulcinj.com\/blog\/wp-content\/uploads\/2008\/03\/nikolle-camaj1.jpg","contentUrl":"http:\/\/www.visit-ulcinj.com\/blog\/wp-content\/uploads\/2008\/03\/nikolle-camaj1.jpg"},{"@type":"WebPage","@id":"https:\/\/www.visit-ulcinj.com\/blog\/2008\/04\/02\/reagim-ndaj-shkreses-se-udsh-se-deges-se-malesise\/#webpage","url":"https:\/\/www.visit-ulcinj.com\/blog\/2008\/04\/02\/reagim-ndaj-shkreses-se-udsh-se-deges-se-malesise\/","name":"Reagim ndaj shkres\u00ebs se UDSH-s\u00eb-Deg\u00ebs s\u00eb Mal\u00ebsis\u00eb, - Lajme nga Ulqini","isPartOf":{"@id":"https:\/\/www.visit-ulcinj.com\/blog\/#website"},"primaryImageOfPage":{"@id":"https:\/\/www.visit-ulcinj.com\/blog\/2008\/04\/02\/reagim-ndaj-shkreses-se-udsh-se-deges-se-malesise\/#primaryimage"},"datePublished":"2008-04-02T12:31:26+00:00","dateModified":"2008-04-02T12:34:37+00:00","author":{"@id":"https:\/\/www.visit-ulcinj.com\/blog\/#\/schema\/person\/dcab619c614d3038751c63bc2aadc06d"},"breadcrumb":{"@id":"https:\/\/www.visit-ulcinj.com\/blog\/2008\/04\/02\/reagim-ndaj-shkreses-se-udsh-se-deges-se-malesise\/#breadcrumb"},"inLanguage":"en-US","potentialAction":[{"@type":"ReadAction","target":["https:\/\/www.visit-ulcinj.com\/blog\/2008\/04\/02\/reagim-ndaj-shkreses-se-udsh-se-deges-se-malesise\/"]}]},{"@type":"BreadcrumbList","@id":"https:\/\/www.visit-ulcinj.com\/blog\/2008\/04\/02\/reagim-ndaj-shkreses-se-udsh-se-deges-se-malesise\/#breadcrumb","itemListElement":[{"@type":"ListItem","position":1,"name":"Reagim ndaj shkres\u00ebs se UDSH-s\u00eb-Deg\u00ebs s\u00eb Mal\u00ebsis\u00eb,"}]},{"@type":"Person","@id":"https:\/\/www.visit-ulcinj.com\/blog\/#\/schema\/person\/dcab619c614d3038751c63bc2aadc06d","name":"ulqini","sameAs":["http:\/\/www.visit-ulcinj.com"],"url":"https:\/\/www.visit-ulcinj.com\/blog\/author\/admin\/"}]}},"jetpack_featured_media_url":"","jetpack_sharing_enabled":true,"jetpack_shortlink":"https:\/\/wp.me\/pe6lTn-i5","_links":{"self":[{"href":"https:\/\/www.visit-ulcinj.com\/blog\/wp-json\/wp\/v2\/posts\/1121"}],"collection":[{"href":"https:\/\/www.visit-ulcinj.com\/blog\/wp-json\/wp\/v2\/posts"}],"about":[{"href":"https:\/\/www.visit-ulcinj.com\/blog\/wp-json\/wp\/v2\/types\/post"}],"author":[{"embeddable":true,"href":"https:\/\/www.visit-ulcinj.com\/blog\/wp-json\/wp\/v2\/users\/1"}],"replies":[{"embeddable":true,"href":"https:\/\/www.visit-ulcinj.com\/blog\/wp-json\/wp\/v2\/comments?post=1121"}],"version-history":[{"count":0,"href":"https:\/\/www.visit-ulcinj.com\/blog\/wp-json\/wp\/v2\/posts\/1121\/revisions"}],"wp:attachment":[{"href":"https:\/\/www.visit-ulcinj.com\/blog\/wp-json\/wp\/v2\/media?parent=1121"}],"wp:term":[{"taxonomy":"category","embeddable":true,"href":"https:\/\/www.visit-ulcinj.com\/blog\/wp-json\/wp\/v2\/categories?post=1121"},{"taxonomy":"post_tag","embeddable":true,"href":"https:\/\/www.visit-ulcinj.com\/blog\/wp-json\/wp\/v2\/tags?post=1121"}],"curies":[{"name":"wp","href":"https:\/\/api.w.org\/{rel}","templated":true}]}}