{"id":11212,"date":"2009-02-10T21:01:18","date_gmt":"2009-02-10T20:01:18","guid":{"rendered":"http:\/\/www.visit-ulcinj.com\/blog\/?p=11212"},"modified":"2009-02-10T21:01:18","modified_gmt":"2009-02-10T20:01:18","slug":"lirita-dhe-adi-vizatojne-muralen","status":"publish","type":"post","link":"https:\/\/www.visit-ulcinj.com\/blog\/2009\/02\/10\/lirita-dhe-adi-vizatojne-muralen\/","title":{"rendered":"Lirita dhe Adi vizatojne muralen"},"content":{"rendered":"<p><strong><span class=\"newstitlec\"><a href=\"http:\/\/www.visit-ulcinj.com\/blog\/wp-content\/uploads\/2009\/02\/lirita-ne-murale.jpg\"><img loading=\"lazy\" class=\"alignleft size-full wp-image-11214\" title=\"lirita-ne-murale\" src=\"http:\/\/www.visit-ulcinj.com\/blog\/wp-content\/uploads\/2009\/02\/lirita-ne-murale.jpg\" alt=\"lirita-ne-murale\" width=\"300\" height=\"205\" \/><\/a>Lirita dhe Adi vizatojne muralen<\/span><\/strong><br \/>\n<em><span class=\"newsdate\">10\/02\/2009 17:00<\/span><\/em><\/p>\n<p>Pasi kan\u00eb kaluar dis amomente n\u00eb oborr banor\u00ebt impenjohen t\u00eb gjith\u00eb n\u00eb realizimin e prov\u00ebs s\u00eb jav\u00ebs, ku muralja \u00ebsht\u00eb detyra q\u00eb i bashkon duke l\u00ebn\u00eb m\u00ebnjan\u00eb bisedat. Lirita, Adi dhe Agoni jan\u00eb iniciator\u00ebt e pikturimit t\u00eb murales, e cila \u00ebsht\u00eb nj\u00eb zem\u00ebr dhe pikturohet brenda sht\u00ebpis\u00eb me rastin e fest\u00ebs t\u00eb dahsuruarve q\u00eb bie n\u00eb t\u00eb nj\u00ebjt\u00ebn dit\u00eb me at\u00eb t\u00eb spektaklit. Zhuljeta dhe Erjola komentojn\u00eb s\u00eb bashku momentet sesi pak nga pak zemra fillon t\u00eb marr\u00eb form\u00ebn e plot\u00eb, madje p\u00ebrg\u00ebzojn\u00eb lirit\u00ebn e cila duket shum\u00eb e apasionuar pas piktur\u00ebs.<\/p>\n<div id=\"copyright\" style=\"padding-top: 5px;\"><em><strong>\u00a9 Big Brother Albania &#8211; 2009<\/strong><\/em><\/div>\n","protected":false},"excerpt":{"rendered":"<p>Lirita dhe Adi vizatojne muralen 10\/02\/2009 17:00 Pasi kan\u00eb kaluar dis amomente n\u00eb oborr banor\u00ebt impenjohen t\u00eb gjith\u00eb n\u00eb realizimin e prov\u00ebs s\u00eb jav\u00ebs, ku muralja \u00ebsht\u00eb detyra q\u00eb i bashkon duke l\u00ebn\u00eb m\u00ebnjan\u00eb bisedat. Lirita, Adi dhe Agoni jan\u00eb iniciator\u00ebt e pikturimit t\u00eb murales, e cila \u00ebsht\u00eb nj\u00eb zem\u00ebr dhe pikturohet brenda sht\u00ebpis\u00eb me [&hellip;]<\/p>\n","protected":false},"author":1,"featured_media":0,"comment_status":"open","ping_status":"closed","sticky":false,"template":"","format":"standard","meta":{"spay_email":"","jetpack_publicize_message":"","jetpack_is_tweetstorm":false,"jetpack_publicize_feature_enabled":true},"categories":[6502],"tags":[6562,6566,1667,786,6699,6541,6697,6558,6700,6694,6701,5057,6506,6712,6696,6688,6689,6665,6643,6695,6538,6563,6702,6691,6703,6704,6705,1442,49,788,6692,6706,6567,6711,6568,6707,6708,6540,4980,6698,262,6709,6710,3976,3946,354,4686,6690,6693,6564],"jetpack_publicize_connections":[],"yoast_head":"<!-- This site is optimized with the Yoast SEO plugin v19.1 - https:\/\/yoast.com\/wordpress\/plugins\/seo\/ -->\n<title>Lirita dhe Adi vizatojne muralen<\/title>\n<meta name=\"description\" content=\"Big Brother Albania 2 - Pasi kan\u00c3\u00ab kaluar dis amomente n\u00c3\u00ab oborr banor\u00c3\u00abt impenjohen t\u00c3\u00ab gjith\u00c3\u00ab n\u00c3\u00ab realizimin e prov\u00c3\u00abs s\u00c3\u00ab jav\u00c3\u00abs, ku muralja \u00c3\u00absht\u00c3\u00ab detyra q\u00c3\u00ab i bashkon duke l\u00c3\u00abn\u00c3\u00ab m\u00c3\u00abnjan\u00c3\u00ab bisedat.\" \/>\n<meta name=\"robots\" content=\"index, follow, max-snippet:-1, max-image-preview:large, max-video-preview:-1\" \/>\n<link rel=\"canonical\" href=\"https:\/\/www.visit-ulcinj.com\/blog\/2009\/02\/10\/lirita-dhe-adi-vizatojne-muralen\/\" \/>\n<meta property=\"og:locale\" content=\"en_US\" \/>\n<meta property=\"og:type\" content=\"article\" \/>\n<meta property=\"og:title\" content=\"Lirita dhe Adi vizatojne muralen\" \/>\n<meta property=\"og:description\" content=\"Big Brother Albania 2 - Pasi kan\u00c3\u00ab kaluar dis amomente n\u00c3\u00ab oborr banor\u00c3\u00abt impenjohen t\u00c3\u00ab gjith\u00c3\u00ab n\u00c3\u00ab realizimin e prov\u00c3\u00abs s\u00c3\u00ab jav\u00c3\u00abs, ku muralja \u00c3\u00absht\u00c3\u00ab detyra q\u00c3\u00ab i bashkon duke l\u00c3\u00abn\u00c3\u00ab m\u00c3\u00abnjan\u00c3\u00ab bisedat.\" \/>\n<meta property=\"og:url\" content=\"https:\/\/www.visit-ulcinj.com\/blog\/2009\/02\/10\/lirita-dhe-adi-vizatojne-muralen\/\" \/>\n<meta property=\"og:site_name\" content=\"Lajme nga Ulqini\" \/>\n<meta property=\"article:published_time\" content=\"2009-02-10T20:01:18+00:00\" \/>\n<meta property=\"og:image\" content=\"http:\/\/www.visit-ulcinj.com\/blog\/wp-content\/uploads\/2009\/02\/lirita-ne-murale.jpg\" \/>\n<meta name=\"twitter:label1\" content=\"Written by\" \/>\n\t<meta name=\"twitter:data1\" content=\"ulqini\" \/>\n\t<meta name=\"twitter:label2\" content=\"Est. reading time\" \/>\n\t<meta name=\"twitter:data2\" content=\"1 minute\" \/>\n<script type=\"application\/ld+json\" class=\"yoast-schema-graph\">{\"@context\":\"https:\/\/schema.org\",\"@graph\":[{\"@type\":\"WebSite\",\"@id\":\"https:\/\/www.visit-ulcinj.com\/blog\/#website\",\"url\":\"https:\/\/www.visit-ulcinj.com\/blog\/\",\"name\":\"Lajme nga Ulqini\",\"description\":\"Lajme,Vijesti,Ulqini,Ulqin,Crna Gora,Mali i Zi\",\"potentialAction\":[{\"@type\":\"SearchAction\",\"target\":{\"@type\":\"EntryPoint\",\"urlTemplate\":\"https:\/\/www.visit-ulcinj.com\/blog\/?s={search_term_string}\"},\"query-input\":\"required name=search_term_string\"}],\"inLanguage\":\"en-US\"},{\"@type\":\"ImageObject\",\"inLanguage\":\"en-US\",\"@id\":\"https:\/\/www.visit-ulcinj.com\/blog\/2009\/02\/10\/lirita-dhe-adi-vizatojne-muralen\/#primaryimage\",\"url\":\"http:\/\/www.visit-ulcinj.com\/blog\/wp-content\/uploads\/2009\/02\/lirita-ne-murale.jpg\",\"contentUrl\":\"http:\/\/www.visit-ulcinj.com\/blog\/wp-content\/uploads\/2009\/02\/lirita-ne-murale.jpg\"},{\"@type\":\"WebPage\",\"@id\":\"https:\/\/www.visit-ulcinj.com\/blog\/2009\/02\/10\/lirita-dhe-adi-vizatojne-muralen\/#webpage\",\"url\":\"https:\/\/www.visit-ulcinj.com\/blog\/2009\/02\/10\/lirita-dhe-adi-vizatojne-muralen\/\",\"name\":\"Lirita dhe Adi vizatojne muralen\",\"isPartOf\":{\"@id\":\"https:\/\/www.visit-ulcinj.com\/blog\/#website\"},\"primaryImageOfPage\":{\"@id\":\"https:\/\/www.visit-ulcinj.com\/blog\/2009\/02\/10\/lirita-dhe-adi-vizatojne-muralen\/#primaryimage\"},\"datePublished\":\"2009-02-10T20:01:18+00:00\",\"dateModified\":\"2009-02-10T20:01:18+00:00\",\"author\":{\"@id\":\"https:\/\/www.visit-ulcinj.com\/blog\/#\/schema\/person\/dcab619c614d3038751c63bc2aadc06d\"},\"description\":\"Big Brother Albania 2 - Pasi kan\u00c3\u00ab kaluar dis amomente n\u00c3\u00ab oborr banor\u00c3\u00abt impenjohen t\u00c3\u00ab gjith\u00c3\u00ab n\u00c3\u00ab realizimin e prov\u00c3\u00abs s\u00c3\u00ab jav\u00c3\u00abs, ku muralja \u00c3\u00absht\u00c3\u00ab detyra q\u00c3\u00ab i bashkon duke l\u00c3\u00abn\u00c3\u00ab m\u00c3\u00abnjan\u00c3\u00ab bisedat.\",\"breadcrumb\":{\"@id\":\"https:\/\/www.visit-ulcinj.com\/blog\/2009\/02\/10\/lirita-dhe-adi-vizatojne-muralen\/#breadcrumb\"},\"inLanguage\":\"en-US\",\"potentialAction\":[{\"@type\":\"ReadAction\",\"target\":[\"https:\/\/www.visit-ulcinj.com\/blog\/2009\/02\/10\/lirita-dhe-adi-vizatojne-muralen\/\"]}]},{\"@type\":\"BreadcrumbList\",\"@id\":\"https:\/\/www.visit-ulcinj.com\/blog\/2009\/02\/10\/lirita-dhe-adi-vizatojne-muralen\/#breadcrumb\",\"itemListElement\":[{\"@type\":\"ListItem\",\"position\":1,\"name\":\"Lirita dhe Adi vizatojne muralen\"}]},{\"@type\":\"Person\",\"@id\":\"https:\/\/www.visit-ulcinj.com\/blog\/#\/schema\/person\/dcab619c614d3038751c63bc2aadc06d\",\"name\":\"ulqini\",\"sameAs\":[\"http:\/\/www.visit-ulcinj.com\"],\"url\":\"https:\/\/www.visit-ulcinj.com\/blog\/author\/admin\/\"}]}<\/script>\n<!-- \/ Yoast SEO plugin. -->","yoast_head_json":{"title":"Lirita dhe Adi vizatojne muralen","description":"Big Brother Albania 2 - Pasi kan\u00c3\u00ab kaluar dis amomente n\u00c3\u00ab oborr banor\u00c3\u00abt impenjohen t\u00c3\u00ab gjith\u00c3\u00ab n\u00c3\u00ab realizimin e prov\u00c3\u00abs s\u00c3\u00ab jav\u00c3\u00abs, ku muralja \u00c3\u00absht\u00c3\u00ab detyra q\u00c3\u00ab i bashkon duke l\u00c3\u00abn\u00c3\u00ab m\u00c3\u00abnjan\u00c3\u00ab bisedat.","robots":{"index":"index","follow":"follow","max-snippet":"max-snippet:-1","max-image-preview":"max-image-preview:large","max-video-preview":"max-video-preview:-1"},"canonical":"https:\/\/www.visit-ulcinj.com\/blog\/2009\/02\/10\/lirita-dhe-adi-vizatojne-muralen\/","og_locale":"en_US","og_type":"article","og_title":"Lirita dhe Adi vizatojne muralen","og_description":"Big Brother Albania 2 - Pasi kan\u00c3\u00ab kaluar dis amomente n\u00c3\u00ab oborr banor\u00c3\u00abt impenjohen t\u00c3\u00ab gjith\u00c3\u00ab n\u00c3\u00ab realizimin e prov\u00c3\u00abs s\u00c3\u00ab jav\u00c3\u00abs, ku muralja \u00c3\u00absht\u00c3\u00ab detyra q\u00c3\u00ab i bashkon duke l\u00c3\u00abn\u00c3\u00ab m\u00c3\u00abnjan\u00c3\u00ab bisedat.","og_url":"https:\/\/www.visit-ulcinj.com\/blog\/2009\/02\/10\/lirita-dhe-adi-vizatojne-muralen\/","og_site_name":"Lajme nga Ulqini","article_published_time":"2009-02-10T20:01:18+00:00","og_image":[{"url":"http:\/\/www.visit-ulcinj.com\/blog\/wp-content\/uploads\/2009\/02\/lirita-ne-murale.jpg"}],"twitter_misc":{"Written by":"ulqini","Est. reading time":"1 minute"},"schema":{"@context":"https:\/\/schema.org","@graph":[{"@type":"WebSite","@id":"https:\/\/www.visit-ulcinj.com\/blog\/#website","url":"https:\/\/www.visit-ulcinj.com\/blog\/","name":"Lajme nga Ulqini","description":"Lajme,Vijesti,Ulqini,Ulqin,Crna Gora,Mali i Zi","potentialAction":[{"@type":"SearchAction","target":{"@type":"EntryPoint","urlTemplate":"https:\/\/www.visit-ulcinj.com\/blog\/?s={search_term_string}"},"query-input":"required name=search_term_string"}],"inLanguage":"en-US"},{"@type":"ImageObject","inLanguage":"en-US","@id":"https:\/\/www.visit-ulcinj.com\/blog\/2009\/02\/10\/lirita-dhe-adi-vizatojne-muralen\/#primaryimage","url":"http:\/\/www.visit-ulcinj.com\/blog\/wp-content\/uploads\/2009\/02\/lirita-ne-murale.jpg","contentUrl":"http:\/\/www.visit-ulcinj.com\/blog\/wp-content\/uploads\/2009\/02\/lirita-ne-murale.jpg"},{"@type":"WebPage","@id":"https:\/\/www.visit-ulcinj.com\/blog\/2009\/02\/10\/lirita-dhe-adi-vizatojne-muralen\/#webpage","url":"https:\/\/www.visit-ulcinj.com\/blog\/2009\/02\/10\/lirita-dhe-adi-vizatojne-muralen\/","name":"Lirita dhe Adi vizatojne muralen","isPartOf":{"@id":"https:\/\/www.visit-ulcinj.com\/blog\/#website"},"primaryImageOfPage":{"@id":"https:\/\/www.visit-ulcinj.com\/blog\/2009\/02\/10\/lirita-dhe-adi-vizatojne-muralen\/#primaryimage"},"datePublished":"2009-02-10T20:01:18+00:00","dateModified":"2009-02-10T20:01:18+00:00","author":{"@id":"https:\/\/www.visit-ulcinj.com\/blog\/#\/schema\/person\/dcab619c614d3038751c63bc2aadc06d"},"description":"Big Brother Albania 2 - Pasi kan\u00c3\u00ab kaluar dis amomente n\u00c3\u00ab oborr banor\u00c3\u00abt impenjohen t\u00c3\u00ab gjith\u00c3\u00ab n\u00c3\u00ab realizimin e prov\u00c3\u00abs s\u00c3\u00ab jav\u00c3\u00abs, ku muralja \u00c3\u00absht\u00c3\u00ab detyra q\u00c3\u00ab i bashkon duke l\u00c3\u00abn\u00c3\u00ab m\u00c3\u00abnjan\u00c3\u00ab bisedat.","breadcrumb":{"@id":"https:\/\/www.visit-ulcinj.com\/blog\/2009\/02\/10\/lirita-dhe-adi-vizatojne-muralen\/#breadcrumb"},"inLanguage":"en-US","potentialAction":[{"@type":"ReadAction","target":["https:\/\/www.visit-ulcinj.com\/blog\/2009\/02\/10\/lirita-dhe-adi-vizatojne-muralen\/"]}]},{"@type":"BreadcrumbList","@id":"https:\/\/www.visit-ulcinj.com\/blog\/2009\/02\/10\/lirita-dhe-adi-vizatojne-muralen\/#breadcrumb","itemListElement":[{"@type":"ListItem","position":1,"name":"Lirita dhe Adi vizatojne muralen"}]},{"@type":"Person","@id":"https:\/\/www.visit-ulcinj.com\/blog\/#\/schema\/person\/dcab619c614d3038751c63bc2aadc06d","name":"ulqini","sameAs":["http:\/\/www.visit-ulcinj.com"],"url":"https:\/\/www.visit-ulcinj.com\/blog\/author\/admin\/"}]}},"jetpack_featured_media_url":"","jetpack_sharing_enabled":true,"jetpack_shortlink":"https:\/\/wp.me\/pe6lTn-2UQ","_links":{"self":[{"href":"https:\/\/www.visit-ulcinj.com\/blog\/wp-json\/wp\/v2\/posts\/11212"}],"collection":[{"href":"https:\/\/www.visit-ulcinj.com\/blog\/wp-json\/wp\/v2\/posts"}],"about":[{"href":"https:\/\/www.visit-ulcinj.com\/blog\/wp-json\/wp\/v2\/types\/post"}],"author":[{"embeddable":true,"href":"https:\/\/www.visit-ulcinj.com\/blog\/wp-json\/wp\/v2\/users\/1"}],"replies":[{"embeddable":true,"href":"https:\/\/www.visit-ulcinj.com\/blog\/wp-json\/wp\/v2\/comments?post=11212"}],"version-history":[{"count":0,"href":"https:\/\/www.visit-ulcinj.com\/blog\/wp-json\/wp\/v2\/posts\/11212\/revisions"}],"wp:attachment":[{"href":"https:\/\/www.visit-ulcinj.com\/blog\/wp-json\/wp\/v2\/media?parent=11212"}],"wp:term":[{"taxonomy":"category","embeddable":true,"href":"https:\/\/www.visit-ulcinj.com\/blog\/wp-json\/wp\/v2\/categories?post=11212"},{"taxonomy":"post_tag","embeddable":true,"href":"https:\/\/www.visit-ulcinj.com\/blog\/wp-json\/wp\/v2\/tags?post=11212"}],"curies":[{"name":"wp","href":"https:\/\/api.w.org\/{rel}","templated":true}]}}