{"id":11213,"date":"2009-02-10T21:29:26","date_gmt":"2009-02-10T20:29:26","guid":{"rendered":"http:\/\/www.visit-ulcinj.com\/blog\/?p=11213"},"modified":"2009-02-10T21:37:08","modified_gmt":"2009-02-10T20:37:08","slug":"genta-ismajli-operon-hunden","status":"publish","type":"post","link":"https:\/\/www.visit-ulcinj.com\/blog\/2009\/02\/10\/genta-ismajli-operon-hunden\/","title":{"rendered":"Genta Ismajli operon hund\u00ebn!"},"content":{"rendered":"<p><a href=\"http:\/\/www.visit-ulcinj.com\/blog\/wp-content\/uploads\/2009\/02\/genta-ismajli1.jpg\"><img loading=\"lazy\" class=\"alignleft size-full wp-image-11216\" title=\"genta-ismajli1\" src=\"http:\/\/www.visit-ulcinj.com\/blog\/wp-content\/uploads\/2009\/02\/genta-ismajli1.jpg\" alt=\"genta-ismajli1\" width=\"570\" height=\"320\" \/><\/a>K\u00ebng\u00ebtarja Genta Ismajli ka pasur nj\u00eb nd\u00ebrhyrje kirurgjike n\u00eb hund\u00eb. Ajo e ka treguar k\u00ebt\u00eb n\u00eb nj\u00eb intervist\u00eb p\u00ebr emisionin Express Live n\u00eb Koha Vision, ku nd\u00ebr t\u00eb tjera ka folur edhe p\u00ebr videoklipin e saj t\u00eb ri &#8220;E pamundur&#8221;.<br \/>\n&#8220;Jam operuar p\u00ebr shkak t\u00eb v\u00ebshtir\u00ebsive me frym\u00ebmarrjen. Tash ndihem m\u00eb mir\u00eb&#8221;, ka th\u00ebn\u00eb Genta. Nj\u00eb intervist\u00eb t\u00eb zgjeruar me Gent\u00ebn rreth videoklipit t\u00eb saj t\u00eb ri &#8220;E pamundur&#8221; do t\u00eb mund ta ndiqni n\u00eb edicionin e sot\u00ebm t\u00eb Express Live.<br \/>\nP\u00ebrpos k\u00ebsaj Genta do t\u00eb flet edhe p\u00ebr lidhjen e saj me Milotin. A ka menduar Genta p\u00ebr fejes\u00eb apo martes\u00eb? K\u00ebto dhe shum\u00eb\u00e7ka tjet\u00ebr, n\u00eb &#8220;Express Live&#8221;.<\/p>\n<p><strong>Koha Vision <\/strong><\/p>\n<p><span style=\"color: #993300;\"><strong><span style=\"font-size: 13pt; font-family: &quot;Arial&quot;,&quot;sans-serif&quot;;\" lang=\"EN-US\">Perdorni vetem Internet Explorer p\u00ebr ta shikuar videon<br \/>\n<\/span><\/strong><\/span><\/p>\n<p><object classid=\"clsid:6bf52a52-394a-11d3-b153-00c04f79faa6\" width=\"570\" height=\"355\" codebase=\"http:\/\/activex.microsoft.com\/activex\/controls\/mplayer\/en\/nsmp2inf.cab#Version=5,1,52,701\"><param name=\"url\" value=\"ftp:\/\/82.114.77.27\/pub\/2009\/express_shkurt\/expresslive100209.wmv\" \/><param name=\"url\" value=\"ftp:\/\/82.114.77.27\/pub\/2009\/express_shkurt\/expresslive100209.wmv\" \/><\/object><\/p>\n","protected":false},"excerpt":{"rendered":"<p>K\u00ebng\u00ebtarja Genta Ismajli ka pasur nj\u00eb nd\u00ebrhyrje kirurgjike n\u00eb hund\u00eb. Ajo e ka treguar k\u00ebt\u00eb n\u00eb nj\u00eb intervist\u00eb p\u00ebr emisionin Express Live n\u00eb Koha Vision, ku nd\u00ebr t\u00eb tjera ka folur edhe p\u00ebr videoklipin e saj t\u00eb ri &#8220;E pamundur&#8221;. &#8220;Jam operuar p\u00ebr shkak t\u00eb v\u00ebshtir\u00ebsive me frym\u00ebmarrjen. Tash ndihem m\u00eb mir\u00eb&#8221;, ka th\u00ebn\u00eb Genta. [&hellip;]<\/p>\n","protected":false},"author":1,"featured_media":0,"comment_status":"open","ping_status":"closed","sticky":false,"template":"","format":"standard","meta":{"spay_email":"","jetpack_publicize_message":"","jetpack_is_tweetstorm":false,"jetpack_publicize_feature_enabled":true},"categories":[1],"tags":[6720,323,6719],"jetpack_publicize_connections":[],"yoast_head":"<!-- This site is optimized with the Yoast SEO plugin v19.1 - https:\/\/yoast.com\/wordpress\/plugins\/seo\/ -->\n<title>Genta Ismajli operon hund\u00ebn! - Lajme nga Ulqini<\/title>\n<meta name=\"description\" content=\"K\u00ebng\u00ebtarja Genta Ismajli ka pasur nj\u00eb nd\u00ebrhyrje kirurgjike n\u00eb hund\u00eb. Ajo e ka treguar k\u00ebt\u00eb n\u00eb nj\u00eb intervist\u00eb p\u00ebr emisionin Express Live n\u00eb Koha Vision, ku\" \/>\n<meta name=\"robots\" content=\"index, follow, max-snippet:-1, max-image-preview:large, max-video-preview:-1\" \/>\n<link rel=\"canonical\" href=\"https:\/\/www.visit-ulcinj.com\/blog\/2009\/02\/10\/genta-ismajli-operon-hunden\/\" \/>\n<meta property=\"og:locale\" content=\"en_US\" \/>\n<meta property=\"og:type\" content=\"article\" \/>\n<meta property=\"og:title\" content=\"Genta Ismajli operon hund\u00ebn! - Lajme nga Ulqini\" \/>\n<meta property=\"og:description\" content=\"K\u00ebng\u00ebtarja Genta Ismajli ka pasur nj\u00eb nd\u00ebrhyrje kirurgjike n\u00eb hund\u00eb. Ajo e ka treguar k\u00ebt\u00eb n\u00eb nj\u00eb intervist\u00eb p\u00ebr emisionin Express Live n\u00eb Koha Vision, ku\" \/>\n<meta property=\"og:url\" content=\"https:\/\/www.visit-ulcinj.com\/blog\/2009\/02\/10\/genta-ismajli-operon-hunden\/\" \/>\n<meta property=\"og:site_name\" content=\"Lajme nga Ulqini\" \/>\n<meta property=\"article:published_time\" content=\"2009-02-10T20:29:26+00:00\" \/>\n<meta property=\"article:modified_time\" content=\"2009-02-10T20:37:08+00:00\" \/>\n<meta property=\"og:image\" content=\"http:\/\/www.visit-ulcinj.com\/blog\/wp-content\/uploads\/2009\/02\/genta-ismajli1.jpg\" \/>\n<meta name=\"twitter:label1\" content=\"Written by\" \/>\n\t<meta name=\"twitter:data1\" content=\"ulqini\" \/>\n\t<meta name=\"twitter:label2\" content=\"Est. reading time\" \/>\n\t<meta name=\"twitter:data2\" content=\"1 minute\" \/>\n<script type=\"application\/ld+json\" class=\"yoast-schema-graph\">{\"@context\":\"https:\/\/schema.org\",\"@graph\":[{\"@type\":\"WebSite\",\"@id\":\"https:\/\/www.visit-ulcinj.com\/blog\/#website\",\"url\":\"https:\/\/www.visit-ulcinj.com\/blog\/\",\"name\":\"Lajme nga Ulqini\",\"description\":\"Lajme,Vijesti,Ulqini,Ulqin,Crna Gora,Mali i Zi\",\"potentialAction\":[{\"@type\":\"SearchAction\",\"target\":{\"@type\":\"EntryPoint\",\"urlTemplate\":\"https:\/\/www.visit-ulcinj.com\/blog\/?s={search_term_string}\"},\"query-input\":\"required name=search_term_string\"}],\"inLanguage\":\"en-US\"},{\"@type\":\"ImageObject\",\"inLanguage\":\"en-US\",\"@id\":\"https:\/\/www.visit-ulcinj.com\/blog\/2009\/02\/10\/genta-ismajli-operon-hunden\/#primaryimage\",\"url\":\"http:\/\/www.visit-ulcinj.com\/blog\/wp-content\/uploads\/2009\/02\/genta-ismajli1.jpg\",\"contentUrl\":\"http:\/\/www.visit-ulcinj.com\/blog\/wp-content\/uploads\/2009\/02\/genta-ismajli1.jpg\"},{\"@type\":\"WebPage\",\"@id\":\"https:\/\/www.visit-ulcinj.com\/blog\/2009\/02\/10\/genta-ismajli-operon-hunden\/#webpage\",\"url\":\"https:\/\/www.visit-ulcinj.com\/blog\/2009\/02\/10\/genta-ismajli-operon-hunden\/\",\"name\":\"Genta Ismajli operon hund\u00ebn! - Lajme nga Ulqini\",\"isPartOf\":{\"@id\":\"https:\/\/www.visit-ulcinj.com\/blog\/#website\"},\"primaryImageOfPage\":{\"@id\":\"https:\/\/www.visit-ulcinj.com\/blog\/2009\/02\/10\/genta-ismajli-operon-hunden\/#primaryimage\"},\"datePublished\":\"2009-02-10T20:29:26+00:00\",\"dateModified\":\"2009-02-10T20:37:08+00:00\",\"author\":{\"@id\":\"https:\/\/www.visit-ulcinj.com\/blog\/#\/schema\/person\/dcab619c614d3038751c63bc2aadc06d\"},\"description\":\"K\u00ebng\u00ebtarja Genta Ismajli ka pasur nj\u00eb nd\u00ebrhyrje kirurgjike n\u00eb hund\u00eb. Ajo e ka treguar k\u00ebt\u00eb n\u00eb nj\u00eb intervist\u00eb p\u00ebr emisionin Express Live n\u00eb Koha Vision, ku\",\"breadcrumb\":{\"@id\":\"https:\/\/www.visit-ulcinj.com\/blog\/2009\/02\/10\/genta-ismajli-operon-hunden\/#breadcrumb\"},\"inLanguage\":\"en-US\",\"potentialAction\":[{\"@type\":\"ReadAction\",\"target\":[\"https:\/\/www.visit-ulcinj.com\/blog\/2009\/02\/10\/genta-ismajli-operon-hunden\/\"]}]},{\"@type\":\"BreadcrumbList\",\"@id\":\"https:\/\/www.visit-ulcinj.com\/blog\/2009\/02\/10\/genta-ismajli-operon-hunden\/#breadcrumb\",\"itemListElement\":[{\"@type\":\"ListItem\",\"position\":1,\"name\":\"Genta Ismajli operon hund\u00ebn!\"}]},{\"@type\":\"Person\",\"@id\":\"https:\/\/www.visit-ulcinj.com\/blog\/#\/schema\/person\/dcab619c614d3038751c63bc2aadc06d\",\"name\":\"ulqini\",\"sameAs\":[\"http:\/\/www.visit-ulcinj.com\"],\"url\":\"https:\/\/www.visit-ulcinj.com\/blog\/author\/admin\/\"}]}<\/script>\n<!-- \/ Yoast SEO plugin. -->","yoast_head_json":{"title":"Genta Ismajli operon hund\u00ebn! - Lajme nga Ulqini","description":"K\u00ebng\u00ebtarja Genta Ismajli ka pasur nj\u00eb nd\u00ebrhyrje kirurgjike n\u00eb hund\u00eb. Ajo e ka treguar k\u00ebt\u00eb n\u00eb nj\u00eb intervist\u00eb p\u00ebr emisionin Express Live n\u00eb Koha Vision, ku","robots":{"index":"index","follow":"follow","max-snippet":"max-snippet:-1","max-image-preview":"max-image-preview:large","max-video-preview":"max-video-preview:-1"},"canonical":"https:\/\/www.visit-ulcinj.com\/blog\/2009\/02\/10\/genta-ismajli-operon-hunden\/","og_locale":"en_US","og_type":"article","og_title":"Genta Ismajli operon hund\u00ebn! - Lajme nga Ulqini","og_description":"K\u00ebng\u00ebtarja Genta Ismajli ka pasur nj\u00eb nd\u00ebrhyrje kirurgjike n\u00eb hund\u00eb. Ajo e ka treguar k\u00ebt\u00eb n\u00eb nj\u00eb intervist\u00eb p\u00ebr emisionin Express Live n\u00eb Koha Vision, ku","og_url":"https:\/\/www.visit-ulcinj.com\/blog\/2009\/02\/10\/genta-ismajli-operon-hunden\/","og_site_name":"Lajme nga Ulqini","article_published_time":"2009-02-10T20:29:26+00:00","article_modified_time":"2009-02-10T20:37:08+00:00","og_image":[{"url":"http:\/\/www.visit-ulcinj.com\/blog\/wp-content\/uploads\/2009\/02\/genta-ismajli1.jpg"}],"twitter_misc":{"Written by":"ulqini","Est. reading time":"1 minute"},"schema":{"@context":"https:\/\/schema.org","@graph":[{"@type":"WebSite","@id":"https:\/\/www.visit-ulcinj.com\/blog\/#website","url":"https:\/\/www.visit-ulcinj.com\/blog\/","name":"Lajme nga Ulqini","description":"Lajme,Vijesti,Ulqini,Ulqin,Crna Gora,Mali i Zi","potentialAction":[{"@type":"SearchAction","target":{"@type":"EntryPoint","urlTemplate":"https:\/\/www.visit-ulcinj.com\/blog\/?s={search_term_string}"},"query-input":"required name=search_term_string"}],"inLanguage":"en-US"},{"@type":"ImageObject","inLanguage":"en-US","@id":"https:\/\/www.visit-ulcinj.com\/blog\/2009\/02\/10\/genta-ismajli-operon-hunden\/#primaryimage","url":"http:\/\/www.visit-ulcinj.com\/blog\/wp-content\/uploads\/2009\/02\/genta-ismajli1.jpg","contentUrl":"http:\/\/www.visit-ulcinj.com\/blog\/wp-content\/uploads\/2009\/02\/genta-ismajli1.jpg"},{"@type":"WebPage","@id":"https:\/\/www.visit-ulcinj.com\/blog\/2009\/02\/10\/genta-ismajli-operon-hunden\/#webpage","url":"https:\/\/www.visit-ulcinj.com\/blog\/2009\/02\/10\/genta-ismajli-operon-hunden\/","name":"Genta Ismajli operon hund\u00ebn! - Lajme nga Ulqini","isPartOf":{"@id":"https:\/\/www.visit-ulcinj.com\/blog\/#website"},"primaryImageOfPage":{"@id":"https:\/\/www.visit-ulcinj.com\/blog\/2009\/02\/10\/genta-ismajli-operon-hunden\/#primaryimage"},"datePublished":"2009-02-10T20:29:26+00:00","dateModified":"2009-02-10T20:37:08+00:00","author":{"@id":"https:\/\/www.visit-ulcinj.com\/blog\/#\/schema\/person\/dcab619c614d3038751c63bc2aadc06d"},"description":"K\u00ebng\u00ebtarja Genta Ismajli ka pasur nj\u00eb nd\u00ebrhyrje kirurgjike n\u00eb hund\u00eb. Ajo e ka treguar k\u00ebt\u00eb n\u00eb nj\u00eb intervist\u00eb p\u00ebr emisionin Express Live n\u00eb Koha Vision, ku","breadcrumb":{"@id":"https:\/\/www.visit-ulcinj.com\/blog\/2009\/02\/10\/genta-ismajli-operon-hunden\/#breadcrumb"},"inLanguage":"en-US","potentialAction":[{"@type":"ReadAction","target":["https:\/\/www.visit-ulcinj.com\/blog\/2009\/02\/10\/genta-ismajli-operon-hunden\/"]}]},{"@type":"BreadcrumbList","@id":"https:\/\/www.visit-ulcinj.com\/blog\/2009\/02\/10\/genta-ismajli-operon-hunden\/#breadcrumb","itemListElement":[{"@type":"ListItem","position":1,"name":"Genta Ismajli operon hund\u00ebn!"}]},{"@type":"Person","@id":"https:\/\/www.visit-ulcinj.com\/blog\/#\/schema\/person\/dcab619c614d3038751c63bc2aadc06d","name":"ulqini","sameAs":["http:\/\/www.visit-ulcinj.com"],"url":"https:\/\/www.visit-ulcinj.com\/blog\/author\/admin\/"}]}},"jetpack_featured_media_url":"","jetpack_sharing_enabled":true,"jetpack_shortlink":"https:\/\/wp.me\/pe6lTn-2UR","_links":{"self":[{"href":"https:\/\/www.visit-ulcinj.com\/blog\/wp-json\/wp\/v2\/posts\/11213"}],"collection":[{"href":"https:\/\/www.visit-ulcinj.com\/blog\/wp-json\/wp\/v2\/posts"}],"about":[{"href":"https:\/\/www.visit-ulcinj.com\/blog\/wp-json\/wp\/v2\/types\/post"}],"author":[{"embeddable":true,"href":"https:\/\/www.visit-ulcinj.com\/blog\/wp-json\/wp\/v2\/users\/1"}],"replies":[{"embeddable":true,"href":"https:\/\/www.visit-ulcinj.com\/blog\/wp-json\/wp\/v2\/comments?post=11213"}],"version-history":[{"count":0,"href":"https:\/\/www.visit-ulcinj.com\/blog\/wp-json\/wp\/v2\/posts\/11213\/revisions"}],"wp:attachment":[{"href":"https:\/\/www.visit-ulcinj.com\/blog\/wp-json\/wp\/v2\/media?parent=11213"}],"wp:term":[{"taxonomy":"category","embeddable":true,"href":"https:\/\/www.visit-ulcinj.com\/blog\/wp-json\/wp\/v2\/categories?post=11213"},{"taxonomy":"post_tag","embeddable":true,"href":"https:\/\/www.visit-ulcinj.com\/blog\/wp-json\/wp\/v2\/tags?post=11213"}],"curies":[{"name":"wp","href":"https:\/\/api.w.org\/{rel}","templated":true}]}}