{"id":11223,"date":"2009-02-10T21:10:15","date_gmt":"2009-02-10T20:10:15","guid":{"rendered":"http:\/\/www.visit-ulcinj.com\/blog\/?p=11223"},"modified":"2009-02-10T21:10:15","modified_gmt":"2009-02-10T20:10:15","slug":"bjordi-ne-fillim-ju-kam-paragjykuar","status":"publish","type":"post","link":"https:\/\/www.visit-ulcinj.com\/blog\/2009\/02\/10\/bjordi-ne-fillim-ju-kam-paragjykuar\/","title":{"rendered":"Bjordi &#8211; N\u00eb fillim ju kam paragjykuar"},"content":{"rendered":"<p><strong><span class=\"newstitlec\"><a href=\"http:\/\/www.visit-ulcinj.com\/blog\/wp-content\/uploads\/2009\/02\/bjorniiiii.jpg\"><img loading=\"lazy\" class=\"alignleft size-full wp-image-11224\" title=\"bjorniiiii\" src=\"http:\/\/www.visit-ulcinj.com\/blog\/wp-content\/uploads\/2009\/02\/bjorniiiii.jpg\" alt=\"bjorniiiii\" width=\"300\" height=\"205\" \/><\/a>Bjordi \u201cN\u00eb fillim ju kam paragjykuar\u201d<\/span><\/strong><br \/>\n<em><span class=\"newsdate\">10\/02\/2009 18:10<\/span><\/em><\/p>\n<p>Djaloshi m\u00eb i vog\u00ebl i sht\u00ebpis\u00eb s\u00eb Big Brother tregon impersionet q\u00eb pati n\u00eb momentin e par\u00eb q\u00eb i pa nga ekrani banor\u00ebt e tjer\u00eb. Ai tregon se \u00ebsht\u00eb ndier shum\u00eb i frik\u00ebsuar, ku ka par\u00eb djemt\u00eb e tjer\u00eb, si dhe ka qen\u00eb shum\u00eb dyshues p\u00ebr natyr\u00ebn e tyre t\u00eb ashp\u00ebr, prandaj edhe i ka paragjykuar, por brenda dit\u00ebs s\u00eb par\u00eb ka ndryshuar totalisht mendimin e tij. Dritani e ngacmon Bjornin duke i k\u00ebrkuar q\u00eb t\u00eb rr\u00ebfej\u00eb deri n\u00eb detaje mendimin e tij, por Qet\u00ebsori i thot\u00eb se b\u00ebhet fjal\u00eb p\u00ebr nj\u00eb provokim nga ana e djalit nga Gjirokastra. Nd\u00ebrkoh\u00eb q\u00eb bisedat m\u00eb pas lidhen fort pas muzik\u00ebs, ku edhe pse t\u00eb rinj n\u00eb mosh\u00eb, banor\u00ebt e sht\u00ebpis\u00eb diskutojn\u00eb n\u00eb lidhje me festivalet e dikurshme, madje edhe k\u00ebndojn\u00eb disa prej k\u00ebng\u00ebve q\u00eb kan\u00eb p\u00eblqyer m\u00eb shum\u00eb.<\/p>\n<div id=\"copyright\" style=\"padding-top: 5px;\"><em><strong>\u00a9 Big Brother Albania &#8211; 2009<\/strong><\/em><\/div>\n","protected":false},"excerpt":{"rendered":"<p>Bjordi \u201cN\u00eb fillim ju kam paragjykuar\u201d 10\/02\/2009 18:10 Djaloshi m\u00eb i vog\u00ebl i sht\u00ebpis\u00eb s\u00eb Big Brother tregon impersionet q\u00eb pati n\u00eb momentin e par\u00eb q\u00eb i pa nga ekrani banor\u00ebt e tjer\u00eb. Ai tregon se \u00ebsht\u00eb ndier shum\u00eb i frik\u00ebsuar, ku ka par\u00eb djemt\u00eb e tjer\u00eb, si dhe ka qen\u00eb shum\u00eb dyshues p\u00ebr natyr\u00ebn [&hellip;]<\/p>\n","protected":false},"author":1,"featured_media":0,"comment_status":"open","ping_status":"closed","sticky":false,"template":"","format":"standard","meta":{"spay_email":"","jetpack_publicize_message":"","jetpack_is_tweetstorm":false,"jetpack_publicize_feature_enabled":true},"categories":[6502],"tags":[6562,6566,1667,786,6699,6541,6697,6558,6700,6694,6701,5057,6506,6712,6696,6688,6689,6665,6643,6695,6538,6563,6702,6691,6716,6703,6704,6718,6705,1442,49,788,6692,6706,6567,6711,6568,6707,6708,6540,4980,6698,262,6709,6710,3976,3946,354,4686,6690,6715,6714,6693,3797,3583,6713,6717,6564],"jetpack_publicize_connections":[],"yoast_head":"<!-- This site is optimized with the Yoast SEO plugin v19.1 - https:\/\/yoast.com\/wordpress\/plugins\/seo\/ -->\n<title>Bjordi - N\u00c3\u00ab fillim ju kam paragjykuar<\/title>\n<meta name=\"description\" content=\"Big Brother Albania 2 - Djaloshi m\u00c3\u00ab i vog\u00c3\u00abl i sht\u00c3\u00abpis\u00c3\u00ab s\u00c3\u00ab Big Brother tregon impersionet q\u00c3\u00ab pati n\u00c3\u00ab momentin e par\u00c3\u00ab q\u00c3\u00ab i pa nga ekrani banor\u00c3\u00abt e tj\" \/>\n<meta name=\"robots\" content=\"index, follow, max-snippet:-1, max-image-preview:large, max-video-preview:-1\" \/>\n<link rel=\"canonical\" href=\"https:\/\/www.visit-ulcinj.com\/blog\/2009\/02\/10\/bjordi-ne-fillim-ju-kam-paragjykuar\/\" \/>\n<meta property=\"og:locale\" content=\"en_US\" \/>\n<meta property=\"og:type\" content=\"article\" \/>\n<meta property=\"og:title\" content=\"Bjordi - N\u00c3\u00ab fillim ju kam paragjykuar\" \/>\n<meta property=\"og:description\" content=\"Big Brother Albania 2 - Djaloshi m\u00c3\u00ab i vog\u00c3\u00abl i sht\u00c3\u00abpis\u00c3\u00ab s\u00c3\u00ab Big Brother tregon impersionet q\u00c3\u00ab pati n\u00c3\u00ab momentin e par\u00c3\u00ab q\u00c3\u00ab i pa nga ekrani banor\u00c3\u00abt e tj\" \/>\n<meta property=\"og:url\" content=\"https:\/\/www.visit-ulcinj.com\/blog\/2009\/02\/10\/bjordi-ne-fillim-ju-kam-paragjykuar\/\" \/>\n<meta property=\"og:site_name\" content=\"Lajme nga Ulqini\" \/>\n<meta property=\"article:published_time\" content=\"2009-02-10T20:10:15+00:00\" \/>\n<meta property=\"og:image\" content=\"http:\/\/www.visit-ulcinj.com\/blog\/wp-content\/uploads\/2009\/02\/bjorniiiii.jpg\" \/>\n<meta name=\"twitter:label1\" content=\"Written by\" \/>\n\t<meta name=\"twitter:data1\" content=\"ulqini\" \/>\n\t<meta name=\"twitter:label2\" content=\"Est. reading time\" \/>\n\t<meta name=\"twitter:data2\" content=\"1 minute\" \/>\n<script type=\"application\/ld+json\" class=\"yoast-schema-graph\">{\"@context\":\"https:\/\/schema.org\",\"@graph\":[{\"@type\":\"WebSite\",\"@id\":\"https:\/\/www.visit-ulcinj.com\/blog\/#website\",\"url\":\"https:\/\/www.visit-ulcinj.com\/blog\/\",\"name\":\"Lajme nga Ulqini\",\"description\":\"Lajme,Vijesti,Ulqini,Ulqin,Crna Gora,Mali i Zi\",\"potentialAction\":[{\"@type\":\"SearchAction\",\"target\":{\"@type\":\"EntryPoint\",\"urlTemplate\":\"https:\/\/www.visit-ulcinj.com\/blog\/?s={search_term_string}\"},\"query-input\":\"required name=search_term_string\"}],\"inLanguage\":\"en-US\"},{\"@type\":\"ImageObject\",\"inLanguage\":\"en-US\",\"@id\":\"https:\/\/www.visit-ulcinj.com\/blog\/2009\/02\/10\/bjordi-ne-fillim-ju-kam-paragjykuar\/#primaryimage\",\"url\":\"http:\/\/www.visit-ulcinj.com\/blog\/wp-content\/uploads\/2009\/02\/bjorniiiii.jpg\",\"contentUrl\":\"http:\/\/www.visit-ulcinj.com\/blog\/wp-content\/uploads\/2009\/02\/bjorniiiii.jpg\"},{\"@type\":\"WebPage\",\"@id\":\"https:\/\/www.visit-ulcinj.com\/blog\/2009\/02\/10\/bjordi-ne-fillim-ju-kam-paragjykuar\/#webpage\",\"url\":\"https:\/\/www.visit-ulcinj.com\/blog\/2009\/02\/10\/bjordi-ne-fillim-ju-kam-paragjykuar\/\",\"name\":\"Bjordi - N\u00c3\u00ab fillim ju kam paragjykuar\",\"isPartOf\":{\"@id\":\"https:\/\/www.visit-ulcinj.com\/blog\/#website\"},\"primaryImageOfPage\":{\"@id\":\"https:\/\/www.visit-ulcinj.com\/blog\/2009\/02\/10\/bjordi-ne-fillim-ju-kam-paragjykuar\/#primaryimage\"},\"datePublished\":\"2009-02-10T20:10:15+00:00\",\"dateModified\":\"2009-02-10T20:10:15+00:00\",\"author\":{\"@id\":\"https:\/\/www.visit-ulcinj.com\/blog\/#\/schema\/person\/dcab619c614d3038751c63bc2aadc06d\"},\"description\":\"Big Brother Albania 2 - Djaloshi m\u00c3\u00ab i vog\u00c3\u00abl i sht\u00c3\u00abpis\u00c3\u00ab s\u00c3\u00ab Big Brother tregon impersionet q\u00c3\u00ab pati n\u00c3\u00ab momentin e par\u00c3\u00ab q\u00c3\u00ab i pa nga ekrani banor\u00c3\u00abt e tj\",\"breadcrumb\":{\"@id\":\"https:\/\/www.visit-ulcinj.com\/blog\/2009\/02\/10\/bjordi-ne-fillim-ju-kam-paragjykuar\/#breadcrumb\"},\"inLanguage\":\"en-US\",\"potentialAction\":[{\"@type\":\"ReadAction\",\"target\":[\"https:\/\/www.visit-ulcinj.com\/blog\/2009\/02\/10\/bjordi-ne-fillim-ju-kam-paragjykuar\/\"]}]},{\"@type\":\"BreadcrumbList\",\"@id\":\"https:\/\/www.visit-ulcinj.com\/blog\/2009\/02\/10\/bjordi-ne-fillim-ju-kam-paragjykuar\/#breadcrumb\",\"itemListElement\":[{\"@type\":\"ListItem\",\"position\":1,\"name\":\"Bjordi &#8211; N\u00eb fillim ju kam paragjykuar\"}]},{\"@type\":\"Person\",\"@id\":\"https:\/\/www.visit-ulcinj.com\/blog\/#\/schema\/person\/dcab619c614d3038751c63bc2aadc06d\",\"name\":\"ulqini\",\"sameAs\":[\"http:\/\/www.visit-ulcinj.com\"],\"url\":\"https:\/\/www.visit-ulcinj.com\/blog\/author\/admin\/\"}]}<\/script>\n<!-- \/ Yoast SEO plugin. -->","yoast_head_json":{"title":"Bjordi - N\u00c3\u00ab fillim ju kam paragjykuar","description":"Big Brother Albania 2 - Djaloshi m\u00c3\u00ab i vog\u00c3\u00abl i sht\u00c3\u00abpis\u00c3\u00ab s\u00c3\u00ab Big Brother tregon impersionet q\u00c3\u00ab pati n\u00c3\u00ab momentin e par\u00c3\u00ab q\u00c3\u00ab i pa nga ekrani banor\u00c3\u00abt e tj","robots":{"index":"index","follow":"follow","max-snippet":"max-snippet:-1","max-image-preview":"max-image-preview:large","max-video-preview":"max-video-preview:-1"},"canonical":"https:\/\/www.visit-ulcinj.com\/blog\/2009\/02\/10\/bjordi-ne-fillim-ju-kam-paragjykuar\/","og_locale":"en_US","og_type":"article","og_title":"Bjordi - N\u00c3\u00ab fillim ju kam paragjykuar","og_description":"Big Brother Albania 2 - Djaloshi m\u00c3\u00ab i vog\u00c3\u00abl i sht\u00c3\u00abpis\u00c3\u00ab s\u00c3\u00ab Big Brother tregon impersionet q\u00c3\u00ab pati n\u00c3\u00ab momentin e par\u00c3\u00ab q\u00c3\u00ab i pa nga ekrani banor\u00c3\u00abt e tj","og_url":"https:\/\/www.visit-ulcinj.com\/blog\/2009\/02\/10\/bjordi-ne-fillim-ju-kam-paragjykuar\/","og_site_name":"Lajme nga Ulqini","article_published_time":"2009-02-10T20:10:15+00:00","og_image":[{"url":"http:\/\/www.visit-ulcinj.com\/blog\/wp-content\/uploads\/2009\/02\/bjorniiiii.jpg"}],"twitter_misc":{"Written by":"ulqini","Est. reading time":"1 minute"},"schema":{"@context":"https:\/\/schema.org","@graph":[{"@type":"WebSite","@id":"https:\/\/www.visit-ulcinj.com\/blog\/#website","url":"https:\/\/www.visit-ulcinj.com\/blog\/","name":"Lajme nga Ulqini","description":"Lajme,Vijesti,Ulqini,Ulqin,Crna Gora,Mali i Zi","potentialAction":[{"@type":"SearchAction","target":{"@type":"EntryPoint","urlTemplate":"https:\/\/www.visit-ulcinj.com\/blog\/?s={search_term_string}"},"query-input":"required name=search_term_string"}],"inLanguage":"en-US"},{"@type":"ImageObject","inLanguage":"en-US","@id":"https:\/\/www.visit-ulcinj.com\/blog\/2009\/02\/10\/bjordi-ne-fillim-ju-kam-paragjykuar\/#primaryimage","url":"http:\/\/www.visit-ulcinj.com\/blog\/wp-content\/uploads\/2009\/02\/bjorniiiii.jpg","contentUrl":"http:\/\/www.visit-ulcinj.com\/blog\/wp-content\/uploads\/2009\/02\/bjorniiiii.jpg"},{"@type":"WebPage","@id":"https:\/\/www.visit-ulcinj.com\/blog\/2009\/02\/10\/bjordi-ne-fillim-ju-kam-paragjykuar\/#webpage","url":"https:\/\/www.visit-ulcinj.com\/blog\/2009\/02\/10\/bjordi-ne-fillim-ju-kam-paragjykuar\/","name":"Bjordi - N\u00c3\u00ab fillim ju kam paragjykuar","isPartOf":{"@id":"https:\/\/www.visit-ulcinj.com\/blog\/#website"},"primaryImageOfPage":{"@id":"https:\/\/www.visit-ulcinj.com\/blog\/2009\/02\/10\/bjordi-ne-fillim-ju-kam-paragjykuar\/#primaryimage"},"datePublished":"2009-02-10T20:10:15+00:00","dateModified":"2009-02-10T20:10:15+00:00","author":{"@id":"https:\/\/www.visit-ulcinj.com\/blog\/#\/schema\/person\/dcab619c614d3038751c63bc2aadc06d"},"description":"Big Brother Albania 2 - Djaloshi m\u00c3\u00ab i vog\u00c3\u00abl i sht\u00c3\u00abpis\u00c3\u00ab s\u00c3\u00ab Big Brother tregon impersionet q\u00c3\u00ab pati n\u00c3\u00ab momentin e par\u00c3\u00ab q\u00c3\u00ab i pa nga ekrani banor\u00c3\u00abt e tj","breadcrumb":{"@id":"https:\/\/www.visit-ulcinj.com\/blog\/2009\/02\/10\/bjordi-ne-fillim-ju-kam-paragjykuar\/#breadcrumb"},"inLanguage":"en-US","potentialAction":[{"@type":"ReadAction","target":["https:\/\/www.visit-ulcinj.com\/blog\/2009\/02\/10\/bjordi-ne-fillim-ju-kam-paragjykuar\/"]}]},{"@type":"BreadcrumbList","@id":"https:\/\/www.visit-ulcinj.com\/blog\/2009\/02\/10\/bjordi-ne-fillim-ju-kam-paragjykuar\/#breadcrumb","itemListElement":[{"@type":"ListItem","position":1,"name":"Bjordi &#8211; N\u00eb fillim ju kam paragjykuar"}]},{"@type":"Person","@id":"https:\/\/www.visit-ulcinj.com\/blog\/#\/schema\/person\/dcab619c614d3038751c63bc2aadc06d","name":"ulqini","sameAs":["http:\/\/www.visit-ulcinj.com"],"url":"https:\/\/www.visit-ulcinj.com\/blog\/author\/admin\/"}]}},"jetpack_featured_media_url":"","jetpack_sharing_enabled":true,"jetpack_shortlink":"https:\/\/wp.me\/pe6lTn-2V1","_links":{"self":[{"href":"https:\/\/www.visit-ulcinj.com\/blog\/wp-json\/wp\/v2\/posts\/11223"}],"collection":[{"href":"https:\/\/www.visit-ulcinj.com\/blog\/wp-json\/wp\/v2\/posts"}],"about":[{"href":"https:\/\/www.visit-ulcinj.com\/blog\/wp-json\/wp\/v2\/types\/post"}],"author":[{"embeddable":true,"href":"https:\/\/www.visit-ulcinj.com\/blog\/wp-json\/wp\/v2\/users\/1"}],"replies":[{"embeddable":true,"href":"https:\/\/www.visit-ulcinj.com\/blog\/wp-json\/wp\/v2\/comments?post=11223"}],"version-history":[{"count":0,"href":"https:\/\/www.visit-ulcinj.com\/blog\/wp-json\/wp\/v2\/posts\/11223\/revisions"}],"wp:attachment":[{"href":"https:\/\/www.visit-ulcinj.com\/blog\/wp-json\/wp\/v2\/media?parent=11223"}],"wp:term":[{"taxonomy":"category","embeddable":true,"href":"https:\/\/www.visit-ulcinj.com\/blog\/wp-json\/wp\/v2\/categories?post=11223"},{"taxonomy":"post_tag","embeddable":true,"href":"https:\/\/www.visit-ulcinj.com\/blog\/wp-json\/wp\/v2\/tags?post=11223"}],"curies":[{"name":"wp","href":"https:\/\/api.w.org\/{rel}","templated":true}]}}