{"id":11227,"date":"2009-02-10T21:16:52","date_gmt":"2009-02-10T20:16:52","guid":{"rendered":"http:\/\/www.visit-ulcinj.com\/blog\/?p=11227"},"modified":"2009-02-10T21:16:52","modified_gmt":"2009-02-10T20:16:52","slug":"banoret-flasin-per-politiken","status":"publish","type":"post","link":"https:\/\/www.visit-ulcinj.com\/blog\/2009\/02\/10\/banoret-flasin-per-politiken\/","title":{"rendered":"Banor\u00ebt flasin p\u00ebr politik\u00ebn"},"content":{"rendered":"<p><strong><span class=\"newstitlec\"><a href=\"http:\/\/www.visit-ulcinj.com\/blog\/wp-content\/uploads\/2009\/02\/per-politiken.jpg\"><img loading=\"lazy\" class=\"alignleft size-full wp-image-11228\" title=\"per-politiken\" src=\"http:\/\/www.visit-ulcinj.com\/blog\/wp-content\/uploads\/2009\/02\/per-politiken.jpg\" alt=\"per-politiken\" width=\"300\" height=\"205\" \/><\/a>Banor\u00ebt flasin p\u00ebr politik\u00ebn<\/span><\/strong><br \/>\n<em><span class=\"newsdate\">10\/02\/2009 19:00<\/span><\/em><\/p>\n<p>M\u00eb n\u00eb fund nj\u00eb tem\u00eb serioz\u00eb n\u00eb sht\u00ebpin\u00eb e Bib Brother. Pavlini, Dritani, Aida dhe Qet\u00ebsori diskutojn\u00eb p\u00ebr m\u00ebnyr\u00ebn e funksionimit t\u00eb shtetit. Aida thot\u00eb se nuk do t\u00eb merret fare me politik\u00eb, por ka personazhe politike q\u00eb i p\u00eblqen apo q\u00eb nuk i p\u00eblqen mbi m\u00ebnyrat drejtuese. Ajo shpjegon se n\u00eb q\u00ebllimet q\u00eb ka p\u00ebr jet\u00ebn, m\u00ebnyra e vetme sesi mund t\u00eb ndihmoj\u00eb n\u00eb mbar\u00ebvajtjen e shtetit \u00ebsht\u00eb t\u00eb paguaj\u00eb taksat, pasi ato jan\u00eb baza e nj\u00eb shteti. Nd\u00ebrkoh\u00eb Pavlini shpjegon se qeveritar\u00ebt tan\u00eb abuzojn\u00eb me votat e qytetar\u00ebve, pasi marrin vot\u00ebn ata nuk japin as minimumin p\u00ebr ata q\u00eb i kan\u00eb zgjedhur. Dritani tenton t\u00eb mbyll\u00eb gjith\u00eb bised\u00ebn dhe t\u00eb mos flasin me p\u00ebr politik\u00eb, madje shpjegon se ata ndihen shum\u00eb t\u00eb privilegjuar q\u00eb nuk marrin asnj\u00eb informaicon nga jasht\u00eb, p\u00ebr m\u00eb tep\u00ebr ato q\u00eb lidhen me politik\u00ebn.<\/p>\n<div id=\"copyright\" style=\"padding-top: 5px;\"><strong>\u00a9 Big Brother Albania &#8211; 2009<\/strong><\/div>\n","protected":false},"excerpt":{"rendered":"<p>Banor\u00ebt flasin p\u00ebr politik\u00ebn 10\/02\/2009 19:00 M\u00eb n\u00eb fund nj\u00eb tem\u00eb serioz\u00eb n\u00eb sht\u00ebpin\u00eb e Bib Brother. Pavlini, Dritani, Aida dhe Qet\u00ebsori diskutojn\u00eb p\u00ebr m\u00ebnyr\u00ebn e funksionimit t\u00eb shtetit. Aida thot\u00eb se nuk do t\u00eb merret fare me politik\u00eb, por ka personazhe politike q\u00eb i p\u00eblqen apo q\u00eb nuk i p\u00eblqen mbi m\u00ebnyrat drejtuese. Ajo [&hellip;]<\/p>\n","protected":false},"author":1,"featured_media":0,"comment_status":"open","ping_status":"closed","sticky":false,"template":"","format":"standard","meta":{"spay_email":"","jetpack_publicize_message":"","jetpack_is_tweetstorm":false,"jetpack_publicize_feature_enabled":true},"categories":[6502],"tags":[6562,6566,1667,786,6699,6541,6697,6558,6700,6694,6701,5057,6506,6712,6696,6688,6689,6665,6643,6695,6538,6563,6702,6691,6716,6703,6704,6718,6705,1442,49,788,6692,6706,6567,6711,6568,6707,6708,6540,4980,6698,262,6709,6710,3976,3946,354,4686,6690,6715,6714,6693,3797,3583,6713,6717,6564],"jetpack_publicize_connections":[],"yoast_head":"<!-- This site is optimized with the Yoast SEO plugin v19.1 - https:\/\/yoast.com\/wordpress\/plugins\/seo\/ -->\n<title>Banor\u00c3\u00abt flasin p\u00c3\u00abr politik\u00c3\u00abn<\/title>\n<meta name=\"description\" content=\"Big Brother Albania 2 - M\u00c3\u00ab n\u00c3\u00ab fund nj\u00c3\u00ab tem\u00c3\u00ab serioz\u00c3\u00ab n\u00c3\u00ab sht\u00c3\u00abpin\u00c3\u00ab e Bib Brother. Pavlini, Dritani, Aida dhe Qet\u00c3\u00absori diskutojn\u00c3\u00ab p\u00c3\u00abr m\u00c3\u00abnyr\u00c3\u00abn e funksionimit t\u00c3\u00ab shtetit.\" \/>\n<meta name=\"robots\" content=\"index, follow, max-snippet:-1, max-image-preview:large, max-video-preview:-1\" \/>\n<link rel=\"canonical\" href=\"https:\/\/www.visit-ulcinj.com\/blog\/2009\/02\/10\/banoret-flasin-per-politiken\/\" \/>\n<meta property=\"og:locale\" content=\"en_US\" \/>\n<meta property=\"og:type\" content=\"article\" \/>\n<meta property=\"og:title\" content=\"Banor\u00c3\u00abt flasin p\u00c3\u00abr politik\u00c3\u00abn\" \/>\n<meta property=\"og:description\" content=\"Big Brother Albania 2 - M\u00c3\u00ab n\u00c3\u00ab fund nj\u00c3\u00ab tem\u00c3\u00ab serioz\u00c3\u00ab n\u00c3\u00ab sht\u00c3\u00abpin\u00c3\u00ab e Bib Brother. Pavlini, Dritani, Aida dhe Qet\u00c3\u00absori diskutojn\u00c3\u00ab p\u00c3\u00abr m\u00c3\u00abnyr\u00c3\u00abn e funksionimit t\u00c3\u00ab shtetit.\" \/>\n<meta property=\"og:url\" content=\"https:\/\/www.visit-ulcinj.com\/blog\/2009\/02\/10\/banoret-flasin-per-politiken\/\" \/>\n<meta property=\"og:site_name\" content=\"Lajme nga Ulqini\" \/>\n<meta property=\"article:published_time\" content=\"2009-02-10T20:16:52+00:00\" \/>\n<meta property=\"og:image\" content=\"http:\/\/www.visit-ulcinj.com\/blog\/wp-content\/uploads\/2009\/02\/per-politiken.jpg\" \/>\n<meta name=\"twitter:label1\" content=\"Written by\" \/>\n\t<meta name=\"twitter:data1\" content=\"ulqini\" \/>\n\t<meta name=\"twitter:label2\" content=\"Est. reading time\" \/>\n\t<meta name=\"twitter:data2\" content=\"1 minute\" \/>\n<script type=\"application\/ld+json\" class=\"yoast-schema-graph\">{\"@context\":\"https:\/\/schema.org\",\"@graph\":[{\"@type\":\"WebSite\",\"@id\":\"https:\/\/www.visit-ulcinj.com\/blog\/#website\",\"url\":\"https:\/\/www.visit-ulcinj.com\/blog\/\",\"name\":\"Lajme nga Ulqini\",\"description\":\"Lajme,Vijesti,Ulqini,Ulqin,Crna Gora,Mali i Zi\",\"potentialAction\":[{\"@type\":\"SearchAction\",\"target\":{\"@type\":\"EntryPoint\",\"urlTemplate\":\"https:\/\/www.visit-ulcinj.com\/blog\/?s={search_term_string}\"},\"query-input\":\"required name=search_term_string\"}],\"inLanguage\":\"en-US\"},{\"@type\":\"ImageObject\",\"inLanguage\":\"en-US\",\"@id\":\"https:\/\/www.visit-ulcinj.com\/blog\/2009\/02\/10\/banoret-flasin-per-politiken\/#primaryimage\",\"url\":\"http:\/\/www.visit-ulcinj.com\/blog\/wp-content\/uploads\/2009\/02\/per-politiken.jpg\",\"contentUrl\":\"http:\/\/www.visit-ulcinj.com\/blog\/wp-content\/uploads\/2009\/02\/per-politiken.jpg\"},{\"@type\":\"WebPage\",\"@id\":\"https:\/\/www.visit-ulcinj.com\/blog\/2009\/02\/10\/banoret-flasin-per-politiken\/#webpage\",\"url\":\"https:\/\/www.visit-ulcinj.com\/blog\/2009\/02\/10\/banoret-flasin-per-politiken\/\",\"name\":\"Banor\u00c3\u00abt flasin p\u00c3\u00abr politik\u00c3\u00abn\",\"isPartOf\":{\"@id\":\"https:\/\/www.visit-ulcinj.com\/blog\/#website\"},\"primaryImageOfPage\":{\"@id\":\"https:\/\/www.visit-ulcinj.com\/blog\/2009\/02\/10\/banoret-flasin-per-politiken\/#primaryimage\"},\"datePublished\":\"2009-02-10T20:16:52+00:00\",\"dateModified\":\"2009-02-10T20:16:52+00:00\",\"author\":{\"@id\":\"https:\/\/www.visit-ulcinj.com\/blog\/#\/schema\/person\/dcab619c614d3038751c63bc2aadc06d\"},\"description\":\"Big Brother Albania 2 - M\u00c3\u00ab n\u00c3\u00ab fund nj\u00c3\u00ab tem\u00c3\u00ab serioz\u00c3\u00ab n\u00c3\u00ab sht\u00c3\u00abpin\u00c3\u00ab e Bib Brother. Pavlini, Dritani, Aida dhe Qet\u00c3\u00absori diskutojn\u00c3\u00ab p\u00c3\u00abr m\u00c3\u00abnyr\u00c3\u00abn e funksionimit t\u00c3\u00ab shtetit.\",\"breadcrumb\":{\"@id\":\"https:\/\/www.visit-ulcinj.com\/blog\/2009\/02\/10\/banoret-flasin-per-politiken\/#breadcrumb\"},\"inLanguage\":\"en-US\",\"potentialAction\":[{\"@type\":\"ReadAction\",\"target\":[\"https:\/\/www.visit-ulcinj.com\/blog\/2009\/02\/10\/banoret-flasin-per-politiken\/\"]}]},{\"@type\":\"BreadcrumbList\",\"@id\":\"https:\/\/www.visit-ulcinj.com\/blog\/2009\/02\/10\/banoret-flasin-per-politiken\/#breadcrumb\",\"itemListElement\":[{\"@type\":\"ListItem\",\"position\":1,\"name\":\"Banor\u00ebt flasin p\u00ebr politik\u00ebn\"}]},{\"@type\":\"Person\",\"@id\":\"https:\/\/www.visit-ulcinj.com\/blog\/#\/schema\/person\/dcab619c614d3038751c63bc2aadc06d\",\"name\":\"ulqini\",\"sameAs\":[\"http:\/\/www.visit-ulcinj.com\"],\"url\":\"https:\/\/www.visit-ulcinj.com\/blog\/author\/admin\/\"}]}<\/script>\n<!-- \/ Yoast SEO plugin. -->","yoast_head_json":{"title":"Banor\u00c3\u00abt flasin p\u00c3\u00abr politik\u00c3\u00abn","description":"Big Brother Albania 2 - M\u00c3\u00ab n\u00c3\u00ab fund nj\u00c3\u00ab tem\u00c3\u00ab serioz\u00c3\u00ab n\u00c3\u00ab sht\u00c3\u00abpin\u00c3\u00ab e Bib Brother. Pavlini, Dritani, Aida dhe Qet\u00c3\u00absori diskutojn\u00c3\u00ab p\u00c3\u00abr m\u00c3\u00abnyr\u00c3\u00abn e funksionimit t\u00c3\u00ab shtetit.","robots":{"index":"index","follow":"follow","max-snippet":"max-snippet:-1","max-image-preview":"max-image-preview:large","max-video-preview":"max-video-preview:-1"},"canonical":"https:\/\/www.visit-ulcinj.com\/blog\/2009\/02\/10\/banoret-flasin-per-politiken\/","og_locale":"en_US","og_type":"article","og_title":"Banor\u00c3\u00abt flasin p\u00c3\u00abr politik\u00c3\u00abn","og_description":"Big Brother Albania 2 - M\u00c3\u00ab n\u00c3\u00ab fund nj\u00c3\u00ab tem\u00c3\u00ab serioz\u00c3\u00ab n\u00c3\u00ab sht\u00c3\u00abpin\u00c3\u00ab e Bib Brother. Pavlini, Dritani, Aida dhe Qet\u00c3\u00absori diskutojn\u00c3\u00ab p\u00c3\u00abr m\u00c3\u00abnyr\u00c3\u00abn e funksionimit t\u00c3\u00ab shtetit.","og_url":"https:\/\/www.visit-ulcinj.com\/blog\/2009\/02\/10\/banoret-flasin-per-politiken\/","og_site_name":"Lajme nga Ulqini","article_published_time":"2009-02-10T20:16:52+00:00","og_image":[{"url":"http:\/\/www.visit-ulcinj.com\/blog\/wp-content\/uploads\/2009\/02\/per-politiken.jpg"}],"twitter_misc":{"Written by":"ulqini","Est. reading time":"1 minute"},"schema":{"@context":"https:\/\/schema.org","@graph":[{"@type":"WebSite","@id":"https:\/\/www.visit-ulcinj.com\/blog\/#website","url":"https:\/\/www.visit-ulcinj.com\/blog\/","name":"Lajme nga Ulqini","description":"Lajme,Vijesti,Ulqini,Ulqin,Crna Gora,Mali i Zi","potentialAction":[{"@type":"SearchAction","target":{"@type":"EntryPoint","urlTemplate":"https:\/\/www.visit-ulcinj.com\/blog\/?s={search_term_string}"},"query-input":"required name=search_term_string"}],"inLanguage":"en-US"},{"@type":"ImageObject","inLanguage":"en-US","@id":"https:\/\/www.visit-ulcinj.com\/blog\/2009\/02\/10\/banoret-flasin-per-politiken\/#primaryimage","url":"http:\/\/www.visit-ulcinj.com\/blog\/wp-content\/uploads\/2009\/02\/per-politiken.jpg","contentUrl":"http:\/\/www.visit-ulcinj.com\/blog\/wp-content\/uploads\/2009\/02\/per-politiken.jpg"},{"@type":"WebPage","@id":"https:\/\/www.visit-ulcinj.com\/blog\/2009\/02\/10\/banoret-flasin-per-politiken\/#webpage","url":"https:\/\/www.visit-ulcinj.com\/blog\/2009\/02\/10\/banoret-flasin-per-politiken\/","name":"Banor\u00c3\u00abt flasin p\u00c3\u00abr politik\u00c3\u00abn","isPartOf":{"@id":"https:\/\/www.visit-ulcinj.com\/blog\/#website"},"primaryImageOfPage":{"@id":"https:\/\/www.visit-ulcinj.com\/blog\/2009\/02\/10\/banoret-flasin-per-politiken\/#primaryimage"},"datePublished":"2009-02-10T20:16:52+00:00","dateModified":"2009-02-10T20:16:52+00:00","author":{"@id":"https:\/\/www.visit-ulcinj.com\/blog\/#\/schema\/person\/dcab619c614d3038751c63bc2aadc06d"},"description":"Big Brother Albania 2 - M\u00c3\u00ab n\u00c3\u00ab fund nj\u00c3\u00ab tem\u00c3\u00ab serioz\u00c3\u00ab n\u00c3\u00ab sht\u00c3\u00abpin\u00c3\u00ab e Bib Brother. Pavlini, Dritani, Aida dhe Qet\u00c3\u00absori diskutojn\u00c3\u00ab p\u00c3\u00abr m\u00c3\u00abnyr\u00c3\u00abn e funksionimit t\u00c3\u00ab shtetit.","breadcrumb":{"@id":"https:\/\/www.visit-ulcinj.com\/blog\/2009\/02\/10\/banoret-flasin-per-politiken\/#breadcrumb"},"inLanguage":"en-US","potentialAction":[{"@type":"ReadAction","target":["https:\/\/www.visit-ulcinj.com\/blog\/2009\/02\/10\/banoret-flasin-per-politiken\/"]}]},{"@type":"BreadcrumbList","@id":"https:\/\/www.visit-ulcinj.com\/blog\/2009\/02\/10\/banoret-flasin-per-politiken\/#breadcrumb","itemListElement":[{"@type":"ListItem","position":1,"name":"Banor\u00ebt flasin p\u00ebr politik\u00ebn"}]},{"@type":"Person","@id":"https:\/\/www.visit-ulcinj.com\/blog\/#\/schema\/person\/dcab619c614d3038751c63bc2aadc06d","name":"ulqini","sameAs":["http:\/\/www.visit-ulcinj.com"],"url":"https:\/\/www.visit-ulcinj.com\/blog\/author\/admin\/"}]}},"jetpack_featured_media_url":"","jetpack_sharing_enabled":true,"jetpack_shortlink":"https:\/\/wp.me\/pe6lTn-2V5","_links":{"self":[{"href":"https:\/\/www.visit-ulcinj.com\/blog\/wp-json\/wp\/v2\/posts\/11227"}],"collection":[{"href":"https:\/\/www.visit-ulcinj.com\/blog\/wp-json\/wp\/v2\/posts"}],"about":[{"href":"https:\/\/www.visit-ulcinj.com\/blog\/wp-json\/wp\/v2\/types\/post"}],"author":[{"embeddable":true,"href":"https:\/\/www.visit-ulcinj.com\/blog\/wp-json\/wp\/v2\/users\/1"}],"replies":[{"embeddable":true,"href":"https:\/\/www.visit-ulcinj.com\/blog\/wp-json\/wp\/v2\/comments?post=11227"}],"version-history":[{"count":0,"href":"https:\/\/www.visit-ulcinj.com\/blog\/wp-json\/wp\/v2\/posts\/11227\/revisions"}],"wp:attachment":[{"href":"https:\/\/www.visit-ulcinj.com\/blog\/wp-json\/wp\/v2\/media?parent=11227"}],"wp:term":[{"taxonomy":"category","embeddable":true,"href":"https:\/\/www.visit-ulcinj.com\/blog\/wp-json\/wp\/v2\/categories?post=11227"},{"taxonomy":"post_tag","embeddable":true,"href":"https:\/\/www.visit-ulcinj.com\/blog\/wp-json\/wp\/v2\/tags?post=11227"}],"curies":[{"name":"wp","href":"https:\/\/api.w.org\/{rel}","templated":true}]}}