{"id":11233,"date":"2009-02-11T00:50:49","date_gmt":"2009-02-10T23:50:49","guid":{"rendered":"http:\/\/www.visit-ulcinj.com\/blog\/?p=11233"},"modified":"2009-02-11T00:51:15","modified_gmt":"2009-02-10T23:51:15","slug":"amir-hollaj-u-shkarkua-nga-posti-i-kryetarit-te-ppd-se","status":"publish","type":"post","link":"https:\/\/www.visit-ulcinj.com\/blog\/2009\/02\/11\/amir-hollaj-u-shkarkua-nga-posti-i-kryetarit-te-ppd-se\/","title":{"rendered":"Amir Hollaj u shkarkua nga posti i kryetarit t\u00eb PPD-s\u00eb"},"content":{"rendered":"<p><strong><a href=\"http:\/\/www.visit-ulcinj.com\/blog\/wp-content\/uploads\/2009\/02\/amir-hollaj1.jpg\"><img loading=\"lazy\" class=\"alignleft size-full wp-image-11234\" title=\"amir-hollaj1\" src=\"http:\/\/www.visit-ulcinj.com\/blog\/wp-content\/uploads\/2009\/02\/amir-hollaj1.jpg\" alt=\"amir-hollaj1\" width=\"347\" height=\"632\" srcset=\"https:\/\/www.visit-ulcinj.com\/blog\/wp-content\/uploads\/2009\/02\/amir-hollaj1.jpg 347w, https:\/\/www.visit-ulcinj.com\/blog\/wp-content\/uploads\/2009\/02\/amir-hollaj1-164x300.jpg 164w\" sizes=\"(max-width: 347px) 100vw, 347px\" \/><\/a>K\u00ebshilli drejtues i PPD-s\u00eb shkarkoi kryetarin, Amir Hollaj<\/strong><br \/>\nKryetari i Partis\u00eb s\u00eb Prosperitetit Demokratik, Amir Hollaj nuk g\u00ebzon m\u00eb t\u00eb drejt\u00ebn e p\u00ebrfaq\u00ebsimit t\u00eb partis\u00eb, ka vendosur K\u00ebshhilli drejtues\u00a0 i k\u00ebsaj parti.\u00a0 &#8220;Dy t\u00eb treat e K\u00ebshillit drejtues vendos\u00ebn\u00a0 t\u00eb h\u00ebn\u00ebn n\u00eb mbr\u00ebmje\u00a0 q\u00eb mbi baz\u00ebn e Statutit t\u00eb PPD \u2013 s\u00eb, neni 30 i Statutit kryetarit Hollaj t&#8217;i merret e drejta e p\u00ebrfaq\u00ebsimit t\u00eb partis\u00eb, e drejta q\u00eb t\u00eb zhvilloj\u00eb biseda me parti t\u00eb tjera shqiptare si dhe e drejta q\u00eb n\u00eb em\u00ebr t\u00eb PPD \u2013 s\u00eb t\u00eb b\u00ebj\u00eb lidhje koalicionesh me parti ose grupime partish&#8221;, thuhet n\u00eb kumtes\u00ebn p\u00ebr opinion t\u00eb n\u00ebnshkruar nga n\u00ebnkryetari i K\u00ebshillit drejtues, Safet Taipi. Ky nd\u00ebshkim partiak , pohon Taipi, erdhi pas\u00a0 sjelljeve\u00a0 e nj\u00ebanshme t\u00eb pavarura e t\u00eb pakoordinuara me kryesin\u00eb e partis\u00eb t\u00eb kryetarit Hollaj , i cili\u00a0\u00a0 n\u00eb tubimin publik\u00a0 t\u00eb qytetar\u00ebve\u00a0 organizuar n\u00eb Kat\u00ebrkoll\u00eb m\u00eb 6 shkurt me moton &#8221; T\u00eb gjith\u00eb s\u00eb bashku p\u00ebr deputetin e An\u00ebs s\u00eb Malit&#8221;\u00a0 vendosi t\u00eb shkohet me nj\u00eb l\u00ebvizje apo parti tjet\u00ebr me em\u00ebr &#8220;Aleanca e re&#8221; \u00e7ka vetvetiu d\u00ebshmon q\u00eb kryetari i partis\u00eb z. Hollaj e l\u00ebshoi dhe braktisi postin e kryetarit p\u00ebr t&#8217;u bashkuar me aleanca t\u00eb vjetra apo t\u00eb reja.\u00a0 Taipi shtoi se me k\u00ebt\u00eb ikje t\u00eb kryetarit Hollaj njoftojm\u00eb\u00a0 elektoratin e partis\u00eb q\u00eb kriza e dy viteve t\u00eb fundit n\u00eb k\u00ebt\u00eb parti ve\u00e7 \u00ebsht\u00eb tejkaluar ngase nuk mbahet m\u00eb peng nga kryetari i saj dhe se KD n\u00eb pajtim me Statutin e partis\u00eb,shum\u00eb shpejt do t\u00eb th\u00ebrras\u00eb Kongresin e jasht\u00ebzakonsh .&#8221;L\u00ebshuarja n\u00eb negociata t\u00eb ndryshme me z. Hollaj i cili mund t\u00eb p\u00ebrdor\u00eb vul\u00ebn dhe emrin e PPD \u2013 s\u00eb, pa nj\u00eb vendim t\u00eb KD t\u00eb PPD \u2013 s\u00eb, ka rrezik q\u00eb negociator\u00ebve t\u00eb koalicioneve t&#8217;u sjell\u00eb kok\u00eb\u00e7arje duke u kontestuar nga ana e KD p\u00ebr legjitimitet e duke p\u00ebrfunduar madje edhe n\u00eb organet gjyq\u00ebsore. Vendime t\u00eb tilla q\u00eb do t\u00eb nd\u00ebrmerren nga subjekte t\u00eb mundshme ndaj subjektit ton\u00eb, nga subjekti yn\u00eb po t\u00eb ndodhin, do t\u00eb kuptohen si nd\u00ebrhyrje n\u00eb pun\u00ebt tona t\u00eb brendshme duke krijuar frym\u00eb armiq\u00ebsie q\u00eb do t\u00eb \u00e7oj\u00eb n\u00eb munges\u00eb t\u00eb bashk\u00ebpunimit t\u00eb nd\u00ebrsjellt\u00eb. 2\/3 e KD t\u00eb PPD \u2013 s\u00eb p\u00ebr q\u00ebndrimet e marra ka vendosur\u00a0 t\u00eb njoftoj\u00eb instancat p\u00ebrkat\u00ebse shtet\u00ebrore p\u00ebr t\u00eb nd\u00ebrmarr\u00eb masat e nevojshme q\u00eb n\u00ebnkuptojn\u00eb bllokimin e t\u00eb drejt\u00ebs s\u00eb kryetarit Hollaj p\u00ebr administrim me mjetet dhe pasurin\u00eb e partis\u00eb q\u00eb deri tash g\u00ebzonte z. Hollaj&#8221;, theksoi Taipi dhe shtoi se\u00a0 K\u00ebshilli drejtues\u00a0 n\u00eb t\u00eb ardhemn do t\u00eb vendose p\u00ebr koalicione parazgjedhore p\u00ebr zgjedhje parlamentare republikane t\u00eb cilat do t\u00eb mbahen m\u00eb 29 mars.\u00a0 &#8220;Mbi k\u00ebto baza i b\u00ebjm\u00eb me dijeni subjektet politike q\u00eb n\u00eb t\u00eb ardhmen kur thirren n\u00eb em\u00ebr t\u00eb PPD \u2013 s\u00eb p\u00ebr koalicione t\u00eb mundshme bisedimet duhet t&#8217;i b\u00ebjn\u00eb me personat e zgjedhur nga 2\/3 e K\u00ebshillit drejtues. PPD n\u00eb baz\u00eb t\u00eb nenit 2, 3, 4 dhe 5 t\u00eb Statutit t\u00eb partis\u00eb \u00ebsht\u00eb e gatshme dhe e hapur p\u00ebr bashk\u00ebpunim dhe koalicione vet\u00ebm me ato parti q\u00eb u angazhuan p\u00ebr pavar\u00ebsin\u00eb e Malit t\u00eb Zi dhe t\u00eb cilat njoh\u00ebn pavar\u00ebsin\u00eb e Kosov\u00ebs, nd\u00ebrsa bashk\u00ebpunimet me partit\u00eb e bllokut tjet\u00ebr qofshin ato edhe parti shqiptare nuk vijn\u00eb n\u00eb konsiderim&#8221;, p\u00ebrfundoi Taipi.<\/p>\n<p><strong>Gjeke Gjonaj, Ulqin<\/strong><\/p>\n","protected":false},"excerpt":{"rendered":"<p>K\u00ebshilli drejtues i PPD-s\u00eb shkarkoi kryetarin, Amir Hollaj Kryetari i Partis\u00eb s\u00eb Prosperitetit Demokratik, Amir Hollaj nuk g\u00ebzon m\u00eb t\u00eb drejt\u00ebn e p\u00ebrfaq\u00ebsimit t\u00eb partis\u00eb, ka vendosur K\u00ebshhilli drejtues\u00a0 i k\u00ebsaj parti.\u00a0 &#8220;Dy t\u00eb treat e K\u00ebshillit drejtues vendos\u00ebn\u00a0 t\u00eb h\u00ebn\u00ebn n\u00eb mbr\u00ebmje\u00a0 q\u00eb mbi baz\u00ebn e Statutit t\u00eb PPD \u2013 s\u00eb, neni 30 i [&hellip;]<\/p>\n","protected":false},"author":1,"featured_media":0,"comment_status":"open","ping_status":"closed","sticky":false,"template":"","format":"standard","meta":{"spay_email":"","jetpack_publicize_message":"","jetpack_is_tweetstorm":false,"jetpack_publicize_feature_enabled":true},"categories":[1],"tags":[6725,6533,1303,6721,6722,2805,6724,6723,1877,200,18],"jetpack_publicize_connections":[],"yoast_head":"<!-- This site is optimized with the Yoast SEO plugin v19.1 - https:\/\/yoast.com\/wordpress\/plugins\/seo\/ -->\n<title>Amir Hollaj u shkarkua nga posti i kryetarit t\u00eb PPD-s\u00eb - Lajme nga Ulqini<\/title>\n<meta name=\"description\" content=\"K\u00ebshilli drejtues i PPD-s\u00eb shkarkoi kryetarin, Amir Hollaj Kryetari i Partis\u00eb s\u00eb Prosperitetit Demokratik, Amir Hollaj nuk g\u00ebzon m\u00eb t\u00eb drejt\u00ebn e\" \/>\n<meta name=\"robots\" content=\"index, follow, max-snippet:-1, max-image-preview:large, max-video-preview:-1\" \/>\n<link rel=\"canonical\" href=\"https:\/\/www.visit-ulcinj.com\/blog\/2009\/02\/11\/amir-hollaj-u-shkarkua-nga-posti-i-kryetarit-te-ppd-se\/\" \/>\n<meta property=\"og:locale\" content=\"en_US\" \/>\n<meta property=\"og:type\" content=\"article\" \/>\n<meta property=\"og:title\" content=\"Amir Hollaj u shkarkua nga posti i kryetarit t\u00eb PPD-s\u00eb - Lajme nga Ulqini\" \/>\n<meta property=\"og:description\" content=\"K\u00ebshilli drejtues i PPD-s\u00eb shkarkoi kryetarin, Amir Hollaj Kryetari i Partis\u00eb s\u00eb Prosperitetit Demokratik, Amir Hollaj nuk g\u00ebzon m\u00eb t\u00eb drejt\u00ebn e\" \/>\n<meta property=\"og:url\" content=\"https:\/\/www.visit-ulcinj.com\/blog\/2009\/02\/11\/amir-hollaj-u-shkarkua-nga-posti-i-kryetarit-te-ppd-se\/\" \/>\n<meta property=\"og:site_name\" content=\"Lajme nga Ulqini\" \/>\n<meta property=\"article:published_time\" content=\"2009-02-10T23:50:49+00:00\" \/>\n<meta property=\"article:modified_time\" content=\"2009-02-10T23:51:15+00:00\" \/>\n<meta property=\"og:image\" content=\"http:\/\/www.visit-ulcinj.com\/blog\/wp-content\/uploads\/2009\/02\/amir-hollaj1.jpg\" \/>\n<meta name=\"twitter:label1\" content=\"Written by\" \/>\n\t<meta name=\"twitter:data1\" content=\"ulqini\" \/>\n\t<meta name=\"twitter:label2\" content=\"Est. reading time\" \/>\n\t<meta name=\"twitter:data2\" content=\"3 minutes\" \/>\n<script type=\"application\/ld+json\" class=\"yoast-schema-graph\">{\"@context\":\"https:\/\/schema.org\",\"@graph\":[{\"@type\":\"WebSite\",\"@id\":\"https:\/\/www.visit-ulcinj.com\/blog\/#website\",\"url\":\"https:\/\/www.visit-ulcinj.com\/blog\/\",\"name\":\"Lajme nga Ulqini\",\"description\":\"Lajme,Vijesti,Ulqini,Ulqin,Crna Gora,Mali i Zi\",\"potentialAction\":[{\"@type\":\"SearchAction\",\"target\":{\"@type\":\"EntryPoint\",\"urlTemplate\":\"https:\/\/www.visit-ulcinj.com\/blog\/?s={search_term_string}\"},\"query-input\":\"required name=search_term_string\"}],\"inLanguage\":\"en-US\"},{\"@type\":\"ImageObject\",\"inLanguage\":\"en-US\",\"@id\":\"https:\/\/www.visit-ulcinj.com\/blog\/2009\/02\/11\/amir-hollaj-u-shkarkua-nga-posti-i-kryetarit-te-ppd-se\/#primaryimage\",\"url\":\"https:\/\/www.visit-ulcinj.com\/blog\/wp-content\/uploads\/2009\/02\/amir-hollaj1.jpg\",\"contentUrl\":\"https:\/\/www.visit-ulcinj.com\/blog\/wp-content\/uploads\/2009\/02\/amir-hollaj1.jpg\",\"width\":\"347\",\"height\":\"632\"},{\"@type\":\"WebPage\",\"@id\":\"https:\/\/www.visit-ulcinj.com\/blog\/2009\/02\/11\/amir-hollaj-u-shkarkua-nga-posti-i-kryetarit-te-ppd-se\/#webpage\",\"url\":\"https:\/\/www.visit-ulcinj.com\/blog\/2009\/02\/11\/amir-hollaj-u-shkarkua-nga-posti-i-kryetarit-te-ppd-se\/\",\"name\":\"Amir Hollaj u shkarkua nga posti i kryetarit t\u00eb PPD-s\u00eb - Lajme nga Ulqini\",\"isPartOf\":{\"@id\":\"https:\/\/www.visit-ulcinj.com\/blog\/#website\"},\"primaryImageOfPage\":{\"@id\":\"https:\/\/www.visit-ulcinj.com\/blog\/2009\/02\/11\/amir-hollaj-u-shkarkua-nga-posti-i-kryetarit-te-ppd-se\/#primaryimage\"},\"datePublished\":\"2009-02-10T23:50:49+00:00\",\"dateModified\":\"2009-02-10T23:51:15+00:00\",\"author\":{\"@id\":\"https:\/\/www.visit-ulcinj.com\/blog\/#\/schema\/person\/dcab619c614d3038751c63bc2aadc06d\"},\"description\":\"K\u00ebshilli drejtues i PPD-s\u00eb shkarkoi kryetarin, Amir Hollaj Kryetari i Partis\u00eb s\u00eb Prosperitetit Demokratik, Amir Hollaj nuk g\u00ebzon m\u00eb t\u00eb drejt\u00ebn e\",\"breadcrumb\":{\"@id\":\"https:\/\/www.visit-ulcinj.com\/blog\/2009\/02\/11\/amir-hollaj-u-shkarkua-nga-posti-i-kryetarit-te-ppd-se\/#breadcrumb\"},\"inLanguage\":\"en-US\",\"potentialAction\":[{\"@type\":\"ReadAction\",\"target\":[\"https:\/\/www.visit-ulcinj.com\/blog\/2009\/02\/11\/amir-hollaj-u-shkarkua-nga-posti-i-kryetarit-te-ppd-se\/\"]}]},{\"@type\":\"BreadcrumbList\",\"@id\":\"https:\/\/www.visit-ulcinj.com\/blog\/2009\/02\/11\/amir-hollaj-u-shkarkua-nga-posti-i-kryetarit-te-ppd-se\/#breadcrumb\",\"itemListElement\":[{\"@type\":\"ListItem\",\"position\":1,\"name\":\"Amir Hollaj u shkarkua nga posti i kryetarit t\u00eb PPD-s\u00eb\"}]},{\"@type\":\"Person\",\"@id\":\"https:\/\/www.visit-ulcinj.com\/blog\/#\/schema\/person\/dcab619c614d3038751c63bc2aadc06d\",\"name\":\"ulqini\",\"sameAs\":[\"http:\/\/www.visit-ulcinj.com\"],\"url\":\"https:\/\/www.visit-ulcinj.com\/blog\/author\/admin\/\"}]}<\/script>\n<!-- \/ Yoast SEO plugin. -->","yoast_head_json":{"title":"Amir Hollaj u shkarkua nga posti i kryetarit t\u00eb PPD-s\u00eb - Lajme nga Ulqini","description":"K\u00ebshilli drejtues i PPD-s\u00eb shkarkoi kryetarin, Amir Hollaj Kryetari i Partis\u00eb s\u00eb Prosperitetit Demokratik, Amir Hollaj nuk g\u00ebzon m\u00eb t\u00eb drejt\u00ebn e","robots":{"index":"index","follow":"follow","max-snippet":"max-snippet:-1","max-image-preview":"max-image-preview:large","max-video-preview":"max-video-preview:-1"},"canonical":"https:\/\/www.visit-ulcinj.com\/blog\/2009\/02\/11\/amir-hollaj-u-shkarkua-nga-posti-i-kryetarit-te-ppd-se\/","og_locale":"en_US","og_type":"article","og_title":"Amir Hollaj u shkarkua nga posti i kryetarit t\u00eb PPD-s\u00eb - Lajme nga Ulqini","og_description":"K\u00ebshilli drejtues i PPD-s\u00eb shkarkoi kryetarin, Amir Hollaj Kryetari i Partis\u00eb s\u00eb Prosperitetit Demokratik, Amir Hollaj nuk g\u00ebzon m\u00eb t\u00eb drejt\u00ebn e","og_url":"https:\/\/www.visit-ulcinj.com\/blog\/2009\/02\/11\/amir-hollaj-u-shkarkua-nga-posti-i-kryetarit-te-ppd-se\/","og_site_name":"Lajme nga Ulqini","article_published_time":"2009-02-10T23:50:49+00:00","article_modified_time":"2009-02-10T23:51:15+00:00","og_image":[{"url":"http:\/\/www.visit-ulcinj.com\/blog\/wp-content\/uploads\/2009\/02\/amir-hollaj1.jpg"}],"twitter_misc":{"Written by":"ulqini","Est. reading time":"3 minutes"},"schema":{"@context":"https:\/\/schema.org","@graph":[{"@type":"WebSite","@id":"https:\/\/www.visit-ulcinj.com\/blog\/#website","url":"https:\/\/www.visit-ulcinj.com\/blog\/","name":"Lajme nga Ulqini","description":"Lajme,Vijesti,Ulqini,Ulqin,Crna Gora,Mali i Zi","potentialAction":[{"@type":"SearchAction","target":{"@type":"EntryPoint","urlTemplate":"https:\/\/www.visit-ulcinj.com\/blog\/?s={search_term_string}"},"query-input":"required name=search_term_string"}],"inLanguage":"en-US"},{"@type":"ImageObject","inLanguage":"en-US","@id":"https:\/\/www.visit-ulcinj.com\/blog\/2009\/02\/11\/amir-hollaj-u-shkarkua-nga-posti-i-kryetarit-te-ppd-se\/#primaryimage","url":"https:\/\/www.visit-ulcinj.com\/blog\/wp-content\/uploads\/2009\/02\/amir-hollaj1.jpg","contentUrl":"https:\/\/www.visit-ulcinj.com\/blog\/wp-content\/uploads\/2009\/02\/amir-hollaj1.jpg","width":"347","height":"632"},{"@type":"WebPage","@id":"https:\/\/www.visit-ulcinj.com\/blog\/2009\/02\/11\/amir-hollaj-u-shkarkua-nga-posti-i-kryetarit-te-ppd-se\/#webpage","url":"https:\/\/www.visit-ulcinj.com\/blog\/2009\/02\/11\/amir-hollaj-u-shkarkua-nga-posti-i-kryetarit-te-ppd-se\/","name":"Amir Hollaj u shkarkua nga posti i kryetarit t\u00eb PPD-s\u00eb - Lajme nga Ulqini","isPartOf":{"@id":"https:\/\/www.visit-ulcinj.com\/blog\/#website"},"primaryImageOfPage":{"@id":"https:\/\/www.visit-ulcinj.com\/blog\/2009\/02\/11\/amir-hollaj-u-shkarkua-nga-posti-i-kryetarit-te-ppd-se\/#primaryimage"},"datePublished":"2009-02-10T23:50:49+00:00","dateModified":"2009-02-10T23:51:15+00:00","author":{"@id":"https:\/\/www.visit-ulcinj.com\/blog\/#\/schema\/person\/dcab619c614d3038751c63bc2aadc06d"},"description":"K\u00ebshilli drejtues i PPD-s\u00eb shkarkoi kryetarin, Amir Hollaj Kryetari i Partis\u00eb s\u00eb Prosperitetit Demokratik, Amir Hollaj nuk g\u00ebzon m\u00eb t\u00eb drejt\u00ebn e","breadcrumb":{"@id":"https:\/\/www.visit-ulcinj.com\/blog\/2009\/02\/11\/amir-hollaj-u-shkarkua-nga-posti-i-kryetarit-te-ppd-se\/#breadcrumb"},"inLanguage":"en-US","potentialAction":[{"@type":"ReadAction","target":["https:\/\/www.visit-ulcinj.com\/blog\/2009\/02\/11\/amir-hollaj-u-shkarkua-nga-posti-i-kryetarit-te-ppd-se\/"]}]},{"@type":"BreadcrumbList","@id":"https:\/\/www.visit-ulcinj.com\/blog\/2009\/02\/11\/amir-hollaj-u-shkarkua-nga-posti-i-kryetarit-te-ppd-se\/#breadcrumb","itemListElement":[{"@type":"ListItem","position":1,"name":"Amir Hollaj u shkarkua nga posti i kryetarit t\u00eb PPD-s\u00eb"}]},{"@type":"Person","@id":"https:\/\/www.visit-ulcinj.com\/blog\/#\/schema\/person\/dcab619c614d3038751c63bc2aadc06d","name":"ulqini","sameAs":["http:\/\/www.visit-ulcinj.com"],"url":"https:\/\/www.visit-ulcinj.com\/blog\/author\/admin\/"}]}},"jetpack_featured_media_url":"","jetpack_sharing_enabled":true,"jetpack_shortlink":"https:\/\/wp.me\/pe6lTn-2Vb","_links":{"self":[{"href":"https:\/\/www.visit-ulcinj.com\/blog\/wp-json\/wp\/v2\/posts\/11233"}],"collection":[{"href":"https:\/\/www.visit-ulcinj.com\/blog\/wp-json\/wp\/v2\/posts"}],"about":[{"href":"https:\/\/www.visit-ulcinj.com\/blog\/wp-json\/wp\/v2\/types\/post"}],"author":[{"embeddable":true,"href":"https:\/\/www.visit-ulcinj.com\/blog\/wp-json\/wp\/v2\/users\/1"}],"replies":[{"embeddable":true,"href":"https:\/\/www.visit-ulcinj.com\/blog\/wp-json\/wp\/v2\/comments?post=11233"}],"version-history":[{"count":0,"href":"https:\/\/www.visit-ulcinj.com\/blog\/wp-json\/wp\/v2\/posts\/11233\/revisions"}],"wp:attachment":[{"href":"https:\/\/www.visit-ulcinj.com\/blog\/wp-json\/wp\/v2\/media?parent=11233"}],"wp:term":[{"taxonomy":"category","embeddable":true,"href":"https:\/\/www.visit-ulcinj.com\/blog\/wp-json\/wp\/v2\/categories?post=11233"},{"taxonomy":"post_tag","embeddable":true,"href":"https:\/\/www.visit-ulcinj.com\/blog\/wp-json\/wp\/v2\/tags?post=11233"}],"curies":[{"name":"wp","href":"https:\/\/api.w.org\/{rel}","templated":true}]}}