{"id":11246,"date":"2009-02-11T20:39:06","date_gmt":"2009-02-11T19:39:06","guid":{"rendered":"http:\/\/www.visit-ulcinj.com\/blog\/?p=11246"},"modified":"2009-02-11T20:39:06","modified_gmt":"2009-02-11T19:39:06","slug":"eliza-dushku-ne-reviste-per-meshkuj-%e2%80%98maxim%e2%80%99","status":"publish","type":"post","link":"https:\/\/www.visit-ulcinj.com\/blog\/2009\/02\/11\/eliza-dushku-ne-reviste-per-meshkuj-%e2%80%98maxim%e2%80%99\/","title":{"rendered":"Eliza Dushku, n\u00eb revist\u00eb p\u00ebr meshkuj \u2018Maxim\u2019"},"content":{"rendered":"<p><a href=\"http:\/\/www.visit-ulcinj.com\/blog\/wp-content\/uploads\/2009\/02\/eliza-dushku-maxim-04.jpg\"><img loading=\"lazy\" class=\"alignleft size-full wp-image-11250\" title=\"eliza-dushku-maxim-04\" src=\"http:\/\/www.visit-ulcinj.com\/blog\/wp-content\/uploads\/2009\/02\/eliza-dushku-maxim-04.jpg\" alt=\"eliza-dushku-maxim-04\" width=\"570\" height=\"350\" \/><\/a>\u00cbsht\u00eb nj\u00eb gj\u00eb n\u00eb trupin e Eliza Dushkut, t\u00eb cil\u00ebn ajo d\u00ebshiron ta shikoj\u00eb kur b\u00ebn dush, e kjo \u00ebsht\u00eb tatuazhi i saj. Aktorja dhe modelja me prejardhje shqiptare, e cila zbukuron ballin\u00ebn e revist\u00ebs p\u00ebr meshkuj \u201cMaxim\u201d p\u00ebr muajin mars, e ka pranuar se p\u00ebrve\u00e7 tatuazhit, ajo gjithashtu i adhuron meshkujt me vizatime trupore, me t\u00eb mavijosura dhe me g\u00ebrvishtje. \u201cE p\u00eblqej t\u00eb b\u00ebj nj\u00eb shikim t\u00eb shpejt\u00eb n\u00eb tatuazhet e mia kur zhvishem p\u00ebr t\u00eb b\u00ebr\u00eb nj\u00eb dush\u201d, \u00ebsht\u00eb cituar t\u2019i ket\u00eb th\u00ebn\u00eb Dushku revist\u00ebs \u201cMaxim\u201d. \u201cKat Von D ka b\u00ebr\u00eb nj\u00eb pend\u00ebl simbolike t\u00eb bukur n\u00eb brinj\u00ebt e mi. I p\u00eblqej meshkujt q\u00eb b\u00ebjn\u00eb loj\u00eb t\u00eb fort\u00eb dhe kan\u00eb lytha n\u00eb duar, shenjat dhe pjes\u00ebt e thyera t\u00eb trupit si dhe tatuazhet, jan\u00eb seksi\u201d, ka th\u00ebn\u00eb ajo. Bukuroshja 28-vje\u00e7are, s\u00eb shpejti do t\u00eb mund t\u00eb shihet n\u00eb serin\u00eb \u2018Dollhouse\u2019, ku ajo luan rolin e nj\u00eb qenie e cila \u00ebsht\u00eb krijuar n\u00eb laborator, e cila n\u00eb \u00e7do episod paraqitet me nj\u00eb personalitet t\u00eb ri.<\/p>\n<p><br \/>\n<object width=\"450\" height=\"388\" data=\"http:\/\/www.maximonline.com\/video\/videoembed_external.swf\" type=\"application\/x-shockwave-flash\"><param name=\"id\" value=\"MaximPlayer\" \/><param name=\"quality\" value=\"best\" \/><param name=\"wmode\" value=\"window\" \/><param name=\"bgcolor\" value=\"#FFFFFF\" \/><param name=\"allowScriptAccess\" value=\"always\" \/><param name=\"allowFullScreen\" value=\"true\" \/><param name=\"flashvars\" value=\"videoUrl=rtmp%3A%2F%2Fstream%2Emaxim%2Ecom%2Fondemand%2Fvideo%2F38501%2D39000%2F38824%5FMXM%5FSWIMSUIT%5F2009%5FJamieGunns%2Eflv&amp;videoFileName=38501%2D39000%2F38824%5FMXM%5FSWIMSUIT%5F2009%5FJamieGunns&amp;isVideoAutoPlaying=0&amp;isVideoEmbedded=true&amp;lightningCast=adfree%3Ageneral&amp;maximPath=%2Fvideo%2Findex%2Easpx&amp;pageName=video%3Aindex%3A%3ASwimsuit%202009%20Jamie%20Gunns%20Weve%20Found%20the%20Smoking%20Gunns&amp;videoImageURL=247a0392%2D5975%2D4b68%2D8772%2D1eadd5662ba3\" \/><param name=\"src\" value=\"http:\/\/www.maximonline.com\/video\/videoembed_external.swf\" \/><param name=\"name\" value=\"MaximPlayer\" \/><param name=\"allowfullscreen\" value=\"true\" \/><\/object><script src=\"http:\/\/www.maximonline.com\/includes\/js\/getBrowser.js\" type=\"text\/javascript\"><\/script><\/p>\n","protected":false},"excerpt":{"rendered":"<p>\u00cbsht\u00eb nj\u00eb gj\u00eb n\u00eb trupin e Eliza Dushkut, t\u00eb cil\u00ebn ajo d\u00ebshiron ta shikoj\u00eb kur b\u00ebn dush, e kjo \u00ebsht\u00eb tatuazhi i saj. Aktorja dhe modelja me prejardhje shqiptare, e cila zbukuron ballin\u00ebn e revist\u00ebs p\u00ebr meshkuj \u201cMaxim\u201d p\u00ebr muajin mars, e ka pranuar se p\u00ebrve\u00e7 tatuazhit, ajo gjithashtu i adhuron meshkujt me vizatime trupore, [&hellip;]<\/p>\n","protected":false},"author":1,"featured_media":0,"comment_status":"open","ping_status":"closed","sticky":false,"template":"","format":"standard","meta":{"spay_email":"","jetpack_publicize_message":"","jetpack_is_tweetstorm":false,"jetpack_publicize_feature_enabled":true},"categories":[1],"tags":[5352,6733],"jetpack_publicize_connections":[],"yoast_head":"<!-- This site is optimized with the Yoast SEO plugin v19.1 - https:\/\/yoast.com\/wordpress\/plugins\/seo\/ -->\n<title>Eliza Dushku, n\u00eb revist\u00eb p\u00ebr meshkuj \u2018Maxim\u2019 - Lajme nga Ulqini<\/title>\n<meta name=\"description\" content=\"\u00cbsht\u00eb nj\u00eb gj\u00eb n\u00eb trupin e Eliza Dushkut, t\u00eb cil\u00ebn ajo d\u00ebshiron ta shikoj\u00eb kur b\u00ebn dush, e kjo \u00ebsht\u00eb tatuazhi i saj. Aktorja dhe modelja me prejardhje\" \/>\n<meta name=\"robots\" content=\"index, follow, max-snippet:-1, max-image-preview:large, max-video-preview:-1\" \/>\n<link rel=\"canonical\" href=\"https:\/\/www.visit-ulcinj.com\/blog\/2009\/02\/11\/eliza-dushku-ne-reviste-per-meshkuj-\u2018maxim\u2019\/\" \/>\n<meta property=\"og:locale\" content=\"en_US\" \/>\n<meta property=\"og:type\" content=\"article\" \/>\n<meta property=\"og:title\" content=\"Eliza Dushku, n\u00eb revist\u00eb p\u00ebr meshkuj \u2018Maxim\u2019 - Lajme nga Ulqini\" \/>\n<meta property=\"og:description\" content=\"\u00cbsht\u00eb nj\u00eb gj\u00eb n\u00eb trupin e Eliza Dushkut, t\u00eb cil\u00ebn ajo d\u00ebshiron ta shikoj\u00eb kur b\u00ebn dush, e kjo \u00ebsht\u00eb tatuazhi i saj. Aktorja dhe modelja me prejardhje\" \/>\n<meta property=\"og:url\" content=\"https:\/\/www.visit-ulcinj.com\/blog\/2009\/02\/11\/eliza-dushku-ne-reviste-per-meshkuj-\u2018maxim\u2019\/\" \/>\n<meta property=\"og:site_name\" content=\"Lajme nga Ulqini\" \/>\n<meta property=\"article:published_time\" content=\"2009-02-11T19:39:06+00:00\" \/>\n<meta property=\"og:image\" content=\"https:\/\/www.visit-ulcinj.com\/blog\/wp-content\/uploads\/2009\/02\/eliza-dushku-maxim-01-150x150.jpg\" \/>\n<meta name=\"twitter:label1\" content=\"Written by\" \/>\n\t<meta name=\"twitter:data1\" content=\"ulqini\" \/>\n\t<meta name=\"twitter:label2\" content=\"Est. reading time\" \/>\n\t<meta name=\"twitter:data2\" content=\"1 minute\" \/>\n<script type=\"application\/ld+json\" class=\"yoast-schema-graph\">{\"@context\":\"https:\/\/schema.org\",\"@graph\":[{\"@type\":\"WebSite\",\"@id\":\"https:\/\/www.visit-ulcinj.com\/blog\/#website\",\"url\":\"https:\/\/www.visit-ulcinj.com\/blog\/\",\"name\":\"Lajme nga Ulqini\",\"description\":\"Lajme,Vijesti,Ulqini,Ulqin,Crna Gora,Mali i Zi\",\"potentialAction\":[{\"@type\":\"SearchAction\",\"target\":{\"@type\":\"EntryPoint\",\"urlTemplate\":\"https:\/\/www.visit-ulcinj.com\/blog\/?s={search_term_string}\"},\"query-input\":\"required name=search_term_string\"}],\"inLanguage\":\"en-US\"},{\"@type\":\"ImageObject\",\"inLanguage\":\"en-US\",\"@id\":\"https:\/\/www.visit-ulcinj.com\/blog\/2009\/02\/11\/eliza-dushku-ne-reviste-per-meshkuj-%e2%80%98maxim%e2%80%99\/#primaryimage\",\"url\":\"http:\/\/www.visit-ulcinj.com\/blog\/wp-content\/uploads\/2009\/02\/eliza-dushku-maxim-04.jpg\",\"contentUrl\":\"http:\/\/www.visit-ulcinj.com\/blog\/wp-content\/uploads\/2009\/02\/eliza-dushku-maxim-04.jpg\"},{\"@type\":\"WebPage\",\"@id\":\"https:\/\/www.visit-ulcinj.com\/blog\/2009\/02\/11\/eliza-dushku-ne-reviste-per-meshkuj-%e2%80%98maxim%e2%80%99\/#webpage\",\"url\":\"https:\/\/www.visit-ulcinj.com\/blog\/2009\/02\/11\/eliza-dushku-ne-reviste-per-meshkuj-%e2%80%98maxim%e2%80%99\/\",\"name\":\"Eliza Dushku, n\u00eb revist\u00eb p\u00ebr meshkuj \u2018Maxim\u2019 - Lajme nga Ulqini\",\"isPartOf\":{\"@id\":\"https:\/\/www.visit-ulcinj.com\/blog\/#website\"},\"primaryImageOfPage\":{\"@id\":\"https:\/\/www.visit-ulcinj.com\/blog\/2009\/02\/11\/eliza-dushku-ne-reviste-per-meshkuj-%e2%80%98maxim%e2%80%99\/#primaryimage\"},\"datePublished\":\"2009-02-11T19:39:06+00:00\",\"dateModified\":\"2009-02-11T19:39:06+00:00\",\"author\":{\"@id\":\"https:\/\/www.visit-ulcinj.com\/blog\/#\/schema\/person\/dcab619c614d3038751c63bc2aadc06d\"},\"description\":\"\u00cbsht\u00eb nj\u00eb gj\u00eb n\u00eb trupin e Eliza Dushkut, t\u00eb cil\u00ebn ajo d\u00ebshiron ta shikoj\u00eb kur b\u00ebn dush, e kjo \u00ebsht\u00eb tatuazhi i saj. Aktorja dhe modelja me prejardhje\",\"breadcrumb\":{\"@id\":\"https:\/\/www.visit-ulcinj.com\/blog\/2009\/02\/11\/eliza-dushku-ne-reviste-per-meshkuj-%e2%80%98maxim%e2%80%99\/#breadcrumb\"},\"inLanguage\":\"en-US\",\"potentialAction\":[{\"@type\":\"ReadAction\",\"target\":[\"https:\/\/www.visit-ulcinj.com\/blog\/2009\/02\/11\/eliza-dushku-ne-reviste-per-meshkuj-%e2%80%98maxim%e2%80%99\/\"]}]},{\"@type\":\"BreadcrumbList\",\"@id\":\"https:\/\/www.visit-ulcinj.com\/blog\/2009\/02\/11\/eliza-dushku-ne-reviste-per-meshkuj-%e2%80%98maxim%e2%80%99\/#breadcrumb\",\"itemListElement\":[{\"@type\":\"ListItem\",\"position\":1,\"name\":\"Eliza Dushku, n\u00eb revist\u00eb p\u00ebr meshkuj \u2018Maxim\u2019\"}]},{\"@type\":\"Person\",\"@id\":\"https:\/\/www.visit-ulcinj.com\/blog\/#\/schema\/person\/dcab619c614d3038751c63bc2aadc06d\",\"name\":\"ulqini\",\"sameAs\":[\"http:\/\/www.visit-ulcinj.com\"],\"url\":\"https:\/\/www.visit-ulcinj.com\/blog\/author\/admin\/\"}]}<\/script>\n<!-- \/ Yoast SEO plugin. -->","yoast_head_json":{"title":"Eliza Dushku, n\u00eb revist\u00eb p\u00ebr meshkuj \u2018Maxim\u2019 - Lajme nga Ulqini","description":"\u00cbsht\u00eb nj\u00eb gj\u00eb n\u00eb trupin e Eliza Dushkut, t\u00eb cil\u00ebn ajo d\u00ebshiron ta shikoj\u00eb kur b\u00ebn dush, e kjo \u00ebsht\u00eb tatuazhi i saj. Aktorja dhe modelja me prejardhje","robots":{"index":"index","follow":"follow","max-snippet":"max-snippet:-1","max-image-preview":"max-image-preview:large","max-video-preview":"max-video-preview:-1"},"canonical":"https:\/\/www.visit-ulcinj.com\/blog\/2009\/02\/11\/eliza-dushku-ne-reviste-per-meshkuj-\u2018maxim\u2019\/","og_locale":"en_US","og_type":"article","og_title":"Eliza Dushku, n\u00eb revist\u00eb p\u00ebr meshkuj \u2018Maxim\u2019 - Lajme nga Ulqini","og_description":"\u00cbsht\u00eb nj\u00eb gj\u00eb n\u00eb trupin e Eliza Dushkut, t\u00eb cil\u00ebn ajo d\u00ebshiron ta shikoj\u00eb kur b\u00ebn dush, e kjo \u00ebsht\u00eb tatuazhi i saj. Aktorja dhe modelja me prejardhje","og_url":"https:\/\/www.visit-ulcinj.com\/blog\/2009\/02\/11\/eliza-dushku-ne-reviste-per-meshkuj-\u2018maxim\u2019\/","og_site_name":"Lajme nga Ulqini","article_published_time":"2009-02-11T19:39:06+00:00","og_image":[{"url":"https:\/\/www.visit-ulcinj.com\/blog\/wp-content\/uploads\/2009\/02\/eliza-dushku-maxim-01-150x150.jpg"}],"twitter_misc":{"Written by":"ulqini","Est. reading time":"1 minute"},"schema":{"@context":"https:\/\/schema.org","@graph":[{"@type":"WebSite","@id":"https:\/\/www.visit-ulcinj.com\/blog\/#website","url":"https:\/\/www.visit-ulcinj.com\/blog\/","name":"Lajme nga Ulqini","description":"Lajme,Vijesti,Ulqini,Ulqin,Crna Gora,Mali i Zi","potentialAction":[{"@type":"SearchAction","target":{"@type":"EntryPoint","urlTemplate":"https:\/\/www.visit-ulcinj.com\/blog\/?s={search_term_string}"},"query-input":"required name=search_term_string"}],"inLanguage":"en-US"},{"@type":"ImageObject","inLanguage":"en-US","@id":"https:\/\/www.visit-ulcinj.com\/blog\/2009\/02\/11\/eliza-dushku-ne-reviste-per-meshkuj-%e2%80%98maxim%e2%80%99\/#primaryimage","url":"http:\/\/www.visit-ulcinj.com\/blog\/wp-content\/uploads\/2009\/02\/eliza-dushku-maxim-04.jpg","contentUrl":"http:\/\/www.visit-ulcinj.com\/blog\/wp-content\/uploads\/2009\/02\/eliza-dushku-maxim-04.jpg"},{"@type":"WebPage","@id":"https:\/\/www.visit-ulcinj.com\/blog\/2009\/02\/11\/eliza-dushku-ne-reviste-per-meshkuj-%e2%80%98maxim%e2%80%99\/#webpage","url":"https:\/\/www.visit-ulcinj.com\/blog\/2009\/02\/11\/eliza-dushku-ne-reviste-per-meshkuj-%e2%80%98maxim%e2%80%99\/","name":"Eliza Dushku, n\u00eb revist\u00eb p\u00ebr meshkuj \u2018Maxim\u2019 - Lajme nga Ulqini","isPartOf":{"@id":"https:\/\/www.visit-ulcinj.com\/blog\/#website"},"primaryImageOfPage":{"@id":"https:\/\/www.visit-ulcinj.com\/blog\/2009\/02\/11\/eliza-dushku-ne-reviste-per-meshkuj-%e2%80%98maxim%e2%80%99\/#primaryimage"},"datePublished":"2009-02-11T19:39:06+00:00","dateModified":"2009-02-11T19:39:06+00:00","author":{"@id":"https:\/\/www.visit-ulcinj.com\/blog\/#\/schema\/person\/dcab619c614d3038751c63bc2aadc06d"},"description":"\u00cbsht\u00eb nj\u00eb gj\u00eb n\u00eb trupin e Eliza Dushkut, t\u00eb cil\u00ebn ajo d\u00ebshiron ta shikoj\u00eb kur b\u00ebn dush, e kjo \u00ebsht\u00eb tatuazhi i saj. Aktorja dhe modelja me prejardhje","breadcrumb":{"@id":"https:\/\/www.visit-ulcinj.com\/blog\/2009\/02\/11\/eliza-dushku-ne-reviste-per-meshkuj-%e2%80%98maxim%e2%80%99\/#breadcrumb"},"inLanguage":"en-US","potentialAction":[{"@type":"ReadAction","target":["https:\/\/www.visit-ulcinj.com\/blog\/2009\/02\/11\/eliza-dushku-ne-reviste-per-meshkuj-%e2%80%98maxim%e2%80%99\/"]}]},{"@type":"BreadcrumbList","@id":"https:\/\/www.visit-ulcinj.com\/blog\/2009\/02\/11\/eliza-dushku-ne-reviste-per-meshkuj-%e2%80%98maxim%e2%80%99\/#breadcrumb","itemListElement":[{"@type":"ListItem","position":1,"name":"Eliza Dushku, n\u00eb revist\u00eb p\u00ebr meshkuj \u2018Maxim\u2019"}]},{"@type":"Person","@id":"https:\/\/www.visit-ulcinj.com\/blog\/#\/schema\/person\/dcab619c614d3038751c63bc2aadc06d","name":"ulqini","sameAs":["http:\/\/www.visit-ulcinj.com"],"url":"https:\/\/www.visit-ulcinj.com\/blog\/author\/admin\/"}]}},"jetpack_featured_media_url":"","jetpack_sharing_enabled":true,"jetpack_shortlink":"https:\/\/wp.me\/pe6lTn-2Vo","_links":{"self":[{"href":"https:\/\/www.visit-ulcinj.com\/blog\/wp-json\/wp\/v2\/posts\/11246"}],"collection":[{"href":"https:\/\/www.visit-ulcinj.com\/blog\/wp-json\/wp\/v2\/posts"}],"about":[{"href":"https:\/\/www.visit-ulcinj.com\/blog\/wp-json\/wp\/v2\/types\/post"}],"author":[{"embeddable":true,"href":"https:\/\/www.visit-ulcinj.com\/blog\/wp-json\/wp\/v2\/users\/1"}],"replies":[{"embeddable":true,"href":"https:\/\/www.visit-ulcinj.com\/blog\/wp-json\/wp\/v2\/comments?post=11246"}],"version-history":[{"count":0,"href":"https:\/\/www.visit-ulcinj.com\/blog\/wp-json\/wp\/v2\/posts\/11246\/revisions"}],"wp:attachment":[{"href":"https:\/\/www.visit-ulcinj.com\/blog\/wp-json\/wp\/v2\/media?parent=11246"}],"wp:term":[{"taxonomy":"category","embeddable":true,"href":"https:\/\/www.visit-ulcinj.com\/blog\/wp-json\/wp\/v2\/categories?post=11246"},{"taxonomy":"post_tag","embeddable":true,"href":"https:\/\/www.visit-ulcinj.com\/blog\/wp-json\/wp\/v2\/tags?post=11246"}],"curies":[{"name":"wp","href":"https:\/\/api.w.org\/{rel}","templated":true}]}}