{"id":11259,"date":"2009-02-11T21:06:51","date_gmt":"2009-02-11T20:06:51","guid":{"rendered":"http:\/\/www.visit-ulcinj.com\/blog\/?p=11259"},"modified":"2009-02-11T21:06:51","modified_gmt":"2009-02-11T20:06:51","slug":"presion-mbi-malin-e-zi-nga-serbia-per-shkak-te-kosoves","status":"publish","type":"post","link":"https:\/\/www.visit-ulcinj.com\/blog\/2009\/02\/11\/presion-mbi-malin-e-zi-nga-serbia-per-shkak-te-kosoves\/","title":{"rendered":"Presion mbi Malin e Zi nga Serbia, p\u00ebr shkak t\u00eb Kosov\u00ebs"},"content":{"rendered":"<p><a href=\"http:\/\/www.visit-ulcinj.com\/blog\/wp-content\/uploads\/2009\/02\/zoran-lutovac.jpg\"><img loading=\"lazy\" class=\"alignleft size-full wp-image-11260\" title=\"zoran-lutovac\" src=\"http:\/\/www.visit-ulcinj.com\/blog\/wp-content\/uploads\/2009\/02\/zoran-lutovac.jpg\" alt=\"zoran-lutovac\" width=\"375\" height=\"500\" \/><\/a>Serbia po ushtron presion mbi Malin e Zi q\u00eb t\u00eb mos vendos\u00eb marr\u00ebdh\u00ebnie diplomatike me Kosov\u00ebn.<br \/>\nAmbasadori i Serbis\u00eb n\u00eb Podgoric\u00eb Zoran Lutovac ka deklaruar se vendosjen e marr\u00ebdh\u00ebnieve diplomatike nd\u00ebrmjet Podgoric\u00ebs dhe Prishtin\u00ebs do ta konsideronte cenim n\u00eb interesat e Serbis\u00eb.<br \/>\nMegjithat\u00eb ai ka th\u00ebn\u00eb se t\u00eb gjith\u00eb nga Mali i Zi, e sidomos abasadori, do t\u00eb ishin t\u00eb mir\u00ebseardhur n\u00eb Serbi.<br \/>\nN\u00eb nj\u00eb intervist\u00eb p\u00ebr nj\u00eb radio malazeze Lutovac ka theksuar ky akt, si dhe p\u00ebrmir\u00ebsimi i marr\u00ebdh\u00ebnieve nuk mund t\u00eb shkojn\u00eb paralelisht me vendosjen e paralajm\u00ebruar t\u00eb marr\u00ebdh\u00ebnieve diplomatike t\u00eb Podgoric\u00ebs dhe Prishtin\u00ebs.<br \/>\n&#8220;Nj\u00eb akt i till\u00eb do t\u00eb ishte vet\u00ebm vazhdim dhe konfirmimit t\u00eb asaj politike me t\u00eb cil\u00ebn Serbia nuk pajtohet dhe e cila cenon interesat e saj&#8221;, tha Lutovac, por nuk ka ditur t\u00eb p\u00ebrgjigjet n\u00eb pyetjen se cili do t\u00eb ishte reagimi i Beogradit.<\/p>\n<p><strong>QIK<\/strong><\/p>\n","protected":false},"excerpt":{"rendered":"<p>Serbia po ushtron presion mbi Malin e Zi q\u00eb t\u00eb mos vendos\u00eb marr\u00ebdh\u00ebnie diplomatike me Kosov\u00ebn. Ambasadori i Serbis\u00eb n\u00eb Podgoric\u00eb Zoran Lutovac ka deklaruar se vendosjen e marr\u00ebdh\u00ebnieve diplomatike nd\u00ebrmjet Podgoric\u00ebs dhe Prishtin\u00ebs do ta konsideronte cenim n\u00eb interesat e Serbis\u00eb. Megjithat\u00eb ai ka th\u00ebn\u00eb se t\u00eb gjith\u00eb nga Mali i Zi, e sidomos [&hellip;]<\/p>\n","protected":false},"author":1,"featured_media":0,"comment_status":"open","ping_status":"closed","sticky":false,"template":"","format":"standard","meta":{"spay_email":"","jetpack_publicize_message":"","jetpack_is_tweetstorm":false,"jetpack_publicize_feature_enabled":true},"categories":[14],"tags":[6734,6735],"jetpack_publicize_connections":[],"yoast_head":"<!-- This site is optimized with the Yoast SEO plugin v19.1 - https:\/\/yoast.com\/wordpress\/plugins\/seo\/ -->\n<title>Presion mbi Malin e Zi nga Serbia, p\u00ebr shkak t\u00eb Kosov\u00ebs - Lajme nga Ulqini<\/title>\n<meta name=\"description\" content=\"Serbia po ushtron presion mbi Malin e Zi q\u00eb t\u00eb mos vendos\u00eb marr\u00ebdh\u00ebnie diplomatike me Kosov\u00ebn. Ambasadori i Serbis\u00eb n\u00eb Podgoric\u00eb Zoran Lutovac ka\" \/>\n<meta name=\"robots\" content=\"index, follow, max-snippet:-1, max-image-preview:large, max-video-preview:-1\" \/>\n<link rel=\"canonical\" href=\"https:\/\/www.visit-ulcinj.com\/blog\/2009\/02\/11\/presion-mbi-malin-e-zi-nga-serbia-per-shkak-te-kosoves\/\" \/>\n<meta property=\"og:locale\" content=\"en_US\" \/>\n<meta property=\"og:type\" content=\"article\" \/>\n<meta property=\"og:title\" content=\"Presion mbi Malin e Zi nga Serbia, p\u00ebr shkak t\u00eb Kosov\u00ebs - Lajme nga Ulqini\" \/>\n<meta property=\"og:description\" content=\"Serbia po ushtron presion mbi Malin e Zi q\u00eb t\u00eb mos vendos\u00eb marr\u00ebdh\u00ebnie diplomatike me Kosov\u00ebn. Ambasadori i Serbis\u00eb n\u00eb Podgoric\u00eb Zoran Lutovac ka\" \/>\n<meta property=\"og:url\" content=\"https:\/\/www.visit-ulcinj.com\/blog\/2009\/02\/11\/presion-mbi-malin-e-zi-nga-serbia-per-shkak-te-kosoves\/\" \/>\n<meta property=\"og:site_name\" content=\"Lajme nga Ulqini\" \/>\n<meta property=\"article:published_time\" content=\"2009-02-11T20:06:51+00:00\" \/>\n<meta property=\"og:image\" content=\"http:\/\/www.visit-ulcinj.com\/blog\/wp-content\/uploads\/2009\/02\/zoran-lutovac.jpg\" \/>\n<meta name=\"twitter:label1\" content=\"Written by\" \/>\n\t<meta name=\"twitter:data1\" content=\"ulqini\" \/>\n\t<meta name=\"twitter:label2\" content=\"Est. reading time\" \/>\n\t<meta name=\"twitter:data2\" content=\"1 minute\" \/>\n<script type=\"application\/ld+json\" class=\"yoast-schema-graph\">{\"@context\":\"https:\/\/schema.org\",\"@graph\":[{\"@type\":\"WebSite\",\"@id\":\"https:\/\/www.visit-ulcinj.com\/blog\/#website\",\"url\":\"https:\/\/www.visit-ulcinj.com\/blog\/\",\"name\":\"Lajme nga Ulqini\",\"description\":\"Lajme,Vijesti,Ulqini,Ulqin,Crna Gora,Mali i Zi\",\"potentialAction\":[{\"@type\":\"SearchAction\",\"target\":{\"@type\":\"EntryPoint\",\"urlTemplate\":\"https:\/\/www.visit-ulcinj.com\/blog\/?s={search_term_string}\"},\"query-input\":\"required name=search_term_string\"}],\"inLanguage\":\"en-US\"},{\"@type\":\"ImageObject\",\"inLanguage\":\"en-US\",\"@id\":\"https:\/\/www.visit-ulcinj.com\/blog\/2009\/02\/11\/presion-mbi-malin-e-zi-nga-serbia-per-shkak-te-kosoves\/#primaryimage\",\"url\":\"http:\/\/www.visit-ulcinj.com\/blog\/wp-content\/uploads\/2009\/02\/zoran-lutovac.jpg\",\"contentUrl\":\"http:\/\/www.visit-ulcinj.com\/blog\/wp-content\/uploads\/2009\/02\/zoran-lutovac.jpg\"},{\"@type\":\"WebPage\",\"@id\":\"https:\/\/www.visit-ulcinj.com\/blog\/2009\/02\/11\/presion-mbi-malin-e-zi-nga-serbia-per-shkak-te-kosoves\/#webpage\",\"url\":\"https:\/\/www.visit-ulcinj.com\/blog\/2009\/02\/11\/presion-mbi-malin-e-zi-nga-serbia-per-shkak-te-kosoves\/\",\"name\":\"Presion mbi Malin e Zi nga Serbia, p\u00ebr shkak t\u00eb Kosov\u00ebs - Lajme nga Ulqini\",\"isPartOf\":{\"@id\":\"https:\/\/www.visit-ulcinj.com\/blog\/#website\"},\"primaryImageOfPage\":{\"@id\":\"https:\/\/www.visit-ulcinj.com\/blog\/2009\/02\/11\/presion-mbi-malin-e-zi-nga-serbia-per-shkak-te-kosoves\/#primaryimage\"},\"datePublished\":\"2009-02-11T20:06:51+00:00\",\"dateModified\":\"2009-02-11T20:06:51+00:00\",\"author\":{\"@id\":\"https:\/\/www.visit-ulcinj.com\/blog\/#\/schema\/person\/dcab619c614d3038751c63bc2aadc06d\"},\"description\":\"Serbia po ushtron presion mbi Malin e Zi q\u00eb t\u00eb mos vendos\u00eb marr\u00ebdh\u00ebnie diplomatike me Kosov\u00ebn. Ambasadori i Serbis\u00eb n\u00eb Podgoric\u00eb Zoran Lutovac ka\",\"breadcrumb\":{\"@id\":\"https:\/\/www.visit-ulcinj.com\/blog\/2009\/02\/11\/presion-mbi-malin-e-zi-nga-serbia-per-shkak-te-kosoves\/#breadcrumb\"},\"inLanguage\":\"en-US\",\"potentialAction\":[{\"@type\":\"ReadAction\",\"target\":[\"https:\/\/www.visit-ulcinj.com\/blog\/2009\/02\/11\/presion-mbi-malin-e-zi-nga-serbia-per-shkak-te-kosoves\/\"]}]},{\"@type\":\"BreadcrumbList\",\"@id\":\"https:\/\/www.visit-ulcinj.com\/blog\/2009\/02\/11\/presion-mbi-malin-e-zi-nga-serbia-per-shkak-te-kosoves\/#breadcrumb\",\"itemListElement\":[{\"@type\":\"ListItem\",\"position\":1,\"name\":\"Presion mbi Malin e Zi nga Serbia, p\u00ebr shkak t\u00eb Kosov\u00ebs\"}]},{\"@type\":\"Person\",\"@id\":\"https:\/\/www.visit-ulcinj.com\/blog\/#\/schema\/person\/dcab619c614d3038751c63bc2aadc06d\",\"name\":\"ulqini\",\"sameAs\":[\"http:\/\/www.visit-ulcinj.com\"],\"url\":\"https:\/\/www.visit-ulcinj.com\/blog\/author\/admin\/\"}]}<\/script>\n<!-- \/ Yoast SEO plugin. -->","yoast_head_json":{"title":"Presion mbi Malin e Zi nga Serbia, p\u00ebr shkak t\u00eb Kosov\u00ebs - Lajme nga Ulqini","description":"Serbia po ushtron presion mbi Malin e Zi q\u00eb t\u00eb mos vendos\u00eb marr\u00ebdh\u00ebnie diplomatike me Kosov\u00ebn. Ambasadori i Serbis\u00eb n\u00eb Podgoric\u00eb Zoran Lutovac ka","robots":{"index":"index","follow":"follow","max-snippet":"max-snippet:-1","max-image-preview":"max-image-preview:large","max-video-preview":"max-video-preview:-1"},"canonical":"https:\/\/www.visit-ulcinj.com\/blog\/2009\/02\/11\/presion-mbi-malin-e-zi-nga-serbia-per-shkak-te-kosoves\/","og_locale":"en_US","og_type":"article","og_title":"Presion mbi Malin e Zi nga Serbia, p\u00ebr shkak t\u00eb Kosov\u00ebs - Lajme nga Ulqini","og_description":"Serbia po ushtron presion mbi Malin e Zi q\u00eb t\u00eb mos vendos\u00eb marr\u00ebdh\u00ebnie diplomatike me Kosov\u00ebn. Ambasadori i Serbis\u00eb n\u00eb Podgoric\u00eb Zoran Lutovac ka","og_url":"https:\/\/www.visit-ulcinj.com\/blog\/2009\/02\/11\/presion-mbi-malin-e-zi-nga-serbia-per-shkak-te-kosoves\/","og_site_name":"Lajme nga Ulqini","article_published_time":"2009-02-11T20:06:51+00:00","og_image":[{"url":"http:\/\/www.visit-ulcinj.com\/blog\/wp-content\/uploads\/2009\/02\/zoran-lutovac.jpg"}],"twitter_misc":{"Written by":"ulqini","Est. reading time":"1 minute"},"schema":{"@context":"https:\/\/schema.org","@graph":[{"@type":"WebSite","@id":"https:\/\/www.visit-ulcinj.com\/blog\/#website","url":"https:\/\/www.visit-ulcinj.com\/blog\/","name":"Lajme nga Ulqini","description":"Lajme,Vijesti,Ulqini,Ulqin,Crna Gora,Mali i Zi","potentialAction":[{"@type":"SearchAction","target":{"@type":"EntryPoint","urlTemplate":"https:\/\/www.visit-ulcinj.com\/blog\/?s={search_term_string}"},"query-input":"required name=search_term_string"}],"inLanguage":"en-US"},{"@type":"ImageObject","inLanguage":"en-US","@id":"https:\/\/www.visit-ulcinj.com\/blog\/2009\/02\/11\/presion-mbi-malin-e-zi-nga-serbia-per-shkak-te-kosoves\/#primaryimage","url":"http:\/\/www.visit-ulcinj.com\/blog\/wp-content\/uploads\/2009\/02\/zoran-lutovac.jpg","contentUrl":"http:\/\/www.visit-ulcinj.com\/blog\/wp-content\/uploads\/2009\/02\/zoran-lutovac.jpg"},{"@type":"WebPage","@id":"https:\/\/www.visit-ulcinj.com\/blog\/2009\/02\/11\/presion-mbi-malin-e-zi-nga-serbia-per-shkak-te-kosoves\/#webpage","url":"https:\/\/www.visit-ulcinj.com\/blog\/2009\/02\/11\/presion-mbi-malin-e-zi-nga-serbia-per-shkak-te-kosoves\/","name":"Presion mbi Malin e Zi nga Serbia, p\u00ebr shkak t\u00eb Kosov\u00ebs - Lajme nga Ulqini","isPartOf":{"@id":"https:\/\/www.visit-ulcinj.com\/blog\/#website"},"primaryImageOfPage":{"@id":"https:\/\/www.visit-ulcinj.com\/blog\/2009\/02\/11\/presion-mbi-malin-e-zi-nga-serbia-per-shkak-te-kosoves\/#primaryimage"},"datePublished":"2009-02-11T20:06:51+00:00","dateModified":"2009-02-11T20:06:51+00:00","author":{"@id":"https:\/\/www.visit-ulcinj.com\/blog\/#\/schema\/person\/dcab619c614d3038751c63bc2aadc06d"},"description":"Serbia po ushtron presion mbi Malin e Zi q\u00eb t\u00eb mos vendos\u00eb marr\u00ebdh\u00ebnie diplomatike me Kosov\u00ebn. Ambasadori i Serbis\u00eb n\u00eb Podgoric\u00eb Zoran Lutovac ka","breadcrumb":{"@id":"https:\/\/www.visit-ulcinj.com\/blog\/2009\/02\/11\/presion-mbi-malin-e-zi-nga-serbia-per-shkak-te-kosoves\/#breadcrumb"},"inLanguage":"en-US","potentialAction":[{"@type":"ReadAction","target":["https:\/\/www.visit-ulcinj.com\/blog\/2009\/02\/11\/presion-mbi-malin-e-zi-nga-serbia-per-shkak-te-kosoves\/"]}]},{"@type":"BreadcrumbList","@id":"https:\/\/www.visit-ulcinj.com\/blog\/2009\/02\/11\/presion-mbi-malin-e-zi-nga-serbia-per-shkak-te-kosoves\/#breadcrumb","itemListElement":[{"@type":"ListItem","position":1,"name":"Presion mbi Malin e Zi nga Serbia, p\u00ebr shkak t\u00eb Kosov\u00ebs"}]},{"@type":"Person","@id":"https:\/\/www.visit-ulcinj.com\/blog\/#\/schema\/person\/dcab619c614d3038751c63bc2aadc06d","name":"ulqini","sameAs":["http:\/\/www.visit-ulcinj.com"],"url":"https:\/\/www.visit-ulcinj.com\/blog\/author\/admin\/"}]}},"jetpack_featured_media_url":"","jetpack_sharing_enabled":true,"jetpack_shortlink":"https:\/\/wp.me\/pe6lTn-2VB","_links":{"self":[{"href":"https:\/\/www.visit-ulcinj.com\/blog\/wp-json\/wp\/v2\/posts\/11259"}],"collection":[{"href":"https:\/\/www.visit-ulcinj.com\/blog\/wp-json\/wp\/v2\/posts"}],"about":[{"href":"https:\/\/www.visit-ulcinj.com\/blog\/wp-json\/wp\/v2\/types\/post"}],"author":[{"embeddable":true,"href":"https:\/\/www.visit-ulcinj.com\/blog\/wp-json\/wp\/v2\/users\/1"}],"replies":[{"embeddable":true,"href":"https:\/\/www.visit-ulcinj.com\/blog\/wp-json\/wp\/v2\/comments?post=11259"}],"version-history":[{"count":0,"href":"https:\/\/www.visit-ulcinj.com\/blog\/wp-json\/wp\/v2\/posts\/11259\/revisions"}],"wp:attachment":[{"href":"https:\/\/www.visit-ulcinj.com\/blog\/wp-json\/wp\/v2\/media?parent=11259"}],"wp:term":[{"taxonomy":"category","embeddable":true,"href":"https:\/\/www.visit-ulcinj.com\/blog\/wp-json\/wp\/v2\/categories?post=11259"},{"taxonomy":"post_tag","embeddable":true,"href":"https:\/\/www.visit-ulcinj.com\/blog\/wp-json\/wp\/v2\/tags?post=11259"}],"curies":[{"name":"wp","href":"https:\/\/api.w.org\/{rel}","templated":true}]}}