{"id":11263,"date":"2009-02-12T11:48:44","date_gmt":"2009-02-12T10:48:44","guid":{"rendered":"http:\/\/www.visit-ulcinj.com\/blog\/?p=11263"},"modified":"2009-02-12T11:48:44","modified_gmt":"2009-02-12T10:48:44","slug":"aida-po-bej-pauze-ne-dashuri","status":"publish","type":"post","link":"https:\/\/www.visit-ulcinj.com\/blog\/2009\/02\/12\/aida-po-bej-pauze-ne-dashuri\/","title":{"rendered":"Aida &#8211; Po b\u00ebj pauz\u00eb n\u00eb dashuri"},"content":{"rendered":"<p><strong><span class=\"newstitlec\"><a href=\"http:\/\/www.visit-ulcinj.com\/blog\/wp-content\/uploads\/2009\/02\/kot-kot.jpg\"><img loading=\"lazy\" class=\"alignleft size-full wp-image-11264\" title=\"kot-kot\" src=\"http:\/\/www.visit-ulcinj.com\/blog\/wp-content\/uploads\/2009\/02\/kot-kot.jpg\" alt=\"kot-kot\" width=\"300\" height=\"205\" \/><\/a><\/span><\/strong>Debati mes Pavlinit dhe Aid\u00ebs ka zbuluar se vajza nga Tirana, ka pak koh\u00eb q\u00eb \u00ebsht\u00eb ndar\u00eb nga i dashuri vet\u00ebm p\u00ebr nj\u00eb periudh\u00eb t\u00eb shkurt\u00ebr dhe kjo sipas n\u00eb t\u00eb mir\u00eb t\u00eb lidhjes s\u00eb tyre. Aida shpjegon se kjo ndarje ka t\u00eb mira p\u00ebr t\u00eb dyja pal\u00ebt, ku distancat dhe disa probleme t\u00eb tjera mes tyre kan\u00eb b\u00ebr\u00eb q\u00eb ata t\u00eb b\u00ebjn\u00eb nj\u00eb pushim t\u00eb vog\u00ebl mes tyre dhe kjo me nj\u00eb kompromis q\u00eb ata kan\u00eb vendosur mes tyre. Aida thot\u00eb se nuk \u00ebsht\u00eb egoiste nga natyra, pasi n\u00ebse do t\u00eb kishte qen\u00eb do t\u2019i kishte k\u00ebrkuar t\u00eb dashurit t\u00eb kthehej nga Amerika, prandaj zgjodhur t\u00eb kund\u00ebrt\u00ebn, me mir\u00ebkuptim t\u00eb mendojn\u00eb m\u00eb shum\u00eb mbi t\u00eb ardhmen e lidhjes. Ajo shpjegon se gjat\u00eb k\u00ebtyre dy muajve t\u00eb k\u00ebsaj pauze ata do t\u00eb reflektojn\u00eb m\u00eb shum\u00eb p\u00ebr t\u00eb ardhmen. Pavlini nuk arrin dot t\u00eb kuptoj\u00eb gjith\u00eb situat\u00ebn q\u00eb tregon Aida, duke theksuar se n\u00ebse ai do t\u00eb ndahej nuk mund t\u00eb bashkohej m\u00eb p\u00ebr asnj\u00eb arsye. Sipas tij shum\u00eb vajza sapo ndahen nga nj\u00eb djal\u00eb lidhen menj\u00ebher\u00eb me nj\u00eb djal\u00eb tjet\u00ebr dhe kjo tregon se ato jan\u00eb shum\u00eb t\u00eb dob\u00ebta.<\/p>\n<div id=\"copyright\" style=\"padding-top: 5px;\"><strong>\u00a9 Big Brother Albania &#8211; 2009<\/strong><\/div>\n","protected":false},"excerpt":{"rendered":"<p>Debati mes Pavlinit dhe Aid\u00ebs ka zbuluar se vajza nga Tirana, ka pak koh\u00eb q\u00eb \u00ebsht\u00eb ndar\u00eb nga i dashuri vet\u00ebm p\u00ebr nj\u00eb periudh\u00eb t\u00eb shkurt\u00ebr dhe kjo sipas n\u00eb t\u00eb mir\u00eb t\u00eb lidhjes s\u00eb tyre. Aida shpjegon se kjo ndarje ka t\u00eb mira p\u00ebr t\u00eb dyja pal\u00ebt, ku distancat dhe disa probleme t\u00eb tjera [&hellip;]<\/p>\n","protected":false},"author":1,"featured_media":0,"comment_status":"open","ping_status":"closed","sticky":false,"template":"","format":"standard","meta":{"spay_email":"","jetpack_publicize_message":"","jetpack_is_tweetstorm":false,"jetpack_publicize_feature_enabled":true},"categories":[6502],"tags":[6562,6566,1667,786,6699,6541,6697,6558,6700,6694,6701,5057,6506,6712,6696,6688,6689,6665,6643,6695,6538,6563,6702,6691,6716,6703,6704,6718,6705,1442,49,788,6692,6706,6567,6711,6568,6707,6708,6540,4980,6698,262,6709,6710,3976,3946,354,4686,6690,6715,6714,6693,3797,3583,6713,6717,6564],"jetpack_publicize_connections":[],"yoast_head":"<!-- This site is optimized with the Yoast SEO plugin v19.1 - https:\/\/yoast.com\/wordpress\/plugins\/seo\/ -->\n<title>Aida - Po b\u00c3\u00abj pauz\u00c3\u00ab n\u00c3\u00ab dashuri - Big Brother Albania<\/title>\n<meta name=\"description\" content=\"Debati mes Pavlinit dhe Aid\u00c3\u00abs ka zbuluar se vajza nga Tirana, ka pak koh\u00c3\u00ab q\u00c3\u00ab \u00c3\u00absht\u00c3\u00ab ndar\u00c3\u00ab nga i dashuri vet\u00c3\u00abm p\u00c3\u00abr nj\u00c3\u00ab periudh\u00c3\u00ab t\u00c3\u00ab shkurt\u00c3\u00abr dhe kjo sipas n\u00c3\u00ab t\u00c3\u00ab mir\u00c3\u00ab t\u00c3\u00ab lidhjes s\u00c3\u00ab tyre. Aida\" \/>\n<meta name=\"robots\" content=\"index, follow, max-snippet:-1, max-image-preview:large, max-video-preview:-1\" \/>\n<link rel=\"canonical\" href=\"https:\/\/www.visit-ulcinj.com\/blog\/2009\/02\/12\/aida-po-bej-pauze-ne-dashuri\/\" \/>\n<meta property=\"og:locale\" content=\"en_US\" \/>\n<meta property=\"og:type\" content=\"article\" \/>\n<meta property=\"og:title\" content=\"Aida - Po b\u00c3\u00abj pauz\u00c3\u00ab n\u00c3\u00ab dashuri - Big Brother Albania\" \/>\n<meta property=\"og:description\" content=\"Debati mes Pavlinit dhe Aid\u00c3\u00abs ka zbuluar se vajza nga Tirana, ka pak koh\u00c3\u00ab q\u00c3\u00ab \u00c3\u00absht\u00c3\u00ab ndar\u00c3\u00ab nga i dashuri vet\u00c3\u00abm p\u00c3\u00abr nj\u00c3\u00ab periudh\u00c3\u00ab t\u00c3\u00ab shkurt\u00c3\u00abr dhe kjo sipas n\u00c3\u00ab t\u00c3\u00ab mir\u00c3\u00ab t\u00c3\u00ab lidhjes s\u00c3\u00ab tyre. Aida\" \/>\n<meta property=\"og:url\" content=\"https:\/\/www.visit-ulcinj.com\/blog\/2009\/02\/12\/aida-po-bej-pauze-ne-dashuri\/\" \/>\n<meta property=\"og:site_name\" content=\"Lajme nga Ulqini\" \/>\n<meta property=\"article:published_time\" content=\"2009-02-12T10:48:44+00:00\" \/>\n<meta property=\"og:image\" content=\"http:\/\/www.visit-ulcinj.com\/blog\/wp-content\/uploads\/2009\/02\/kot-kot.jpg\" \/>\n<meta name=\"twitter:label1\" content=\"Written by\" \/>\n\t<meta name=\"twitter:data1\" content=\"ulqini\" \/>\n\t<meta name=\"twitter:label2\" content=\"Est. reading time\" \/>\n\t<meta name=\"twitter:data2\" content=\"1 minute\" \/>\n<script type=\"application\/ld+json\" class=\"yoast-schema-graph\">{\"@context\":\"https:\/\/schema.org\",\"@graph\":[{\"@type\":\"WebSite\",\"@id\":\"https:\/\/www.visit-ulcinj.com\/blog\/#website\",\"url\":\"https:\/\/www.visit-ulcinj.com\/blog\/\",\"name\":\"Lajme nga Ulqini\",\"description\":\"Lajme,Vijesti,Ulqini,Ulqin,Crna Gora,Mali i Zi\",\"potentialAction\":[{\"@type\":\"SearchAction\",\"target\":{\"@type\":\"EntryPoint\",\"urlTemplate\":\"https:\/\/www.visit-ulcinj.com\/blog\/?s={search_term_string}\"},\"query-input\":\"required name=search_term_string\"}],\"inLanguage\":\"en-US\"},{\"@type\":\"ImageObject\",\"inLanguage\":\"en-US\",\"@id\":\"https:\/\/www.visit-ulcinj.com\/blog\/2009\/02\/12\/aida-po-bej-pauze-ne-dashuri\/#primaryimage\",\"url\":\"http:\/\/www.visit-ulcinj.com\/blog\/wp-content\/uploads\/2009\/02\/kot-kot.jpg\",\"contentUrl\":\"http:\/\/www.visit-ulcinj.com\/blog\/wp-content\/uploads\/2009\/02\/kot-kot.jpg\"},{\"@type\":\"WebPage\",\"@id\":\"https:\/\/www.visit-ulcinj.com\/blog\/2009\/02\/12\/aida-po-bej-pauze-ne-dashuri\/#webpage\",\"url\":\"https:\/\/www.visit-ulcinj.com\/blog\/2009\/02\/12\/aida-po-bej-pauze-ne-dashuri\/\",\"name\":\"Aida - Po b\u00c3\u00abj pauz\u00c3\u00ab n\u00c3\u00ab dashuri - Big Brother Albania\",\"isPartOf\":{\"@id\":\"https:\/\/www.visit-ulcinj.com\/blog\/#website\"},\"primaryImageOfPage\":{\"@id\":\"https:\/\/www.visit-ulcinj.com\/blog\/2009\/02\/12\/aida-po-bej-pauze-ne-dashuri\/#primaryimage\"},\"datePublished\":\"2009-02-12T10:48:44+00:00\",\"dateModified\":\"2009-02-12T10:48:44+00:00\",\"author\":{\"@id\":\"https:\/\/www.visit-ulcinj.com\/blog\/#\/schema\/person\/dcab619c614d3038751c63bc2aadc06d\"},\"description\":\"Debati mes Pavlinit dhe Aid\u00c3\u00abs ka zbuluar se vajza nga Tirana, ka pak koh\u00c3\u00ab q\u00c3\u00ab \u00c3\u00absht\u00c3\u00ab ndar\u00c3\u00ab nga i dashuri vet\u00c3\u00abm p\u00c3\u00abr nj\u00c3\u00ab periudh\u00c3\u00ab t\u00c3\u00ab shkurt\u00c3\u00abr dhe kjo sipas n\u00c3\u00ab t\u00c3\u00ab mir\u00c3\u00ab t\u00c3\u00ab lidhjes s\u00c3\u00ab tyre. Aida\",\"breadcrumb\":{\"@id\":\"https:\/\/www.visit-ulcinj.com\/blog\/2009\/02\/12\/aida-po-bej-pauze-ne-dashuri\/#breadcrumb\"},\"inLanguage\":\"en-US\",\"potentialAction\":[{\"@type\":\"ReadAction\",\"target\":[\"https:\/\/www.visit-ulcinj.com\/blog\/2009\/02\/12\/aida-po-bej-pauze-ne-dashuri\/\"]}]},{\"@type\":\"BreadcrumbList\",\"@id\":\"https:\/\/www.visit-ulcinj.com\/blog\/2009\/02\/12\/aida-po-bej-pauze-ne-dashuri\/#breadcrumb\",\"itemListElement\":[{\"@type\":\"ListItem\",\"position\":1,\"name\":\"Aida &#8211; Po b\u00ebj pauz\u00eb n\u00eb dashuri\"}]},{\"@type\":\"Person\",\"@id\":\"https:\/\/www.visit-ulcinj.com\/blog\/#\/schema\/person\/dcab619c614d3038751c63bc2aadc06d\",\"name\":\"ulqini\",\"sameAs\":[\"http:\/\/www.visit-ulcinj.com\"],\"url\":\"https:\/\/www.visit-ulcinj.com\/blog\/author\/admin\/\"}]}<\/script>\n<!-- \/ Yoast SEO plugin. -->","yoast_head_json":{"title":"Aida - Po b\u00c3\u00abj pauz\u00c3\u00ab n\u00c3\u00ab dashuri - Big Brother Albania","description":"Debati mes Pavlinit dhe Aid\u00c3\u00abs ka zbuluar se vajza nga Tirana, ka pak koh\u00c3\u00ab q\u00c3\u00ab \u00c3\u00absht\u00c3\u00ab ndar\u00c3\u00ab nga i dashuri vet\u00c3\u00abm p\u00c3\u00abr nj\u00c3\u00ab periudh\u00c3\u00ab t\u00c3\u00ab shkurt\u00c3\u00abr dhe kjo sipas n\u00c3\u00ab t\u00c3\u00ab mir\u00c3\u00ab t\u00c3\u00ab lidhjes s\u00c3\u00ab tyre. Aida","robots":{"index":"index","follow":"follow","max-snippet":"max-snippet:-1","max-image-preview":"max-image-preview:large","max-video-preview":"max-video-preview:-1"},"canonical":"https:\/\/www.visit-ulcinj.com\/blog\/2009\/02\/12\/aida-po-bej-pauze-ne-dashuri\/","og_locale":"en_US","og_type":"article","og_title":"Aida - Po b\u00c3\u00abj pauz\u00c3\u00ab n\u00c3\u00ab dashuri - Big Brother Albania","og_description":"Debati mes Pavlinit dhe Aid\u00c3\u00abs ka zbuluar se vajza nga Tirana, ka pak koh\u00c3\u00ab q\u00c3\u00ab \u00c3\u00absht\u00c3\u00ab ndar\u00c3\u00ab nga i dashuri vet\u00c3\u00abm p\u00c3\u00abr nj\u00c3\u00ab periudh\u00c3\u00ab t\u00c3\u00ab shkurt\u00c3\u00abr dhe kjo sipas n\u00c3\u00ab t\u00c3\u00ab mir\u00c3\u00ab t\u00c3\u00ab lidhjes s\u00c3\u00ab tyre. Aida","og_url":"https:\/\/www.visit-ulcinj.com\/blog\/2009\/02\/12\/aida-po-bej-pauze-ne-dashuri\/","og_site_name":"Lajme nga Ulqini","article_published_time":"2009-02-12T10:48:44+00:00","og_image":[{"url":"http:\/\/www.visit-ulcinj.com\/blog\/wp-content\/uploads\/2009\/02\/kot-kot.jpg"}],"twitter_misc":{"Written by":"ulqini","Est. reading time":"1 minute"},"schema":{"@context":"https:\/\/schema.org","@graph":[{"@type":"WebSite","@id":"https:\/\/www.visit-ulcinj.com\/blog\/#website","url":"https:\/\/www.visit-ulcinj.com\/blog\/","name":"Lajme nga Ulqini","description":"Lajme,Vijesti,Ulqini,Ulqin,Crna Gora,Mali i Zi","potentialAction":[{"@type":"SearchAction","target":{"@type":"EntryPoint","urlTemplate":"https:\/\/www.visit-ulcinj.com\/blog\/?s={search_term_string}"},"query-input":"required name=search_term_string"}],"inLanguage":"en-US"},{"@type":"ImageObject","inLanguage":"en-US","@id":"https:\/\/www.visit-ulcinj.com\/blog\/2009\/02\/12\/aida-po-bej-pauze-ne-dashuri\/#primaryimage","url":"http:\/\/www.visit-ulcinj.com\/blog\/wp-content\/uploads\/2009\/02\/kot-kot.jpg","contentUrl":"http:\/\/www.visit-ulcinj.com\/blog\/wp-content\/uploads\/2009\/02\/kot-kot.jpg"},{"@type":"WebPage","@id":"https:\/\/www.visit-ulcinj.com\/blog\/2009\/02\/12\/aida-po-bej-pauze-ne-dashuri\/#webpage","url":"https:\/\/www.visit-ulcinj.com\/blog\/2009\/02\/12\/aida-po-bej-pauze-ne-dashuri\/","name":"Aida - Po b\u00c3\u00abj pauz\u00c3\u00ab n\u00c3\u00ab dashuri - Big Brother Albania","isPartOf":{"@id":"https:\/\/www.visit-ulcinj.com\/blog\/#website"},"primaryImageOfPage":{"@id":"https:\/\/www.visit-ulcinj.com\/blog\/2009\/02\/12\/aida-po-bej-pauze-ne-dashuri\/#primaryimage"},"datePublished":"2009-02-12T10:48:44+00:00","dateModified":"2009-02-12T10:48:44+00:00","author":{"@id":"https:\/\/www.visit-ulcinj.com\/blog\/#\/schema\/person\/dcab619c614d3038751c63bc2aadc06d"},"description":"Debati mes Pavlinit dhe Aid\u00c3\u00abs ka zbuluar se vajza nga Tirana, ka pak koh\u00c3\u00ab q\u00c3\u00ab \u00c3\u00absht\u00c3\u00ab ndar\u00c3\u00ab nga i dashuri vet\u00c3\u00abm p\u00c3\u00abr nj\u00c3\u00ab periudh\u00c3\u00ab t\u00c3\u00ab shkurt\u00c3\u00abr dhe kjo sipas n\u00c3\u00ab t\u00c3\u00ab mir\u00c3\u00ab t\u00c3\u00ab lidhjes s\u00c3\u00ab tyre. Aida","breadcrumb":{"@id":"https:\/\/www.visit-ulcinj.com\/blog\/2009\/02\/12\/aida-po-bej-pauze-ne-dashuri\/#breadcrumb"},"inLanguage":"en-US","potentialAction":[{"@type":"ReadAction","target":["https:\/\/www.visit-ulcinj.com\/blog\/2009\/02\/12\/aida-po-bej-pauze-ne-dashuri\/"]}]},{"@type":"BreadcrumbList","@id":"https:\/\/www.visit-ulcinj.com\/blog\/2009\/02\/12\/aida-po-bej-pauze-ne-dashuri\/#breadcrumb","itemListElement":[{"@type":"ListItem","position":1,"name":"Aida &#8211; Po b\u00ebj pauz\u00eb n\u00eb dashuri"}]},{"@type":"Person","@id":"https:\/\/www.visit-ulcinj.com\/blog\/#\/schema\/person\/dcab619c614d3038751c63bc2aadc06d","name":"ulqini","sameAs":["http:\/\/www.visit-ulcinj.com"],"url":"https:\/\/www.visit-ulcinj.com\/blog\/author\/admin\/"}]}},"jetpack_featured_media_url":"","jetpack_sharing_enabled":true,"jetpack_shortlink":"https:\/\/wp.me\/pe6lTn-2VF","_links":{"self":[{"href":"https:\/\/www.visit-ulcinj.com\/blog\/wp-json\/wp\/v2\/posts\/11263"}],"collection":[{"href":"https:\/\/www.visit-ulcinj.com\/blog\/wp-json\/wp\/v2\/posts"}],"about":[{"href":"https:\/\/www.visit-ulcinj.com\/blog\/wp-json\/wp\/v2\/types\/post"}],"author":[{"embeddable":true,"href":"https:\/\/www.visit-ulcinj.com\/blog\/wp-json\/wp\/v2\/users\/1"}],"replies":[{"embeddable":true,"href":"https:\/\/www.visit-ulcinj.com\/blog\/wp-json\/wp\/v2\/comments?post=11263"}],"version-history":[{"count":0,"href":"https:\/\/www.visit-ulcinj.com\/blog\/wp-json\/wp\/v2\/posts\/11263\/revisions"}],"wp:attachment":[{"href":"https:\/\/www.visit-ulcinj.com\/blog\/wp-json\/wp\/v2\/media?parent=11263"}],"wp:term":[{"taxonomy":"category","embeddable":true,"href":"https:\/\/www.visit-ulcinj.com\/blog\/wp-json\/wp\/v2\/categories?post=11263"},{"taxonomy":"post_tag","embeddable":true,"href":"https:\/\/www.visit-ulcinj.com\/blog\/wp-json\/wp\/v2\/tags?post=11263"}],"curies":[{"name":"wp","href":"https:\/\/api.w.org\/{rel}","templated":true}]}}