{"id":11267,"date":"2009-02-12T11:51:20","date_gmt":"2009-02-12T10:51:20","guid":{"rendered":"http:\/\/www.visit-ulcinj.com\/blog\/?p=11267"},"modified":"2009-02-12T11:57:51","modified_gmt":"2009-02-12T10:57:51","slug":"agoni-vajzat-shqiptare-jane-te-embla","status":"publish","type":"post","link":"https:\/\/www.visit-ulcinj.com\/blog\/2009\/02\/12\/agoni-vajzat-shqiptare-jane-te-embla\/","title":{"rendered":"Agoni &#8211; Vajzat shqiptar\u00eb jan\u00eb t\u00eb \u00ebmbla"},"content":{"rendered":"<p><a href=\"http:\/\/www.visit-ulcinj.com\/blog\/wp-content\/uploads\/2009\/02\/bisede-femrash.jpg\"><img loading=\"lazy\" class=\"alignleft size-full wp-image-11269\" title=\"bisede-femrash-big-brother\" src=\"http:\/\/www.visit-ulcinj.com\/blog\/wp-content\/uploads\/2009\/02\/bisede-femrash.jpg\" alt=\"bisede-femrash-big-brother\" width=\"300\" height=\"205\" \/><\/a><em><span class=\"newsdate\">10\/02\/2009 20:30<\/span><\/em><\/p>\n<p>Adi, Bika dhe Agoni bisedojn\u00eb p\u00ebr femrat. Agoni mendon se femrat nga Shqip\u00ebria, jan\u00eb m\u00eb t\u00eb \u00ebmbla krahasuar me vajzat e Prishtin\u00ebs dhe kan\u00eb nj\u00eb t\u00eb folur shum\u00eb p\u00ebrk\u00ebdhel\u00ebse dhe josh\u00ebse p\u00ebr meshkujt e Kosov\u00ebs. Adi mendon se edhe vajzat e Kosov\u00ebs jan\u00eb shum\u00eb t\u00eb \u00ebmbla dhe nuk nguron q\u00eb t\u00eb thot\u00eb mendimin e tij p\u00ebr Mimoz\u00ebn, e cila sipas tij \u00ebsht\u00eb shum\u00eb sensuale. Me ardhjen e Dritanit mes tyre biseda zhvendoset tek d\u00ebshira q\u00eb ka Republika p\u00ebr t\u2019u b\u00ebr\u00eb oficere policie. Ajo mendon se supriza m\u00eb e bukur do t\u00eb ishte sikur t\u00eb pranohej t\u00eb b\u00ebhej oficere pasi t\u00eb dilte nga sht\u00ebpia. Dritani mendon se p\u00ebrpos pasionit q\u00eb Bika ka p\u00ebr ushtrin\u00eb, ata q\u00eb e provojn\u00eb nuk mendojn\u00eb nj\u00ebsoj si ajo. M\u00eb pas biseda zhvendoset n\u00eb planet q\u00eb ata kan\u00eb p\u00ebr t\u00eb udh\u00ebtuar n\u00ebp\u00ebr Shqip\u00ebri pas daljes nga sht\u00ebpia e Big Brother, me nj\u00eb turne t\u00eb gjat\u00eb nga Shqip\u00ebria n\u00eb Kosov\u00eb Kosov\u00eb.<\/p>\n<div id=\"copyright\" style=\"padding-top: 5px;\"><strong>\u00a9 Big Brother Albania &#8211; 2009<\/strong><\/div>\n","protected":false},"excerpt":{"rendered":"<p>10\/02\/2009 20:30 Adi, Bika dhe Agoni bisedojn\u00eb p\u00ebr femrat. Agoni mendon se femrat nga Shqip\u00ebria, jan\u00eb m\u00eb t\u00eb \u00ebmbla krahasuar me vajzat e Prishtin\u00ebs dhe kan\u00eb nj\u00eb t\u00eb folur shum\u00eb p\u00ebrk\u00ebdhel\u00ebse dhe josh\u00ebse p\u00ebr meshkujt e Kosov\u00ebs. Adi mendon se edhe vajzat e Kosov\u00ebs jan\u00eb shum\u00eb t\u00eb \u00ebmbla dhe nuk nguron q\u00eb t\u00eb thot\u00eb mendimin [&hellip;]<\/p>\n","protected":false},"author":1,"featured_media":0,"comment_status":"open","ping_status":"closed","sticky":false,"template":"","format":"standard","meta":{"spay_email":"","jetpack_publicize_message":"","jetpack_is_tweetstorm":false,"jetpack_publicize_feature_enabled":true},"categories":[6502],"tags":[6562,6566,1667,786,6699,6541,6697,6558,6700,6694,6701,5057,6506,6712,6696,6688,6689,6665,6643,6695,6538,6563,6702,6691,6716,6703,6704,6718,6705,1442,49,788,6692,6706,6567,6711,6568,6707,6708,6540,4980,6698,262,6709,6710,3976,3946,354,4686,6690,6715,6714,6693,3797,3583,6713,6717,6564],"jetpack_publicize_connections":[],"yoast_head":"<!-- This site is optimized with the Yoast SEO plugin v19.1 - https:\/\/yoast.com\/wordpress\/plugins\/seo\/ -->\n<title>Agoni - Vajzat shqiptar\u00c3\u00ab jan\u00c3\u00ab t\u00c3\u00ab \u00c3\u00abmbla - Big Brother Albania<\/title>\n<meta name=\"description\" content=\"Adi, Bika dhe Agoni bisedojn\u00c3\u00ab p\u00c3\u00abr femrat. Agoni mendon se femrat nga Shqip\u00c3\u00abria, jan\u00c3\u00ab m\u00c3\u00ab t\u00c3\u00ab \u00c3\u00abmbla krahasuar me vajzat e Prishtin\u00c3\u00abs dhe kan\u00c3\u00ab nj\u00c3\u00ab t\u00c3\u00ab folur shum\u00c3\u00ab p\u00c3\u00abrk\u00c3\u00abdhel\u00c3\u00abse dhe josh\u00c3\u00abse p\u00c3\u00abr meshkujt e Kosov\u00c3\u00abs.\" \/>\n<meta name=\"robots\" content=\"index, follow, max-snippet:-1, max-image-preview:large, max-video-preview:-1\" \/>\n<link rel=\"canonical\" href=\"https:\/\/www.visit-ulcinj.com\/blog\/2009\/02\/12\/agoni-vajzat-shqiptare-jane-te-embla\/\" \/>\n<meta property=\"og:locale\" content=\"en_US\" \/>\n<meta property=\"og:type\" content=\"article\" \/>\n<meta property=\"og:title\" content=\"Agoni - Vajzat shqiptar\u00c3\u00ab jan\u00c3\u00ab t\u00c3\u00ab \u00c3\u00abmbla - Big Brother Albania\" \/>\n<meta property=\"og:description\" content=\"Adi, Bika dhe Agoni bisedojn\u00c3\u00ab p\u00c3\u00abr femrat. Agoni mendon se femrat nga Shqip\u00c3\u00abria, jan\u00c3\u00ab m\u00c3\u00ab t\u00c3\u00ab \u00c3\u00abmbla krahasuar me vajzat e Prishtin\u00c3\u00abs dhe kan\u00c3\u00ab nj\u00c3\u00ab t\u00c3\u00ab folur shum\u00c3\u00ab p\u00c3\u00abrk\u00c3\u00abdhel\u00c3\u00abse dhe josh\u00c3\u00abse p\u00c3\u00abr meshkujt e Kosov\u00c3\u00abs.\" \/>\n<meta property=\"og:url\" content=\"https:\/\/www.visit-ulcinj.com\/blog\/2009\/02\/12\/agoni-vajzat-shqiptare-jane-te-embla\/\" \/>\n<meta property=\"og:site_name\" content=\"Lajme nga Ulqini\" \/>\n<meta property=\"article:published_time\" content=\"2009-02-12T10:51:20+00:00\" \/>\n<meta property=\"article:modified_time\" content=\"2009-02-12T10:57:51+00:00\" \/>\n<meta property=\"og:image\" content=\"http:\/\/www.visit-ulcinj.com\/blog\/wp-content\/uploads\/2009\/02\/bisede-femrash.jpg\" \/>\n<meta name=\"twitter:label1\" content=\"Written by\" \/>\n\t<meta name=\"twitter:data1\" content=\"ulqini\" \/>\n\t<meta name=\"twitter:label2\" content=\"Est. reading time\" \/>\n\t<meta name=\"twitter:data2\" content=\"1 minute\" \/>\n<script type=\"application\/ld+json\" class=\"yoast-schema-graph\">{\"@context\":\"https:\/\/schema.org\",\"@graph\":[{\"@type\":\"WebSite\",\"@id\":\"https:\/\/www.visit-ulcinj.com\/blog\/#website\",\"url\":\"https:\/\/www.visit-ulcinj.com\/blog\/\",\"name\":\"Lajme nga Ulqini\",\"description\":\"Lajme,Vijesti,Ulqini,Ulqin,Crna Gora,Mali i Zi\",\"potentialAction\":[{\"@type\":\"SearchAction\",\"target\":{\"@type\":\"EntryPoint\",\"urlTemplate\":\"https:\/\/www.visit-ulcinj.com\/blog\/?s={search_term_string}\"},\"query-input\":\"required name=search_term_string\"}],\"inLanguage\":\"en-US\"},{\"@type\":\"ImageObject\",\"inLanguage\":\"en-US\",\"@id\":\"https:\/\/www.visit-ulcinj.com\/blog\/2009\/02\/12\/agoni-vajzat-shqiptare-jane-te-embla\/#primaryimage\",\"url\":\"http:\/\/www.visit-ulcinj.com\/blog\/wp-content\/uploads\/2009\/02\/bisede-femrash.jpg\",\"contentUrl\":\"http:\/\/www.visit-ulcinj.com\/blog\/wp-content\/uploads\/2009\/02\/bisede-femrash.jpg\"},{\"@type\":\"WebPage\",\"@id\":\"https:\/\/www.visit-ulcinj.com\/blog\/2009\/02\/12\/agoni-vajzat-shqiptare-jane-te-embla\/#webpage\",\"url\":\"https:\/\/www.visit-ulcinj.com\/blog\/2009\/02\/12\/agoni-vajzat-shqiptare-jane-te-embla\/\",\"name\":\"Agoni - Vajzat shqiptar\u00c3\u00ab jan\u00c3\u00ab t\u00c3\u00ab \u00c3\u00abmbla - Big Brother Albania\",\"isPartOf\":{\"@id\":\"https:\/\/www.visit-ulcinj.com\/blog\/#website\"},\"primaryImageOfPage\":{\"@id\":\"https:\/\/www.visit-ulcinj.com\/blog\/2009\/02\/12\/agoni-vajzat-shqiptare-jane-te-embla\/#primaryimage\"},\"datePublished\":\"2009-02-12T10:51:20+00:00\",\"dateModified\":\"2009-02-12T10:57:51+00:00\",\"author\":{\"@id\":\"https:\/\/www.visit-ulcinj.com\/blog\/#\/schema\/person\/dcab619c614d3038751c63bc2aadc06d\"},\"description\":\"Adi, Bika dhe Agoni bisedojn\u00c3\u00ab p\u00c3\u00abr femrat. Agoni mendon se femrat nga Shqip\u00c3\u00abria, jan\u00c3\u00ab m\u00c3\u00ab t\u00c3\u00ab \u00c3\u00abmbla krahasuar me vajzat e Prishtin\u00c3\u00abs dhe kan\u00c3\u00ab nj\u00c3\u00ab t\u00c3\u00ab folur shum\u00c3\u00ab p\u00c3\u00abrk\u00c3\u00abdhel\u00c3\u00abse dhe josh\u00c3\u00abse p\u00c3\u00abr meshkujt e Kosov\u00c3\u00abs.\",\"breadcrumb\":{\"@id\":\"https:\/\/www.visit-ulcinj.com\/blog\/2009\/02\/12\/agoni-vajzat-shqiptare-jane-te-embla\/#breadcrumb\"},\"inLanguage\":\"en-US\",\"potentialAction\":[{\"@type\":\"ReadAction\",\"target\":[\"https:\/\/www.visit-ulcinj.com\/blog\/2009\/02\/12\/agoni-vajzat-shqiptare-jane-te-embla\/\"]}]},{\"@type\":\"BreadcrumbList\",\"@id\":\"https:\/\/www.visit-ulcinj.com\/blog\/2009\/02\/12\/agoni-vajzat-shqiptare-jane-te-embla\/#breadcrumb\",\"itemListElement\":[{\"@type\":\"ListItem\",\"position\":1,\"name\":\"Agoni &#8211; Vajzat shqiptar\u00eb jan\u00eb t\u00eb \u00ebmbla\"}]},{\"@type\":\"Person\",\"@id\":\"https:\/\/www.visit-ulcinj.com\/blog\/#\/schema\/person\/dcab619c614d3038751c63bc2aadc06d\",\"name\":\"ulqini\",\"sameAs\":[\"http:\/\/www.visit-ulcinj.com\"],\"url\":\"https:\/\/www.visit-ulcinj.com\/blog\/author\/admin\/\"}]}<\/script>\n<!-- \/ Yoast SEO plugin. -->","yoast_head_json":{"title":"Agoni - Vajzat shqiptar\u00c3\u00ab jan\u00c3\u00ab t\u00c3\u00ab \u00c3\u00abmbla - Big Brother Albania","description":"Adi, Bika dhe Agoni bisedojn\u00c3\u00ab p\u00c3\u00abr femrat. Agoni mendon se femrat nga Shqip\u00c3\u00abria, jan\u00c3\u00ab m\u00c3\u00ab t\u00c3\u00ab \u00c3\u00abmbla krahasuar me vajzat e Prishtin\u00c3\u00abs dhe kan\u00c3\u00ab nj\u00c3\u00ab t\u00c3\u00ab folur shum\u00c3\u00ab p\u00c3\u00abrk\u00c3\u00abdhel\u00c3\u00abse dhe josh\u00c3\u00abse p\u00c3\u00abr meshkujt e Kosov\u00c3\u00abs.","robots":{"index":"index","follow":"follow","max-snippet":"max-snippet:-1","max-image-preview":"max-image-preview:large","max-video-preview":"max-video-preview:-1"},"canonical":"https:\/\/www.visit-ulcinj.com\/blog\/2009\/02\/12\/agoni-vajzat-shqiptare-jane-te-embla\/","og_locale":"en_US","og_type":"article","og_title":"Agoni - Vajzat shqiptar\u00c3\u00ab jan\u00c3\u00ab t\u00c3\u00ab \u00c3\u00abmbla - Big Brother Albania","og_description":"Adi, Bika dhe Agoni bisedojn\u00c3\u00ab p\u00c3\u00abr femrat. Agoni mendon se femrat nga Shqip\u00c3\u00abria, jan\u00c3\u00ab m\u00c3\u00ab t\u00c3\u00ab \u00c3\u00abmbla krahasuar me vajzat e Prishtin\u00c3\u00abs dhe kan\u00c3\u00ab nj\u00c3\u00ab t\u00c3\u00ab folur shum\u00c3\u00ab p\u00c3\u00abrk\u00c3\u00abdhel\u00c3\u00abse dhe josh\u00c3\u00abse p\u00c3\u00abr meshkujt e Kosov\u00c3\u00abs.","og_url":"https:\/\/www.visit-ulcinj.com\/blog\/2009\/02\/12\/agoni-vajzat-shqiptare-jane-te-embla\/","og_site_name":"Lajme nga Ulqini","article_published_time":"2009-02-12T10:51:20+00:00","article_modified_time":"2009-02-12T10:57:51+00:00","og_image":[{"url":"http:\/\/www.visit-ulcinj.com\/blog\/wp-content\/uploads\/2009\/02\/bisede-femrash.jpg"}],"twitter_misc":{"Written by":"ulqini","Est. reading time":"1 minute"},"schema":{"@context":"https:\/\/schema.org","@graph":[{"@type":"WebSite","@id":"https:\/\/www.visit-ulcinj.com\/blog\/#website","url":"https:\/\/www.visit-ulcinj.com\/blog\/","name":"Lajme nga Ulqini","description":"Lajme,Vijesti,Ulqini,Ulqin,Crna Gora,Mali i Zi","potentialAction":[{"@type":"SearchAction","target":{"@type":"EntryPoint","urlTemplate":"https:\/\/www.visit-ulcinj.com\/blog\/?s={search_term_string}"},"query-input":"required name=search_term_string"}],"inLanguage":"en-US"},{"@type":"ImageObject","inLanguage":"en-US","@id":"https:\/\/www.visit-ulcinj.com\/blog\/2009\/02\/12\/agoni-vajzat-shqiptare-jane-te-embla\/#primaryimage","url":"http:\/\/www.visit-ulcinj.com\/blog\/wp-content\/uploads\/2009\/02\/bisede-femrash.jpg","contentUrl":"http:\/\/www.visit-ulcinj.com\/blog\/wp-content\/uploads\/2009\/02\/bisede-femrash.jpg"},{"@type":"WebPage","@id":"https:\/\/www.visit-ulcinj.com\/blog\/2009\/02\/12\/agoni-vajzat-shqiptare-jane-te-embla\/#webpage","url":"https:\/\/www.visit-ulcinj.com\/blog\/2009\/02\/12\/agoni-vajzat-shqiptare-jane-te-embla\/","name":"Agoni - Vajzat shqiptar\u00c3\u00ab jan\u00c3\u00ab t\u00c3\u00ab \u00c3\u00abmbla - Big Brother Albania","isPartOf":{"@id":"https:\/\/www.visit-ulcinj.com\/blog\/#website"},"primaryImageOfPage":{"@id":"https:\/\/www.visit-ulcinj.com\/blog\/2009\/02\/12\/agoni-vajzat-shqiptare-jane-te-embla\/#primaryimage"},"datePublished":"2009-02-12T10:51:20+00:00","dateModified":"2009-02-12T10:57:51+00:00","author":{"@id":"https:\/\/www.visit-ulcinj.com\/blog\/#\/schema\/person\/dcab619c614d3038751c63bc2aadc06d"},"description":"Adi, Bika dhe Agoni bisedojn\u00c3\u00ab p\u00c3\u00abr femrat. Agoni mendon se femrat nga Shqip\u00c3\u00abria, jan\u00c3\u00ab m\u00c3\u00ab t\u00c3\u00ab \u00c3\u00abmbla krahasuar me vajzat e Prishtin\u00c3\u00abs dhe kan\u00c3\u00ab nj\u00c3\u00ab t\u00c3\u00ab folur shum\u00c3\u00ab p\u00c3\u00abrk\u00c3\u00abdhel\u00c3\u00abse dhe josh\u00c3\u00abse p\u00c3\u00abr meshkujt e Kosov\u00c3\u00abs.","breadcrumb":{"@id":"https:\/\/www.visit-ulcinj.com\/blog\/2009\/02\/12\/agoni-vajzat-shqiptare-jane-te-embla\/#breadcrumb"},"inLanguage":"en-US","potentialAction":[{"@type":"ReadAction","target":["https:\/\/www.visit-ulcinj.com\/blog\/2009\/02\/12\/agoni-vajzat-shqiptare-jane-te-embla\/"]}]},{"@type":"BreadcrumbList","@id":"https:\/\/www.visit-ulcinj.com\/blog\/2009\/02\/12\/agoni-vajzat-shqiptare-jane-te-embla\/#breadcrumb","itemListElement":[{"@type":"ListItem","position":1,"name":"Agoni &#8211; Vajzat shqiptar\u00eb jan\u00eb t\u00eb \u00ebmbla"}]},{"@type":"Person","@id":"https:\/\/www.visit-ulcinj.com\/blog\/#\/schema\/person\/dcab619c614d3038751c63bc2aadc06d","name":"ulqini","sameAs":["http:\/\/www.visit-ulcinj.com"],"url":"https:\/\/www.visit-ulcinj.com\/blog\/author\/admin\/"}]}},"jetpack_featured_media_url":"","jetpack_sharing_enabled":true,"jetpack_shortlink":"https:\/\/wp.me\/pe6lTn-2VJ","_links":{"self":[{"href":"https:\/\/www.visit-ulcinj.com\/blog\/wp-json\/wp\/v2\/posts\/11267"}],"collection":[{"href":"https:\/\/www.visit-ulcinj.com\/blog\/wp-json\/wp\/v2\/posts"}],"about":[{"href":"https:\/\/www.visit-ulcinj.com\/blog\/wp-json\/wp\/v2\/types\/post"}],"author":[{"embeddable":true,"href":"https:\/\/www.visit-ulcinj.com\/blog\/wp-json\/wp\/v2\/users\/1"}],"replies":[{"embeddable":true,"href":"https:\/\/www.visit-ulcinj.com\/blog\/wp-json\/wp\/v2\/comments?post=11267"}],"version-history":[{"count":0,"href":"https:\/\/www.visit-ulcinj.com\/blog\/wp-json\/wp\/v2\/posts\/11267\/revisions"}],"wp:attachment":[{"href":"https:\/\/www.visit-ulcinj.com\/blog\/wp-json\/wp\/v2\/media?parent=11267"}],"wp:term":[{"taxonomy":"category","embeddable":true,"href":"https:\/\/www.visit-ulcinj.com\/blog\/wp-json\/wp\/v2\/categories?post=11267"},{"taxonomy":"post_tag","embeddable":true,"href":"https:\/\/www.visit-ulcinj.com\/blog\/wp-json\/wp\/v2\/tags?post=11267"}],"curies":[{"name":"wp","href":"https:\/\/api.w.org\/{rel}","templated":true}]}}