{"id":11271,"date":"2009-02-12T11:53:27","date_gmt":"2009-02-12T10:53:27","guid":{"rendered":"http:\/\/www.visit-ulcinj.com\/blog\/?p=11271"},"modified":"2009-02-12T11:53:27","modified_gmt":"2009-02-12T10:53:27","slug":"tani-ben-thashetheme-per-adin","status":"publish","type":"post","link":"https:\/\/www.visit-ulcinj.com\/blog\/2009\/02\/12\/tani-ben-thashetheme-per-adin\/","title":{"rendered":"Tani b\u00ebn thashetheme p\u00ebr Adin"},"content":{"rendered":"<p><a href=\"http:\/\/www.visit-ulcinj.com\/blog\/wp-content\/uploads\/2009\/02\/tani-thashetheme.jpg\"><img loading=\"lazy\" class=\"alignleft size-full wp-image-11273\" title=\"tani-thashetheme-big-brother-albania\" src=\"http:\/\/www.visit-ulcinj.com\/blog\/wp-content\/uploads\/2009\/02\/tani-thashetheme.jpg\" alt=\"tani-thashetheme-big-brother-albania\" width=\"300\" height=\"205\" \/><\/a><em><span class=\"newsdate\">10\/02\/2009 21:00<\/span><\/em><\/p>\n<p>T\u00eb mbledhur n\u00eb kop\u00ebsht Tani, Zhuli, Lirita dhe Arjoni flasin p\u00ebr Adrianin. Djali gjirokastrit thot\u00eb se sa her\u00eb q\u00eb i z\u00eb n\u00eb goj\u00eb mosh\u00ebn Adit ai nuk i kthen p\u00ebrgjigje dhe e ka shum\u00eb problem, prandaj duhet q\u00eb t\u00eb flasin me z\u00eb t\u00eb ulet, pasi nuk do t\u00eb ndihet mir\u00eb. Sipas Dritanit nuk ka asnj\u00eb problem t\u00eb tregosh mosh\u00ebn reale, sidomos tek meshkuj, pasi tregon pjekuri. Nd\u00ebrkoh\u00eb Arjoni thot\u00eb se p\u00ebrpos mosh\u00ebs q\u00eb ka Adi gjithsesi nuk duket p\u00ebr 40 vje\u00e7, ndoshta pasi kujdeset shum\u00eb p\u00ebr veten dhe sjelljen e tij e p\u00ebrshtat pothuajse me t\u00eb gjith\u00eb banor\u00ebt e tjer\u00eb.<\/p>\n","protected":false},"excerpt":{"rendered":"<p>10\/02\/2009 21:00 T\u00eb mbledhur n\u00eb kop\u00ebsht Tani, Zhuli, Lirita dhe Arjoni flasin p\u00ebr Adrianin. Djali gjirokastrit thot\u00eb se sa her\u00eb q\u00eb i z\u00eb n\u00eb goj\u00eb mosh\u00ebn Adit ai nuk i kthen p\u00ebrgjigje dhe e ka shum\u00eb problem, prandaj duhet q\u00eb t\u00eb flasin me z\u00eb t\u00eb ulet, pasi nuk do t\u00eb ndihet mir\u00eb. Sipas Dritanit nuk [&hellip;]<\/p>\n","protected":false},"author":1,"featured_media":0,"comment_status":"open","ping_status":"closed","sticky":false,"template":"","format":"standard","meta":{"spay_email":"","jetpack_publicize_message":"","jetpack_is_tweetstorm":false,"jetpack_publicize_feature_enabled":true},"categories":[6502],"tags":[6562,6566,1667,786,6699,6541,6697,6558,6700,6694,6701,5057,6506,6712,6696,6688,6689,6665,6643,6695,6538,6563,6702,6691,6716,6703,6704,6718,6705,1442,49,788,6692,6706,6567,6711,6568,6707,6708,6540,4980,6698,262,6709,6710,3976,3946,354,4686,6690,6715,6714,6693,3797,3583,6713,6717,6564],"jetpack_publicize_connections":[],"yoast_head":"<!-- This site is optimized with the Yoast SEO plugin v19.1 - https:\/\/yoast.com\/wordpress\/plugins\/seo\/ -->\n<title>Tani b\u00c3\u00abn thashetheme p\u00c3\u00abr Adin - Big Brother Albania<\/title>\n<meta name=\"description\" content=\"Big Brother Albania - T\u00c3\u00ab mbledhur n\u00c3\u00ab kop\u00c3\u00absht Tani, Zhuli, Lirita dhe Arjoni flasin p\u00c3\u00abr Adrianin.\" \/>\n<meta name=\"robots\" content=\"index, follow, max-snippet:-1, max-image-preview:large, max-video-preview:-1\" \/>\n<link rel=\"canonical\" href=\"https:\/\/www.visit-ulcinj.com\/blog\/2009\/02\/12\/tani-ben-thashetheme-per-adin\/\" \/>\n<meta property=\"og:locale\" content=\"en_US\" \/>\n<meta property=\"og:type\" content=\"article\" \/>\n<meta property=\"og:title\" content=\"Tani b\u00c3\u00abn thashetheme p\u00c3\u00abr Adin - Big Brother Albania\" \/>\n<meta property=\"og:description\" content=\"Big Brother Albania - T\u00c3\u00ab mbledhur n\u00c3\u00ab kop\u00c3\u00absht Tani, Zhuli, Lirita dhe Arjoni flasin p\u00c3\u00abr Adrianin.\" \/>\n<meta property=\"og:url\" content=\"https:\/\/www.visit-ulcinj.com\/blog\/2009\/02\/12\/tani-ben-thashetheme-per-adin\/\" \/>\n<meta property=\"og:site_name\" content=\"Lajme nga Ulqini\" \/>\n<meta property=\"article:published_time\" content=\"2009-02-12T10:53:27+00:00\" \/>\n<meta property=\"og:image\" content=\"http:\/\/www.visit-ulcinj.com\/blog\/wp-content\/uploads\/2009\/02\/tani-thashetheme.jpg\" \/>\n<meta name=\"twitter:label1\" content=\"Written by\" \/>\n\t<meta name=\"twitter:data1\" content=\"ulqini\" \/>\n\t<meta name=\"twitter:label2\" content=\"Est. reading time\" \/>\n\t<meta name=\"twitter:data2\" content=\"1 minute\" \/>\n<script type=\"application\/ld+json\" class=\"yoast-schema-graph\">{\"@context\":\"https:\/\/schema.org\",\"@graph\":[{\"@type\":\"WebSite\",\"@id\":\"https:\/\/www.visit-ulcinj.com\/blog\/#website\",\"url\":\"https:\/\/www.visit-ulcinj.com\/blog\/\",\"name\":\"Lajme nga Ulqini\",\"description\":\"Lajme,Vijesti,Ulqini,Ulqin,Crna Gora,Mali i Zi\",\"potentialAction\":[{\"@type\":\"SearchAction\",\"target\":{\"@type\":\"EntryPoint\",\"urlTemplate\":\"https:\/\/www.visit-ulcinj.com\/blog\/?s={search_term_string}\"},\"query-input\":\"required name=search_term_string\"}],\"inLanguage\":\"en-US\"},{\"@type\":\"ImageObject\",\"inLanguage\":\"en-US\",\"@id\":\"https:\/\/www.visit-ulcinj.com\/blog\/2009\/02\/12\/tani-ben-thashetheme-per-adin\/#primaryimage\",\"url\":\"http:\/\/www.visit-ulcinj.com\/blog\/wp-content\/uploads\/2009\/02\/tani-thashetheme.jpg\",\"contentUrl\":\"http:\/\/www.visit-ulcinj.com\/blog\/wp-content\/uploads\/2009\/02\/tani-thashetheme.jpg\"},{\"@type\":\"WebPage\",\"@id\":\"https:\/\/www.visit-ulcinj.com\/blog\/2009\/02\/12\/tani-ben-thashetheme-per-adin\/#webpage\",\"url\":\"https:\/\/www.visit-ulcinj.com\/blog\/2009\/02\/12\/tani-ben-thashetheme-per-adin\/\",\"name\":\"Tani b\u00c3\u00abn thashetheme p\u00c3\u00abr Adin - Big Brother Albania\",\"isPartOf\":{\"@id\":\"https:\/\/www.visit-ulcinj.com\/blog\/#website\"},\"primaryImageOfPage\":{\"@id\":\"https:\/\/www.visit-ulcinj.com\/blog\/2009\/02\/12\/tani-ben-thashetheme-per-adin\/#primaryimage\"},\"datePublished\":\"2009-02-12T10:53:27+00:00\",\"dateModified\":\"2009-02-12T10:53:27+00:00\",\"author\":{\"@id\":\"https:\/\/www.visit-ulcinj.com\/blog\/#\/schema\/person\/dcab619c614d3038751c63bc2aadc06d\"},\"description\":\"Big Brother Albania - T\u00c3\u00ab mbledhur n\u00c3\u00ab kop\u00c3\u00absht Tani, Zhuli, Lirita dhe Arjoni flasin p\u00c3\u00abr Adrianin.\",\"breadcrumb\":{\"@id\":\"https:\/\/www.visit-ulcinj.com\/blog\/2009\/02\/12\/tani-ben-thashetheme-per-adin\/#breadcrumb\"},\"inLanguage\":\"en-US\",\"potentialAction\":[{\"@type\":\"ReadAction\",\"target\":[\"https:\/\/www.visit-ulcinj.com\/blog\/2009\/02\/12\/tani-ben-thashetheme-per-adin\/\"]}]},{\"@type\":\"BreadcrumbList\",\"@id\":\"https:\/\/www.visit-ulcinj.com\/blog\/2009\/02\/12\/tani-ben-thashetheme-per-adin\/#breadcrumb\",\"itemListElement\":[{\"@type\":\"ListItem\",\"position\":1,\"name\":\"Tani b\u00ebn thashetheme p\u00ebr Adin\"}]},{\"@type\":\"Person\",\"@id\":\"https:\/\/www.visit-ulcinj.com\/blog\/#\/schema\/person\/dcab619c614d3038751c63bc2aadc06d\",\"name\":\"ulqini\",\"sameAs\":[\"http:\/\/www.visit-ulcinj.com\"],\"url\":\"https:\/\/www.visit-ulcinj.com\/blog\/author\/admin\/\"}]}<\/script>\n<!-- \/ Yoast SEO plugin. -->","yoast_head_json":{"title":"Tani b\u00c3\u00abn thashetheme p\u00c3\u00abr Adin - Big Brother Albania","description":"Big Brother Albania - T\u00c3\u00ab mbledhur n\u00c3\u00ab kop\u00c3\u00absht Tani, Zhuli, Lirita dhe Arjoni flasin p\u00c3\u00abr Adrianin.","robots":{"index":"index","follow":"follow","max-snippet":"max-snippet:-1","max-image-preview":"max-image-preview:large","max-video-preview":"max-video-preview:-1"},"canonical":"https:\/\/www.visit-ulcinj.com\/blog\/2009\/02\/12\/tani-ben-thashetheme-per-adin\/","og_locale":"en_US","og_type":"article","og_title":"Tani b\u00c3\u00abn thashetheme p\u00c3\u00abr Adin - Big Brother Albania","og_description":"Big Brother Albania - T\u00c3\u00ab mbledhur n\u00c3\u00ab kop\u00c3\u00absht Tani, Zhuli, Lirita dhe Arjoni flasin p\u00c3\u00abr Adrianin.","og_url":"https:\/\/www.visit-ulcinj.com\/blog\/2009\/02\/12\/tani-ben-thashetheme-per-adin\/","og_site_name":"Lajme nga Ulqini","article_published_time":"2009-02-12T10:53:27+00:00","og_image":[{"url":"http:\/\/www.visit-ulcinj.com\/blog\/wp-content\/uploads\/2009\/02\/tani-thashetheme.jpg"}],"twitter_misc":{"Written by":"ulqini","Est. reading time":"1 minute"},"schema":{"@context":"https:\/\/schema.org","@graph":[{"@type":"WebSite","@id":"https:\/\/www.visit-ulcinj.com\/blog\/#website","url":"https:\/\/www.visit-ulcinj.com\/blog\/","name":"Lajme nga Ulqini","description":"Lajme,Vijesti,Ulqini,Ulqin,Crna Gora,Mali i Zi","potentialAction":[{"@type":"SearchAction","target":{"@type":"EntryPoint","urlTemplate":"https:\/\/www.visit-ulcinj.com\/blog\/?s={search_term_string}"},"query-input":"required name=search_term_string"}],"inLanguage":"en-US"},{"@type":"ImageObject","inLanguage":"en-US","@id":"https:\/\/www.visit-ulcinj.com\/blog\/2009\/02\/12\/tani-ben-thashetheme-per-adin\/#primaryimage","url":"http:\/\/www.visit-ulcinj.com\/blog\/wp-content\/uploads\/2009\/02\/tani-thashetheme.jpg","contentUrl":"http:\/\/www.visit-ulcinj.com\/blog\/wp-content\/uploads\/2009\/02\/tani-thashetheme.jpg"},{"@type":"WebPage","@id":"https:\/\/www.visit-ulcinj.com\/blog\/2009\/02\/12\/tani-ben-thashetheme-per-adin\/#webpage","url":"https:\/\/www.visit-ulcinj.com\/blog\/2009\/02\/12\/tani-ben-thashetheme-per-adin\/","name":"Tani b\u00c3\u00abn thashetheme p\u00c3\u00abr Adin - Big Brother Albania","isPartOf":{"@id":"https:\/\/www.visit-ulcinj.com\/blog\/#website"},"primaryImageOfPage":{"@id":"https:\/\/www.visit-ulcinj.com\/blog\/2009\/02\/12\/tani-ben-thashetheme-per-adin\/#primaryimage"},"datePublished":"2009-02-12T10:53:27+00:00","dateModified":"2009-02-12T10:53:27+00:00","author":{"@id":"https:\/\/www.visit-ulcinj.com\/blog\/#\/schema\/person\/dcab619c614d3038751c63bc2aadc06d"},"description":"Big Brother Albania - T\u00c3\u00ab mbledhur n\u00c3\u00ab kop\u00c3\u00absht Tani, Zhuli, Lirita dhe Arjoni flasin p\u00c3\u00abr Adrianin.","breadcrumb":{"@id":"https:\/\/www.visit-ulcinj.com\/blog\/2009\/02\/12\/tani-ben-thashetheme-per-adin\/#breadcrumb"},"inLanguage":"en-US","potentialAction":[{"@type":"ReadAction","target":["https:\/\/www.visit-ulcinj.com\/blog\/2009\/02\/12\/tani-ben-thashetheme-per-adin\/"]}]},{"@type":"BreadcrumbList","@id":"https:\/\/www.visit-ulcinj.com\/blog\/2009\/02\/12\/tani-ben-thashetheme-per-adin\/#breadcrumb","itemListElement":[{"@type":"ListItem","position":1,"name":"Tani b\u00ebn thashetheme p\u00ebr Adin"}]},{"@type":"Person","@id":"https:\/\/www.visit-ulcinj.com\/blog\/#\/schema\/person\/dcab619c614d3038751c63bc2aadc06d","name":"ulqini","sameAs":["http:\/\/www.visit-ulcinj.com"],"url":"https:\/\/www.visit-ulcinj.com\/blog\/author\/admin\/"}]}},"jetpack_featured_media_url":"","jetpack_sharing_enabled":true,"jetpack_shortlink":"https:\/\/wp.me\/pe6lTn-2VN","_links":{"self":[{"href":"https:\/\/www.visit-ulcinj.com\/blog\/wp-json\/wp\/v2\/posts\/11271"}],"collection":[{"href":"https:\/\/www.visit-ulcinj.com\/blog\/wp-json\/wp\/v2\/posts"}],"about":[{"href":"https:\/\/www.visit-ulcinj.com\/blog\/wp-json\/wp\/v2\/types\/post"}],"author":[{"embeddable":true,"href":"https:\/\/www.visit-ulcinj.com\/blog\/wp-json\/wp\/v2\/users\/1"}],"replies":[{"embeddable":true,"href":"https:\/\/www.visit-ulcinj.com\/blog\/wp-json\/wp\/v2\/comments?post=11271"}],"version-history":[{"count":0,"href":"https:\/\/www.visit-ulcinj.com\/blog\/wp-json\/wp\/v2\/posts\/11271\/revisions"}],"wp:attachment":[{"href":"https:\/\/www.visit-ulcinj.com\/blog\/wp-json\/wp\/v2\/media?parent=11271"}],"wp:term":[{"taxonomy":"category","embeddable":true,"href":"https:\/\/www.visit-ulcinj.com\/blog\/wp-json\/wp\/v2\/categories?post=11271"},{"taxonomy":"post_tag","embeddable":true,"href":"https:\/\/www.visit-ulcinj.com\/blog\/wp-json\/wp\/v2\/tags?post=11271"}],"curies":[{"name":"wp","href":"https:\/\/api.w.org\/{rel}","templated":true}]}}