{"id":11281,"date":"2009-02-12T12:04:00","date_gmt":"2009-02-12T11:04:00","guid":{"rendered":"http:\/\/www.visit-ulcinj.com\/blog\/?p=11281"},"modified":"2009-02-12T12:04:00","modified_gmt":"2009-02-12T11:04:00","slug":"adela-bjordi-te-me-kerkoje-falje","status":"publish","type":"post","link":"https:\/\/www.visit-ulcinj.com\/blog\/2009\/02\/12\/adela-bjordi-te-me-kerkoje-falje\/","title":{"rendered":"Adela &#8211; Bjordi t\u00eb m\u00eb k\u00ebrkoje falje"},"content":{"rendered":"<p><em><span class=\"newsdate\"><a href=\"http:\/\/www.visit-ulcinj.com\/blog\/wp-content\/uploads\/2009\/02\/bjordi-debil.jpg\"><img loading=\"lazy\" class=\"alignleft size-full wp-image-11282\" title=\"bjordi-debil\" src=\"http:\/\/www.visit-ulcinj.com\/blog\/wp-content\/uploads\/2009\/02\/bjordi-debil.jpg\" alt=\"bjordi-debil\" width=\"300\" height=\"205\" \/><\/a>10\/02\/2009 22:20<\/span><\/em><\/p>\n<p>Bjordi i afrohet vajzave q\u00eb jan\u00eb ulur n\u00eb divan, por Adela i thot\u00eb t\u00eb largohet, pasi ai e ka ofenduar duke e quajtur psikopate. Djali m\u00eb i vog\u00ebl i sht\u00ebpis\u00eb i k\u00ebrkon falje dhe i thot\u00eb q\u00eb nuk e ka pasur me t\u00eb v\u00ebrtet\u00eb at\u00eb q\u00eb ka th\u00ebn\u00eb. Ai i thot\u00eb Mimoz\u00ebs q\u00eb ta bind\u00eb Adel\u00ebn p\u00ebr ti folur, pasi \u00ebsht\u00eb penduar, por q\u00eb t\u00eb dyja vajzat qeshin. Nd\u00ebrkoh\u00eb q\u00eb Mimoza b\u00ebn shaka me t\u00eb folur\u00ebn e Bjordit, por ky i fyndit m\u00ebrzitet dhe i k\u00ebrkon asaj q\u00eb t\u00eb mos e v\u00ebr\u00eb n\u00eb loj\u00eb pasi nuk ndihet mir\u00eb. Por, i p\u00ebrq\u00ebndruar tek biseda ai nuk e sheh q\u00eb Mimoza \u00ebsht\u00eb duk ei lyer gishtat me manikyr, moment ky q\u00eb shkakton t\u00eb qeshura edhe tek banor\u00ebt e tjer\u00eb q\u00eb e ndjekin me kujdes k\u00ebt\u00eb sken\u00eb.<\/p>\n<p><strong><em>Top Channel<\/em><\/strong><\/p>\n","protected":false},"excerpt":{"rendered":"<p>10\/02\/2009 22:20 Bjordi i afrohet vajzave q\u00eb jan\u00eb ulur n\u00eb divan, por Adela i thot\u00eb t\u00eb largohet, pasi ai e ka ofenduar duke e quajtur psikopate. Djali m\u00eb i vog\u00ebl i sht\u00ebpis\u00eb i k\u00ebrkon falje dhe i thot\u00eb q\u00eb nuk e ka pasur me t\u00eb v\u00ebrtet\u00eb at\u00eb q\u00eb ka th\u00ebn\u00eb. Ai i thot\u00eb Mimoz\u00ebs q\u00eb [&hellip;]<\/p>\n","protected":false},"author":1,"featured_media":0,"comment_status":"open","ping_status":"closed","sticky":false,"template":"","format":"standard","meta":{"spay_email":"","jetpack_publicize_message":"","jetpack_is_tweetstorm":false,"jetpack_publicize_feature_enabled":true},"categories":[6502],"tags":[6736,6563,6737,6564],"jetpack_publicize_connections":[],"yoast_head":"<!-- This site is optimized with the Yoast SEO plugin v19.1 - https:\/\/yoast.com\/wordpress\/plugins\/seo\/ -->\n<title>Adela - Bjordi t\u00c3\u00ab m\u00c3\u00ab k\u00c3\u00abrkoje falje - Big Brother Albania<\/title>\n<meta name=\"description\" content=\"Big Brother Albania - Bjordi i afrohet vajzave q\u00c3\u00ab jan\u00c3\u00ab ulur n\u00c3\u00ab divan, por Adela i thot\u00c3\u00ab t\u00c3\u00ab largohet, pasi ai e ka ofenduar duke e quajtur psikopate.\" \/>\n<meta name=\"robots\" content=\"index, follow, max-snippet:-1, max-image-preview:large, max-video-preview:-1\" \/>\n<link rel=\"canonical\" href=\"https:\/\/www.visit-ulcinj.com\/blog\/2009\/02\/12\/adela-bjordi-te-me-kerkoje-falje\/\" \/>\n<meta property=\"og:locale\" content=\"en_US\" \/>\n<meta property=\"og:type\" content=\"article\" \/>\n<meta property=\"og:title\" content=\"Adela - Bjordi t\u00c3\u00ab m\u00c3\u00ab k\u00c3\u00abrkoje falje - Big Brother Albania\" \/>\n<meta property=\"og:description\" content=\"Big Brother Albania - Bjordi i afrohet vajzave q\u00c3\u00ab jan\u00c3\u00ab ulur n\u00c3\u00ab divan, por Adela i thot\u00c3\u00ab t\u00c3\u00ab largohet, pasi ai e ka ofenduar duke e quajtur psikopate.\" \/>\n<meta property=\"og:url\" content=\"https:\/\/www.visit-ulcinj.com\/blog\/2009\/02\/12\/adela-bjordi-te-me-kerkoje-falje\/\" \/>\n<meta property=\"og:site_name\" content=\"Lajme nga Ulqini\" \/>\n<meta property=\"article:published_time\" content=\"2009-02-12T11:04:00+00:00\" \/>\n<meta property=\"og:image\" content=\"http:\/\/www.visit-ulcinj.com\/blog\/wp-content\/uploads\/2009\/02\/bjordi-debil.jpg\" \/>\n<meta name=\"twitter:label1\" content=\"Written by\" \/>\n\t<meta name=\"twitter:data1\" content=\"ulqini\" \/>\n\t<meta name=\"twitter:label2\" content=\"Est. reading time\" \/>\n\t<meta name=\"twitter:data2\" content=\"1 minute\" \/>\n<script type=\"application\/ld+json\" class=\"yoast-schema-graph\">{\"@context\":\"https:\/\/schema.org\",\"@graph\":[{\"@type\":\"WebSite\",\"@id\":\"https:\/\/www.visit-ulcinj.com\/blog\/#website\",\"url\":\"https:\/\/www.visit-ulcinj.com\/blog\/\",\"name\":\"Lajme nga Ulqini\",\"description\":\"Lajme,Vijesti,Ulqini,Ulqin,Crna Gora,Mali i Zi\",\"potentialAction\":[{\"@type\":\"SearchAction\",\"target\":{\"@type\":\"EntryPoint\",\"urlTemplate\":\"https:\/\/www.visit-ulcinj.com\/blog\/?s={search_term_string}\"},\"query-input\":\"required name=search_term_string\"}],\"inLanguage\":\"en-US\"},{\"@type\":\"ImageObject\",\"inLanguage\":\"en-US\",\"@id\":\"https:\/\/www.visit-ulcinj.com\/blog\/2009\/02\/12\/adela-bjordi-te-me-kerkoje-falje\/#primaryimage\",\"url\":\"http:\/\/www.visit-ulcinj.com\/blog\/wp-content\/uploads\/2009\/02\/bjordi-debil.jpg\",\"contentUrl\":\"http:\/\/www.visit-ulcinj.com\/blog\/wp-content\/uploads\/2009\/02\/bjordi-debil.jpg\"},{\"@type\":\"WebPage\",\"@id\":\"https:\/\/www.visit-ulcinj.com\/blog\/2009\/02\/12\/adela-bjordi-te-me-kerkoje-falje\/#webpage\",\"url\":\"https:\/\/www.visit-ulcinj.com\/blog\/2009\/02\/12\/adela-bjordi-te-me-kerkoje-falje\/\",\"name\":\"Adela - Bjordi t\u00c3\u00ab m\u00c3\u00ab k\u00c3\u00abrkoje falje - Big Brother Albania\",\"isPartOf\":{\"@id\":\"https:\/\/www.visit-ulcinj.com\/blog\/#website\"},\"primaryImageOfPage\":{\"@id\":\"https:\/\/www.visit-ulcinj.com\/blog\/2009\/02\/12\/adela-bjordi-te-me-kerkoje-falje\/#primaryimage\"},\"datePublished\":\"2009-02-12T11:04:00+00:00\",\"dateModified\":\"2009-02-12T11:04:00+00:00\",\"author\":{\"@id\":\"https:\/\/www.visit-ulcinj.com\/blog\/#\/schema\/person\/dcab619c614d3038751c63bc2aadc06d\"},\"description\":\"Big Brother Albania - Bjordi i afrohet vajzave q\u00c3\u00ab jan\u00c3\u00ab ulur n\u00c3\u00ab divan, por Adela i thot\u00c3\u00ab t\u00c3\u00ab largohet, pasi ai e ka ofenduar duke e quajtur psikopate.\",\"breadcrumb\":{\"@id\":\"https:\/\/www.visit-ulcinj.com\/blog\/2009\/02\/12\/adela-bjordi-te-me-kerkoje-falje\/#breadcrumb\"},\"inLanguage\":\"en-US\",\"potentialAction\":[{\"@type\":\"ReadAction\",\"target\":[\"https:\/\/www.visit-ulcinj.com\/blog\/2009\/02\/12\/adela-bjordi-te-me-kerkoje-falje\/\"]}]},{\"@type\":\"BreadcrumbList\",\"@id\":\"https:\/\/www.visit-ulcinj.com\/blog\/2009\/02\/12\/adela-bjordi-te-me-kerkoje-falje\/#breadcrumb\",\"itemListElement\":[{\"@type\":\"ListItem\",\"position\":1,\"name\":\"Adela &#8211; Bjordi t\u00eb m\u00eb k\u00ebrkoje falje\"}]},{\"@type\":\"Person\",\"@id\":\"https:\/\/www.visit-ulcinj.com\/blog\/#\/schema\/person\/dcab619c614d3038751c63bc2aadc06d\",\"name\":\"ulqini\",\"sameAs\":[\"http:\/\/www.visit-ulcinj.com\"],\"url\":\"https:\/\/www.visit-ulcinj.com\/blog\/author\/admin\/\"}]}<\/script>\n<!-- \/ Yoast SEO plugin. -->","yoast_head_json":{"title":"Adela - Bjordi t\u00c3\u00ab m\u00c3\u00ab k\u00c3\u00abrkoje falje - Big Brother Albania","description":"Big Brother Albania - Bjordi i afrohet vajzave q\u00c3\u00ab jan\u00c3\u00ab ulur n\u00c3\u00ab divan, por Adela i thot\u00c3\u00ab t\u00c3\u00ab largohet, pasi ai e ka ofenduar duke e quajtur psikopate.","robots":{"index":"index","follow":"follow","max-snippet":"max-snippet:-1","max-image-preview":"max-image-preview:large","max-video-preview":"max-video-preview:-1"},"canonical":"https:\/\/www.visit-ulcinj.com\/blog\/2009\/02\/12\/adela-bjordi-te-me-kerkoje-falje\/","og_locale":"en_US","og_type":"article","og_title":"Adela - Bjordi t\u00c3\u00ab m\u00c3\u00ab k\u00c3\u00abrkoje falje - Big Brother Albania","og_description":"Big Brother Albania - Bjordi i afrohet vajzave q\u00c3\u00ab jan\u00c3\u00ab ulur n\u00c3\u00ab divan, por Adela i thot\u00c3\u00ab t\u00c3\u00ab largohet, pasi ai e ka ofenduar duke e quajtur psikopate.","og_url":"https:\/\/www.visit-ulcinj.com\/blog\/2009\/02\/12\/adela-bjordi-te-me-kerkoje-falje\/","og_site_name":"Lajme nga Ulqini","article_published_time":"2009-02-12T11:04:00+00:00","og_image":[{"url":"http:\/\/www.visit-ulcinj.com\/blog\/wp-content\/uploads\/2009\/02\/bjordi-debil.jpg"}],"twitter_misc":{"Written by":"ulqini","Est. reading time":"1 minute"},"schema":{"@context":"https:\/\/schema.org","@graph":[{"@type":"WebSite","@id":"https:\/\/www.visit-ulcinj.com\/blog\/#website","url":"https:\/\/www.visit-ulcinj.com\/blog\/","name":"Lajme nga Ulqini","description":"Lajme,Vijesti,Ulqini,Ulqin,Crna Gora,Mali i Zi","potentialAction":[{"@type":"SearchAction","target":{"@type":"EntryPoint","urlTemplate":"https:\/\/www.visit-ulcinj.com\/blog\/?s={search_term_string}"},"query-input":"required name=search_term_string"}],"inLanguage":"en-US"},{"@type":"ImageObject","inLanguage":"en-US","@id":"https:\/\/www.visit-ulcinj.com\/blog\/2009\/02\/12\/adela-bjordi-te-me-kerkoje-falje\/#primaryimage","url":"http:\/\/www.visit-ulcinj.com\/blog\/wp-content\/uploads\/2009\/02\/bjordi-debil.jpg","contentUrl":"http:\/\/www.visit-ulcinj.com\/blog\/wp-content\/uploads\/2009\/02\/bjordi-debil.jpg"},{"@type":"WebPage","@id":"https:\/\/www.visit-ulcinj.com\/blog\/2009\/02\/12\/adela-bjordi-te-me-kerkoje-falje\/#webpage","url":"https:\/\/www.visit-ulcinj.com\/blog\/2009\/02\/12\/adela-bjordi-te-me-kerkoje-falje\/","name":"Adela - Bjordi t\u00c3\u00ab m\u00c3\u00ab k\u00c3\u00abrkoje falje - Big Brother Albania","isPartOf":{"@id":"https:\/\/www.visit-ulcinj.com\/blog\/#website"},"primaryImageOfPage":{"@id":"https:\/\/www.visit-ulcinj.com\/blog\/2009\/02\/12\/adela-bjordi-te-me-kerkoje-falje\/#primaryimage"},"datePublished":"2009-02-12T11:04:00+00:00","dateModified":"2009-02-12T11:04:00+00:00","author":{"@id":"https:\/\/www.visit-ulcinj.com\/blog\/#\/schema\/person\/dcab619c614d3038751c63bc2aadc06d"},"description":"Big Brother Albania - Bjordi i afrohet vajzave q\u00c3\u00ab jan\u00c3\u00ab ulur n\u00c3\u00ab divan, por Adela i thot\u00c3\u00ab t\u00c3\u00ab largohet, pasi ai e ka ofenduar duke e quajtur psikopate.","breadcrumb":{"@id":"https:\/\/www.visit-ulcinj.com\/blog\/2009\/02\/12\/adela-bjordi-te-me-kerkoje-falje\/#breadcrumb"},"inLanguage":"en-US","potentialAction":[{"@type":"ReadAction","target":["https:\/\/www.visit-ulcinj.com\/blog\/2009\/02\/12\/adela-bjordi-te-me-kerkoje-falje\/"]}]},{"@type":"BreadcrumbList","@id":"https:\/\/www.visit-ulcinj.com\/blog\/2009\/02\/12\/adela-bjordi-te-me-kerkoje-falje\/#breadcrumb","itemListElement":[{"@type":"ListItem","position":1,"name":"Adela &#8211; Bjordi t\u00eb m\u00eb k\u00ebrkoje falje"}]},{"@type":"Person","@id":"https:\/\/www.visit-ulcinj.com\/blog\/#\/schema\/person\/dcab619c614d3038751c63bc2aadc06d","name":"ulqini","sameAs":["http:\/\/www.visit-ulcinj.com"],"url":"https:\/\/www.visit-ulcinj.com\/blog\/author\/admin\/"}]}},"jetpack_featured_media_url":"","jetpack_sharing_enabled":true,"jetpack_shortlink":"https:\/\/wp.me\/pe6lTn-2VX","_links":{"self":[{"href":"https:\/\/www.visit-ulcinj.com\/blog\/wp-json\/wp\/v2\/posts\/11281"}],"collection":[{"href":"https:\/\/www.visit-ulcinj.com\/blog\/wp-json\/wp\/v2\/posts"}],"about":[{"href":"https:\/\/www.visit-ulcinj.com\/blog\/wp-json\/wp\/v2\/types\/post"}],"author":[{"embeddable":true,"href":"https:\/\/www.visit-ulcinj.com\/blog\/wp-json\/wp\/v2\/users\/1"}],"replies":[{"embeddable":true,"href":"https:\/\/www.visit-ulcinj.com\/blog\/wp-json\/wp\/v2\/comments?post=11281"}],"version-history":[{"count":0,"href":"https:\/\/www.visit-ulcinj.com\/blog\/wp-json\/wp\/v2\/posts\/11281\/revisions"}],"wp:attachment":[{"href":"https:\/\/www.visit-ulcinj.com\/blog\/wp-json\/wp\/v2\/media?parent=11281"}],"wp:term":[{"taxonomy":"category","embeddable":true,"href":"https:\/\/www.visit-ulcinj.com\/blog\/wp-json\/wp\/v2\/categories?post=11281"},{"taxonomy":"post_tag","embeddable":true,"href":"https:\/\/www.visit-ulcinj.com\/blog\/wp-json\/wp\/v2\/tags?post=11281"}],"curies":[{"name":"wp","href":"https:\/\/api.w.org\/{rel}","templated":true}]}}