{"id":11291,"date":"2009-02-12T12:14:45","date_gmt":"2009-02-12T11:14:45","guid":{"rendered":"http:\/\/www.visit-ulcinj.com\/blog\/?p=11291"},"modified":"2009-02-12T12:14:45","modified_gmt":"2009-02-12T11:14:45","slug":"aida-kush-do-rezistoje-deri-ne-fund","status":"publish","type":"post","link":"https:\/\/www.visit-ulcinj.com\/blog\/2009\/02\/12\/aida-kush-do-rezistoje-deri-ne-fund\/","title":{"rendered":"Aida &#8211; Kush do rezistoj\u00eb deri n\u00eb fund"},"content":{"rendered":"<p><em><span class=\"newsdate\"><a href=\"http:\/\/www.visit-ulcinj.com\/blog\/wp-content\/uploads\/2009\/02\/foto-e-fundit.jpg\"><img loading=\"lazy\" class=\"alignleft size-full wp-image-11292\" title=\"foto-e-fundit-big-brother-albania\" src=\"http:\/\/www.visit-ulcinj.com\/blog\/wp-content\/uploads\/2009\/02\/foto-e-fundit.jpg\" alt=\"foto-e-fundit-big-brother-albania\" width=\"300\" height=\"205\" \/><\/a>10\/02\/2009 23:00<\/span><\/em><\/p>\n<p>Aida dhe Bjordi jan\u00eb akomoduar n\u00eb verand\u00eb dhe po bisedojn\u00eb shkujdesur larg v\u00ebmendjes t\u00eb banor\u00ebve t\u00eb tjer\u00eb. Ata mendojn\u00eb se gjith\u00eb kjo miq\u00ebsi \u00ebsht\u00eb shum\u00eb e bukur, por nuk i dihet n\u00ebse do t\u00eb jet\u00eb apo jo e till\u00eb deri n\u00eb fund. Aida thot\u00eb se \u00ebsht\u00eb shum\u00eb e v\u00ebshtir\u00eb dhe kjo do shihet se kush do t\u00eb rezistoj\u00eb deri n\u00eb fund, pasi deri at\u00ebher\u00eb shum\u00eb gj\u00ebra do t\u00eb ndryshojn\u00eb. Aida e komplimenton Bjordin duke i p\u00ebrk\u00ebdhelur sedr\u00ebn p\u00ebr inteligjenc\u00ebn e tij. M\u00eb pas ajo tregon p\u00ebr mikeshat e saj t\u00eb ngushta q\u00eb e shohin nga ekrani, arsyet q\u00eb e shtyn\u00eb p\u00ebr t\u00eb hyn\u00eb n\u00eb Big Brother, madje tregon se edhe i dashuri i saj mund ta shoh\u00eb n\u00eb ato \u00e7aste. Bjordi habitet sesi ajo ka t\u00eb dashur pasi nuk e kishte degjuar me pare dhe e ngacmon duke i th\u00ebn\u00eb se mund t\u00eb b\u00ebhet xheloz kur ai e puth. Por, Aida pohon se ai e njeh shum\u00eb mir\u00eb dhe nuk mund t\u00eb ndodh\u00eb kjo gj\u00eb. Bjordi b\u00ebhet kurioz dhe e pyet p\u00ebr shum\u00eb detaje, por ajo mjaftohet me faktin se nuk jan\u00eb ndar\u00eb zyrtarisht, por jan\u00eb duke b\u00ebr\u00eb nj\u00eb pauz\u00eb t\u00eb shkurt\u00ebr.<\/p>\n","protected":false},"excerpt":{"rendered":"<p>10\/02\/2009 23:00 Aida dhe Bjordi jan\u00eb akomoduar n\u00eb verand\u00eb dhe po bisedojn\u00eb shkujdesur larg v\u00ebmendjes t\u00eb banor\u00ebve t\u00eb tjer\u00eb. Ata mendojn\u00eb se gjith\u00eb kjo miq\u00ebsi \u00ebsht\u00eb shum\u00eb e bukur, por nuk i dihet n\u00ebse do t\u00eb jet\u00eb apo jo e till\u00eb deri n\u00eb fund. Aida thot\u00eb se \u00ebsht\u00eb shum\u00eb e v\u00ebshtir\u00eb dhe kjo do shihet [&hellip;]<\/p>\n","protected":false},"author":1,"featured_media":0,"comment_status":"open","ping_status":"closed","sticky":false,"template":"","format":"standard","meta":{"spay_email":"","jetpack_publicize_message":"","jetpack_is_tweetstorm":false,"jetpack_publicize_feature_enabled":true},"categories":[6502],"tags":[6566,6506,6665,6693],"jetpack_publicize_connections":[],"yoast_head":"<!-- This site is optimized with the Yoast SEO plugin v19.1 - https:\/\/yoast.com\/wordpress\/plugins\/seo\/ -->\n<title>Aida - Kush do rezistoj\u00c3\u00ab deri n\u00c3\u00ab fund - Big Brother Albania<\/title>\n<meta name=\"description\" content=\"Big Brother Albania - Aida dhe Bjordi jan\u00c3\u00ab akomoduar n\u00c3\u00ab verand\u00c3\u00ab dhe po bisedojn\u00c3\u00ab shkujdesur larg v\u00c3\u00abmendjes t\u00c3\u00ab banor\u00c3\u00abve t\u00c3\u00ab tjer\u00c3\u00ab.\" \/>\n<meta name=\"robots\" content=\"index, follow, max-snippet:-1, max-image-preview:large, max-video-preview:-1\" \/>\n<link rel=\"canonical\" href=\"https:\/\/www.visit-ulcinj.com\/blog\/2009\/02\/12\/aida-kush-do-rezistoje-deri-ne-fund\/\" \/>\n<meta property=\"og:locale\" content=\"en_US\" \/>\n<meta property=\"og:type\" content=\"article\" \/>\n<meta property=\"og:title\" content=\"Aida - Kush do rezistoj\u00c3\u00ab deri n\u00c3\u00ab fund - Big Brother Albania\" \/>\n<meta property=\"og:description\" content=\"Big Brother Albania - Aida dhe Bjordi jan\u00c3\u00ab akomoduar n\u00c3\u00ab verand\u00c3\u00ab dhe po bisedojn\u00c3\u00ab shkujdesur larg v\u00c3\u00abmendjes t\u00c3\u00ab banor\u00c3\u00abve t\u00c3\u00ab tjer\u00c3\u00ab.\" \/>\n<meta property=\"og:url\" content=\"https:\/\/www.visit-ulcinj.com\/blog\/2009\/02\/12\/aida-kush-do-rezistoje-deri-ne-fund\/\" \/>\n<meta property=\"og:site_name\" content=\"Lajme nga Ulqini\" \/>\n<meta property=\"article:published_time\" content=\"2009-02-12T11:14:45+00:00\" \/>\n<meta property=\"og:image\" content=\"http:\/\/www.visit-ulcinj.com\/blog\/wp-content\/uploads\/2009\/02\/foto-e-fundit.jpg\" \/>\n<meta name=\"twitter:label1\" content=\"Written by\" \/>\n\t<meta name=\"twitter:data1\" content=\"ulqini\" \/>\n\t<meta name=\"twitter:label2\" content=\"Est. reading time\" \/>\n\t<meta name=\"twitter:data2\" content=\"1 minute\" \/>\n<script type=\"application\/ld+json\" class=\"yoast-schema-graph\">{\"@context\":\"https:\/\/schema.org\",\"@graph\":[{\"@type\":\"WebSite\",\"@id\":\"https:\/\/www.visit-ulcinj.com\/blog\/#website\",\"url\":\"https:\/\/www.visit-ulcinj.com\/blog\/\",\"name\":\"Lajme nga Ulqini\",\"description\":\"Lajme,Vijesti,Ulqini,Ulqin,Crna Gora,Mali i Zi\",\"potentialAction\":[{\"@type\":\"SearchAction\",\"target\":{\"@type\":\"EntryPoint\",\"urlTemplate\":\"https:\/\/www.visit-ulcinj.com\/blog\/?s={search_term_string}\"},\"query-input\":\"required name=search_term_string\"}],\"inLanguage\":\"en-US\"},{\"@type\":\"ImageObject\",\"inLanguage\":\"en-US\",\"@id\":\"https:\/\/www.visit-ulcinj.com\/blog\/2009\/02\/12\/aida-kush-do-rezistoje-deri-ne-fund\/#primaryimage\",\"url\":\"http:\/\/www.visit-ulcinj.com\/blog\/wp-content\/uploads\/2009\/02\/foto-e-fundit.jpg\",\"contentUrl\":\"http:\/\/www.visit-ulcinj.com\/blog\/wp-content\/uploads\/2009\/02\/foto-e-fundit.jpg\"},{\"@type\":\"WebPage\",\"@id\":\"https:\/\/www.visit-ulcinj.com\/blog\/2009\/02\/12\/aida-kush-do-rezistoje-deri-ne-fund\/#webpage\",\"url\":\"https:\/\/www.visit-ulcinj.com\/blog\/2009\/02\/12\/aida-kush-do-rezistoje-deri-ne-fund\/\",\"name\":\"Aida - Kush do rezistoj\u00c3\u00ab deri n\u00c3\u00ab fund - Big Brother Albania\",\"isPartOf\":{\"@id\":\"https:\/\/www.visit-ulcinj.com\/blog\/#website\"},\"primaryImageOfPage\":{\"@id\":\"https:\/\/www.visit-ulcinj.com\/blog\/2009\/02\/12\/aida-kush-do-rezistoje-deri-ne-fund\/#primaryimage\"},\"datePublished\":\"2009-02-12T11:14:45+00:00\",\"dateModified\":\"2009-02-12T11:14:45+00:00\",\"author\":{\"@id\":\"https:\/\/www.visit-ulcinj.com\/blog\/#\/schema\/person\/dcab619c614d3038751c63bc2aadc06d\"},\"description\":\"Big Brother Albania - Aida dhe Bjordi jan\u00c3\u00ab akomoduar n\u00c3\u00ab verand\u00c3\u00ab dhe po bisedojn\u00c3\u00ab shkujdesur larg v\u00c3\u00abmendjes t\u00c3\u00ab banor\u00c3\u00abve t\u00c3\u00ab tjer\u00c3\u00ab.\",\"breadcrumb\":{\"@id\":\"https:\/\/www.visit-ulcinj.com\/blog\/2009\/02\/12\/aida-kush-do-rezistoje-deri-ne-fund\/#breadcrumb\"},\"inLanguage\":\"en-US\",\"potentialAction\":[{\"@type\":\"ReadAction\",\"target\":[\"https:\/\/www.visit-ulcinj.com\/blog\/2009\/02\/12\/aida-kush-do-rezistoje-deri-ne-fund\/\"]}]},{\"@type\":\"BreadcrumbList\",\"@id\":\"https:\/\/www.visit-ulcinj.com\/blog\/2009\/02\/12\/aida-kush-do-rezistoje-deri-ne-fund\/#breadcrumb\",\"itemListElement\":[{\"@type\":\"ListItem\",\"position\":1,\"name\":\"Aida &#8211; Kush do rezistoj\u00eb deri n\u00eb fund\"}]},{\"@type\":\"Person\",\"@id\":\"https:\/\/www.visit-ulcinj.com\/blog\/#\/schema\/person\/dcab619c614d3038751c63bc2aadc06d\",\"name\":\"ulqini\",\"sameAs\":[\"http:\/\/www.visit-ulcinj.com\"],\"url\":\"https:\/\/www.visit-ulcinj.com\/blog\/author\/admin\/\"}]}<\/script>\n<!-- \/ Yoast SEO plugin. -->","yoast_head_json":{"title":"Aida - Kush do rezistoj\u00c3\u00ab deri n\u00c3\u00ab fund - Big Brother Albania","description":"Big Brother Albania - Aida dhe Bjordi jan\u00c3\u00ab akomoduar n\u00c3\u00ab verand\u00c3\u00ab dhe po bisedojn\u00c3\u00ab shkujdesur larg v\u00c3\u00abmendjes t\u00c3\u00ab banor\u00c3\u00abve t\u00c3\u00ab tjer\u00c3\u00ab.","robots":{"index":"index","follow":"follow","max-snippet":"max-snippet:-1","max-image-preview":"max-image-preview:large","max-video-preview":"max-video-preview:-1"},"canonical":"https:\/\/www.visit-ulcinj.com\/blog\/2009\/02\/12\/aida-kush-do-rezistoje-deri-ne-fund\/","og_locale":"en_US","og_type":"article","og_title":"Aida - Kush do rezistoj\u00c3\u00ab deri n\u00c3\u00ab fund - Big Brother Albania","og_description":"Big Brother Albania - Aida dhe Bjordi jan\u00c3\u00ab akomoduar n\u00c3\u00ab verand\u00c3\u00ab dhe po bisedojn\u00c3\u00ab shkujdesur larg v\u00c3\u00abmendjes t\u00c3\u00ab banor\u00c3\u00abve t\u00c3\u00ab tjer\u00c3\u00ab.","og_url":"https:\/\/www.visit-ulcinj.com\/blog\/2009\/02\/12\/aida-kush-do-rezistoje-deri-ne-fund\/","og_site_name":"Lajme nga Ulqini","article_published_time":"2009-02-12T11:14:45+00:00","og_image":[{"url":"http:\/\/www.visit-ulcinj.com\/blog\/wp-content\/uploads\/2009\/02\/foto-e-fundit.jpg"}],"twitter_misc":{"Written by":"ulqini","Est. reading time":"1 minute"},"schema":{"@context":"https:\/\/schema.org","@graph":[{"@type":"WebSite","@id":"https:\/\/www.visit-ulcinj.com\/blog\/#website","url":"https:\/\/www.visit-ulcinj.com\/blog\/","name":"Lajme nga Ulqini","description":"Lajme,Vijesti,Ulqini,Ulqin,Crna Gora,Mali i Zi","potentialAction":[{"@type":"SearchAction","target":{"@type":"EntryPoint","urlTemplate":"https:\/\/www.visit-ulcinj.com\/blog\/?s={search_term_string}"},"query-input":"required name=search_term_string"}],"inLanguage":"en-US"},{"@type":"ImageObject","inLanguage":"en-US","@id":"https:\/\/www.visit-ulcinj.com\/blog\/2009\/02\/12\/aida-kush-do-rezistoje-deri-ne-fund\/#primaryimage","url":"http:\/\/www.visit-ulcinj.com\/blog\/wp-content\/uploads\/2009\/02\/foto-e-fundit.jpg","contentUrl":"http:\/\/www.visit-ulcinj.com\/blog\/wp-content\/uploads\/2009\/02\/foto-e-fundit.jpg"},{"@type":"WebPage","@id":"https:\/\/www.visit-ulcinj.com\/blog\/2009\/02\/12\/aida-kush-do-rezistoje-deri-ne-fund\/#webpage","url":"https:\/\/www.visit-ulcinj.com\/blog\/2009\/02\/12\/aida-kush-do-rezistoje-deri-ne-fund\/","name":"Aida - Kush do rezistoj\u00c3\u00ab deri n\u00c3\u00ab fund - Big Brother Albania","isPartOf":{"@id":"https:\/\/www.visit-ulcinj.com\/blog\/#website"},"primaryImageOfPage":{"@id":"https:\/\/www.visit-ulcinj.com\/blog\/2009\/02\/12\/aida-kush-do-rezistoje-deri-ne-fund\/#primaryimage"},"datePublished":"2009-02-12T11:14:45+00:00","dateModified":"2009-02-12T11:14:45+00:00","author":{"@id":"https:\/\/www.visit-ulcinj.com\/blog\/#\/schema\/person\/dcab619c614d3038751c63bc2aadc06d"},"description":"Big Brother Albania - Aida dhe Bjordi jan\u00c3\u00ab akomoduar n\u00c3\u00ab verand\u00c3\u00ab dhe po bisedojn\u00c3\u00ab shkujdesur larg v\u00c3\u00abmendjes t\u00c3\u00ab banor\u00c3\u00abve t\u00c3\u00ab tjer\u00c3\u00ab.","breadcrumb":{"@id":"https:\/\/www.visit-ulcinj.com\/blog\/2009\/02\/12\/aida-kush-do-rezistoje-deri-ne-fund\/#breadcrumb"},"inLanguage":"en-US","potentialAction":[{"@type":"ReadAction","target":["https:\/\/www.visit-ulcinj.com\/blog\/2009\/02\/12\/aida-kush-do-rezistoje-deri-ne-fund\/"]}]},{"@type":"BreadcrumbList","@id":"https:\/\/www.visit-ulcinj.com\/blog\/2009\/02\/12\/aida-kush-do-rezistoje-deri-ne-fund\/#breadcrumb","itemListElement":[{"@type":"ListItem","position":1,"name":"Aida &#8211; Kush do rezistoj\u00eb deri n\u00eb fund"}]},{"@type":"Person","@id":"https:\/\/www.visit-ulcinj.com\/blog\/#\/schema\/person\/dcab619c614d3038751c63bc2aadc06d","name":"ulqini","sameAs":["http:\/\/www.visit-ulcinj.com"],"url":"https:\/\/www.visit-ulcinj.com\/blog\/author\/admin\/"}]}},"jetpack_featured_media_url":"","jetpack_sharing_enabled":true,"jetpack_shortlink":"https:\/\/wp.me\/pe6lTn-2W7","_links":{"self":[{"href":"https:\/\/www.visit-ulcinj.com\/blog\/wp-json\/wp\/v2\/posts\/11291"}],"collection":[{"href":"https:\/\/www.visit-ulcinj.com\/blog\/wp-json\/wp\/v2\/posts"}],"about":[{"href":"https:\/\/www.visit-ulcinj.com\/blog\/wp-json\/wp\/v2\/types\/post"}],"author":[{"embeddable":true,"href":"https:\/\/www.visit-ulcinj.com\/blog\/wp-json\/wp\/v2\/users\/1"}],"replies":[{"embeddable":true,"href":"https:\/\/www.visit-ulcinj.com\/blog\/wp-json\/wp\/v2\/comments?post=11291"}],"version-history":[{"count":0,"href":"https:\/\/www.visit-ulcinj.com\/blog\/wp-json\/wp\/v2\/posts\/11291\/revisions"}],"wp:attachment":[{"href":"https:\/\/www.visit-ulcinj.com\/blog\/wp-json\/wp\/v2\/media?parent=11291"}],"wp:term":[{"taxonomy":"category","embeddable":true,"href":"https:\/\/www.visit-ulcinj.com\/blog\/wp-json\/wp\/v2\/categories?post=11291"},{"taxonomy":"post_tag","embeddable":true,"href":"https:\/\/www.visit-ulcinj.com\/blog\/wp-json\/wp\/v2\/tags?post=11291"}],"curies":[{"name":"wp","href":"https:\/\/api.w.org\/{rel}","templated":true}]}}