{"id":113,"date":"2008-01-09T15:13:08","date_gmt":"2008-01-09T20:13:08","guid":{"rendered":"http:\/\/www.visit-ulcinj.com\/blog\/2008\/01\/09\/kuvendi-i-kosoves-miraton-qeverine-e-re\/"},"modified":"2008-02-12T18:23:14","modified_gmt":"2008-02-12T23:23:14","slug":"kuvendi-i-kosoves-miraton-qeverine-e-re","status":"publish","type":"post","link":"https:\/\/www.visit-ulcinj.com\/blog\/2008\/01\/09\/kuvendi-i-kosoves-miraton-qeverine-e-re\/","title":{"rendered":"Kuvendi i Kosov\u00ebs miraton qeverin\u00eb e re"},"content":{"rendered":"<p class=\"storytext\"><img loading=\"lazy\" src=\"http:\/\/www.visit-ulcinj.com\/blog\/wp-content\/uploads\/2008\/01\/sejdiu_thaci.thumbnail.jpg\" align=\"left\" border=\"0\" height=\"95\" hspace=\"1\" vspace=\"1\" width=\"128\" \/>Paralmenti i Kosov\u00ebs ka miratuar t\u00eb m\u00ebrkur\u00ebn qeverin\u00eb e re t\u00eb Hashim Tha\u00e7it dhe ka rizgjedhur Fatmir Sejdiun si president<strong>.<\/strong>P\u00ebr z.Tha\u00e7i dhe kabinetin e tij qeveritar kan\u00eb votuar 85 deputet\u00eb nga 112 sa ishin n\u00eb sall\u00eb.<!--more--> Komandanti i ish-Ushtris\u00eb \u00c7lirimtare t\u00eb Kosov\u00ebs do t\u00eb udh\u00ebheq\u00eb qeverin\u00eb e koalicionit PDK-LDK p\u00ebr nj\u00eb mandat kat\u00ebrvje\u00e7ar. Kabineti i z.Tha\u00e7i do t\u00eb ket\u00eb dy z\u00ebvend\u00ebskryeministra, Hajredin Ku\u00e7in nga Partia Demokratike dhe Ram\u00eb Manajn nga Lidhja Demokratike e Kosov\u00ebs. Shtat\u00eb ministri do t\u00eb udh\u00ebhiqen nga PDK-ja, pes\u00eb nga LDK-ja nd\u00ebrsa tri t\u00eb tjera u jan\u00eb l\u00ebn\u00eb pakicave, prej t\u00eb cilave dy pakic\u00ebs serbe nd\u00ebrsa nj\u00eb pakicave t\u00eb tjera.<\/p>\n<p class=\"storytext\">Kuvendi ka zgjedhur sot edhe kryetarin dhe kryesin\u00eb e Parlamentit.<\/p>\n<p class=\"storytext\">N\u00eb krye t\u00eb organit ligjv\u00ebn\u00ebs t\u00eb Kosov\u00ebs do t\u00eb jet\u00eb Jakup Krasniqi, sekretar i p\u00ebrgjithsh\u00ebm PDK-s\u00eb.<\/p>\n<p class=\"storytext\"><strong>Rizgjidhet Sejdiu<\/strong><\/p>\n<p class=\"storytext\">Nd\u00ebrkoh\u00eb, Fatmir Sejdiu \u00ebsht\u00eb rizgjedhur president i Kosov\u00ebs p\u00ebr nj\u00eb mandat pes\u00ebvje\u00e7ar. P\u00ebr zotin Sejdiu, 56 vje\u00e7 u votua tri her\u00eb, pasi n\u00eb dy raundet e para ai nuk arriti t\u00eb marr\u00eb dy t\u00eb tretat e votave.N\u00eb raundin e tret\u00eb p\u00ebr t\u00eb votuan 68 nga 118 deputet\u00eb sa ishin t\u00eb pranish\u00ebm n\u00eb sall\u00eb.Kandidati tjet\u00ebr p\u00ebr postin, Naim Maloku nga Aleanca p\u00ebr Ardhm\u00ebrin\u00eb e Kosov\u00ebs, morri 39 vota.P\u00ebr miratimin e kandidatur\u00ebs s\u00eb presidentit nevojiteshin 2\/3 e votave.<\/p>\n<p class=\"storytext\"><strong>Presidenti i dyt\u00eb<\/strong><\/p>\n<p class=\"storytext\">Fatmir Sejdiu i Lidhjes Demokratike t\u00eb Kosov\u00ebs (LDK) \u00ebsht\u00eb president i dyt\u00eb i Kosov\u00ebs.Ai pasoi n\u00eb post n\u00eb shkurt t\u00eb vitit 2006 Ibrahim Rugov\u00ebn, pasi ai u nda nga jeta.Para votimit t\u00eb s\u00eb m\u00ebrkur\u00ebs n\u00eb parlamentin e ri t\u00eb Kosov\u00ebs, t\u00eb dal\u00eb nga zgjedhjet e n\u00ebntorit, z. Sejdiu ishte ende n\u00eb mesin e mandatit t\u00eb par\u00eb presidencial.<\/p>\n<p class=\"front-naslov\"><a href=\"http:\/\/www.bbc.co.uk\/albanian\">www.bbc.co.uk\/albanian<\/a><\/p>\n","protected":false},"excerpt":{"rendered":"<p><img loading=\"lazy\" src=\"http:\/\/www.visit-ulcinj.com\/blog\/wp-content\/uploads\/2008\/01\/sejdiu_thaci.thumbnail.jpg\" alt=\"Sejdiu\" width=\"140\" height=\"140\" \/><\/p>\n","protected":false},"author":1,"featured_media":0,"comment_status":"open","ping_status":"closed","sticky":false,"template":"","format":"standard","meta":{"spay_email":"","jetpack_publicize_message":"","jetpack_is_tweetstorm":false,"jetpack_publicize_feature_enabled":true},"categories":[14],"tags":[1192,1191,66,72,69,75,64,65,56,59,61,54,68,60,63,53,362,57,73,76,55,70,58,62,74,71,359,67],"jetpack_publicize_connections":[],"yoast_head":"<!-- This site is optimized with the Yoast SEO plugin v19.1 - https:\/\/yoast.com\/wordpress\/plugins\/seo\/ -->\n<title>Kuvendi i Kosov\u00ebs miraton qeverin\u00eb e re - Lajme nga Ulqini<\/title>\n<meta name=\"robots\" content=\"index, follow, max-snippet:-1, max-image-preview:large, max-video-preview:-1\" \/>\n<link rel=\"canonical\" href=\"https:\/\/www.visit-ulcinj.com\/blog\/2008\/01\/09\/kuvendi-i-kosoves-miraton-qeverine-e-re\/\" \/>\n<meta property=\"og:locale\" content=\"en_US\" \/>\n<meta property=\"og:type\" content=\"article\" \/>\n<meta property=\"og:title\" content=\"Kuvendi i Kosov\u00ebs miraton qeverin\u00eb e re - Lajme nga Ulqini\" \/>\n<meta property=\"og:url\" content=\"https:\/\/www.visit-ulcinj.com\/blog\/2008\/01\/09\/kuvendi-i-kosoves-miraton-qeverine-e-re\/\" \/>\n<meta property=\"og:site_name\" content=\"Lajme nga Ulqini\" \/>\n<meta property=\"article:published_time\" content=\"2008-01-09T20:13:08+00:00\" \/>\n<meta property=\"article:modified_time\" content=\"2008-02-12T23:23:14+00:00\" \/>\n<meta property=\"og:image\" content=\"http:\/\/www.visit-ulcinj.com\/blog\/wp-content\/uploads\/2008\/01\/sejdiu_thaci.thumbnail.jpg\" \/>\n<meta name=\"twitter:label1\" content=\"Written by\" \/>\n\t<meta name=\"twitter:data1\" content=\"ulqini\" \/>\n\t<meta name=\"twitter:label2\" content=\"Est. reading time\" \/>\n\t<meta name=\"twitter:data2\" content=\"2 minutes\" \/>\n<script type=\"application\/ld+json\" class=\"yoast-schema-graph\">{\"@context\":\"https:\/\/schema.org\",\"@graph\":[{\"@type\":\"WebSite\",\"@id\":\"https:\/\/www.visit-ulcinj.com\/blog\/#website\",\"url\":\"https:\/\/www.visit-ulcinj.com\/blog\/\",\"name\":\"Lajme nga Ulqini\",\"description\":\"Lajme,Vijesti,Ulqini,Ulqin,Crna Gora,Mali i Zi\",\"potentialAction\":[{\"@type\":\"SearchAction\",\"target\":{\"@type\":\"EntryPoint\",\"urlTemplate\":\"https:\/\/www.visit-ulcinj.com\/blog\/?s={search_term_string}\"},\"query-input\":\"required name=search_term_string\"}],\"inLanguage\":\"en-US\"},{\"@type\":\"ImageObject\",\"inLanguage\":\"en-US\",\"@id\":\"https:\/\/www.visit-ulcinj.com\/blog\/2008\/01\/09\/kuvendi-i-kosoves-miraton-qeverine-e-re\/#primaryimage\",\"url\":\"http:\/\/www.visit-ulcinj.com\/blog\/wp-content\/uploads\/2008\/01\/sejdiu_thaci.thumbnail.jpg\",\"contentUrl\":\"http:\/\/www.visit-ulcinj.com\/blog\/wp-content\/uploads\/2008\/01\/sejdiu_thaci.thumbnail.jpg\"},{\"@type\":\"WebPage\",\"@id\":\"https:\/\/www.visit-ulcinj.com\/blog\/2008\/01\/09\/kuvendi-i-kosoves-miraton-qeverine-e-re\/#webpage\",\"url\":\"https:\/\/www.visit-ulcinj.com\/blog\/2008\/01\/09\/kuvendi-i-kosoves-miraton-qeverine-e-re\/\",\"name\":\"Kuvendi i Kosov\u00ebs miraton qeverin\u00eb e re - Lajme nga Ulqini\",\"isPartOf\":{\"@id\":\"https:\/\/www.visit-ulcinj.com\/blog\/#website\"},\"primaryImageOfPage\":{\"@id\":\"https:\/\/www.visit-ulcinj.com\/blog\/2008\/01\/09\/kuvendi-i-kosoves-miraton-qeverine-e-re\/#primaryimage\"},\"datePublished\":\"2008-01-09T20:13:08+00:00\",\"dateModified\":\"2008-02-12T23:23:14+00:00\",\"author\":{\"@id\":\"https:\/\/www.visit-ulcinj.com\/blog\/#\/schema\/person\/dcab619c614d3038751c63bc2aadc06d\"},\"breadcrumb\":{\"@id\":\"https:\/\/www.visit-ulcinj.com\/blog\/2008\/01\/09\/kuvendi-i-kosoves-miraton-qeverine-e-re\/#breadcrumb\"},\"inLanguage\":\"en-US\",\"potentialAction\":[{\"@type\":\"ReadAction\",\"target\":[\"https:\/\/www.visit-ulcinj.com\/blog\/2008\/01\/09\/kuvendi-i-kosoves-miraton-qeverine-e-re\/\"]}]},{\"@type\":\"BreadcrumbList\",\"@id\":\"https:\/\/www.visit-ulcinj.com\/blog\/2008\/01\/09\/kuvendi-i-kosoves-miraton-qeverine-e-re\/#breadcrumb\",\"itemListElement\":[{\"@type\":\"ListItem\",\"position\":1,\"name\":\"Kuvendi i Kosov\u00ebs miraton qeverin\u00eb e re\"}]},{\"@type\":\"Person\",\"@id\":\"https:\/\/www.visit-ulcinj.com\/blog\/#\/schema\/person\/dcab619c614d3038751c63bc2aadc06d\",\"name\":\"ulqini\",\"sameAs\":[\"http:\/\/www.visit-ulcinj.com\"],\"url\":\"https:\/\/www.visit-ulcinj.com\/blog\/author\/admin\/\"}]}<\/script>\n<!-- \/ Yoast SEO plugin. -->","yoast_head_json":{"title":"Kuvendi i Kosov\u00ebs miraton qeverin\u00eb e re - Lajme nga Ulqini","robots":{"index":"index","follow":"follow","max-snippet":"max-snippet:-1","max-image-preview":"max-image-preview:large","max-video-preview":"max-video-preview:-1"},"canonical":"https:\/\/www.visit-ulcinj.com\/blog\/2008\/01\/09\/kuvendi-i-kosoves-miraton-qeverine-e-re\/","og_locale":"en_US","og_type":"article","og_title":"Kuvendi i Kosov\u00ebs miraton qeverin\u00eb e re - Lajme nga Ulqini","og_url":"https:\/\/www.visit-ulcinj.com\/blog\/2008\/01\/09\/kuvendi-i-kosoves-miraton-qeverine-e-re\/","og_site_name":"Lajme nga Ulqini","article_published_time":"2008-01-09T20:13:08+00:00","article_modified_time":"2008-02-12T23:23:14+00:00","og_image":[{"url":"http:\/\/www.visit-ulcinj.com\/blog\/wp-content\/uploads\/2008\/01\/sejdiu_thaci.thumbnail.jpg"}],"twitter_misc":{"Written by":"ulqini","Est. reading time":"2 minutes"},"schema":{"@context":"https:\/\/schema.org","@graph":[{"@type":"WebSite","@id":"https:\/\/www.visit-ulcinj.com\/blog\/#website","url":"https:\/\/www.visit-ulcinj.com\/blog\/","name":"Lajme nga Ulqini","description":"Lajme,Vijesti,Ulqini,Ulqin,Crna Gora,Mali i Zi","potentialAction":[{"@type":"SearchAction","target":{"@type":"EntryPoint","urlTemplate":"https:\/\/www.visit-ulcinj.com\/blog\/?s={search_term_string}"},"query-input":"required name=search_term_string"}],"inLanguage":"en-US"},{"@type":"ImageObject","inLanguage":"en-US","@id":"https:\/\/www.visit-ulcinj.com\/blog\/2008\/01\/09\/kuvendi-i-kosoves-miraton-qeverine-e-re\/#primaryimage","url":"http:\/\/www.visit-ulcinj.com\/blog\/wp-content\/uploads\/2008\/01\/sejdiu_thaci.thumbnail.jpg","contentUrl":"http:\/\/www.visit-ulcinj.com\/blog\/wp-content\/uploads\/2008\/01\/sejdiu_thaci.thumbnail.jpg"},{"@type":"WebPage","@id":"https:\/\/www.visit-ulcinj.com\/blog\/2008\/01\/09\/kuvendi-i-kosoves-miraton-qeverine-e-re\/#webpage","url":"https:\/\/www.visit-ulcinj.com\/blog\/2008\/01\/09\/kuvendi-i-kosoves-miraton-qeverine-e-re\/","name":"Kuvendi i Kosov\u00ebs miraton qeverin\u00eb e re - Lajme nga Ulqini","isPartOf":{"@id":"https:\/\/www.visit-ulcinj.com\/blog\/#website"},"primaryImageOfPage":{"@id":"https:\/\/www.visit-ulcinj.com\/blog\/2008\/01\/09\/kuvendi-i-kosoves-miraton-qeverine-e-re\/#primaryimage"},"datePublished":"2008-01-09T20:13:08+00:00","dateModified":"2008-02-12T23:23:14+00:00","author":{"@id":"https:\/\/www.visit-ulcinj.com\/blog\/#\/schema\/person\/dcab619c614d3038751c63bc2aadc06d"},"breadcrumb":{"@id":"https:\/\/www.visit-ulcinj.com\/blog\/2008\/01\/09\/kuvendi-i-kosoves-miraton-qeverine-e-re\/#breadcrumb"},"inLanguage":"en-US","potentialAction":[{"@type":"ReadAction","target":["https:\/\/www.visit-ulcinj.com\/blog\/2008\/01\/09\/kuvendi-i-kosoves-miraton-qeverine-e-re\/"]}]},{"@type":"BreadcrumbList","@id":"https:\/\/www.visit-ulcinj.com\/blog\/2008\/01\/09\/kuvendi-i-kosoves-miraton-qeverine-e-re\/#breadcrumb","itemListElement":[{"@type":"ListItem","position":1,"name":"Kuvendi i Kosov\u00ebs miraton qeverin\u00eb e re"}]},{"@type":"Person","@id":"https:\/\/www.visit-ulcinj.com\/blog\/#\/schema\/person\/dcab619c614d3038751c63bc2aadc06d","name":"ulqini","sameAs":["http:\/\/www.visit-ulcinj.com"],"url":"https:\/\/www.visit-ulcinj.com\/blog\/author\/admin\/"}]}},"jetpack_featured_media_url":"","jetpack_sharing_enabled":true,"jetpack_shortlink":"https:\/\/wp.me\/pe6lTn-1P","_links":{"self":[{"href":"https:\/\/www.visit-ulcinj.com\/blog\/wp-json\/wp\/v2\/posts\/113"}],"collection":[{"href":"https:\/\/www.visit-ulcinj.com\/blog\/wp-json\/wp\/v2\/posts"}],"about":[{"href":"https:\/\/www.visit-ulcinj.com\/blog\/wp-json\/wp\/v2\/types\/post"}],"author":[{"embeddable":true,"href":"https:\/\/www.visit-ulcinj.com\/blog\/wp-json\/wp\/v2\/users\/1"}],"replies":[{"embeddable":true,"href":"https:\/\/www.visit-ulcinj.com\/blog\/wp-json\/wp\/v2\/comments?post=113"}],"version-history":[{"count":0,"href":"https:\/\/www.visit-ulcinj.com\/blog\/wp-json\/wp\/v2\/posts\/113\/revisions"}],"wp:attachment":[{"href":"https:\/\/www.visit-ulcinj.com\/blog\/wp-json\/wp\/v2\/media?parent=113"}],"wp:term":[{"taxonomy":"category","embeddable":true,"href":"https:\/\/www.visit-ulcinj.com\/blog\/wp-json\/wp\/v2\/categories?post=113"},{"taxonomy":"post_tag","embeddable":true,"href":"https:\/\/www.visit-ulcinj.com\/blog\/wp-json\/wp\/v2\/tags?post=113"}],"curies":[{"name":"wp","href":"https:\/\/api.w.org\/{rel}","templated":true}]}}