{"id":11302,"date":"2009-02-12T12:31:13","date_gmt":"2009-02-12T11:31:13","guid":{"rendered":"http:\/\/www.visit-ulcinj.com\/blog\/?p=11302"},"modified":"2009-02-12T12:31:13","modified_gmt":"2009-02-12T11:31:13","slug":"adelajda-nervozohet-nga-kamerat","status":"publish","type":"post","link":"https:\/\/www.visit-ulcinj.com\/blog\/2009\/02\/12\/adelajda-nervozohet-nga-kamerat\/","title":{"rendered":"Adelajda nervozohet nga kamerat"},"content":{"rendered":"<p><em><span class=\"newsdate\"><a href=\"http:\/\/www.visit-ulcinj.com\/blog\/wp-content\/uploads\/2009\/02\/adelajda-nervozohet-nga-kamera.jpg\"><img loading=\"lazy\" class=\"alignleft size-full wp-image-11303\" title=\"adelajda-nervozohet-nga-kamera-big-brother-albania\" src=\"http:\/\/www.visit-ulcinj.com\/blog\/wp-content\/uploads\/2009\/02\/adelajda-nervozohet-nga-kamera.jpg\" alt=\"adelajda-nervozohet-nga-kamera-big-brother-albania\" width=\"300\" height=\"205\" \/><\/a>11\/02\/09 10:00<\/span><\/em><\/p>\n<p>Adelajda duket sikur ka harruar q\u00eb ka hyr\u00eb n\u00eb sht\u00ebpin\u00eb e Big Brother apo ndryshe, n\u00eb sht\u00ebpin\u00eb m\u00eb t\u00eb v\u00ebzhguar n\u00eb Shqip\u00ebri, ku t\u00eb gjith\u00eb banor\u00ebt dhe gjithcka q\u00eb ndodh jan\u00eb n\u00ebn v\u00ebmendjen e kamerave 24 or\u00eb n\u00eb 24. Q\u00eb n\u00eb m\u00ebngjes, ajo \u00ebsht\u00eb nervozuar me kameran q\u00eb e fokusonte teksa ishte zgjuar, por q\u00ebndronte ende shtrir\u00eb n\u00eb shtrat. Kjo gj\u00eb, nuk duket t\u00eb ket\u00eb shqet\u00ebsuar vajzat e tjera, t\u00eb cilat edhe pse t\u00eb v\u00ebzhguara e t\u00eb nd\u00ebrgjegjshme p\u00ebr k\u00ebt\u00eb, q\u00ebndronin t\u00eb qeta n\u00eb shtratet e tyre.<\/p>\n<p><em><strong>Top Channel<\/strong><\/em><\/p>\n","protected":false},"excerpt":{"rendered":"<p>11\/02\/09 10:00 Adelajda duket sikur ka harruar q\u00eb ka hyr\u00eb n\u00eb sht\u00ebpin\u00eb e Big Brother apo ndryshe, n\u00eb sht\u00ebpin\u00eb m\u00eb t\u00eb v\u00ebzhguar n\u00eb Shqip\u00ebri, ku t\u00eb gjith\u00eb banor\u00ebt dhe gjithcka q\u00eb ndodh jan\u00eb n\u00ebn v\u00ebmendjen e kamerave 24 or\u00eb n\u00eb 24. Q\u00eb n\u00eb m\u00ebngjes, ajo \u00ebsht\u00eb nervozuar me kameran q\u00eb e fokusonte teksa ishte zgjuar, [&hellip;]<\/p>\n","protected":false},"author":1,"featured_media":0,"comment_status":"open","ping_status":"closed","sticky":false,"template":"","format":"standard","meta":{"spay_email":"","jetpack_publicize_message":"","jetpack_is_tweetstorm":false,"jetpack_publicize_feature_enabled":true},"categories":[6502],"tags":[6736,6562,6744,6506,6711],"jetpack_publicize_connections":[],"yoast_head":"<!-- This site is optimized with the Yoast SEO plugin v19.1 - https:\/\/yoast.com\/wordpress\/plugins\/seo\/ -->\n<title>Adelajda nervozohet nga kamerat - Big Brother Albania<\/title>\n<meta name=\"description\" content=\"Big Brother Albania - Adelajda duket sikur ka harruar q\u00c3\u00ab ka hyr\u00c3\u00ab n\u00c3\u00ab sht\u00c3\u00abpin\u00c3\u00ab e Big Brother apo ndryshe, n\u00c3\u00ab sht\u00c3\u00abpin\u00c3\u00ab m\u00c3\u00ab t\u00c3\u00ab v\u00c3\u00abzhguar n\u00c3\u00ab Shqip\u00c3\u00abri, ku t\u00c3\u00ab gjith\u00c3\u00ab banor\u00c3\u00abt dhe gjithcka q\u00c3\u00ab ndodh jan\u00c3\u00ab n\u00c3\u00abn v\u00c3\u00abmendjen e kamerave 24 or\u00c3\u00ab n\u00c3\u00ab 24.\" \/>\n<meta name=\"robots\" content=\"index, follow, max-snippet:-1, max-image-preview:large, max-video-preview:-1\" \/>\n<link rel=\"canonical\" href=\"https:\/\/www.visit-ulcinj.com\/blog\/2009\/02\/12\/adelajda-nervozohet-nga-kamerat\/\" \/>\n<meta property=\"og:locale\" content=\"en_US\" \/>\n<meta property=\"og:type\" content=\"article\" \/>\n<meta property=\"og:title\" content=\"Adelajda nervozohet nga kamerat - Big Brother Albania\" \/>\n<meta property=\"og:description\" content=\"Big Brother Albania - Adelajda duket sikur ka harruar q\u00c3\u00ab ka hyr\u00c3\u00ab n\u00c3\u00ab sht\u00c3\u00abpin\u00c3\u00ab e Big Brother apo ndryshe, n\u00c3\u00ab sht\u00c3\u00abpin\u00c3\u00ab m\u00c3\u00ab t\u00c3\u00ab v\u00c3\u00abzhguar n\u00c3\u00ab Shqip\u00c3\u00abri, ku t\u00c3\u00ab gjith\u00c3\u00ab banor\u00c3\u00abt dhe gjithcka q\u00c3\u00ab ndodh jan\u00c3\u00ab n\u00c3\u00abn v\u00c3\u00abmendjen e kamerave 24 or\u00c3\u00ab n\u00c3\u00ab 24.\" \/>\n<meta property=\"og:url\" content=\"https:\/\/www.visit-ulcinj.com\/blog\/2009\/02\/12\/adelajda-nervozohet-nga-kamerat\/\" \/>\n<meta property=\"og:site_name\" content=\"Lajme nga Ulqini\" \/>\n<meta property=\"article:published_time\" content=\"2009-02-12T11:31:13+00:00\" \/>\n<meta property=\"og:image\" content=\"http:\/\/www.visit-ulcinj.com\/blog\/wp-content\/uploads\/2009\/02\/adelajda-nervozohet-nga-kamera.jpg\" \/>\n<meta name=\"twitter:label1\" content=\"Written by\" \/>\n\t<meta name=\"twitter:data1\" content=\"ulqini\" \/>\n\t<meta name=\"twitter:label2\" content=\"Est. reading time\" \/>\n\t<meta name=\"twitter:data2\" content=\"1 minute\" \/>\n<script type=\"application\/ld+json\" class=\"yoast-schema-graph\">{\"@context\":\"https:\/\/schema.org\",\"@graph\":[{\"@type\":\"WebSite\",\"@id\":\"https:\/\/www.visit-ulcinj.com\/blog\/#website\",\"url\":\"https:\/\/www.visit-ulcinj.com\/blog\/\",\"name\":\"Lajme nga Ulqini\",\"description\":\"Lajme,Vijesti,Ulqini,Ulqin,Crna Gora,Mali i Zi\",\"potentialAction\":[{\"@type\":\"SearchAction\",\"target\":{\"@type\":\"EntryPoint\",\"urlTemplate\":\"https:\/\/www.visit-ulcinj.com\/blog\/?s={search_term_string}\"},\"query-input\":\"required name=search_term_string\"}],\"inLanguage\":\"en-US\"},{\"@type\":\"ImageObject\",\"inLanguage\":\"en-US\",\"@id\":\"https:\/\/www.visit-ulcinj.com\/blog\/2009\/02\/12\/adelajda-nervozohet-nga-kamerat\/#primaryimage\",\"url\":\"http:\/\/www.visit-ulcinj.com\/blog\/wp-content\/uploads\/2009\/02\/adelajda-nervozohet-nga-kamera.jpg\",\"contentUrl\":\"http:\/\/www.visit-ulcinj.com\/blog\/wp-content\/uploads\/2009\/02\/adelajda-nervozohet-nga-kamera.jpg\"},{\"@type\":\"WebPage\",\"@id\":\"https:\/\/www.visit-ulcinj.com\/blog\/2009\/02\/12\/adelajda-nervozohet-nga-kamerat\/#webpage\",\"url\":\"https:\/\/www.visit-ulcinj.com\/blog\/2009\/02\/12\/adelajda-nervozohet-nga-kamerat\/\",\"name\":\"Adelajda nervozohet nga kamerat - Big Brother Albania\",\"isPartOf\":{\"@id\":\"https:\/\/www.visit-ulcinj.com\/blog\/#website\"},\"primaryImageOfPage\":{\"@id\":\"https:\/\/www.visit-ulcinj.com\/blog\/2009\/02\/12\/adelajda-nervozohet-nga-kamerat\/#primaryimage\"},\"datePublished\":\"2009-02-12T11:31:13+00:00\",\"dateModified\":\"2009-02-12T11:31:13+00:00\",\"author\":{\"@id\":\"https:\/\/www.visit-ulcinj.com\/blog\/#\/schema\/person\/dcab619c614d3038751c63bc2aadc06d\"},\"description\":\"Big Brother Albania - Adelajda duket sikur ka harruar q\u00c3\u00ab ka hyr\u00c3\u00ab n\u00c3\u00ab sht\u00c3\u00abpin\u00c3\u00ab e Big Brother apo ndryshe, n\u00c3\u00ab sht\u00c3\u00abpin\u00c3\u00ab m\u00c3\u00ab t\u00c3\u00ab v\u00c3\u00abzhguar n\u00c3\u00ab Shqip\u00c3\u00abri, ku t\u00c3\u00ab gjith\u00c3\u00ab banor\u00c3\u00abt dhe gjithcka q\u00c3\u00ab ndodh jan\u00c3\u00ab n\u00c3\u00abn v\u00c3\u00abmendjen e kamerave 24 or\u00c3\u00ab n\u00c3\u00ab 24.\",\"breadcrumb\":{\"@id\":\"https:\/\/www.visit-ulcinj.com\/blog\/2009\/02\/12\/adelajda-nervozohet-nga-kamerat\/#breadcrumb\"},\"inLanguage\":\"en-US\",\"potentialAction\":[{\"@type\":\"ReadAction\",\"target\":[\"https:\/\/www.visit-ulcinj.com\/blog\/2009\/02\/12\/adelajda-nervozohet-nga-kamerat\/\"]}]},{\"@type\":\"BreadcrumbList\",\"@id\":\"https:\/\/www.visit-ulcinj.com\/blog\/2009\/02\/12\/adelajda-nervozohet-nga-kamerat\/#breadcrumb\",\"itemListElement\":[{\"@type\":\"ListItem\",\"position\":1,\"name\":\"Adelajda nervozohet nga kamerat\"}]},{\"@type\":\"Person\",\"@id\":\"https:\/\/www.visit-ulcinj.com\/blog\/#\/schema\/person\/dcab619c614d3038751c63bc2aadc06d\",\"name\":\"ulqini\",\"sameAs\":[\"http:\/\/www.visit-ulcinj.com\"],\"url\":\"https:\/\/www.visit-ulcinj.com\/blog\/author\/admin\/\"}]}<\/script>\n<!-- \/ Yoast SEO plugin. -->","yoast_head_json":{"title":"Adelajda nervozohet nga kamerat - Big Brother Albania","description":"Big Brother Albania - Adelajda duket sikur ka harruar q\u00c3\u00ab ka hyr\u00c3\u00ab n\u00c3\u00ab sht\u00c3\u00abpin\u00c3\u00ab e Big Brother apo ndryshe, n\u00c3\u00ab sht\u00c3\u00abpin\u00c3\u00ab m\u00c3\u00ab t\u00c3\u00ab v\u00c3\u00abzhguar n\u00c3\u00ab Shqip\u00c3\u00abri, ku t\u00c3\u00ab gjith\u00c3\u00ab banor\u00c3\u00abt dhe gjithcka q\u00c3\u00ab ndodh jan\u00c3\u00ab n\u00c3\u00abn v\u00c3\u00abmendjen e kamerave 24 or\u00c3\u00ab n\u00c3\u00ab 24.","robots":{"index":"index","follow":"follow","max-snippet":"max-snippet:-1","max-image-preview":"max-image-preview:large","max-video-preview":"max-video-preview:-1"},"canonical":"https:\/\/www.visit-ulcinj.com\/blog\/2009\/02\/12\/adelajda-nervozohet-nga-kamerat\/","og_locale":"en_US","og_type":"article","og_title":"Adelajda nervozohet nga kamerat - Big Brother Albania","og_description":"Big Brother Albania - Adelajda duket sikur ka harruar q\u00c3\u00ab ka hyr\u00c3\u00ab n\u00c3\u00ab sht\u00c3\u00abpin\u00c3\u00ab e Big Brother apo ndryshe, n\u00c3\u00ab sht\u00c3\u00abpin\u00c3\u00ab m\u00c3\u00ab t\u00c3\u00ab v\u00c3\u00abzhguar n\u00c3\u00ab Shqip\u00c3\u00abri, ku t\u00c3\u00ab gjith\u00c3\u00ab banor\u00c3\u00abt dhe gjithcka q\u00c3\u00ab ndodh jan\u00c3\u00ab n\u00c3\u00abn v\u00c3\u00abmendjen e kamerave 24 or\u00c3\u00ab n\u00c3\u00ab 24.","og_url":"https:\/\/www.visit-ulcinj.com\/blog\/2009\/02\/12\/adelajda-nervozohet-nga-kamerat\/","og_site_name":"Lajme nga Ulqini","article_published_time":"2009-02-12T11:31:13+00:00","og_image":[{"url":"http:\/\/www.visit-ulcinj.com\/blog\/wp-content\/uploads\/2009\/02\/adelajda-nervozohet-nga-kamera.jpg"}],"twitter_misc":{"Written by":"ulqini","Est. reading time":"1 minute"},"schema":{"@context":"https:\/\/schema.org","@graph":[{"@type":"WebSite","@id":"https:\/\/www.visit-ulcinj.com\/blog\/#website","url":"https:\/\/www.visit-ulcinj.com\/blog\/","name":"Lajme nga Ulqini","description":"Lajme,Vijesti,Ulqini,Ulqin,Crna Gora,Mali i Zi","potentialAction":[{"@type":"SearchAction","target":{"@type":"EntryPoint","urlTemplate":"https:\/\/www.visit-ulcinj.com\/blog\/?s={search_term_string}"},"query-input":"required name=search_term_string"}],"inLanguage":"en-US"},{"@type":"ImageObject","inLanguage":"en-US","@id":"https:\/\/www.visit-ulcinj.com\/blog\/2009\/02\/12\/adelajda-nervozohet-nga-kamerat\/#primaryimage","url":"http:\/\/www.visit-ulcinj.com\/blog\/wp-content\/uploads\/2009\/02\/adelajda-nervozohet-nga-kamera.jpg","contentUrl":"http:\/\/www.visit-ulcinj.com\/blog\/wp-content\/uploads\/2009\/02\/adelajda-nervozohet-nga-kamera.jpg"},{"@type":"WebPage","@id":"https:\/\/www.visit-ulcinj.com\/blog\/2009\/02\/12\/adelajda-nervozohet-nga-kamerat\/#webpage","url":"https:\/\/www.visit-ulcinj.com\/blog\/2009\/02\/12\/adelajda-nervozohet-nga-kamerat\/","name":"Adelajda nervozohet nga kamerat - Big Brother Albania","isPartOf":{"@id":"https:\/\/www.visit-ulcinj.com\/blog\/#website"},"primaryImageOfPage":{"@id":"https:\/\/www.visit-ulcinj.com\/blog\/2009\/02\/12\/adelajda-nervozohet-nga-kamerat\/#primaryimage"},"datePublished":"2009-02-12T11:31:13+00:00","dateModified":"2009-02-12T11:31:13+00:00","author":{"@id":"https:\/\/www.visit-ulcinj.com\/blog\/#\/schema\/person\/dcab619c614d3038751c63bc2aadc06d"},"description":"Big Brother Albania - Adelajda duket sikur ka harruar q\u00c3\u00ab ka hyr\u00c3\u00ab n\u00c3\u00ab sht\u00c3\u00abpin\u00c3\u00ab e Big Brother apo ndryshe, n\u00c3\u00ab sht\u00c3\u00abpin\u00c3\u00ab m\u00c3\u00ab t\u00c3\u00ab v\u00c3\u00abzhguar n\u00c3\u00ab Shqip\u00c3\u00abri, ku t\u00c3\u00ab gjith\u00c3\u00ab banor\u00c3\u00abt dhe gjithcka q\u00c3\u00ab ndodh jan\u00c3\u00ab n\u00c3\u00abn v\u00c3\u00abmendjen e kamerave 24 or\u00c3\u00ab n\u00c3\u00ab 24.","breadcrumb":{"@id":"https:\/\/www.visit-ulcinj.com\/blog\/2009\/02\/12\/adelajda-nervozohet-nga-kamerat\/#breadcrumb"},"inLanguage":"en-US","potentialAction":[{"@type":"ReadAction","target":["https:\/\/www.visit-ulcinj.com\/blog\/2009\/02\/12\/adelajda-nervozohet-nga-kamerat\/"]}]},{"@type":"BreadcrumbList","@id":"https:\/\/www.visit-ulcinj.com\/blog\/2009\/02\/12\/adelajda-nervozohet-nga-kamerat\/#breadcrumb","itemListElement":[{"@type":"ListItem","position":1,"name":"Adelajda nervozohet nga kamerat"}]},{"@type":"Person","@id":"https:\/\/www.visit-ulcinj.com\/blog\/#\/schema\/person\/dcab619c614d3038751c63bc2aadc06d","name":"ulqini","sameAs":["http:\/\/www.visit-ulcinj.com"],"url":"https:\/\/www.visit-ulcinj.com\/blog\/author\/admin\/"}]}},"jetpack_featured_media_url":"","jetpack_sharing_enabled":true,"jetpack_shortlink":"https:\/\/wp.me\/pe6lTn-2Wi","_links":{"self":[{"href":"https:\/\/www.visit-ulcinj.com\/blog\/wp-json\/wp\/v2\/posts\/11302"}],"collection":[{"href":"https:\/\/www.visit-ulcinj.com\/blog\/wp-json\/wp\/v2\/posts"}],"about":[{"href":"https:\/\/www.visit-ulcinj.com\/blog\/wp-json\/wp\/v2\/types\/post"}],"author":[{"embeddable":true,"href":"https:\/\/www.visit-ulcinj.com\/blog\/wp-json\/wp\/v2\/users\/1"}],"replies":[{"embeddable":true,"href":"https:\/\/www.visit-ulcinj.com\/blog\/wp-json\/wp\/v2\/comments?post=11302"}],"version-history":[{"count":0,"href":"https:\/\/www.visit-ulcinj.com\/blog\/wp-json\/wp\/v2\/posts\/11302\/revisions"}],"wp:attachment":[{"href":"https:\/\/www.visit-ulcinj.com\/blog\/wp-json\/wp\/v2\/media?parent=11302"}],"wp:term":[{"taxonomy":"category","embeddable":true,"href":"https:\/\/www.visit-ulcinj.com\/blog\/wp-json\/wp\/v2\/categories?post=11302"},{"taxonomy":"post_tag","embeddable":true,"href":"https:\/\/www.visit-ulcinj.com\/blog\/wp-json\/wp\/v2\/tags?post=11302"}],"curies":[{"name":"wp","href":"https:\/\/api.w.org\/{rel}","templated":true}]}}