{"id":11305,"date":"2009-02-12T12:34:07","date_gmt":"2009-02-12T11:34:07","guid":{"rendered":"http:\/\/www.visit-ulcinj.com\/blog\/?p=11305"},"modified":"2009-02-12T12:34:07","modified_gmt":"2009-02-12T11:34:07","slug":"mimoza-kercen-para-djemve","status":"publish","type":"post","link":"https:\/\/www.visit-ulcinj.com\/blog\/2009\/02\/12\/mimoza-kercen-para-djemve\/","title":{"rendered":"Mimoza k\u00ebrcen para djemve"},"content":{"rendered":"<p><strong><span class=\"newstitlec\"><a href=\"http:\/\/www.visit-ulcinj.com\/blog\/wp-content\/uploads\/2009\/02\/mimoza-kercen.jpg\"><img loading=\"lazy\" class=\"alignleft size-full wp-image-11306\" title=\"mimoza-kercen\" src=\"http:\/\/www.visit-ulcinj.com\/blog\/wp-content\/uploads\/2009\/02\/mimoza-kercen.jpg\" alt=\"mimoza-kercen\" width=\"273\" height=\"205\" \/><\/a>Mimoza k\u00ebrcen para djemve<\/span><\/strong><br \/>\n<em><span class=\"newsdate\">11\/02\/09 11:10<\/span><\/em><\/p>\n<p>Agonit q\u00eb ka dal\u00eb nga dushi dhe Arjonit u ka t\u00ebrhequr v\u00ebmendjen Mimoza, n\u00eb dhon\u00ebn e vajzave, q\u00eb po k\u00ebrcente. E veshur me nj\u00eb fustan t\u00eb hapur, taka t\u00eb larta e duke l\u00ebvizur n\u00eb nj\u00eb m\u00ebnyr\u00eb tep\u00ebr provokuese, ajo i ka b\u00ebr\u00eb djemt\u00eb t\u00eb ngelin te dera duke e par\u00eb. M\u00eb pas ka hyr\u00eb Adi, i cili pa pritur \u201crradh\u00ebn\u201d, nuk ka hezituar t\u00eb filloj\u00eb t\u00eb k\u00ebrcej\u00eb me t\u00eb.<\/p>\n","protected":false},"excerpt":{"rendered":"<p>Mimoza k\u00ebrcen para djemve 11\/02\/09 11:10 Agonit q\u00eb ka dal\u00eb nga dushi dhe Arjonit u ka t\u00ebrhequr v\u00ebmendjen Mimoza, n\u00eb dhon\u00ebn e vajzave, q\u00eb po k\u00ebrcente. E veshur me nj\u00eb fustan t\u00eb hapur, taka t\u00eb larta e duke l\u00ebvizur n\u00eb nj\u00eb m\u00ebnyr\u00eb tep\u00ebr provokuese, ajo i ka b\u00ebr\u00eb djemt\u00eb t\u00eb ngelin te dera duke e [&hellip;]<\/p>\n","protected":false},"author":1,"featured_media":0,"comment_status":"open","ping_status":"closed","sticky":false,"template":"","format":"standard","meta":{"spay_email":"","jetpack_publicize_message":"","jetpack_is_tweetstorm":false,"jetpack_publicize_feature_enabled":true},"categories":[6502],"tags":[1414,6551,6638,6558,6738,5057,6506,6568,6745,6544],"jetpack_publicize_connections":[],"yoast_head":"<!-- This site is optimized with the Yoast SEO plugin v19.1 - https:\/\/yoast.com\/wordpress\/plugins\/seo\/ -->\n<title>Mimoza k\u00c3\u00abrcen para djemve - Big Brother Albania<\/title>\n<meta name=\"description\" content=\"Big Brother Albania - Agonit q\u00c3\u00ab ka dal\u00c3\u00ab nga dushi dhe Arjonit u ka t\u00c3\u00abrhequr v\u00c3\u00abmendjen Mimoza\" \/>\n<meta name=\"robots\" content=\"index, follow, max-snippet:-1, max-image-preview:large, max-video-preview:-1\" \/>\n<link rel=\"canonical\" href=\"https:\/\/www.visit-ulcinj.com\/blog\/2009\/02\/12\/mimoza-kercen-para-djemve\/\" \/>\n<meta property=\"og:locale\" content=\"en_US\" \/>\n<meta property=\"og:type\" content=\"article\" \/>\n<meta property=\"og:title\" content=\"Mimoza k\u00c3\u00abrcen para djemve - Big Brother Albania\" \/>\n<meta property=\"og:description\" content=\"Big Brother Albania - Agonit q\u00c3\u00ab ka dal\u00c3\u00ab nga dushi dhe Arjonit u ka t\u00c3\u00abrhequr v\u00c3\u00abmendjen Mimoza\" \/>\n<meta property=\"og:url\" content=\"https:\/\/www.visit-ulcinj.com\/blog\/2009\/02\/12\/mimoza-kercen-para-djemve\/\" \/>\n<meta property=\"og:site_name\" content=\"Lajme nga Ulqini\" \/>\n<meta property=\"article:published_time\" content=\"2009-02-12T11:34:07+00:00\" \/>\n<meta property=\"og:image\" content=\"http:\/\/www.visit-ulcinj.com\/blog\/wp-content\/uploads\/2009\/02\/mimoza-kercen.jpg\" \/>\n<meta name=\"twitter:label1\" content=\"Written by\" \/>\n\t<meta name=\"twitter:data1\" content=\"ulqini\" \/>\n<script type=\"application\/ld+json\" class=\"yoast-schema-graph\">{\"@context\":\"https:\/\/schema.org\",\"@graph\":[{\"@type\":\"WebSite\",\"@id\":\"https:\/\/www.visit-ulcinj.com\/blog\/#website\",\"url\":\"https:\/\/www.visit-ulcinj.com\/blog\/\",\"name\":\"Lajme nga Ulqini\",\"description\":\"Lajme,Vijesti,Ulqini,Ulqin,Crna Gora,Mali i Zi\",\"potentialAction\":[{\"@type\":\"SearchAction\",\"target\":{\"@type\":\"EntryPoint\",\"urlTemplate\":\"https:\/\/www.visit-ulcinj.com\/blog\/?s={search_term_string}\"},\"query-input\":\"required name=search_term_string\"}],\"inLanguage\":\"en-US\"},{\"@type\":\"ImageObject\",\"inLanguage\":\"en-US\",\"@id\":\"https:\/\/www.visit-ulcinj.com\/blog\/2009\/02\/12\/mimoza-kercen-para-djemve\/#primaryimage\",\"url\":\"http:\/\/www.visit-ulcinj.com\/blog\/wp-content\/uploads\/2009\/02\/mimoza-kercen.jpg\",\"contentUrl\":\"http:\/\/www.visit-ulcinj.com\/blog\/wp-content\/uploads\/2009\/02\/mimoza-kercen.jpg\"},{\"@type\":\"WebPage\",\"@id\":\"https:\/\/www.visit-ulcinj.com\/blog\/2009\/02\/12\/mimoza-kercen-para-djemve\/#webpage\",\"url\":\"https:\/\/www.visit-ulcinj.com\/blog\/2009\/02\/12\/mimoza-kercen-para-djemve\/\",\"name\":\"Mimoza k\u00c3\u00abrcen para djemve - Big Brother Albania\",\"isPartOf\":{\"@id\":\"https:\/\/www.visit-ulcinj.com\/blog\/#website\"},\"primaryImageOfPage\":{\"@id\":\"https:\/\/www.visit-ulcinj.com\/blog\/2009\/02\/12\/mimoza-kercen-para-djemve\/#primaryimage\"},\"datePublished\":\"2009-02-12T11:34:07+00:00\",\"dateModified\":\"2009-02-12T11:34:07+00:00\",\"author\":{\"@id\":\"https:\/\/www.visit-ulcinj.com\/blog\/#\/schema\/person\/dcab619c614d3038751c63bc2aadc06d\"},\"description\":\"Big Brother Albania - Agonit q\u00c3\u00ab ka dal\u00c3\u00ab nga dushi dhe Arjonit u ka t\u00c3\u00abrhequr v\u00c3\u00abmendjen Mimoza\",\"breadcrumb\":{\"@id\":\"https:\/\/www.visit-ulcinj.com\/blog\/2009\/02\/12\/mimoza-kercen-para-djemve\/#breadcrumb\"},\"inLanguage\":\"en-US\",\"potentialAction\":[{\"@type\":\"ReadAction\",\"target\":[\"https:\/\/www.visit-ulcinj.com\/blog\/2009\/02\/12\/mimoza-kercen-para-djemve\/\"]}]},{\"@type\":\"BreadcrumbList\",\"@id\":\"https:\/\/www.visit-ulcinj.com\/blog\/2009\/02\/12\/mimoza-kercen-para-djemve\/#breadcrumb\",\"itemListElement\":[{\"@type\":\"ListItem\",\"position\":1,\"name\":\"Mimoza k\u00ebrcen para djemve\"}]},{\"@type\":\"Person\",\"@id\":\"https:\/\/www.visit-ulcinj.com\/blog\/#\/schema\/person\/dcab619c614d3038751c63bc2aadc06d\",\"name\":\"ulqini\",\"sameAs\":[\"http:\/\/www.visit-ulcinj.com\"],\"url\":\"https:\/\/www.visit-ulcinj.com\/blog\/author\/admin\/\"}]}<\/script>\n<!-- \/ Yoast SEO plugin. -->","yoast_head_json":{"title":"Mimoza k\u00c3\u00abrcen para djemve - Big Brother Albania","description":"Big Brother Albania - Agonit q\u00c3\u00ab ka dal\u00c3\u00ab nga dushi dhe Arjonit u ka t\u00c3\u00abrhequr v\u00c3\u00abmendjen Mimoza","robots":{"index":"index","follow":"follow","max-snippet":"max-snippet:-1","max-image-preview":"max-image-preview:large","max-video-preview":"max-video-preview:-1"},"canonical":"https:\/\/www.visit-ulcinj.com\/blog\/2009\/02\/12\/mimoza-kercen-para-djemve\/","og_locale":"en_US","og_type":"article","og_title":"Mimoza k\u00c3\u00abrcen para djemve - Big Brother Albania","og_description":"Big Brother Albania - Agonit q\u00c3\u00ab ka dal\u00c3\u00ab nga dushi dhe Arjonit u ka t\u00c3\u00abrhequr v\u00c3\u00abmendjen Mimoza","og_url":"https:\/\/www.visit-ulcinj.com\/blog\/2009\/02\/12\/mimoza-kercen-para-djemve\/","og_site_name":"Lajme nga Ulqini","article_published_time":"2009-02-12T11:34:07+00:00","og_image":[{"url":"http:\/\/www.visit-ulcinj.com\/blog\/wp-content\/uploads\/2009\/02\/mimoza-kercen.jpg"}],"twitter_misc":{"Written by":"ulqini"},"schema":{"@context":"https:\/\/schema.org","@graph":[{"@type":"WebSite","@id":"https:\/\/www.visit-ulcinj.com\/blog\/#website","url":"https:\/\/www.visit-ulcinj.com\/blog\/","name":"Lajme nga Ulqini","description":"Lajme,Vijesti,Ulqini,Ulqin,Crna Gora,Mali i Zi","potentialAction":[{"@type":"SearchAction","target":{"@type":"EntryPoint","urlTemplate":"https:\/\/www.visit-ulcinj.com\/blog\/?s={search_term_string}"},"query-input":"required name=search_term_string"}],"inLanguage":"en-US"},{"@type":"ImageObject","inLanguage":"en-US","@id":"https:\/\/www.visit-ulcinj.com\/blog\/2009\/02\/12\/mimoza-kercen-para-djemve\/#primaryimage","url":"http:\/\/www.visit-ulcinj.com\/blog\/wp-content\/uploads\/2009\/02\/mimoza-kercen.jpg","contentUrl":"http:\/\/www.visit-ulcinj.com\/blog\/wp-content\/uploads\/2009\/02\/mimoza-kercen.jpg"},{"@type":"WebPage","@id":"https:\/\/www.visit-ulcinj.com\/blog\/2009\/02\/12\/mimoza-kercen-para-djemve\/#webpage","url":"https:\/\/www.visit-ulcinj.com\/blog\/2009\/02\/12\/mimoza-kercen-para-djemve\/","name":"Mimoza k\u00c3\u00abrcen para djemve - Big Brother Albania","isPartOf":{"@id":"https:\/\/www.visit-ulcinj.com\/blog\/#website"},"primaryImageOfPage":{"@id":"https:\/\/www.visit-ulcinj.com\/blog\/2009\/02\/12\/mimoza-kercen-para-djemve\/#primaryimage"},"datePublished":"2009-02-12T11:34:07+00:00","dateModified":"2009-02-12T11:34:07+00:00","author":{"@id":"https:\/\/www.visit-ulcinj.com\/blog\/#\/schema\/person\/dcab619c614d3038751c63bc2aadc06d"},"description":"Big Brother Albania - Agonit q\u00c3\u00ab ka dal\u00c3\u00ab nga dushi dhe Arjonit u ka t\u00c3\u00abrhequr v\u00c3\u00abmendjen Mimoza","breadcrumb":{"@id":"https:\/\/www.visit-ulcinj.com\/blog\/2009\/02\/12\/mimoza-kercen-para-djemve\/#breadcrumb"},"inLanguage":"en-US","potentialAction":[{"@type":"ReadAction","target":["https:\/\/www.visit-ulcinj.com\/blog\/2009\/02\/12\/mimoza-kercen-para-djemve\/"]}]},{"@type":"BreadcrumbList","@id":"https:\/\/www.visit-ulcinj.com\/blog\/2009\/02\/12\/mimoza-kercen-para-djemve\/#breadcrumb","itemListElement":[{"@type":"ListItem","position":1,"name":"Mimoza k\u00ebrcen para djemve"}]},{"@type":"Person","@id":"https:\/\/www.visit-ulcinj.com\/blog\/#\/schema\/person\/dcab619c614d3038751c63bc2aadc06d","name":"ulqini","sameAs":["http:\/\/www.visit-ulcinj.com"],"url":"https:\/\/www.visit-ulcinj.com\/blog\/author\/admin\/"}]}},"jetpack_featured_media_url":"","jetpack_sharing_enabled":true,"jetpack_shortlink":"https:\/\/wp.me\/pe6lTn-2Wl","_links":{"self":[{"href":"https:\/\/www.visit-ulcinj.com\/blog\/wp-json\/wp\/v2\/posts\/11305"}],"collection":[{"href":"https:\/\/www.visit-ulcinj.com\/blog\/wp-json\/wp\/v2\/posts"}],"about":[{"href":"https:\/\/www.visit-ulcinj.com\/blog\/wp-json\/wp\/v2\/types\/post"}],"author":[{"embeddable":true,"href":"https:\/\/www.visit-ulcinj.com\/blog\/wp-json\/wp\/v2\/users\/1"}],"replies":[{"embeddable":true,"href":"https:\/\/www.visit-ulcinj.com\/blog\/wp-json\/wp\/v2\/comments?post=11305"}],"version-history":[{"count":0,"href":"https:\/\/www.visit-ulcinj.com\/blog\/wp-json\/wp\/v2\/posts\/11305\/revisions"}],"wp:attachment":[{"href":"https:\/\/www.visit-ulcinj.com\/blog\/wp-json\/wp\/v2\/media?parent=11305"}],"wp:term":[{"taxonomy":"category","embeddable":true,"href":"https:\/\/www.visit-ulcinj.com\/blog\/wp-json\/wp\/v2\/categories?post=11305"},{"taxonomy":"post_tag","embeddable":true,"href":"https:\/\/www.visit-ulcinj.com\/blog\/wp-json\/wp\/v2\/tags?post=11305"}],"curies":[{"name":"wp","href":"https:\/\/api.w.org\/{rel}","templated":true}]}}