{"id":11308,"date":"2009-02-12T12:36:53","date_gmt":"2009-02-12T11:36:53","guid":{"rendered":"http:\/\/www.visit-ulcinj.com\/blog\/?p=11308"},"modified":"2009-02-12T12:36:53","modified_gmt":"2009-02-12T11:36:53","slug":"erjola-komenton-banoret-thashetheme","status":"publish","type":"post","link":"https:\/\/www.visit-ulcinj.com\/blog\/2009\/02\/12\/erjola-komenton-banoret-thashetheme\/","title":{"rendered":"Erjola komenton banor\u00ebt &#8211; thashetheme"},"content":{"rendered":"<p><strong><span class=\"newstitlec\"><a href=\"http:\/\/www.visit-ulcinj.com\/blog\/wp-content\/uploads\/2009\/02\/lirita-dhe-erjola.jpg\"><img loading=\"lazy\" class=\"alignleft size-full wp-image-11309\" title=\"lirita-dhe-erjola-big-brother-albania\" src=\"http:\/\/www.visit-ulcinj.com\/blog\/wp-content\/uploads\/2009\/02\/lirita-dhe-erjola.jpg\" alt=\"lirita-dhe-erjola-big-brother-albania\" width=\"300\" height=\"205\" \/><\/a><\/span><\/strong><em><span class=\"newsdate\">11\/02\/09 04:50<\/span><\/em><\/p>\n<p>Erjola ka vazhduar \u201cthashethemet\u201d p\u00ebr banor\u00ebt. Komenteve t\u00eb saj nuk ika ngelur jasht\u00eb as Zhuljeta, as Arjoni, e as subjekti i saj i preferuar \u201czysha\u201d, t\u00eb cil\u00ebs i referohet her\u00eb pas here n\u00eb diskutimet e saj. E gjith\u00eb kjo ka ndodhur or\u00ebt e para t\u00eb m\u00ebngjesit gjat\u00eb nj\u00eb bisede me Lirit\u00ebn, t\u00eb cil\u00ebn, s\u00eb bashku me Aid\u00ebn, ajo i cil\u00ebson si \u201caleate\u201d t\u00eb saj apo t\u00eb vetmet q\u00eb i hahet muhabeti. Sipas Erjol\u00ebs, Zhuljeta e ka provokuar, n\u00eb nj\u00eb debat me kuptim t\u00eb dyfisht\u00eb, duke i th\u00ebn\u00eb q\u00eb je fallco. Pjesa m\u00eb e madhe e banor\u00ebve, sipas saj, jan\u00eb duke b\u00ebr\u00eb loj\u00eb e nuk ka si t\u00eb jen\u00eb t\u00eb v\u00ebrtet\u00eb, n\u00eb ndryshim nga ajo. Ankesat e saj kan\u00eb vazhduar me Arjonin, i cili, sipas saj, jo vet\u00ebm q\u00eb nuk po vepron mir\u00eb duke deklaruar indifer\u00ebnc\u00ebn apo injorimin ndaj t\u00eb tjer\u00ebve, por edhe duke mos b\u00ebr\u00eb pun\u00ebt q\u00eb duhet t\u00eb b\u00ebj\u00eb. . \u201cNd\u00ebrsa zysha, vet\u00ebm me \u00e7unat e zgjat muhabetin, me gocat nuk guzon, e mbyll goj\u00ebn!\u201d<\/p>\n","protected":false},"excerpt":{"rendered":"<p>11\/02\/09 04:50 Erjola ka vazhduar \u201cthashethemet\u201d p\u00ebr banor\u00ebt. Komenteve t\u00eb saj nuk ika ngelur jasht\u00eb as Zhuljeta, as Arjoni, e as subjekti i saj i preferuar \u201czysha\u201d, t\u00eb cil\u00ebs i referohet her\u00eb pas here n\u00eb diskutimet e saj. E gjith\u00eb kjo ka ndodhur or\u00ebt e para t\u00eb m\u00ebngjesit gjat\u00eb nj\u00eb bisede me Lirit\u00ebn, t\u00eb cil\u00ebn, [&hellip;]<\/p>\n","protected":false},"author":1,"featured_media":0,"comment_status":"open","ping_status":"closed","sticky":false,"template":"","format":"standard","meta":{"spay_email":"","jetpack_publicize_message":"","jetpack_is_tweetstorm":false,"jetpack_publicize_feature_enabled":true},"categories":[6502],"tags":[6551,6738,5057,6506,6563,6567,6711,3976,6693,6564],"jetpack_publicize_connections":[],"yoast_head":"<!-- This site is optimized with the Yoast SEO plugin v19.1 - https:\/\/yoast.com\/wordpress\/plugins\/seo\/ -->\n<title>Erjola komenton banor\u00c3\u00abt - Thashetheme - Big Brother Albania<\/title>\n<meta name=\"description\" content=\"Big Brother Albania -\" \/>\n<meta name=\"robots\" content=\"index, follow, max-snippet:-1, max-image-preview:large, max-video-preview:-1\" \/>\n<link rel=\"canonical\" href=\"https:\/\/www.visit-ulcinj.com\/blog\/2009\/02\/12\/erjola-komenton-banoret-thashetheme\/\" \/>\n<meta property=\"og:locale\" content=\"en_US\" \/>\n<meta property=\"og:type\" content=\"article\" \/>\n<meta property=\"og:title\" content=\"Erjola komenton banor\u00c3\u00abt - Thashetheme - Big Brother Albania\" \/>\n<meta property=\"og:description\" content=\"Big Brother Albania -\" \/>\n<meta property=\"og:url\" content=\"https:\/\/www.visit-ulcinj.com\/blog\/2009\/02\/12\/erjola-komenton-banoret-thashetheme\/\" \/>\n<meta property=\"og:site_name\" content=\"Lajme nga Ulqini\" \/>\n<meta property=\"article:published_time\" content=\"2009-02-12T11:36:53+00:00\" \/>\n<meta property=\"og:image\" content=\"http:\/\/www.visit-ulcinj.com\/blog\/wp-content\/uploads\/2009\/02\/lirita-dhe-erjola.jpg\" \/>\n<meta name=\"twitter:label1\" content=\"Written by\" \/>\n\t<meta name=\"twitter:data1\" content=\"ulqini\" \/>\n\t<meta name=\"twitter:label2\" content=\"Est. reading time\" \/>\n\t<meta name=\"twitter:data2\" content=\"1 minute\" \/>\n<script type=\"application\/ld+json\" class=\"yoast-schema-graph\">{\"@context\":\"https:\/\/schema.org\",\"@graph\":[{\"@type\":\"WebSite\",\"@id\":\"https:\/\/www.visit-ulcinj.com\/blog\/#website\",\"url\":\"https:\/\/www.visit-ulcinj.com\/blog\/\",\"name\":\"Lajme nga Ulqini\",\"description\":\"Lajme,Vijesti,Ulqini,Ulqin,Crna Gora,Mali i Zi\",\"potentialAction\":[{\"@type\":\"SearchAction\",\"target\":{\"@type\":\"EntryPoint\",\"urlTemplate\":\"https:\/\/www.visit-ulcinj.com\/blog\/?s={search_term_string}\"},\"query-input\":\"required name=search_term_string\"}],\"inLanguage\":\"en-US\"},{\"@type\":\"ImageObject\",\"inLanguage\":\"en-US\",\"@id\":\"https:\/\/www.visit-ulcinj.com\/blog\/2009\/02\/12\/erjola-komenton-banoret-thashetheme\/#primaryimage\",\"url\":\"http:\/\/www.visit-ulcinj.com\/blog\/wp-content\/uploads\/2009\/02\/lirita-dhe-erjola.jpg\",\"contentUrl\":\"http:\/\/www.visit-ulcinj.com\/blog\/wp-content\/uploads\/2009\/02\/lirita-dhe-erjola.jpg\"},{\"@type\":\"WebPage\",\"@id\":\"https:\/\/www.visit-ulcinj.com\/blog\/2009\/02\/12\/erjola-komenton-banoret-thashetheme\/#webpage\",\"url\":\"https:\/\/www.visit-ulcinj.com\/blog\/2009\/02\/12\/erjola-komenton-banoret-thashetheme\/\",\"name\":\"Erjola komenton banor\u00c3\u00abt - Thashetheme - Big Brother Albania\",\"isPartOf\":{\"@id\":\"https:\/\/www.visit-ulcinj.com\/blog\/#website\"},\"primaryImageOfPage\":{\"@id\":\"https:\/\/www.visit-ulcinj.com\/blog\/2009\/02\/12\/erjola-komenton-banoret-thashetheme\/#primaryimage\"},\"datePublished\":\"2009-02-12T11:36:53+00:00\",\"dateModified\":\"2009-02-12T11:36:53+00:00\",\"author\":{\"@id\":\"https:\/\/www.visit-ulcinj.com\/blog\/#\/schema\/person\/dcab619c614d3038751c63bc2aadc06d\"},\"description\":\"Big Brother Albania -\",\"breadcrumb\":{\"@id\":\"https:\/\/www.visit-ulcinj.com\/blog\/2009\/02\/12\/erjola-komenton-banoret-thashetheme\/#breadcrumb\"},\"inLanguage\":\"en-US\",\"potentialAction\":[{\"@type\":\"ReadAction\",\"target\":[\"https:\/\/www.visit-ulcinj.com\/blog\/2009\/02\/12\/erjola-komenton-banoret-thashetheme\/\"]}]},{\"@type\":\"BreadcrumbList\",\"@id\":\"https:\/\/www.visit-ulcinj.com\/blog\/2009\/02\/12\/erjola-komenton-banoret-thashetheme\/#breadcrumb\",\"itemListElement\":[{\"@type\":\"ListItem\",\"position\":1,\"name\":\"Erjola komenton banor\u00ebt &#8211; thashetheme\"}]},{\"@type\":\"Person\",\"@id\":\"https:\/\/www.visit-ulcinj.com\/blog\/#\/schema\/person\/dcab619c614d3038751c63bc2aadc06d\",\"name\":\"ulqini\",\"sameAs\":[\"http:\/\/www.visit-ulcinj.com\"],\"url\":\"https:\/\/www.visit-ulcinj.com\/blog\/author\/admin\/\"}]}<\/script>\n<!-- \/ Yoast SEO plugin. -->","yoast_head_json":{"title":"Erjola komenton banor\u00c3\u00abt - Thashetheme - Big Brother Albania","description":"Big Brother Albania -","robots":{"index":"index","follow":"follow","max-snippet":"max-snippet:-1","max-image-preview":"max-image-preview:large","max-video-preview":"max-video-preview:-1"},"canonical":"https:\/\/www.visit-ulcinj.com\/blog\/2009\/02\/12\/erjola-komenton-banoret-thashetheme\/","og_locale":"en_US","og_type":"article","og_title":"Erjola komenton banor\u00c3\u00abt - Thashetheme - Big Brother Albania","og_description":"Big Brother Albania -","og_url":"https:\/\/www.visit-ulcinj.com\/blog\/2009\/02\/12\/erjola-komenton-banoret-thashetheme\/","og_site_name":"Lajme nga Ulqini","article_published_time":"2009-02-12T11:36:53+00:00","og_image":[{"url":"http:\/\/www.visit-ulcinj.com\/blog\/wp-content\/uploads\/2009\/02\/lirita-dhe-erjola.jpg"}],"twitter_misc":{"Written by":"ulqini","Est. reading time":"1 minute"},"schema":{"@context":"https:\/\/schema.org","@graph":[{"@type":"WebSite","@id":"https:\/\/www.visit-ulcinj.com\/blog\/#website","url":"https:\/\/www.visit-ulcinj.com\/blog\/","name":"Lajme nga Ulqini","description":"Lajme,Vijesti,Ulqini,Ulqin,Crna Gora,Mali i Zi","potentialAction":[{"@type":"SearchAction","target":{"@type":"EntryPoint","urlTemplate":"https:\/\/www.visit-ulcinj.com\/blog\/?s={search_term_string}"},"query-input":"required name=search_term_string"}],"inLanguage":"en-US"},{"@type":"ImageObject","inLanguage":"en-US","@id":"https:\/\/www.visit-ulcinj.com\/blog\/2009\/02\/12\/erjola-komenton-banoret-thashetheme\/#primaryimage","url":"http:\/\/www.visit-ulcinj.com\/blog\/wp-content\/uploads\/2009\/02\/lirita-dhe-erjola.jpg","contentUrl":"http:\/\/www.visit-ulcinj.com\/blog\/wp-content\/uploads\/2009\/02\/lirita-dhe-erjola.jpg"},{"@type":"WebPage","@id":"https:\/\/www.visit-ulcinj.com\/blog\/2009\/02\/12\/erjola-komenton-banoret-thashetheme\/#webpage","url":"https:\/\/www.visit-ulcinj.com\/blog\/2009\/02\/12\/erjola-komenton-banoret-thashetheme\/","name":"Erjola komenton banor\u00c3\u00abt - Thashetheme - Big Brother Albania","isPartOf":{"@id":"https:\/\/www.visit-ulcinj.com\/blog\/#website"},"primaryImageOfPage":{"@id":"https:\/\/www.visit-ulcinj.com\/blog\/2009\/02\/12\/erjola-komenton-banoret-thashetheme\/#primaryimage"},"datePublished":"2009-02-12T11:36:53+00:00","dateModified":"2009-02-12T11:36:53+00:00","author":{"@id":"https:\/\/www.visit-ulcinj.com\/blog\/#\/schema\/person\/dcab619c614d3038751c63bc2aadc06d"},"description":"Big Brother Albania -","breadcrumb":{"@id":"https:\/\/www.visit-ulcinj.com\/blog\/2009\/02\/12\/erjola-komenton-banoret-thashetheme\/#breadcrumb"},"inLanguage":"en-US","potentialAction":[{"@type":"ReadAction","target":["https:\/\/www.visit-ulcinj.com\/blog\/2009\/02\/12\/erjola-komenton-banoret-thashetheme\/"]}]},{"@type":"BreadcrumbList","@id":"https:\/\/www.visit-ulcinj.com\/blog\/2009\/02\/12\/erjola-komenton-banoret-thashetheme\/#breadcrumb","itemListElement":[{"@type":"ListItem","position":1,"name":"Erjola komenton banor\u00ebt &#8211; thashetheme"}]},{"@type":"Person","@id":"https:\/\/www.visit-ulcinj.com\/blog\/#\/schema\/person\/dcab619c614d3038751c63bc2aadc06d","name":"ulqini","sameAs":["http:\/\/www.visit-ulcinj.com"],"url":"https:\/\/www.visit-ulcinj.com\/blog\/author\/admin\/"}]}},"jetpack_featured_media_url":"","jetpack_sharing_enabled":true,"jetpack_shortlink":"https:\/\/wp.me\/pe6lTn-2Wo","_links":{"self":[{"href":"https:\/\/www.visit-ulcinj.com\/blog\/wp-json\/wp\/v2\/posts\/11308"}],"collection":[{"href":"https:\/\/www.visit-ulcinj.com\/blog\/wp-json\/wp\/v2\/posts"}],"about":[{"href":"https:\/\/www.visit-ulcinj.com\/blog\/wp-json\/wp\/v2\/types\/post"}],"author":[{"embeddable":true,"href":"https:\/\/www.visit-ulcinj.com\/blog\/wp-json\/wp\/v2\/users\/1"}],"replies":[{"embeddable":true,"href":"https:\/\/www.visit-ulcinj.com\/blog\/wp-json\/wp\/v2\/comments?post=11308"}],"version-history":[{"count":0,"href":"https:\/\/www.visit-ulcinj.com\/blog\/wp-json\/wp\/v2\/posts\/11308\/revisions"}],"wp:attachment":[{"href":"https:\/\/www.visit-ulcinj.com\/blog\/wp-json\/wp\/v2\/media?parent=11308"}],"wp:term":[{"taxonomy":"category","embeddable":true,"href":"https:\/\/www.visit-ulcinj.com\/blog\/wp-json\/wp\/v2\/categories?post=11308"},{"taxonomy":"post_tag","embeddable":true,"href":"https:\/\/www.visit-ulcinj.com\/blog\/wp-json\/wp\/v2\/tags?post=11308"}],"curies":[{"name":"wp","href":"https:\/\/api.w.org\/{rel}","templated":true}]}}