{"id":11312,"date":"2009-02-12T13:07:47","date_gmt":"2009-02-12T12:07:47","guid":{"rendered":"http:\/\/www.visit-ulcinj.com\/blog\/?p=11312"},"modified":"2009-02-12T13:07:47","modified_gmt":"2009-02-12T12:07:47","slug":"adelajda-si-cucinotta","status":"publish","type":"post","link":"https:\/\/www.visit-ulcinj.com\/blog\/2009\/02\/12\/adelajda-si-cucinotta\/","title":{"rendered":"Adelajda si Cucinotta"},"content":{"rendered":"<p><strong><\/strong><em><span class=\"newsdate\"><a href=\"http:\/\/www.visit-ulcinj.com\/blog\/wp-content\/uploads\/2009\/02\/adelajda-si-cucinotta.jpg\"><img loading=\"lazy\" class=\"alignleft size-full wp-image-11313\" title=\"adelajda-si-cucinotta-big-brother-albania\" src=\"http:\/\/www.visit-ulcinj.com\/blog\/wp-content\/uploads\/2009\/02\/adelajda-si-cucinotta.jpg\" alt=\"adelajda-si-cucinotta-big-brother-albania\" width=\"273\" height=\"205\" \/><\/a>11\/02\/09 11:40<\/span><\/em><\/p>\n<p>Komplimentin m\u00eb t\u00eb fundit Adelajdes ia ka dh\u00ebn\u00eb Qetsori.N\u00eb sfondin e nj\u00eb bisede p\u00ebr femrat e nj\u00eb videoklipi, n\u00eb oborr, ku djemt\u00eb po shijonin rrezet e diellit t\u00eb sapodal\u00eb, ka ardhur Adelajda. Djemt\u00eb kan\u00eb fishk\u00ebllyer n\u00eb shenj\u00eb komplimenti, nd\u00ebrsa Qetsori nuk ka q\u00ebndruar indiferent ndaj \u201clook\u201d-ut t\u00eb ndryshuar t\u00eb saj. Edhe pse n\u00eb dukje e bezdisur ndaj k\u00ebrkesave t\u00eb tij p\u00ebr t\u2019u kthyer e rrotulluar sa andej-k\u00ebtej, ajo nuk ka nguruar t\u00eb pozoj\u00eb. Komlimentit se ajo i ngjan si Maria Gracia Cucinotta, ajo i \u00ebsht\u00eb p\u00ebrgjigjur duke th\u00ebn\u00eb se edhe ajo e p\u00eblqen.<\/p>\n<p><strong><em>Top Channel<\/em><\/strong><\/p>\n","protected":false},"excerpt":{"rendered":"<p>11\/02\/09 11:40 Komplimentin m\u00eb t\u00eb fundit Adelajdes ia ka dh\u00ebn\u00eb Qetsori.N\u00eb sfondin e nj\u00eb bisede p\u00ebr femrat e nj\u00eb videoklipi, n\u00eb oborr, ku djemt\u00eb po shijonin rrezet e diellit t\u00eb sapodal\u00eb, ka ardhur Adelajda. Djemt\u00eb kan\u00eb fishk\u00ebllyer n\u00eb shenj\u00eb komplimenti, nd\u00ebrsa Qetsori nuk ka q\u00ebndruar indiferent ndaj \u201clook\u201d-ut t\u00eb ndryshuar t\u00eb saj. Edhe pse n\u00eb [&hellip;]<\/p>\n","protected":false},"author":1,"featured_media":0,"comment_status":"open","ping_status":"closed","sticky":false,"template":"","format":"standard","meta":{"spay_email":"","jetpack_publicize_message":"","jetpack_is_tweetstorm":false,"jetpack_publicize_feature_enabled":true},"categories":[6502],"tags":[6562,6746,6506,6516,6641,6749,6748,6747],"jetpack_publicize_connections":[],"yoast_head":"<!-- This site is optimized with the Yoast SEO plugin v19.1 - https:\/\/yoast.com\/wordpress\/plugins\/seo\/ -->\n<title>Adelajda si Cucinotta - Big Brother Albania<\/title>\n<meta name=\"description\" content=\"Big Brother Albania - Komplimentin m\u00c3\u00ab t\u00c3\u00ab fundit Adelajdes ia ka dh\u00c3\u00abn\u00c3\u00ab Qetsori.\" \/>\n<meta name=\"robots\" content=\"index, follow, max-snippet:-1, max-image-preview:large, max-video-preview:-1\" \/>\n<link rel=\"canonical\" href=\"https:\/\/www.visit-ulcinj.com\/blog\/2009\/02\/12\/adelajda-si-cucinotta\/\" \/>\n<meta property=\"og:locale\" content=\"en_US\" \/>\n<meta property=\"og:type\" content=\"article\" \/>\n<meta property=\"og:title\" content=\"Adelajda si Cucinotta - Big Brother Albania\" \/>\n<meta property=\"og:description\" content=\"Big Brother Albania - Komplimentin m\u00c3\u00ab t\u00c3\u00ab fundit Adelajdes ia ka dh\u00c3\u00abn\u00c3\u00ab Qetsori.\" \/>\n<meta property=\"og:url\" content=\"https:\/\/www.visit-ulcinj.com\/blog\/2009\/02\/12\/adelajda-si-cucinotta\/\" \/>\n<meta property=\"og:site_name\" content=\"Lajme nga Ulqini\" \/>\n<meta property=\"article:published_time\" content=\"2009-02-12T12:07:47+00:00\" \/>\n<meta property=\"og:image\" content=\"http:\/\/www.visit-ulcinj.com\/blog\/wp-content\/uploads\/2009\/02\/adelajda-si-cucinotta.jpg\" \/>\n<meta name=\"twitter:label1\" content=\"Written by\" \/>\n\t<meta name=\"twitter:data1\" content=\"ulqini\" \/>\n\t<meta name=\"twitter:label2\" content=\"Est. reading time\" \/>\n\t<meta name=\"twitter:data2\" content=\"1 minute\" \/>\n<script type=\"application\/ld+json\" class=\"yoast-schema-graph\">{\"@context\":\"https:\/\/schema.org\",\"@graph\":[{\"@type\":\"WebSite\",\"@id\":\"https:\/\/www.visit-ulcinj.com\/blog\/#website\",\"url\":\"https:\/\/www.visit-ulcinj.com\/blog\/\",\"name\":\"Lajme nga Ulqini\",\"description\":\"Lajme,Vijesti,Ulqini,Ulqin,Crna Gora,Mali i Zi\",\"potentialAction\":[{\"@type\":\"SearchAction\",\"target\":{\"@type\":\"EntryPoint\",\"urlTemplate\":\"https:\/\/www.visit-ulcinj.com\/blog\/?s={search_term_string}\"},\"query-input\":\"required name=search_term_string\"}],\"inLanguage\":\"en-US\"},{\"@type\":\"ImageObject\",\"inLanguage\":\"en-US\",\"@id\":\"https:\/\/www.visit-ulcinj.com\/blog\/2009\/02\/12\/adelajda-si-cucinotta\/#primaryimage\",\"url\":\"http:\/\/www.visit-ulcinj.com\/blog\/wp-content\/uploads\/2009\/02\/adelajda-si-cucinotta.jpg\",\"contentUrl\":\"http:\/\/www.visit-ulcinj.com\/blog\/wp-content\/uploads\/2009\/02\/adelajda-si-cucinotta.jpg\"},{\"@type\":\"WebPage\",\"@id\":\"https:\/\/www.visit-ulcinj.com\/blog\/2009\/02\/12\/adelajda-si-cucinotta\/#webpage\",\"url\":\"https:\/\/www.visit-ulcinj.com\/blog\/2009\/02\/12\/adelajda-si-cucinotta\/\",\"name\":\"Adelajda si Cucinotta - Big Brother Albania\",\"isPartOf\":{\"@id\":\"https:\/\/www.visit-ulcinj.com\/blog\/#website\"},\"primaryImageOfPage\":{\"@id\":\"https:\/\/www.visit-ulcinj.com\/blog\/2009\/02\/12\/adelajda-si-cucinotta\/#primaryimage\"},\"datePublished\":\"2009-02-12T12:07:47+00:00\",\"dateModified\":\"2009-02-12T12:07:47+00:00\",\"author\":{\"@id\":\"https:\/\/www.visit-ulcinj.com\/blog\/#\/schema\/person\/dcab619c614d3038751c63bc2aadc06d\"},\"description\":\"Big Brother Albania - Komplimentin m\u00c3\u00ab t\u00c3\u00ab fundit Adelajdes ia ka dh\u00c3\u00abn\u00c3\u00ab Qetsori.\",\"breadcrumb\":{\"@id\":\"https:\/\/www.visit-ulcinj.com\/blog\/2009\/02\/12\/adelajda-si-cucinotta\/#breadcrumb\"},\"inLanguage\":\"en-US\",\"potentialAction\":[{\"@type\":\"ReadAction\",\"target\":[\"https:\/\/www.visit-ulcinj.com\/blog\/2009\/02\/12\/adelajda-si-cucinotta\/\"]}]},{\"@type\":\"BreadcrumbList\",\"@id\":\"https:\/\/www.visit-ulcinj.com\/blog\/2009\/02\/12\/adelajda-si-cucinotta\/#breadcrumb\",\"itemListElement\":[{\"@type\":\"ListItem\",\"position\":1,\"name\":\"Adelajda si Cucinotta\"}]},{\"@type\":\"Person\",\"@id\":\"https:\/\/www.visit-ulcinj.com\/blog\/#\/schema\/person\/dcab619c614d3038751c63bc2aadc06d\",\"name\":\"ulqini\",\"sameAs\":[\"http:\/\/www.visit-ulcinj.com\"],\"url\":\"https:\/\/www.visit-ulcinj.com\/blog\/author\/admin\/\"}]}<\/script>\n<!-- \/ Yoast SEO plugin. -->","yoast_head_json":{"title":"Adelajda si Cucinotta - Big Brother Albania","description":"Big Brother Albania - Komplimentin m\u00c3\u00ab t\u00c3\u00ab fundit Adelajdes ia ka dh\u00c3\u00abn\u00c3\u00ab Qetsori.","robots":{"index":"index","follow":"follow","max-snippet":"max-snippet:-1","max-image-preview":"max-image-preview:large","max-video-preview":"max-video-preview:-1"},"canonical":"https:\/\/www.visit-ulcinj.com\/blog\/2009\/02\/12\/adelajda-si-cucinotta\/","og_locale":"en_US","og_type":"article","og_title":"Adelajda si Cucinotta - Big Brother Albania","og_description":"Big Brother Albania - Komplimentin m\u00c3\u00ab t\u00c3\u00ab fundit Adelajdes ia ka dh\u00c3\u00abn\u00c3\u00ab Qetsori.","og_url":"https:\/\/www.visit-ulcinj.com\/blog\/2009\/02\/12\/adelajda-si-cucinotta\/","og_site_name":"Lajme nga Ulqini","article_published_time":"2009-02-12T12:07:47+00:00","og_image":[{"url":"http:\/\/www.visit-ulcinj.com\/blog\/wp-content\/uploads\/2009\/02\/adelajda-si-cucinotta.jpg"}],"twitter_misc":{"Written by":"ulqini","Est. reading time":"1 minute"},"schema":{"@context":"https:\/\/schema.org","@graph":[{"@type":"WebSite","@id":"https:\/\/www.visit-ulcinj.com\/blog\/#website","url":"https:\/\/www.visit-ulcinj.com\/blog\/","name":"Lajme nga Ulqini","description":"Lajme,Vijesti,Ulqini,Ulqin,Crna Gora,Mali i Zi","potentialAction":[{"@type":"SearchAction","target":{"@type":"EntryPoint","urlTemplate":"https:\/\/www.visit-ulcinj.com\/blog\/?s={search_term_string}"},"query-input":"required name=search_term_string"}],"inLanguage":"en-US"},{"@type":"ImageObject","inLanguage":"en-US","@id":"https:\/\/www.visit-ulcinj.com\/blog\/2009\/02\/12\/adelajda-si-cucinotta\/#primaryimage","url":"http:\/\/www.visit-ulcinj.com\/blog\/wp-content\/uploads\/2009\/02\/adelajda-si-cucinotta.jpg","contentUrl":"http:\/\/www.visit-ulcinj.com\/blog\/wp-content\/uploads\/2009\/02\/adelajda-si-cucinotta.jpg"},{"@type":"WebPage","@id":"https:\/\/www.visit-ulcinj.com\/blog\/2009\/02\/12\/adelajda-si-cucinotta\/#webpage","url":"https:\/\/www.visit-ulcinj.com\/blog\/2009\/02\/12\/adelajda-si-cucinotta\/","name":"Adelajda si Cucinotta - Big Brother Albania","isPartOf":{"@id":"https:\/\/www.visit-ulcinj.com\/blog\/#website"},"primaryImageOfPage":{"@id":"https:\/\/www.visit-ulcinj.com\/blog\/2009\/02\/12\/adelajda-si-cucinotta\/#primaryimage"},"datePublished":"2009-02-12T12:07:47+00:00","dateModified":"2009-02-12T12:07:47+00:00","author":{"@id":"https:\/\/www.visit-ulcinj.com\/blog\/#\/schema\/person\/dcab619c614d3038751c63bc2aadc06d"},"description":"Big Brother Albania - Komplimentin m\u00c3\u00ab t\u00c3\u00ab fundit Adelajdes ia ka dh\u00c3\u00abn\u00c3\u00ab Qetsori.","breadcrumb":{"@id":"https:\/\/www.visit-ulcinj.com\/blog\/2009\/02\/12\/adelajda-si-cucinotta\/#breadcrumb"},"inLanguage":"en-US","potentialAction":[{"@type":"ReadAction","target":["https:\/\/www.visit-ulcinj.com\/blog\/2009\/02\/12\/adelajda-si-cucinotta\/"]}]},{"@type":"BreadcrumbList","@id":"https:\/\/www.visit-ulcinj.com\/blog\/2009\/02\/12\/adelajda-si-cucinotta\/#breadcrumb","itemListElement":[{"@type":"ListItem","position":1,"name":"Adelajda si Cucinotta"}]},{"@type":"Person","@id":"https:\/\/www.visit-ulcinj.com\/blog\/#\/schema\/person\/dcab619c614d3038751c63bc2aadc06d","name":"ulqini","sameAs":["http:\/\/www.visit-ulcinj.com"],"url":"https:\/\/www.visit-ulcinj.com\/blog\/author\/admin\/"}]}},"jetpack_featured_media_url":"","jetpack_sharing_enabled":true,"jetpack_shortlink":"https:\/\/wp.me\/pe6lTn-2Ws","_links":{"self":[{"href":"https:\/\/www.visit-ulcinj.com\/blog\/wp-json\/wp\/v2\/posts\/11312"}],"collection":[{"href":"https:\/\/www.visit-ulcinj.com\/blog\/wp-json\/wp\/v2\/posts"}],"about":[{"href":"https:\/\/www.visit-ulcinj.com\/blog\/wp-json\/wp\/v2\/types\/post"}],"author":[{"embeddable":true,"href":"https:\/\/www.visit-ulcinj.com\/blog\/wp-json\/wp\/v2\/users\/1"}],"replies":[{"embeddable":true,"href":"https:\/\/www.visit-ulcinj.com\/blog\/wp-json\/wp\/v2\/comments?post=11312"}],"version-history":[{"count":0,"href":"https:\/\/www.visit-ulcinj.com\/blog\/wp-json\/wp\/v2\/posts\/11312\/revisions"}],"wp:attachment":[{"href":"https:\/\/www.visit-ulcinj.com\/blog\/wp-json\/wp\/v2\/media?parent=11312"}],"wp:term":[{"taxonomy":"category","embeddable":true,"href":"https:\/\/www.visit-ulcinj.com\/blog\/wp-json\/wp\/v2\/categories?post=11312"},{"taxonomy":"post_tag","embeddable":true,"href":"https:\/\/www.visit-ulcinj.com\/blog\/wp-json\/wp\/v2\/tags?post=11312"}],"curies":[{"name":"wp","href":"https:\/\/api.w.org\/{rel}","templated":true}]}}