{"id":11326,"date":"2009-02-12T15:10:32","date_gmt":"2009-02-12T14:10:32","guid":{"rendered":"http:\/\/www.visit-ulcinj.com\/blog\/?p=11326"},"modified":"2009-02-12T15:10:32","modified_gmt":"2009-02-12T14:10:32","slug":"erjola-do-te-nominoj-sorin","status":"publish","type":"post","link":"https:\/\/www.visit-ulcinj.com\/blog\/2009\/02\/12\/erjola-do-te-nominoj-sorin\/","title":{"rendered":"Erjola &#8211; Do t\u00eb nominoj Sorin"},"content":{"rendered":"<p><em><span class=\"newsdate\"><a href=\"http:\/\/www.visit-ulcinj.com\/blog\/wp-content\/uploads\/2009\/02\/nominimi.jpg\"><img loading=\"lazy\" class=\"alignleft size-full wp-image-11327\" title=\"nominimi-big-brother-albania\" src=\"http:\/\/www.visit-ulcinj.com\/blog\/wp-content\/uploads\/2009\/02\/nominimi.jpg\" alt=\"nominimi-big-brother-albania\" width=\"300\" height=\"205\" \/><\/a>11\/02\/2009 17:00<\/span><\/em><\/p>\n<p>Banor\u00ebt drekojn\u00eb s\u00eb bashku. Erjola dhe Mimoza jan\u00eb t\u00eb fundit q\u00eb ulen p\u00ebr t\u00eb ngr\u00ebn\u00eb drek\u00ebn, nd\u00ebrkoh\u00eb q\u00eb t\u00eb dyja pak minuta m\u00eb par\u00eb kan\u00eb b\u00ebr\u00eb nj\u00eb bised\u00eb n\u00eb lidhje me nominimet e jav\u00ebs. Erjola ka th\u00ebn\u00eb se e ka vendosur se cilin do t\u00eb nominoj\u00eb. Ajo thot\u00eb se deri dje ndihej n\u00eb dyshim se cilin duhet t\u00eb nominonte nga banor\u00ebt dhe me cila do t\u00eb ishte arsyeja. Por tani ajo e ka gati arsyetimin si dhe emrin. B\u00ebhet fjal\u00eb p\u00ebr Sorin. Nd\u00ebrkoh\u00eb Mimoza bisedon p\u00ebr banor\u00ebt e tjer\u00eb duke aluduar disa nga emrat e vajzave, duke i b\u00ebr\u00eb paralelisht komplimenta edhe Erjol\u00ebs p\u00ebr tiparet e saj.<\/p>\n<p><em><strong>Top Channel<\/strong><\/em><\/p>\n","protected":false},"excerpt":{"rendered":"<p>11\/02\/2009 17:00 Banor\u00ebt drekojn\u00eb s\u00eb bashku. Erjola dhe Mimoza jan\u00eb t\u00eb fundit q\u00eb ulen p\u00ebr t\u00eb ngr\u00ebn\u00eb drek\u00ebn, nd\u00ebrkoh\u00eb q\u00eb t\u00eb dyja pak minuta m\u00eb par\u00eb kan\u00eb b\u00ebr\u00eb nj\u00eb bised\u00eb n\u00eb lidhje me nominimet e jav\u00ebs. Erjola ka th\u00ebn\u00eb se e ka vendosur se cilin do t\u00eb nominoj\u00eb. Ajo thot\u00eb se deri dje ndihej n\u00eb [&hellip;]<\/p>\n","protected":false},"author":1,"featured_media":0,"comment_status":"open","ping_status":"closed","sticky":false,"template":"","format":"standard","meta":{"spay_email":"","jetpack_publicize_message":"","jetpack_is_tweetstorm":false,"jetpack_publicize_feature_enabled":true},"categories":[6502],"tags":[6506,6563,6568,6544,6757,3976,6693,5081],"jetpack_publicize_connections":[],"yoast_head":"<!-- This site is optimized with the Yoast SEO plugin v19.1 - https:\/\/yoast.com\/wordpress\/plugins\/seo\/ -->\n<title>Erjola - Do t\u00c3\u00ab nominoj Sorin - Big Brother Albania<\/title>\n<meta name=\"description\" content=\"Big Brother Albania - Banor\u00c3\u00abt drekojn\u00c3\u00ab s\u00c3\u00ab bashku. Erjola dhe Mimoza jan\u00c3\u00ab t\u00c3\u00ab fundit q\u00c3\u00ab ulen p\u00c3\u00abr t\u00c3\u00ab ngr\u00c3\u00abn\u00c3\u00ab drek\u00c3\u00abn, nd\u00c3\u00abrkoh\u00c3\u00ab q\u00c3\u00ab t\u00c3\u00ab dyja pak minuta m\u00c3\u00ab par\u00c3\u00ab kan\u00c3\u00ab b\u00c3\u00abr\u00c3\u00ab nj\u00c3\u00ab bised\u00c3\u00ab n\u00c3\u00ab lidhje me nominimet e jav\u00c3\u00abs.\" \/>\n<meta name=\"robots\" content=\"index, follow, max-snippet:-1, max-image-preview:large, max-video-preview:-1\" \/>\n<link rel=\"canonical\" href=\"https:\/\/www.visit-ulcinj.com\/blog\/2009\/02\/12\/erjola-do-te-nominoj-sorin\/\" \/>\n<meta property=\"og:locale\" content=\"en_US\" \/>\n<meta property=\"og:type\" content=\"article\" \/>\n<meta property=\"og:title\" content=\"Erjola - Do t\u00c3\u00ab nominoj Sorin - Big Brother Albania\" \/>\n<meta property=\"og:description\" content=\"Big Brother Albania - Banor\u00c3\u00abt drekojn\u00c3\u00ab s\u00c3\u00ab bashku. Erjola dhe Mimoza jan\u00c3\u00ab t\u00c3\u00ab fundit q\u00c3\u00ab ulen p\u00c3\u00abr t\u00c3\u00ab ngr\u00c3\u00abn\u00c3\u00ab drek\u00c3\u00abn, nd\u00c3\u00abrkoh\u00c3\u00ab q\u00c3\u00ab t\u00c3\u00ab dyja pak minuta m\u00c3\u00ab par\u00c3\u00ab kan\u00c3\u00ab b\u00c3\u00abr\u00c3\u00ab nj\u00c3\u00ab bised\u00c3\u00ab n\u00c3\u00ab lidhje me nominimet e jav\u00c3\u00abs.\" \/>\n<meta property=\"og:url\" content=\"https:\/\/www.visit-ulcinj.com\/blog\/2009\/02\/12\/erjola-do-te-nominoj-sorin\/\" \/>\n<meta property=\"og:site_name\" content=\"Lajme nga Ulqini\" \/>\n<meta property=\"article:published_time\" content=\"2009-02-12T14:10:32+00:00\" \/>\n<meta property=\"og:image\" content=\"http:\/\/www.visit-ulcinj.com\/blog\/wp-content\/uploads\/2009\/02\/nominimi.jpg\" \/>\n<meta name=\"twitter:label1\" content=\"Written by\" \/>\n\t<meta name=\"twitter:data1\" content=\"ulqini\" \/>\n\t<meta name=\"twitter:label2\" content=\"Est. reading time\" \/>\n\t<meta name=\"twitter:data2\" content=\"1 minute\" \/>\n<script type=\"application\/ld+json\" class=\"yoast-schema-graph\">{\"@context\":\"https:\/\/schema.org\",\"@graph\":[{\"@type\":\"WebSite\",\"@id\":\"https:\/\/www.visit-ulcinj.com\/blog\/#website\",\"url\":\"https:\/\/www.visit-ulcinj.com\/blog\/\",\"name\":\"Lajme nga Ulqini\",\"description\":\"Lajme,Vijesti,Ulqini,Ulqin,Crna Gora,Mali i Zi\",\"potentialAction\":[{\"@type\":\"SearchAction\",\"target\":{\"@type\":\"EntryPoint\",\"urlTemplate\":\"https:\/\/www.visit-ulcinj.com\/blog\/?s={search_term_string}\"},\"query-input\":\"required name=search_term_string\"}],\"inLanguage\":\"en-US\"},{\"@type\":\"ImageObject\",\"inLanguage\":\"en-US\",\"@id\":\"https:\/\/www.visit-ulcinj.com\/blog\/2009\/02\/12\/erjola-do-te-nominoj-sorin\/#primaryimage\",\"url\":\"http:\/\/www.visit-ulcinj.com\/blog\/wp-content\/uploads\/2009\/02\/nominimi.jpg\",\"contentUrl\":\"http:\/\/www.visit-ulcinj.com\/blog\/wp-content\/uploads\/2009\/02\/nominimi.jpg\"},{\"@type\":\"WebPage\",\"@id\":\"https:\/\/www.visit-ulcinj.com\/blog\/2009\/02\/12\/erjola-do-te-nominoj-sorin\/#webpage\",\"url\":\"https:\/\/www.visit-ulcinj.com\/blog\/2009\/02\/12\/erjola-do-te-nominoj-sorin\/\",\"name\":\"Erjola - Do t\u00c3\u00ab nominoj Sorin - Big Brother Albania\",\"isPartOf\":{\"@id\":\"https:\/\/www.visit-ulcinj.com\/blog\/#website\"},\"primaryImageOfPage\":{\"@id\":\"https:\/\/www.visit-ulcinj.com\/blog\/2009\/02\/12\/erjola-do-te-nominoj-sorin\/#primaryimage\"},\"datePublished\":\"2009-02-12T14:10:32+00:00\",\"dateModified\":\"2009-02-12T14:10:32+00:00\",\"author\":{\"@id\":\"https:\/\/www.visit-ulcinj.com\/blog\/#\/schema\/person\/dcab619c614d3038751c63bc2aadc06d\"},\"description\":\"Big Brother Albania - Banor\u00c3\u00abt drekojn\u00c3\u00ab s\u00c3\u00ab bashku. Erjola dhe Mimoza jan\u00c3\u00ab t\u00c3\u00ab fundit q\u00c3\u00ab ulen p\u00c3\u00abr t\u00c3\u00ab ngr\u00c3\u00abn\u00c3\u00ab drek\u00c3\u00abn, nd\u00c3\u00abrkoh\u00c3\u00ab q\u00c3\u00ab t\u00c3\u00ab dyja pak minuta m\u00c3\u00ab par\u00c3\u00ab kan\u00c3\u00ab b\u00c3\u00abr\u00c3\u00ab nj\u00c3\u00ab bised\u00c3\u00ab n\u00c3\u00ab lidhje me nominimet e jav\u00c3\u00abs.\",\"breadcrumb\":{\"@id\":\"https:\/\/www.visit-ulcinj.com\/blog\/2009\/02\/12\/erjola-do-te-nominoj-sorin\/#breadcrumb\"},\"inLanguage\":\"en-US\",\"potentialAction\":[{\"@type\":\"ReadAction\",\"target\":[\"https:\/\/www.visit-ulcinj.com\/blog\/2009\/02\/12\/erjola-do-te-nominoj-sorin\/\"]}]},{\"@type\":\"BreadcrumbList\",\"@id\":\"https:\/\/www.visit-ulcinj.com\/blog\/2009\/02\/12\/erjola-do-te-nominoj-sorin\/#breadcrumb\",\"itemListElement\":[{\"@type\":\"ListItem\",\"position\":1,\"name\":\"Erjola &#8211; Do t\u00eb nominoj Sorin\"}]},{\"@type\":\"Person\",\"@id\":\"https:\/\/www.visit-ulcinj.com\/blog\/#\/schema\/person\/dcab619c614d3038751c63bc2aadc06d\",\"name\":\"ulqini\",\"sameAs\":[\"http:\/\/www.visit-ulcinj.com\"],\"url\":\"https:\/\/www.visit-ulcinj.com\/blog\/author\/admin\/\"}]}<\/script>\n<!-- \/ Yoast SEO plugin. -->","yoast_head_json":{"title":"Erjola - Do t\u00c3\u00ab nominoj Sorin - Big Brother Albania","description":"Big Brother Albania - Banor\u00c3\u00abt drekojn\u00c3\u00ab s\u00c3\u00ab bashku. Erjola dhe Mimoza jan\u00c3\u00ab t\u00c3\u00ab fundit q\u00c3\u00ab ulen p\u00c3\u00abr t\u00c3\u00ab ngr\u00c3\u00abn\u00c3\u00ab drek\u00c3\u00abn, nd\u00c3\u00abrkoh\u00c3\u00ab q\u00c3\u00ab t\u00c3\u00ab dyja pak minuta m\u00c3\u00ab par\u00c3\u00ab kan\u00c3\u00ab b\u00c3\u00abr\u00c3\u00ab nj\u00c3\u00ab bised\u00c3\u00ab n\u00c3\u00ab lidhje me nominimet e jav\u00c3\u00abs.","robots":{"index":"index","follow":"follow","max-snippet":"max-snippet:-1","max-image-preview":"max-image-preview:large","max-video-preview":"max-video-preview:-1"},"canonical":"https:\/\/www.visit-ulcinj.com\/blog\/2009\/02\/12\/erjola-do-te-nominoj-sorin\/","og_locale":"en_US","og_type":"article","og_title":"Erjola - Do t\u00c3\u00ab nominoj Sorin - Big Brother Albania","og_description":"Big Brother Albania - Banor\u00c3\u00abt drekojn\u00c3\u00ab s\u00c3\u00ab bashku. Erjola dhe Mimoza jan\u00c3\u00ab t\u00c3\u00ab fundit q\u00c3\u00ab ulen p\u00c3\u00abr t\u00c3\u00ab ngr\u00c3\u00abn\u00c3\u00ab drek\u00c3\u00abn, nd\u00c3\u00abrkoh\u00c3\u00ab q\u00c3\u00ab t\u00c3\u00ab dyja pak minuta m\u00c3\u00ab par\u00c3\u00ab kan\u00c3\u00ab b\u00c3\u00abr\u00c3\u00ab nj\u00c3\u00ab bised\u00c3\u00ab n\u00c3\u00ab lidhje me nominimet e jav\u00c3\u00abs.","og_url":"https:\/\/www.visit-ulcinj.com\/blog\/2009\/02\/12\/erjola-do-te-nominoj-sorin\/","og_site_name":"Lajme nga Ulqini","article_published_time":"2009-02-12T14:10:32+00:00","og_image":[{"url":"http:\/\/www.visit-ulcinj.com\/blog\/wp-content\/uploads\/2009\/02\/nominimi.jpg"}],"twitter_misc":{"Written by":"ulqini","Est. reading time":"1 minute"},"schema":{"@context":"https:\/\/schema.org","@graph":[{"@type":"WebSite","@id":"https:\/\/www.visit-ulcinj.com\/blog\/#website","url":"https:\/\/www.visit-ulcinj.com\/blog\/","name":"Lajme nga Ulqini","description":"Lajme,Vijesti,Ulqini,Ulqin,Crna Gora,Mali i Zi","potentialAction":[{"@type":"SearchAction","target":{"@type":"EntryPoint","urlTemplate":"https:\/\/www.visit-ulcinj.com\/blog\/?s={search_term_string}"},"query-input":"required name=search_term_string"}],"inLanguage":"en-US"},{"@type":"ImageObject","inLanguage":"en-US","@id":"https:\/\/www.visit-ulcinj.com\/blog\/2009\/02\/12\/erjola-do-te-nominoj-sorin\/#primaryimage","url":"http:\/\/www.visit-ulcinj.com\/blog\/wp-content\/uploads\/2009\/02\/nominimi.jpg","contentUrl":"http:\/\/www.visit-ulcinj.com\/blog\/wp-content\/uploads\/2009\/02\/nominimi.jpg"},{"@type":"WebPage","@id":"https:\/\/www.visit-ulcinj.com\/blog\/2009\/02\/12\/erjola-do-te-nominoj-sorin\/#webpage","url":"https:\/\/www.visit-ulcinj.com\/blog\/2009\/02\/12\/erjola-do-te-nominoj-sorin\/","name":"Erjola - Do t\u00c3\u00ab nominoj Sorin - Big Brother Albania","isPartOf":{"@id":"https:\/\/www.visit-ulcinj.com\/blog\/#website"},"primaryImageOfPage":{"@id":"https:\/\/www.visit-ulcinj.com\/blog\/2009\/02\/12\/erjola-do-te-nominoj-sorin\/#primaryimage"},"datePublished":"2009-02-12T14:10:32+00:00","dateModified":"2009-02-12T14:10:32+00:00","author":{"@id":"https:\/\/www.visit-ulcinj.com\/blog\/#\/schema\/person\/dcab619c614d3038751c63bc2aadc06d"},"description":"Big Brother Albania - Banor\u00c3\u00abt drekojn\u00c3\u00ab s\u00c3\u00ab bashku. Erjola dhe Mimoza jan\u00c3\u00ab t\u00c3\u00ab fundit q\u00c3\u00ab ulen p\u00c3\u00abr t\u00c3\u00ab ngr\u00c3\u00abn\u00c3\u00ab drek\u00c3\u00abn, nd\u00c3\u00abrkoh\u00c3\u00ab q\u00c3\u00ab t\u00c3\u00ab dyja pak minuta m\u00c3\u00ab par\u00c3\u00ab kan\u00c3\u00ab b\u00c3\u00abr\u00c3\u00ab nj\u00c3\u00ab bised\u00c3\u00ab n\u00c3\u00ab lidhje me nominimet e jav\u00c3\u00abs.","breadcrumb":{"@id":"https:\/\/www.visit-ulcinj.com\/blog\/2009\/02\/12\/erjola-do-te-nominoj-sorin\/#breadcrumb"},"inLanguage":"en-US","potentialAction":[{"@type":"ReadAction","target":["https:\/\/www.visit-ulcinj.com\/blog\/2009\/02\/12\/erjola-do-te-nominoj-sorin\/"]}]},{"@type":"BreadcrumbList","@id":"https:\/\/www.visit-ulcinj.com\/blog\/2009\/02\/12\/erjola-do-te-nominoj-sorin\/#breadcrumb","itemListElement":[{"@type":"ListItem","position":1,"name":"Erjola &#8211; Do t\u00eb nominoj Sorin"}]},{"@type":"Person","@id":"https:\/\/www.visit-ulcinj.com\/blog\/#\/schema\/person\/dcab619c614d3038751c63bc2aadc06d","name":"ulqini","sameAs":["http:\/\/www.visit-ulcinj.com"],"url":"https:\/\/www.visit-ulcinj.com\/blog\/author\/admin\/"}]}},"jetpack_featured_media_url":"","jetpack_sharing_enabled":true,"jetpack_shortlink":"https:\/\/wp.me\/pe6lTn-2WG","_links":{"self":[{"href":"https:\/\/www.visit-ulcinj.com\/blog\/wp-json\/wp\/v2\/posts\/11326"}],"collection":[{"href":"https:\/\/www.visit-ulcinj.com\/blog\/wp-json\/wp\/v2\/posts"}],"about":[{"href":"https:\/\/www.visit-ulcinj.com\/blog\/wp-json\/wp\/v2\/types\/post"}],"author":[{"embeddable":true,"href":"https:\/\/www.visit-ulcinj.com\/blog\/wp-json\/wp\/v2\/users\/1"}],"replies":[{"embeddable":true,"href":"https:\/\/www.visit-ulcinj.com\/blog\/wp-json\/wp\/v2\/comments?post=11326"}],"version-history":[{"count":0,"href":"https:\/\/www.visit-ulcinj.com\/blog\/wp-json\/wp\/v2\/posts\/11326\/revisions"}],"wp:attachment":[{"href":"https:\/\/www.visit-ulcinj.com\/blog\/wp-json\/wp\/v2\/media?parent=11326"}],"wp:term":[{"taxonomy":"category","embeddable":true,"href":"https:\/\/www.visit-ulcinj.com\/blog\/wp-json\/wp\/v2\/categories?post=11326"},{"taxonomy":"post_tag","embeddable":true,"href":"https:\/\/www.visit-ulcinj.com\/blog\/wp-json\/wp\/v2\/tags?post=11326"}],"curies":[{"name":"wp","href":"https:\/\/api.w.org\/{rel}","templated":true}]}}