{"id":11333,"date":"2009-02-12T15:36:41","date_gmt":"2009-02-12T14:36:41","guid":{"rendered":"http:\/\/www.visit-ulcinj.com\/blog\/?p=11333"},"modified":"2009-02-12T15:36:41","modified_gmt":"2009-02-12T14:36:41","slug":"aida-tregon-per-humbjen-e-te-atit","status":"publish","type":"post","link":"https:\/\/www.visit-ulcinj.com\/blog\/2009\/02\/12\/aida-tregon-per-humbjen-e-te-atit\/","title":{"rendered":"Aida tregon p\u00ebr humbjen e t\u00eb atit"},"content":{"rendered":"<p><em><span class=\"newsdate\"><a href=\"http:\/\/www.visit-ulcinj.com\/blog\/wp-content\/uploads\/2009\/02\/aidaaaaa.jpg\"><img loading=\"lazy\" class=\"alignleft size-full wp-image-11334\" title=\"aida-big-brother-albania\" src=\"http:\/\/www.visit-ulcinj.com\/blog\/wp-content\/uploads\/2009\/02\/aidaaaaa.jpg\" alt=\"aida-big-brother-albania\" width=\"300\" height=\"205\" \/><\/a>11\/02\/2009 18:00<\/span><\/em><\/p>\n<p>Nj\u00eb bised\u00eb familjar\u00eb starton mes Zhuljet\u00ebs, Arjonit dhe Aid\u00ebs. Kjo e fundit tregon p\u00ebr humbjen e prind\u00ebrve t\u00eb saj, p\u00ebr v\u00ebllain e saj t\u00eb vogel nga babai dhe m\u00ebnyr\u00ebn sesi jeton larg. Ajo pranon se ka pasur nj\u00eb lidhje shum\u00eb t\u00eb fort\u00eb me t\u00eb atin, nd\u00ebrsa motra e saj ka qen\u00eb m\u00eb e lidhur me t\u00eb \u00ebm\u00ebn. Ajo thot\u00eb se shum\u00eb gj\u00ebra q\u00eb i la i ati i shit\u00ebn, madje rr\u00ebfen se ka jetuar shum\u00eb mir\u00eb me gruan e t\u00eb atit, e cila ishte nj\u00eb zonj\u00eb t\u00eb cil\u00ebn ajo e respekton ende.<\/p>\n<div id=\"copyright\" style=\"padding-top: 5px;\"><strong>\u00a9 Big Brother Albania &#8211; 2009<\/strong><\/div>\n","protected":false},"excerpt":{"rendered":"<p>11\/02\/2009 18:00 Nj\u00eb bised\u00eb familjar\u00eb starton mes Zhuljet\u00ebs, Arjonit dhe Aid\u00ebs. Kjo e fundit tregon p\u00ebr humbjen e prind\u00ebrve t\u00eb saj, p\u00ebr v\u00ebllain e saj t\u00eb vogel nga babai dhe m\u00ebnyr\u00ebn sesi jeton larg. Ajo pranon se ka pasur nj\u00eb lidhje shum\u00eb t\u00eb fort\u00eb me t\u00eb atin, nd\u00ebrsa motra e saj ka qen\u00eb m\u00eb e [&hellip;]<\/p>\n","protected":false},"author":1,"featured_media":0,"comment_status":"open","ping_status":"closed","sticky":false,"template":"","format":"standard","meta":{"spay_email":"","jetpack_publicize_message":"","jetpack_is_tweetstorm":false,"jetpack_publicize_feature_enabled":true},"categories":[6502],"tags":[6566,6760,6506,6641,6688,6693,6564],"jetpack_publicize_connections":[],"yoast_head":"<!-- This site is optimized with the Yoast SEO plugin v19.1 - https:\/\/yoast.com\/wordpress\/plugins\/seo\/ -->\n<title>Aida tregon p\u00c3\u00abr humbjen e t\u00c3\u00ab atit - Big Brother Albania<\/title>\n<meta name=\"description\" content=\"Big Brother Albania - Nj\u00c3\u00ab bised\u00c3\u00ab familjar\u00c3\u00ab starton mes Zhuljet\u00c3\u00abs, Arjonit dhe Aid\u00c3\u00abs. Kjo e fundit tregon p\u00c3\u00abr humbjen e prind\u00c3\u00abrve t\u00c3\u00ab saj, p\u00c3\u00abr v\u00c3\u00abllain e saj t\u00c3\u00ab vogel nga babai dhe m\u00c3\u00abnyr\u00c3\u00abn sesi jeton larg.\" \/>\n<meta name=\"robots\" content=\"index, follow, max-snippet:-1, max-image-preview:large, max-video-preview:-1\" \/>\n<link rel=\"canonical\" href=\"https:\/\/www.visit-ulcinj.com\/blog\/2009\/02\/12\/aida-tregon-per-humbjen-e-te-atit\/\" \/>\n<meta property=\"og:locale\" content=\"en_US\" \/>\n<meta property=\"og:type\" content=\"article\" \/>\n<meta property=\"og:title\" content=\"Aida tregon p\u00c3\u00abr humbjen e t\u00c3\u00ab atit - Big Brother Albania\" \/>\n<meta property=\"og:description\" content=\"Big Brother Albania - Nj\u00c3\u00ab bised\u00c3\u00ab familjar\u00c3\u00ab starton mes Zhuljet\u00c3\u00abs, Arjonit dhe Aid\u00c3\u00abs. Kjo e fundit tregon p\u00c3\u00abr humbjen e prind\u00c3\u00abrve t\u00c3\u00ab saj, p\u00c3\u00abr v\u00c3\u00abllain e saj t\u00c3\u00ab vogel nga babai dhe m\u00c3\u00abnyr\u00c3\u00abn sesi jeton larg.\" \/>\n<meta property=\"og:url\" content=\"https:\/\/www.visit-ulcinj.com\/blog\/2009\/02\/12\/aida-tregon-per-humbjen-e-te-atit\/\" \/>\n<meta property=\"og:site_name\" content=\"Lajme nga Ulqini\" \/>\n<meta property=\"article:published_time\" content=\"2009-02-12T14:36:41+00:00\" \/>\n<meta property=\"og:image\" content=\"http:\/\/www.visit-ulcinj.com\/blog\/wp-content\/uploads\/2009\/02\/aidaaaaa.jpg\" \/>\n<meta name=\"twitter:label1\" content=\"Written by\" \/>\n\t<meta name=\"twitter:data1\" content=\"ulqini\" \/>\n\t<meta name=\"twitter:label2\" content=\"Est. reading time\" \/>\n\t<meta name=\"twitter:data2\" content=\"1 minute\" \/>\n<script type=\"application\/ld+json\" class=\"yoast-schema-graph\">{\"@context\":\"https:\/\/schema.org\",\"@graph\":[{\"@type\":\"WebSite\",\"@id\":\"https:\/\/www.visit-ulcinj.com\/blog\/#website\",\"url\":\"https:\/\/www.visit-ulcinj.com\/blog\/\",\"name\":\"Lajme nga Ulqini\",\"description\":\"Lajme,Vijesti,Ulqini,Ulqin,Crna Gora,Mali i Zi\",\"potentialAction\":[{\"@type\":\"SearchAction\",\"target\":{\"@type\":\"EntryPoint\",\"urlTemplate\":\"https:\/\/www.visit-ulcinj.com\/blog\/?s={search_term_string}\"},\"query-input\":\"required name=search_term_string\"}],\"inLanguage\":\"en-US\"},{\"@type\":\"ImageObject\",\"inLanguage\":\"en-US\",\"@id\":\"https:\/\/www.visit-ulcinj.com\/blog\/2009\/02\/12\/aida-tregon-per-humbjen-e-te-atit\/#primaryimage\",\"url\":\"http:\/\/www.visit-ulcinj.com\/blog\/wp-content\/uploads\/2009\/02\/aidaaaaa.jpg\",\"contentUrl\":\"http:\/\/www.visit-ulcinj.com\/blog\/wp-content\/uploads\/2009\/02\/aidaaaaa.jpg\"},{\"@type\":\"WebPage\",\"@id\":\"https:\/\/www.visit-ulcinj.com\/blog\/2009\/02\/12\/aida-tregon-per-humbjen-e-te-atit\/#webpage\",\"url\":\"https:\/\/www.visit-ulcinj.com\/blog\/2009\/02\/12\/aida-tregon-per-humbjen-e-te-atit\/\",\"name\":\"Aida tregon p\u00c3\u00abr humbjen e t\u00c3\u00ab atit - Big Brother Albania\",\"isPartOf\":{\"@id\":\"https:\/\/www.visit-ulcinj.com\/blog\/#website\"},\"primaryImageOfPage\":{\"@id\":\"https:\/\/www.visit-ulcinj.com\/blog\/2009\/02\/12\/aida-tregon-per-humbjen-e-te-atit\/#primaryimage\"},\"datePublished\":\"2009-02-12T14:36:41+00:00\",\"dateModified\":\"2009-02-12T14:36:41+00:00\",\"author\":{\"@id\":\"https:\/\/www.visit-ulcinj.com\/blog\/#\/schema\/person\/dcab619c614d3038751c63bc2aadc06d\"},\"description\":\"Big Brother Albania - Nj\u00c3\u00ab bised\u00c3\u00ab familjar\u00c3\u00ab starton mes Zhuljet\u00c3\u00abs, Arjonit dhe Aid\u00c3\u00abs. Kjo e fundit tregon p\u00c3\u00abr humbjen e prind\u00c3\u00abrve t\u00c3\u00ab saj, p\u00c3\u00abr v\u00c3\u00abllain e saj t\u00c3\u00ab vogel nga babai dhe m\u00c3\u00abnyr\u00c3\u00abn sesi jeton larg.\",\"breadcrumb\":{\"@id\":\"https:\/\/www.visit-ulcinj.com\/blog\/2009\/02\/12\/aida-tregon-per-humbjen-e-te-atit\/#breadcrumb\"},\"inLanguage\":\"en-US\",\"potentialAction\":[{\"@type\":\"ReadAction\",\"target\":[\"https:\/\/www.visit-ulcinj.com\/blog\/2009\/02\/12\/aida-tregon-per-humbjen-e-te-atit\/\"]}]},{\"@type\":\"BreadcrumbList\",\"@id\":\"https:\/\/www.visit-ulcinj.com\/blog\/2009\/02\/12\/aida-tregon-per-humbjen-e-te-atit\/#breadcrumb\",\"itemListElement\":[{\"@type\":\"ListItem\",\"position\":1,\"name\":\"Aida tregon p\u00ebr humbjen e t\u00eb atit\"}]},{\"@type\":\"Person\",\"@id\":\"https:\/\/www.visit-ulcinj.com\/blog\/#\/schema\/person\/dcab619c614d3038751c63bc2aadc06d\",\"name\":\"ulqini\",\"sameAs\":[\"http:\/\/www.visit-ulcinj.com\"],\"url\":\"https:\/\/www.visit-ulcinj.com\/blog\/author\/admin\/\"}]}<\/script>\n<!-- \/ Yoast SEO plugin. -->","yoast_head_json":{"title":"Aida tregon p\u00c3\u00abr humbjen e t\u00c3\u00ab atit - Big Brother Albania","description":"Big Brother Albania - Nj\u00c3\u00ab bised\u00c3\u00ab familjar\u00c3\u00ab starton mes Zhuljet\u00c3\u00abs, Arjonit dhe Aid\u00c3\u00abs. Kjo e fundit tregon p\u00c3\u00abr humbjen e prind\u00c3\u00abrve t\u00c3\u00ab saj, p\u00c3\u00abr v\u00c3\u00abllain e saj t\u00c3\u00ab vogel nga babai dhe m\u00c3\u00abnyr\u00c3\u00abn sesi jeton larg.","robots":{"index":"index","follow":"follow","max-snippet":"max-snippet:-1","max-image-preview":"max-image-preview:large","max-video-preview":"max-video-preview:-1"},"canonical":"https:\/\/www.visit-ulcinj.com\/blog\/2009\/02\/12\/aida-tregon-per-humbjen-e-te-atit\/","og_locale":"en_US","og_type":"article","og_title":"Aida tregon p\u00c3\u00abr humbjen e t\u00c3\u00ab atit - Big Brother Albania","og_description":"Big Brother Albania - Nj\u00c3\u00ab bised\u00c3\u00ab familjar\u00c3\u00ab starton mes Zhuljet\u00c3\u00abs, Arjonit dhe Aid\u00c3\u00abs. Kjo e fundit tregon p\u00c3\u00abr humbjen e prind\u00c3\u00abrve t\u00c3\u00ab saj, p\u00c3\u00abr v\u00c3\u00abllain e saj t\u00c3\u00ab vogel nga babai dhe m\u00c3\u00abnyr\u00c3\u00abn sesi jeton larg.","og_url":"https:\/\/www.visit-ulcinj.com\/blog\/2009\/02\/12\/aida-tregon-per-humbjen-e-te-atit\/","og_site_name":"Lajme nga Ulqini","article_published_time":"2009-02-12T14:36:41+00:00","og_image":[{"url":"http:\/\/www.visit-ulcinj.com\/blog\/wp-content\/uploads\/2009\/02\/aidaaaaa.jpg"}],"twitter_misc":{"Written by":"ulqini","Est. reading time":"1 minute"},"schema":{"@context":"https:\/\/schema.org","@graph":[{"@type":"WebSite","@id":"https:\/\/www.visit-ulcinj.com\/blog\/#website","url":"https:\/\/www.visit-ulcinj.com\/blog\/","name":"Lajme nga Ulqini","description":"Lajme,Vijesti,Ulqini,Ulqin,Crna Gora,Mali i Zi","potentialAction":[{"@type":"SearchAction","target":{"@type":"EntryPoint","urlTemplate":"https:\/\/www.visit-ulcinj.com\/blog\/?s={search_term_string}"},"query-input":"required name=search_term_string"}],"inLanguage":"en-US"},{"@type":"ImageObject","inLanguage":"en-US","@id":"https:\/\/www.visit-ulcinj.com\/blog\/2009\/02\/12\/aida-tregon-per-humbjen-e-te-atit\/#primaryimage","url":"http:\/\/www.visit-ulcinj.com\/blog\/wp-content\/uploads\/2009\/02\/aidaaaaa.jpg","contentUrl":"http:\/\/www.visit-ulcinj.com\/blog\/wp-content\/uploads\/2009\/02\/aidaaaaa.jpg"},{"@type":"WebPage","@id":"https:\/\/www.visit-ulcinj.com\/blog\/2009\/02\/12\/aida-tregon-per-humbjen-e-te-atit\/#webpage","url":"https:\/\/www.visit-ulcinj.com\/blog\/2009\/02\/12\/aida-tregon-per-humbjen-e-te-atit\/","name":"Aida tregon p\u00c3\u00abr humbjen e t\u00c3\u00ab atit - Big Brother Albania","isPartOf":{"@id":"https:\/\/www.visit-ulcinj.com\/blog\/#website"},"primaryImageOfPage":{"@id":"https:\/\/www.visit-ulcinj.com\/blog\/2009\/02\/12\/aida-tregon-per-humbjen-e-te-atit\/#primaryimage"},"datePublished":"2009-02-12T14:36:41+00:00","dateModified":"2009-02-12T14:36:41+00:00","author":{"@id":"https:\/\/www.visit-ulcinj.com\/blog\/#\/schema\/person\/dcab619c614d3038751c63bc2aadc06d"},"description":"Big Brother Albania - Nj\u00c3\u00ab bised\u00c3\u00ab familjar\u00c3\u00ab starton mes Zhuljet\u00c3\u00abs, Arjonit dhe Aid\u00c3\u00abs. Kjo e fundit tregon p\u00c3\u00abr humbjen e prind\u00c3\u00abrve t\u00c3\u00ab saj, p\u00c3\u00abr v\u00c3\u00abllain e saj t\u00c3\u00ab vogel nga babai dhe m\u00c3\u00abnyr\u00c3\u00abn sesi jeton larg.","breadcrumb":{"@id":"https:\/\/www.visit-ulcinj.com\/blog\/2009\/02\/12\/aida-tregon-per-humbjen-e-te-atit\/#breadcrumb"},"inLanguage":"en-US","potentialAction":[{"@type":"ReadAction","target":["https:\/\/www.visit-ulcinj.com\/blog\/2009\/02\/12\/aida-tregon-per-humbjen-e-te-atit\/"]}]},{"@type":"BreadcrumbList","@id":"https:\/\/www.visit-ulcinj.com\/blog\/2009\/02\/12\/aida-tregon-per-humbjen-e-te-atit\/#breadcrumb","itemListElement":[{"@type":"ListItem","position":1,"name":"Aida tregon p\u00ebr humbjen e t\u00eb atit"}]},{"@type":"Person","@id":"https:\/\/www.visit-ulcinj.com\/blog\/#\/schema\/person\/dcab619c614d3038751c63bc2aadc06d","name":"ulqini","sameAs":["http:\/\/www.visit-ulcinj.com"],"url":"https:\/\/www.visit-ulcinj.com\/blog\/author\/admin\/"}]}},"jetpack_featured_media_url":"","jetpack_sharing_enabled":true,"jetpack_shortlink":"https:\/\/wp.me\/pe6lTn-2WN","_links":{"self":[{"href":"https:\/\/www.visit-ulcinj.com\/blog\/wp-json\/wp\/v2\/posts\/11333"}],"collection":[{"href":"https:\/\/www.visit-ulcinj.com\/blog\/wp-json\/wp\/v2\/posts"}],"about":[{"href":"https:\/\/www.visit-ulcinj.com\/blog\/wp-json\/wp\/v2\/types\/post"}],"author":[{"embeddable":true,"href":"https:\/\/www.visit-ulcinj.com\/blog\/wp-json\/wp\/v2\/users\/1"}],"replies":[{"embeddable":true,"href":"https:\/\/www.visit-ulcinj.com\/blog\/wp-json\/wp\/v2\/comments?post=11333"}],"version-history":[{"count":0,"href":"https:\/\/www.visit-ulcinj.com\/blog\/wp-json\/wp\/v2\/posts\/11333\/revisions"}],"wp:attachment":[{"href":"https:\/\/www.visit-ulcinj.com\/blog\/wp-json\/wp\/v2\/media?parent=11333"}],"wp:term":[{"taxonomy":"category","embeddable":true,"href":"https:\/\/www.visit-ulcinj.com\/blog\/wp-json\/wp\/v2\/categories?post=11333"},{"taxonomy":"post_tag","embeddable":true,"href":"https:\/\/www.visit-ulcinj.com\/blog\/wp-json\/wp\/v2\/tags?post=11333"}],"curies":[{"name":"wp","href":"https:\/\/api.w.org\/{rel}","templated":true}]}}