{"id":11336,"date":"2009-02-12T15:42:16","date_gmt":"2009-02-12T14:42:16","guid":{"rendered":"http:\/\/www.visit-ulcinj.com\/blog\/?p=11336"},"modified":"2009-02-12T15:42:16","modified_gmt":"2009-02-12T14:42:16","slug":"zhuljeta-e-agoni-kam-fobi-minjte","status":"publish","type":"post","link":"https:\/\/www.visit-ulcinj.com\/blog\/2009\/02\/12\/zhuljeta-e-agoni-kam-fobi-minjte\/","title":{"rendered":"Zhuljeta \u00eb Agoni &#8211; Kam fobi minjt\u00eb"},"content":{"rendered":"<p><strong><\/strong><em><span class=\"newsdate\"><a href=\"http:\/\/www.visit-ulcinj.com\/blog\/wp-content\/uploads\/2009\/02\/fobite-e-zhulit.jpg\"><img loading=\"lazy\" class=\"alignleft size-full wp-image-11337\" title=\"fobite-e-zhulit-big-brother-albania\" src=\"http:\/\/www.visit-ulcinj.com\/blog\/wp-content\/uploads\/2009\/02\/fobite-e-zhulit.jpg\" alt=\"fobite-e-zhulit-big-brother-albania\" width=\"300\" height=\"205\" \/><\/a>11\/02\/2009 18:30<\/span><\/em><\/p>\n<p>Agoni dhe Zhuljeta s\u00eb bashku bisedojn\u00eb p\u00ebr fobit\u00eb e tyre. Zhuljeta tregon se ka fobi minjt\u00eb, kjo \u00ebsht\u00eb arsyeja q\u00eb edhe lodra m\u00eb e preferuar q\u00eb mban \u00ebsht\u00eb nj\u00eb miush prej pellushi, me t\u00eb cilin edhe Agoni para pak dit\u00ebsh b\u00ebnte shaka. Sipas saj k\u00ebt\u00eb fobi ajo p\u00ebrpiqet ta luftoj\u00eb duke mbajtur nj\u00eb miush lod\u00ebr, p\u00ebr t\u00eb hequr pak nga pak frik\u00ebn. Agoni thot\u00eb se nuk ka asnj\u00eb fobi dhe p\u00ebrpiqet q\u00eb t\u00eb p\u00ebrshtatet me frik\u00ebrat e tij, nj\u00eb prej t\u00eb cilave para pak koh\u00ebsh ishin lart\u00ebsit\u00eb dhe trafiku i madh.<\/p>\n<p><em><strong>Top Channel<\/strong><\/em><\/p>\n","protected":false},"excerpt":{"rendered":"<p>11\/02\/2009 18:30 Agoni dhe Zhuljeta s\u00eb bashku bisedojn\u00eb p\u00ebr fobit\u00eb e tyre. Zhuljeta tregon se ka fobi minjt\u00eb, kjo \u00ebsht\u00eb arsyeja q\u00eb edhe lodra m\u00eb e preferuar q\u00eb mban \u00ebsht\u00eb nj\u00eb miush prej pellushi, me t\u00eb cilin edhe Agoni para pak dit\u00ebsh b\u00ebnte shaka. Sipas saj k\u00ebt\u00eb fobi ajo p\u00ebrpiqet ta luftoj\u00eb duke mbajtur nj\u00eb [&hellip;]<\/p>\n","protected":false},"author":1,"featured_media":0,"comment_status":"open","ping_status":"closed","sticky":false,"template":"","format":"standard","meta":{"spay_email":"","jetpack_publicize_message":"","jetpack_is_tweetstorm":false,"jetpack_publicize_feature_enabled":true},"categories":[6502],"tags":[6551,6638,6506,6688,49,4686,6693,6564],"jetpack_publicize_connections":[],"yoast_head":"<!-- This site is optimized with the Yoast SEO plugin v19.1 - https:\/\/yoast.com\/wordpress\/plugins\/seo\/ -->\n<title>Zhuljeta \u00c3\u00ab Agoni - Kam fobi minjt\u00c3\u00ab - Big Brother Albania<\/title>\n<meta name=\"description\" content=\"Agoni dhe Zhuljeta s\u00c3\u00ab bashku bisedojn\u00c3\u00ab p\u00c3\u00abr fobit\u00c3\u00ab e tyre.\" \/>\n<meta name=\"robots\" content=\"index, follow, max-snippet:-1, max-image-preview:large, max-video-preview:-1\" \/>\n<link rel=\"canonical\" href=\"https:\/\/www.visit-ulcinj.com\/blog\/2009\/02\/12\/zhuljeta-e-agoni-kam-fobi-minjte\/\" \/>\n<meta property=\"og:locale\" content=\"en_US\" \/>\n<meta property=\"og:type\" content=\"article\" \/>\n<meta property=\"og:title\" content=\"Zhuljeta \u00c3\u00ab Agoni - Kam fobi minjt\u00c3\u00ab - Big Brother Albania\" \/>\n<meta property=\"og:description\" content=\"Agoni dhe Zhuljeta s\u00c3\u00ab bashku bisedojn\u00c3\u00ab p\u00c3\u00abr fobit\u00c3\u00ab e tyre.\" \/>\n<meta property=\"og:url\" content=\"https:\/\/www.visit-ulcinj.com\/blog\/2009\/02\/12\/zhuljeta-e-agoni-kam-fobi-minjte\/\" \/>\n<meta property=\"og:site_name\" content=\"Lajme nga Ulqini\" \/>\n<meta property=\"article:published_time\" content=\"2009-02-12T14:42:16+00:00\" \/>\n<meta property=\"og:image\" content=\"http:\/\/www.visit-ulcinj.com\/blog\/wp-content\/uploads\/2009\/02\/fobite-e-zhulit.jpg\" \/>\n<meta name=\"twitter:label1\" content=\"Written by\" \/>\n\t<meta name=\"twitter:data1\" content=\"ulqini\" \/>\n\t<meta name=\"twitter:label2\" content=\"Est. reading time\" \/>\n\t<meta name=\"twitter:data2\" content=\"1 minute\" \/>\n<script type=\"application\/ld+json\" class=\"yoast-schema-graph\">{\"@context\":\"https:\/\/schema.org\",\"@graph\":[{\"@type\":\"WebSite\",\"@id\":\"https:\/\/www.visit-ulcinj.com\/blog\/#website\",\"url\":\"https:\/\/www.visit-ulcinj.com\/blog\/\",\"name\":\"Lajme nga Ulqini\",\"description\":\"Lajme,Vijesti,Ulqini,Ulqin,Crna Gora,Mali i Zi\",\"potentialAction\":[{\"@type\":\"SearchAction\",\"target\":{\"@type\":\"EntryPoint\",\"urlTemplate\":\"https:\/\/www.visit-ulcinj.com\/blog\/?s={search_term_string}\"},\"query-input\":\"required name=search_term_string\"}],\"inLanguage\":\"en-US\"},{\"@type\":\"ImageObject\",\"inLanguage\":\"en-US\",\"@id\":\"https:\/\/www.visit-ulcinj.com\/blog\/2009\/02\/12\/zhuljeta-e-agoni-kam-fobi-minjte\/#primaryimage\",\"url\":\"http:\/\/www.visit-ulcinj.com\/blog\/wp-content\/uploads\/2009\/02\/fobite-e-zhulit.jpg\",\"contentUrl\":\"http:\/\/www.visit-ulcinj.com\/blog\/wp-content\/uploads\/2009\/02\/fobite-e-zhulit.jpg\"},{\"@type\":\"WebPage\",\"@id\":\"https:\/\/www.visit-ulcinj.com\/blog\/2009\/02\/12\/zhuljeta-e-agoni-kam-fobi-minjte\/#webpage\",\"url\":\"https:\/\/www.visit-ulcinj.com\/blog\/2009\/02\/12\/zhuljeta-e-agoni-kam-fobi-minjte\/\",\"name\":\"Zhuljeta \u00c3\u00ab Agoni - Kam fobi minjt\u00c3\u00ab - Big Brother Albania\",\"isPartOf\":{\"@id\":\"https:\/\/www.visit-ulcinj.com\/blog\/#website\"},\"primaryImageOfPage\":{\"@id\":\"https:\/\/www.visit-ulcinj.com\/blog\/2009\/02\/12\/zhuljeta-e-agoni-kam-fobi-minjte\/#primaryimage\"},\"datePublished\":\"2009-02-12T14:42:16+00:00\",\"dateModified\":\"2009-02-12T14:42:16+00:00\",\"author\":{\"@id\":\"https:\/\/www.visit-ulcinj.com\/blog\/#\/schema\/person\/dcab619c614d3038751c63bc2aadc06d\"},\"description\":\"Agoni dhe Zhuljeta s\u00c3\u00ab bashku bisedojn\u00c3\u00ab p\u00c3\u00abr fobit\u00c3\u00ab e tyre.\",\"breadcrumb\":{\"@id\":\"https:\/\/www.visit-ulcinj.com\/blog\/2009\/02\/12\/zhuljeta-e-agoni-kam-fobi-minjte\/#breadcrumb\"},\"inLanguage\":\"en-US\",\"potentialAction\":[{\"@type\":\"ReadAction\",\"target\":[\"https:\/\/www.visit-ulcinj.com\/blog\/2009\/02\/12\/zhuljeta-e-agoni-kam-fobi-minjte\/\"]}]},{\"@type\":\"BreadcrumbList\",\"@id\":\"https:\/\/www.visit-ulcinj.com\/blog\/2009\/02\/12\/zhuljeta-e-agoni-kam-fobi-minjte\/#breadcrumb\",\"itemListElement\":[{\"@type\":\"ListItem\",\"position\":1,\"name\":\"Zhuljeta \u00eb Agoni &#8211; Kam fobi minjt\u00eb\"}]},{\"@type\":\"Person\",\"@id\":\"https:\/\/www.visit-ulcinj.com\/blog\/#\/schema\/person\/dcab619c614d3038751c63bc2aadc06d\",\"name\":\"ulqini\",\"sameAs\":[\"http:\/\/www.visit-ulcinj.com\"],\"url\":\"https:\/\/www.visit-ulcinj.com\/blog\/author\/admin\/\"}]}<\/script>\n<!-- \/ Yoast SEO plugin. -->","yoast_head_json":{"title":"Zhuljeta \u00c3\u00ab Agoni - Kam fobi minjt\u00c3\u00ab - Big Brother Albania","description":"Agoni dhe Zhuljeta s\u00c3\u00ab bashku bisedojn\u00c3\u00ab p\u00c3\u00abr fobit\u00c3\u00ab e tyre.","robots":{"index":"index","follow":"follow","max-snippet":"max-snippet:-1","max-image-preview":"max-image-preview:large","max-video-preview":"max-video-preview:-1"},"canonical":"https:\/\/www.visit-ulcinj.com\/blog\/2009\/02\/12\/zhuljeta-e-agoni-kam-fobi-minjte\/","og_locale":"en_US","og_type":"article","og_title":"Zhuljeta \u00c3\u00ab Agoni - Kam fobi minjt\u00c3\u00ab - Big Brother Albania","og_description":"Agoni dhe Zhuljeta s\u00c3\u00ab bashku bisedojn\u00c3\u00ab p\u00c3\u00abr fobit\u00c3\u00ab e tyre.","og_url":"https:\/\/www.visit-ulcinj.com\/blog\/2009\/02\/12\/zhuljeta-e-agoni-kam-fobi-minjte\/","og_site_name":"Lajme nga Ulqini","article_published_time":"2009-02-12T14:42:16+00:00","og_image":[{"url":"http:\/\/www.visit-ulcinj.com\/blog\/wp-content\/uploads\/2009\/02\/fobite-e-zhulit.jpg"}],"twitter_misc":{"Written by":"ulqini","Est. reading time":"1 minute"},"schema":{"@context":"https:\/\/schema.org","@graph":[{"@type":"WebSite","@id":"https:\/\/www.visit-ulcinj.com\/blog\/#website","url":"https:\/\/www.visit-ulcinj.com\/blog\/","name":"Lajme nga Ulqini","description":"Lajme,Vijesti,Ulqini,Ulqin,Crna Gora,Mali i Zi","potentialAction":[{"@type":"SearchAction","target":{"@type":"EntryPoint","urlTemplate":"https:\/\/www.visit-ulcinj.com\/blog\/?s={search_term_string}"},"query-input":"required name=search_term_string"}],"inLanguage":"en-US"},{"@type":"ImageObject","inLanguage":"en-US","@id":"https:\/\/www.visit-ulcinj.com\/blog\/2009\/02\/12\/zhuljeta-e-agoni-kam-fobi-minjte\/#primaryimage","url":"http:\/\/www.visit-ulcinj.com\/blog\/wp-content\/uploads\/2009\/02\/fobite-e-zhulit.jpg","contentUrl":"http:\/\/www.visit-ulcinj.com\/blog\/wp-content\/uploads\/2009\/02\/fobite-e-zhulit.jpg"},{"@type":"WebPage","@id":"https:\/\/www.visit-ulcinj.com\/blog\/2009\/02\/12\/zhuljeta-e-agoni-kam-fobi-minjte\/#webpage","url":"https:\/\/www.visit-ulcinj.com\/blog\/2009\/02\/12\/zhuljeta-e-agoni-kam-fobi-minjte\/","name":"Zhuljeta \u00c3\u00ab Agoni - Kam fobi minjt\u00c3\u00ab - Big Brother Albania","isPartOf":{"@id":"https:\/\/www.visit-ulcinj.com\/blog\/#website"},"primaryImageOfPage":{"@id":"https:\/\/www.visit-ulcinj.com\/blog\/2009\/02\/12\/zhuljeta-e-agoni-kam-fobi-minjte\/#primaryimage"},"datePublished":"2009-02-12T14:42:16+00:00","dateModified":"2009-02-12T14:42:16+00:00","author":{"@id":"https:\/\/www.visit-ulcinj.com\/blog\/#\/schema\/person\/dcab619c614d3038751c63bc2aadc06d"},"description":"Agoni dhe Zhuljeta s\u00c3\u00ab bashku bisedojn\u00c3\u00ab p\u00c3\u00abr fobit\u00c3\u00ab e tyre.","breadcrumb":{"@id":"https:\/\/www.visit-ulcinj.com\/blog\/2009\/02\/12\/zhuljeta-e-agoni-kam-fobi-minjte\/#breadcrumb"},"inLanguage":"en-US","potentialAction":[{"@type":"ReadAction","target":["https:\/\/www.visit-ulcinj.com\/blog\/2009\/02\/12\/zhuljeta-e-agoni-kam-fobi-minjte\/"]}]},{"@type":"BreadcrumbList","@id":"https:\/\/www.visit-ulcinj.com\/blog\/2009\/02\/12\/zhuljeta-e-agoni-kam-fobi-minjte\/#breadcrumb","itemListElement":[{"@type":"ListItem","position":1,"name":"Zhuljeta \u00eb Agoni &#8211; Kam fobi minjt\u00eb"}]},{"@type":"Person","@id":"https:\/\/www.visit-ulcinj.com\/blog\/#\/schema\/person\/dcab619c614d3038751c63bc2aadc06d","name":"ulqini","sameAs":["http:\/\/www.visit-ulcinj.com"],"url":"https:\/\/www.visit-ulcinj.com\/blog\/author\/admin\/"}]}},"jetpack_featured_media_url":"","jetpack_sharing_enabled":true,"jetpack_shortlink":"https:\/\/wp.me\/pe6lTn-2WQ","_links":{"self":[{"href":"https:\/\/www.visit-ulcinj.com\/blog\/wp-json\/wp\/v2\/posts\/11336"}],"collection":[{"href":"https:\/\/www.visit-ulcinj.com\/blog\/wp-json\/wp\/v2\/posts"}],"about":[{"href":"https:\/\/www.visit-ulcinj.com\/blog\/wp-json\/wp\/v2\/types\/post"}],"author":[{"embeddable":true,"href":"https:\/\/www.visit-ulcinj.com\/blog\/wp-json\/wp\/v2\/users\/1"}],"replies":[{"embeddable":true,"href":"https:\/\/www.visit-ulcinj.com\/blog\/wp-json\/wp\/v2\/comments?post=11336"}],"version-history":[{"count":0,"href":"https:\/\/www.visit-ulcinj.com\/blog\/wp-json\/wp\/v2\/posts\/11336\/revisions"}],"wp:attachment":[{"href":"https:\/\/www.visit-ulcinj.com\/blog\/wp-json\/wp\/v2\/media?parent=11336"}],"wp:term":[{"taxonomy":"category","embeddable":true,"href":"https:\/\/www.visit-ulcinj.com\/blog\/wp-json\/wp\/v2\/categories?post=11336"},{"taxonomy":"post_tag","embeddable":true,"href":"https:\/\/www.visit-ulcinj.com\/blog\/wp-json\/wp\/v2\/tags?post=11336"}],"curies":[{"name":"wp","href":"https:\/\/api.w.org\/{rel}","templated":true}]}}