{"id":1135,"date":"2008-04-04T11:17:51","date_gmt":"2008-04-04T16:17:51","guid":{"rendered":"http:\/\/www.visit-ulcinj.com\/blog\/?p=1135"},"modified":"2008-04-05T12:45:04","modified_gmt":"2008-04-05T17:45:04","slug":"pocelo-obiljezavanje-dana-opstine-ulcinj","status":"publish","type":"post","link":"https:\/\/www.visit-ulcinj.com\/blog\/2008\/04\/04\/pocelo-obiljezavanje-dana-opstine-ulcinj\/","title":{"rendered":"Po?elo obilje\u017eavanje Dana op\u0161tine Ulcinj"},"content":{"rendered":"<p><a href=\"http:\/\/www.visit-ulcinj.com\/blog\/wp-content\/uploads\/2008\/04\/gzim-hajdinaga_ulcinj1.jpg\"><img loading=\"lazy\" class=\"alignleft size-medium wp-image-1137\" style=\"float: left;\" title=\"gzim-hajdinaga_ulcinj1\" src=\"http:\/\/www.visit-ulcinj.com\/blog\/wp-content\/uploads\/2008\/04\/gzim-hajdinaga_ulcinj1.jpg\" alt=\"Gradona?elnik Ulcinja Gzim Hajdinaga\" width=\"290\" height=\"190\" \/><\/a><strong>Kamen temeljac za d\u017eamiju Marinareve na Pristanu<\/strong><br \/>\nULCINJ &#8211; Kamen temeljac za gradnju d\u017eamije Marinareve na Maloj pla\u017ei postavili su ju?e predsjednik Op\u0161tine Gzim Hajdinaga i reis Islamske zajednice Crne Gore Rifat Fejzi?.<br \/>\nKamen temeljac je postavljen u sklopu proslave Dana Ulcinja, koji je po?eo da se obilje\u017eava ju?e, a prigodne manifestacije, kao i otvaranje novih objekata traja?e do subote.<br \/>\n&#8211; Dana\u0161nji dan &#8211; 3.april, bi?e jedan od najzna?ajnih datuma za Ulcinj, dan kada poslije 77 godina vra?amo d\u017eamiji Marinareve nacionalni i vijerski identitet, na istom mjestu gdje je nekada bila i u istom stilu &#8211; kazao je Hajdinaga.<br \/>\nFejzi? je izrazio zadovoljstvo \u0161to prisustvuje ovom zna?ajnom doga?aju, istakav\u0161i da ?e gradnja d\u017eamije Marinareve imati, ne samo veliki vjerski zna?aj, ve? i kulturni, ali i turisti?ki. Reis je kazao da ?e d\u017eamija biti biser grada, po kom ?e Ulcinj biti prepoznatljiv.<br \/>\nPredsjednik islamske zajednice Ulcinja Avdo Gorana kazao je da ?e se d\u017eamija graditi donacijama gra?ana.<br \/>\nPo?etak obilje\u017eavanja Dana op\u0161tine Ulcinj po?eo je ju?e prijemom vjerskih velikodostojnika u kabinet gradona?elnika Hajdinage.<a href=\"http:\/\/www.visit-ulcinj.com\/blog\/wp-content\/uploads\/2008\/04\/temelet-e-xhamis-se-marinarve1.jpg\"><img loading=\"lazy\" class=\"alignright size-thumbnail wp-image-1144\" style=\"float: right;\" title=\"temelet-e-xhamis-se-marinarve1\" src=\"http:\/\/www.visit-ulcinj.com\/blog\/wp-content\/uploads\/2008\/04\/temelet-e-xhamis-se-marinarve1-150x150.jpg\" alt=\"temelet-e-xhamis-se-marinarve\" width=\"191\" height=\"164\" \/><\/a><br \/>\nHajdinaga je ugostio glavnog imama Red\u017eepa Liku, don Tomu Ko?ovi?a i velikodostojnika Srpske pravoslavne crkve Radoicu Bo\u017eovi?a.<br \/>\nGradona?elnik je izrazio zadovoljstvo \u0161to proslava Dana Ulcinja po?inje susretom s vjerskim velikodostojnicima.<br \/>\nU sklopu obilje\u017eavanja Dana Op\u0161tine, ju?e je pu\u0161tena u rad javna rasvjeta na potezu od benzinske pumpe Jugopetrol do skretnice za Valdanos.<br \/>\n<strong> S. Gani?<\/strong><\/p>\n<p><strong><\/strong><br \/>\n<strong> SVE?ANO U SUBOTU<\/strong><br \/>\nU \u0160toju je za danas najavljena prezentacija opreme italijanskog CINS-a i dodjela priznanja najistaknutijim u?enicima i studentima Ulcinja.<br \/>\nDan op\u0161tine bi?e obilje\u017een sjutra sve?anom sjednicom SO u Domu kulture i bogatim kulturno-umjetni?kim i zabavnim programom. Najavljeno je odr\u017eavanje me?unarodnog karate turnira i otvaranje izlo\u017ebe slika Isufa ?onija i sajma ishrane u Holegru, a bi?e odr\u017eana i sve?ana akademija.<br \/>\nU ve?ernjim satima, u Domu kulture u\u017eiva?e ljubitelji starogradskih pjesama koje ?e izvesti Kastriot Tu\u0161a i Manjola Nalbani, a ne\u0161to kasnije na Pristanu ?e biti odr\u017ean koncert ansambla iz Tirane i Pljevaljskih tambura\u0161a.<br \/>\nZa kraj, organizatori programa su, tako?e na Pristanu, najavili veliki vatromet i performans Galadri grupa.<\/p>\n","protected":false},"excerpt":{"rendered":"<p><img loading=\"lazy\" class=\"alignleft size-medium wp-image-1137\" style=\"float: left;\" title=\"gzim-hajdinaga_ulcinj1\" src=\"http:\/\/www.visit-ulcinj.com\/blog\/wp-content\/uploads\/2008\/04\/gzim-hajdinaga_ulcinj1.jpg\" alt=\"Gradona?elnik Ulcinja Gzim Hajdinaga\" width=\"140\" height=\"140\" \/><\/p>\n","protected":false},"author":1,"featured_media":0,"comment_status":"open","ping_status":"closed","sticky":false,"template":"","format":"standard","meta":{"spay_email":"","jetpack_publicize_message":"","jetpack_is_tweetstorm":false,"jetpack_publicize_feature_enabled":true},"categories":[1,11],"tags":[2419,2422,2423,2418,2417,2421,2420],"jetpack_publicize_connections":[],"yoast_head":"<!-- This site is optimized with the Yoast SEO plugin v19.1 - https:\/\/yoast.com\/wordpress\/plugins\/seo\/ -->\n<title>Po?elo obilje\u017eavanje Dana op\u0161tine Ulcinj - Lajme nga Ulqini<\/title>\n<meta name=\"robots\" content=\"index, follow, max-snippet:-1, max-image-preview:large, max-video-preview:-1\" \/>\n<link rel=\"canonical\" href=\"https:\/\/www.visit-ulcinj.com\/blog\/2008\/04\/04\/pocelo-obiljezavanje-dana-opstine-ulcinj\/\" \/>\n<meta property=\"og:locale\" content=\"en_US\" \/>\n<meta property=\"og:type\" content=\"article\" \/>\n<meta property=\"og:title\" content=\"Po?elo obilje\u017eavanje Dana op\u0161tine Ulcinj - Lajme nga Ulqini\" \/>\n<meta property=\"og:url\" content=\"https:\/\/www.visit-ulcinj.com\/blog\/2008\/04\/04\/pocelo-obiljezavanje-dana-opstine-ulcinj\/\" \/>\n<meta property=\"og:site_name\" content=\"Lajme nga Ulqini\" \/>\n<meta property=\"article:published_time\" content=\"2008-04-04T16:17:51+00:00\" \/>\n<meta property=\"article:modified_time\" content=\"2008-04-05T17:45:04+00:00\" \/>\n<meta property=\"og:image\" content=\"http:\/\/www.visit-ulcinj.com\/blog\/wp-content\/uploads\/2008\/04\/gzim-hajdinaga_ulcinj1.jpg\" \/>\n<meta name=\"twitter:label1\" content=\"Written by\" \/>\n\t<meta name=\"twitter:data1\" content=\"ulqini\" \/>\n\t<meta name=\"twitter:label2\" content=\"Est. reading time\" \/>\n\t<meta name=\"twitter:data2\" content=\"2 minutes\" \/>\n<script type=\"application\/ld+json\" class=\"yoast-schema-graph\">{\"@context\":\"https:\/\/schema.org\",\"@graph\":[{\"@type\":\"WebSite\",\"@id\":\"https:\/\/www.visit-ulcinj.com\/blog\/#website\",\"url\":\"https:\/\/www.visit-ulcinj.com\/blog\/\",\"name\":\"Lajme nga Ulqini\",\"description\":\"Lajme,Vijesti,Ulqini,Ulqin,Crna Gora,Mali i Zi\",\"potentialAction\":[{\"@type\":\"SearchAction\",\"target\":{\"@type\":\"EntryPoint\",\"urlTemplate\":\"https:\/\/www.visit-ulcinj.com\/blog\/?s={search_term_string}\"},\"query-input\":\"required name=search_term_string\"}],\"inLanguage\":\"en-US\"},{\"@type\":\"ImageObject\",\"inLanguage\":\"en-US\",\"@id\":\"https:\/\/www.visit-ulcinj.com\/blog\/2008\/04\/04\/pocelo-obiljezavanje-dana-opstine-ulcinj\/#primaryimage\",\"url\":\"http:\/\/www.visit-ulcinj.com\/blog\/wp-content\/uploads\/2008\/04\/gzim-hajdinaga_ulcinj1.jpg\",\"contentUrl\":\"http:\/\/www.visit-ulcinj.com\/blog\/wp-content\/uploads\/2008\/04\/gzim-hajdinaga_ulcinj1.jpg\"},{\"@type\":\"WebPage\",\"@id\":\"https:\/\/www.visit-ulcinj.com\/blog\/2008\/04\/04\/pocelo-obiljezavanje-dana-opstine-ulcinj\/#webpage\",\"url\":\"https:\/\/www.visit-ulcinj.com\/blog\/2008\/04\/04\/pocelo-obiljezavanje-dana-opstine-ulcinj\/\",\"name\":\"Po?elo obilje\u017eavanje Dana op\u0161tine Ulcinj - Lajme nga Ulqini\",\"isPartOf\":{\"@id\":\"https:\/\/www.visit-ulcinj.com\/blog\/#website\"},\"primaryImageOfPage\":{\"@id\":\"https:\/\/www.visit-ulcinj.com\/blog\/2008\/04\/04\/pocelo-obiljezavanje-dana-opstine-ulcinj\/#primaryimage\"},\"datePublished\":\"2008-04-04T16:17:51+00:00\",\"dateModified\":\"2008-04-05T17:45:04+00:00\",\"author\":{\"@id\":\"https:\/\/www.visit-ulcinj.com\/blog\/#\/schema\/person\/dcab619c614d3038751c63bc2aadc06d\"},\"breadcrumb\":{\"@id\":\"https:\/\/www.visit-ulcinj.com\/blog\/2008\/04\/04\/pocelo-obiljezavanje-dana-opstine-ulcinj\/#breadcrumb\"},\"inLanguage\":\"en-US\",\"potentialAction\":[{\"@type\":\"ReadAction\",\"target\":[\"https:\/\/www.visit-ulcinj.com\/blog\/2008\/04\/04\/pocelo-obiljezavanje-dana-opstine-ulcinj\/\"]}]},{\"@type\":\"BreadcrumbList\",\"@id\":\"https:\/\/www.visit-ulcinj.com\/blog\/2008\/04\/04\/pocelo-obiljezavanje-dana-opstine-ulcinj\/#breadcrumb\",\"itemListElement\":[{\"@type\":\"ListItem\",\"position\":1,\"name\":\"Po?elo obilje\u017eavanje Dana op\u0161tine Ulcinj\"}]},{\"@type\":\"Person\",\"@id\":\"https:\/\/www.visit-ulcinj.com\/blog\/#\/schema\/person\/dcab619c614d3038751c63bc2aadc06d\",\"name\":\"ulqini\",\"sameAs\":[\"http:\/\/www.visit-ulcinj.com\"],\"url\":\"https:\/\/www.visit-ulcinj.com\/blog\/author\/admin\/\"}]}<\/script>\n<!-- \/ Yoast SEO plugin. -->","yoast_head_json":{"title":"Po?elo obilje\u017eavanje Dana op\u0161tine Ulcinj - Lajme nga Ulqini","robots":{"index":"index","follow":"follow","max-snippet":"max-snippet:-1","max-image-preview":"max-image-preview:large","max-video-preview":"max-video-preview:-1"},"canonical":"https:\/\/www.visit-ulcinj.com\/blog\/2008\/04\/04\/pocelo-obiljezavanje-dana-opstine-ulcinj\/","og_locale":"en_US","og_type":"article","og_title":"Po?elo obilje\u017eavanje Dana op\u0161tine Ulcinj - Lajme nga Ulqini","og_url":"https:\/\/www.visit-ulcinj.com\/blog\/2008\/04\/04\/pocelo-obiljezavanje-dana-opstine-ulcinj\/","og_site_name":"Lajme nga Ulqini","article_published_time":"2008-04-04T16:17:51+00:00","article_modified_time":"2008-04-05T17:45:04+00:00","og_image":[{"url":"http:\/\/www.visit-ulcinj.com\/blog\/wp-content\/uploads\/2008\/04\/gzim-hajdinaga_ulcinj1.jpg"}],"twitter_misc":{"Written by":"ulqini","Est. reading time":"2 minutes"},"schema":{"@context":"https:\/\/schema.org","@graph":[{"@type":"WebSite","@id":"https:\/\/www.visit-ulcinj.com\/blog\/#website","url":"https:\/\/www.visit-ulcinj.com\/blog\/","name":"Lajme nga Ulqini","description":"Lajme,Vijesti,Ulqini,Ulqin,Crna Gora,Mali i Zi","potentialAction":[{"@type":"SearchAction","target":{"@type":"EntryPoint","urlTemplate":"https:\/\/www.visit-ulcinj.com\/blog\/?s={search_term_string}"},"query-input":"required name=search_term_string"}],"inLanguage":"en-US"},{"@type":"ImageObject","inLanguage":"en-US","@id":"https:\/\/www.visit-ulcinj.com\/blog\/2008\/04\/04\/pocelo-obiljezavanje-dana-opstine-ulcinj\/#primaryimage","url":"http:\/\/www.visit-ulcinj.com\/blog\/wp-content\/uploads\/2008\/04\/gzim-hajdinaga_ulcinj1.jpg","contentUrl":"http:\/\/www.visit-ulcinj.com\/blog\/wp-content\/uploads\/2008\/04\/gzim-hajdinaga_ulcinj1.jpg"},{"@type":"WebPage","@id":"https:\/\/www.visit-ulcinj.com\/blog\/2008\/04\/04\/pocelo-obiljezavanje-dana-opstine-ulcinj\/#webpage","url":"https:\/\/www.visit-ulcinj.com\/blog\/2008\/04\/04\/pocelo-obiljezavanje-dana-opstine-ulcinj\/","name":"Po?elo obilje\u017eavanje Dana op\u0161tine Ulcinj - Lajme nga Ulqini","isPartOf":{"@id":"https:\/\/www.visit-ulcinj.com\/blog\/#website"},"primaryImageOfPage":{"@id":"https:\/\/www.visit-ulcinj.com\/blog\/2008\/04\/04\/pocelo-obiljezavanje-dana-opstine-ulcinj\/#primaryimage"},"datePublished":"2008-04-04T16:17:51+00:00","dateModified":"2008-04-05T17:45:04+00:00","author":{"@id":"https:\/\/www.visit-ulcinj.com\/blog\/#\/schema\/person\/dcab619c614d3038751c63bc2aadc06d"},"breadcrumb":{"@id":"https:\/\/www.visit-ulcinj.com\/blog\/2008\/04\/04\/pocelo-obiljezavanje-dana-opstine-ulcinj\/#breadcrumb"},"inLanguage":"en-US","potentialAction":[{"@type":"ReadAction","target":["https:\/\/www.visit-ulcinj.com\/blog\/2008\/04\/04\/pocelo-obiljezavanje-dana-opstine-ulcinj\/"]}]},{"@type":"BreadcrumbList","@id":"https:\/\/www.visit-ulcinj.com\/blog\/2008\/04\/04\/pocelo-obiljezavanje-dana-opstine-ulcinj\/#breadcrumb","itemListElement":[{"@type":"ListItem","position":1,"name":"Po?elo obilje\u017eavanje Dana op\u0161tine Ulcinj"}]},{"@type":"Person","@id":"https:\/\/www.visit-ulcinj.com\/blog\/#\/schema\/person\/dcab619c614d3038751c63bc2aadc06d","name":"ulqini","sameAs":["http:\/\/www.visit-ulcinj.com"],"url":"https:\/\/www.visit-ulcinj.com\/blog\/author\/admin\/"}]}},"jetpack_featured_media_url":"","jetpack_sharing_enabled":true,"jetpack_shortlink":"https:\/\/wp.me\/pe6lTn-ij","_links":{"self":[{"href":"https:\/\/www.visit-ulcinj.com\/blog\/wp-json\/wp\/v2\/posts\/1135"}],"collection":[{"href":"https:\/\/www.visit-ulcinj.com\/blog\/wp-json\/wp\/v2\/posts"}],"about":[{"href":"https:\/\/www.visit-ulcinj.com\/blog\/wp-json\/wp\/v2\/types\/post"}],"author":[{"embeddable":true,"href":"https:\/\/www.visit-ulcinj.com\/blog\/wp-json\/wp\/v2\/users\/1"}],"replies":[{"embeddable":true,"href":"https:\/\/www.visit-ulcinj.com\/blog\/wp-json\/wp\/v2\/comments?post=1135"}],"version-history":[{"count":0,"href":"https:\/\/www.visit-ulcinj.com\/blog\/wp-json\/wp\/v2\/posts\/1135\/revisions"}],"wp:attachment":[{"href":"https:\/\/www.visit-ulcinj.com\/blog\/wp-json\/wp\/v2\/media?parent=1135"}],"wp:term":[{"taxonomy":"category","embeddable":true,"href":"https:\/\/www.visit-ulcinj.com\/blog\/wp-json\/wp\/v2\/categories?post=1135"},{"taxonomy":"post_tag","embeddable":true,"href":"https:\/\/www.visit-ulcinj.com\/blog\/wp-json\/wp\/v2\/tags?post=1135"}],"curies":[{"name":"wp","href":"https:\/\/api.w.org\/{rel}","templated":true}]}}