{"id":11352,"date":"2009-02-12T16:07:23","date_gmt":"2009-02-12T15:07:23","guid":{"rendered":"http:\/\/www.visit-ulcinj.com\/blog\/?p=11352"},"modified":"2009-02-12T16:07:23","modified_gmt":"2009-02-12T15:07:23","slug":"bjordi-kujdeset-per-mimozen","status":"publish","type":"post","link":"https:\/\/www.visit-ulcinj.com\/blog\/2009\/02\/12\/bjordi-kujdeset-per-mimozen\/","title":{"rendered":"Bjordi kujdeset p\u00ebr Mimoz\u00ebn"},"content":{"rendered":"<p><strong><\/strong><em><span class=\"newsdate\"><strong><\/strong><a href=\"http:\/\/www.visit-ulcinj.com\/blog\/wp-content\/uploads\/2009\/02\/kiss.jpg\"><img loading=\"lazy\" class=\"alignleft size-full wp-image-11353\" title=\"kiss-big-brother-albania\" src=\"http:\/\/www.visit-ulcinj.com\/blog\/wp-content\/uploads\/2009\/02\/kiss.jpg\" alt=\"kiss-big-brother-albania\" width=\"300\" height=\"205\" \/><\/a>11\/02\/2009 22:35<\/span><\/em><\/p>\n<p>Pas valsit Mimoza shtrihet e lodhur n\u00eb divan. Edhe pse sapo ka vrar\u00eb dor\u00ebn, Bjordi e sheh me kujdes dhe i afrohet. Ulet af\u00ebr saj dhe e pyet \u00e7far\u00eb ka q\u00eb rri e m\u00ebrzitur. N\u00eb fillim ai nuk arrin t\u00eb kutoj\u00eb mir\u00eb t\u00eb folur\u00ebn e vajz\u00ebs nga Kosova, por ajo i thot\u00eb q\u00eb nuk ka asnj\u00eb shkak q\u00eb t\u00eb jet\u00eb m\u00ebrzitur. Ai i prek flok\u00ebt dhe i k\u00ebrkon para se t\u00eb ngrihet nga kolltuku q\u00eb Mimoza t\u00eb mos m\u00ebrzitet, por ajo qesh dhe kthen kok\u00ebn nga krahu tjet\u00ebr. Nd\u00ebrkoh\u00eb, Adi dhe Adela q\u00eb e shohin k\u00ebt\u00eb sken\u00eb i afrohen dhe i thon\u00eb se ky moment p\u00ebr \u00e7iftin duhet fiksuar n\u00eb celuloid, madje largohen ngadal\u00eb me q\u00ebllim q\u00eb dy m\u00eb t\u00eb v\u00ebgjlit e sht\u00ebpis\u00eb t\u00eb rrin\u00eb s\u00eb bashku.<\/p>\n","protected":false},"excerpt":{"rendered":"<p>11\/02\/2009 22:35 Pas valsit Mimoza shtrihet e lodhur n\u00eb divan. Edhe pse sapo ka vrar\u00eb dor\u00ebn, Bjordi e sheh me kujdes dhe i afrohet. Ulet af\u00ebr saj dhe e pyet \u00e7far\u00eb ka q\u00eb rri e m\u00ebrzitur. N\u00eb fillim ai nuk arrin t\u00eb kutoj\u00eb mir\u00eb t\u00eb folur\u00ebn e vajz\u00ebs nga Kosova, por ajo i thot\u00eb q\u00eb [&hellip;]<\/p>\n","protected":false},"author":1,"featured_media":0,"comment_status":"open","ping_status":"closed","sticky":false,"template":"","format":"standard","meta":{"spay_email":"","jetpack_publicize_message":"","jetpack_is_tweetstorm":false,"jetpack_publicize_feature_enabled":true},"categories":[6502],"tags":[6506,6688,6665,6765,49,6568,6693],"jetpack_publicize_connections":[],"yoast_head":"<!-- This site is optimized with the Yoast SEO plugin v19.1 - https:\/\/yoast.com\/wordpress\/plugins\/seo\/ -->\n<title>Bjordi kujdeset p\u00c3\u00abr Mimoz\u00c3\u00abn - Big Brother Albania<\/title>\n<meta name=\"description\" content=\"Big Brother Albania - Pas valsit Mimoza shtrihet e lodhur n\u00c3\u00ab divan.\" \/>\n<meta name=\"robots\" content=\"index, follow, max-snippet:-1, max-image-preview:large, max-video-preview:-1\" \/>\n<link rel=\"canonical\" href=\"https:\/\/www.visit-ulcinj.com\/blog\/2009\/02\/12\/bjordi-kujdeset-per-mimozen\/\" \/>\n<meta property=\"og:locale\" content=\"en_US\" \/>\n<meta property=\"og:type\" content=\"article\" \/>\n<meta property=\"og:title\" content=\"Bjordi kujdeset p\u00c3\u00abr Mimoz\u00c3\u00abn - Big Brother Albania\" \/>\n<meta property=\"og:description\" content=\"Big Brother Albania - Pas valsit Mimoza shtrihet e lodhur n\u00c3\u00ab divan.\" \/>\n<meta property=\"og:url\" content=\"https:\/\/www.visit-ulcinj.com\/blog\/2009\/02\/12\/bjordi-kujdeset-per-mimozen\/\" \/>\n<meta property=\"og:site_name\" content=\"Lajme nga Ulqini\" \/>\n<meta property=\"article:published_time\" content=\"2009-02-12T15:07:23+00:00\" \/>\n<meta property=\"og:image\" content=\"http:\/\/www.visit-ulcinj.com\/blog\/wp-content\/uploads\/2009\/02\/kiss.jpg\" \/>\n<meta name=\"twitter:label1\" content=\"Written by\" \/>\n\t<meta name=\"twitter:data1\" content=\"ulqini\" \/>\n\t<meta name=\"twitter:label2\" content=\"Est. reading time\" \/>\n\t<meta name=\"twitter:data2\" content=\"1 minute\" \/>\n<script type=\"application\/ld+json\" class=\"yoast-schema-graph\">{\"@context\":\"https:\/\/schema.org\",\"@graph\":[{\"@type\":\"WebSite\",\"@id\":\"https:\/\/www.visit-ulcinj.com\/blog\/#website\",\"url\":\"https:\/\/www.visit-ulcinj.com\/blog\/\",\"name\":\"Lajme nga Ulqini\",\"description\":\"Lajme,Vijesti,Ulqini,Ulqin,Crna Gora,Mali i Zi\",\"potentialAction\":[{\"@type\":\"SearchAction\",\"target\":{\"@type\":\"EntryPoint\",\"urlTemplate\":\"https:\/\/www.visit-ulcinj.com\/blog\/?s={search_term_string}\"},\"query-input\":\"required name=search_term_string\"}],\"inLanguage\":\"en-US\"},{\"@type\":\"ImageObject\",\"inLanguage\":\"en-US\",\"@id\":\"https:\/\/www.visit-ulcinj.com\/blog\/2009\/02\/12\/bjordi-kujdeset-per-mimozen\/#primaryimage\",\"url\":\"http:\/\/www.visit-ulcinj.com\/blog\/wp-content\/uploads\/2009\/02\/kiss.jpg\",\"contentUrl\":\"http:\/\/www.visit-ulcinj.com\/blog\/wp-content\/uploads\/2009\/02\/kiss.jpg\"},{\"@type\":\"WebPage\",\"@id\":\"https:\/\/www.visit-ulcinj.com\/blog\/2009\/02\/12\/bjordi-kujdeset-per-mimozen\/#webpage\",\"url\":\"https:\/\/www.visit-ulcinj.com\/blog\/2009\/02\/12\/bjordi-kujdeset-per-mimozen\/\",\"name\":\"Bjordi kujdeset p\u00c3\u00abr Mimoz\u00c3\u00abn - Big Brother Albania\",\"isPartOf\":{\"@id\":\"https:\/\/www.visit-ulcinj.com\/blog\/#website\"},\"primaryImageOfPage\":{\"@id\":\"https:\/\/www.visit-ulcinj.com\/blog\/2009\/02\/12\/bjordi-kujdeset-per-mimozen\/#primaryimage\"},\"datePublished\":\"2009-02-12T15:07:23+00:00\",\"dateModified\":\"2009-02-12T15:07:23+00:00\",\"author\":{\"@id\":\"https:\/\/www.visit-ulcinj.com\/blog\/#\/schema\/person\/dcab619c614d3038751c63bc2aadc06d\"},\"description\":\"Big Brother Albania - Pas valsit Mimoza shtrihet e lodhur n\u00c3\u00ab divan.\",\"breadcrumb\":{\"@id\":\"https:\/\/www.visit-ulcinj.com\/blog\/2009\/02\/12\/bjordi-kujdeset-per-mimozen\/#breadcrumb\"},\"inLanguage\":\"en-US\",\"potentialAction\":[{\"@type\":\"ReadAction\",\"target\":[\"https:\/\/www.visit-ulcinj.com\/blog\/2009\/02\/12\/bjordi-kujdeset-per-mimozen\/\"]}]},{\"@type\":\"BreadcrumbList\",\"@id\":\"https:\/\/www.visit-ulcinj.com\/blog\/2009\/02\/12\/bjordi-kujdeset-per-mimozen\/#breadcrumb\",\"itemListElement\":[{\"@type\":\"ListItem\",\"position\":1,\"name\":\"Bjordi kujdeset p\u00ebr Mimoz\u00ebn\"}]},{\"@type\":\"Person\",\"@id\":\"https:\/\/www.visit-ulcinj.com\/blog\/#\/schema\/person\/dcab619c614d3038751c63bc2aadc06d\",\"name\":\"ulqini\",\"sameAs\":[\"http:\/\/www.visit-ulcinj.com\"],\"url\":\"https:\/\/www.visit-ulcinj.com\/blog\/author\/admin\/\"}]}<\/script>\n<!-- \/ Yoast SEO plugin. -->","yoast_head_json":{"title":"Bjordi kujdeset p\u00c3\u00abr Mimoz\u00c3\u00abn - Big Brother Albania","description":"Big Brother Albania - Pas valsit Mimoza shtrihet e lodhur n\u00c3\u00ab divan.","robots":{"index":"index","follow":"follow","max-snippet":"max-snippet:-1","max-image-preview":"max-image-preview:large","max-video-preview":"max-video-preview:-1"},"canonical":"https:\/\/www.visit-ulcinj.com\/blog\/2009\/02\/12\/bjordi-kujdeset-per-mimozen\/","og_locale":"en_US","og_type":"article","og_title":"Bjordi kujdeset p\u00c3\u00abr Mimoz\u00c3\u00abn - Big Brother Albania","og_description":"Big Brother Albania - Pas valsit Mimoza shtrihet e lodhur n\u00c3\u00ab divan.","og_url":"https:\/\/www.visit-ulcinj.com\/blog\/2009\/02\/12\/bjordi-kujdeset-per-mimozen\/","og_site_name":"Lajme nga Ulqini","article_published_time":"2009-02-12T15:07:23+00:00","og_image":[{"url":"http:\/\/www.visit-ulcinj.com\/blog\/wp-content\/uploads\/2009\/02\/kiss.jpg"}],"twitter_misc":{"Written by":"ulqini","Est. reading time":"1 minute"},"schema":{"@context":"https:\/\/schema.org","@graph":[{"@type":"WebSite","@id":"https:\/\/www.visit-ulcinj.com\/blog\/#website","url":"https:\/\/www.visit-ulcinj.com\/blog\/","name":"Lajme nga Ulqini","description":"Lajme,Vijesti,Ulqini,Ulqin,Crna Gora,Mali i Zi","potentialAction":[{"@type":"SearchAction","target":{"@type":"EntryPoint","urlTemplate":"https:\/\/www.visit-ulcinj.com\/blog\/?s={search_term_string}"},"query-input":"required name=search_term_string"}],"inLanguage":"en-US"},{"@type":"ImageObject","inLanguage":"en-US","@id":"https:\/\/www.visit-ulcinj.com\/blog\/2009\/02\/12\/bjordi-kujdeset-per-mimozen\/#primaryimage","url":"http:\/\/www.visit-ulcinj.com\/blog\/wp-content\/uploads\/2009\/02\/kiss.jpg","contentUrl":"http:\/\/www.visit-ulcinj.com\/blog\/wp-content\/uploads\/2009\/02\/kiss.jpg"},{"@type":"WebPage","@id":"https:\/\/www.visit-ulcinj.com\/blog\/2009\/02\/12\/bjordi-kujdeset-per-mimozen\/#webpage","url":"https:\/\/www.visit-ulcinj.com\/blog\/2009\/02\/12\/bjordi-kujdeset-per-mimozen\/","name":"Bjordi kujdeset p\u00c3\u00abr Mimoz\u00c3\u00abn - Big Brother Albania","isPartOf":{"@id":"https:\/\/www.visit-ulcinj.com\/blog\/#website"},"primaryImageOfPage":{"@id":"https:\/\/www.visit-ulcinj.com\/blog\/2009\/02\/12\/bjordi-kujdeset-per-mimozen\/#primaryimage"},"datePublished":"2009-02-12T15:07:23+00:00","dateModified":"2009-02-12T15:07:23+00:00","author":{"@id":"https:\/\/www.visit-ulcinj.com\/blog\/#\/schema\/person\/dcab619c614d3038751c63bc2aadc06d"},"description":"Big Brother Albania - Pas valsit Mimoza shtrihet e lodhur n\u00c3\u00ab divan.","breadcrumb":{"@id":"https:\/\/www.visit-ulcinj.com\/blog\/2009\/02\/12\/bjordi-kujdeset-per-mimozen\/#breadcrumb"},"inLanguage":"en-US","potentialAction":[{"@type":"ReadAction","target":["https:\/\/www.visit-ulcinj.com\/blog\/2009\/02\/12\/bjordi-kujdeset-per-mimozen\/"]}]},{"@type":"BreadcrumbList","@id":"https:\/\/www.visit-ulcinj.com\/blog\/2009\/02\/12\/bjordi-kujdeset-per-mimozen\/#breadcrumb","itemListElement":[{"@type":"ListItem","position":1,"name":"Bjordi kujdeset p\u00ebr Mimoz\u00ebn"}]},{"@type":"Person","@id":"https:\/\/www.visit-ulcinj.com\/blog\/#\/schema\/person\/dcab619c614d3038751c63bc2aadc06d","name":"ulqini","sameAs":["http:\/\/www.visit-ulcinj.com"],"url":"https:\/\/www.visit-ulcinj.com\/blog\/author\/admin\/"}]}},"jetpack_featured_media_url":"","jetpack_sharing_enabled":true,"jetpack_shortlink":"https:\/\/wp.me\/pe6lTn-2X6","_links":{"self":[{"href":"https:\/\/www.visit-ulcinj.com\/blog\/wp-json\/wp\/v2\/posts\/11352"}],"collection":[{"href":"https:\/\/www.visit-ulcinj.com\/blog\/wp-json\/wp\/v2\/posts"}],"about":[{"href":"https:\/\/www.visit-ulcinj.com\/blog\/wp-json\/wp\/v2\/types\/post"}],"author":[{"embeddable":true,"href":"https:\/\/www.visit-ulcinj.com\/blog\/wp-json\/wp\/v2\/users\/1"}],"replies":[{"embeddable":true,"href":"https:\/\/www.visit-ulcinj.com\/blog\/wp-json\/wp\/v2\/comments?post=11352"}],"version-history":[{"count":0,"href":"https:\/\/www.visit-ulcinj.com\/blog\/wp-json\/wp\/v2\/posts\/11352\/revisions"}],"wp:attachment":[{"href":"https:\/\/www.visit-ulcinj.com\/blog\/wp-json\/wp\/v2\/media?parent=11352"}],"wp:term":[{"taxonomy":"category","embeddable":true,"href":"https:\/\/www.visit-ulcinj.com\/blog\/wp-json\/wp\/v2\/categories?post=11352"},{"taxonomy":"post_tag","embeddable":true,"href":"https:\/\/www.visit-ulcinj.com\/blog\/wp-json\/wp\/v2\/tags?post=11352"}],"curies":[{"name":"wp","href":"https:\/\/api.w.org\/{rel}","templated":true}]}}