{"id":11355,"date":"2009-02-12T16:10:17","date_gmt":"2009-02-12T15:10:17","guid":{"rendered":"http:\/\/www.visit-ulcinj.com\/blog\/?p=11355"},"modified":"2009-02-12T16:10:17","modified_gmt":"2009-02-12T15:10:17","slug":"aida-adela-te-me-kerkoje-falje","status":"publish","type":"post","link":"https:\/\/www.visit-ulcinj.com\/blog\/2009\/02\/12\/aida-adela-te-me-kerkoje-falje\/","title":{"rendered":"Aida: Adela t\u00eb m\u00eb k\u00ebrkoj\u00eb falje"},"content":{"rendered":"<p><strong><span class=\"newstitlec\"><\/span><\/strong><em><span class=\"newsdate\"><a href=\"http:\/\/www.visit-ulcinj.com\/blog\/wp-content\/uploads\/2009\/02\/aida-e-merzit.jpg\"><img loading=\"lazy\" class=\"alignleft size-full wp-image-11356\" title=\"aida-e-merzit-big-brother-albania\" src=\"http:\/\/www.visit-ulcinj.com\/blog\/wp-content\/uploads\/2009\/02\/aida-e-merzit.jpg\" alt=\"aida-e-merzit-big-brother-albania\" width=\"300\" height=\"205\" \/><\/a>11\/02\/2009 23:30<\/span><\/em><\/p>\n<p>Nj\u00eb situat\u00eb e para pak minutash e ka b\u00ebr\u00eb Aid\u00ebn q\u00eb t\u00eb m\u00ebrzitet. Sipas saj Adelajde ka ngritur gishtin teksa ajo ishte duke folur si dhe ka b\u00ebr\u00eb disa xheste t\u00eb pak\u00ebndshme p\u00ebr t\u00eb, prandaj ajo duhet t\u2019i k\u00ebrkoj\u00eb t\u00eb falur. \u201cAjo b\u00ebri nj\u00eb xhest ofendues dhe un\u00eb nuk e prisja. Un\u00eb p\u00ebr k\u00ebto gj\u00ebra zihem me njer\u00ebzit e mi m\u00eb t\u00eb af\u00ebrt. Ajo i shtremb\u00ebrion turinjt\u00eb kur un\u00eb flas, gj\u00eb q\u00eb \u00ebsht\u00eb munges\u00eb edukate\u201d-thot\u00eb Aida. Erjola e ngush\u00ebllon duke i th\u00ebn\u00eb q\u00eb t\u00eb mos e troturoj\u00eb vet\u00ebn p\u00ebr k\u00ebto gj\u00ebra, pasi secili ka natyr\u00ebn e vet.<\/p>\n","protected":false},"excerpt":{"rendered":"<p>11\/02\/2009 23:30 Nj\u00eb situat\u00eb e para pak minutash e ka b\u00ebr\u00eb Aid\u00ebn q\u00eb t\u00eb m\u00ebrzitet. Sipas saj Adelajde ka ngritur gishtin teksa ajo ishte duke folur si dhe ka b\u00ebr\u00eb disa xheste t\u00eb pak\u00ebndshme p\u00ebr t\u00eb, prandaj ajo duhet t\u2019i k\u00ebrkoj\u00eb t\u00eb falur. \u201cAjo b\u00ebri nj\u00eb xhest ofendues dhe un\u00eb nuk e prisja. Un\u00eb p\u00ebr [&hellip;]<\/p>\n","protected":false},"author":1,"featured_media":0,"comment_status":"open","ping_status":"closed","sticky":false,"template":"","format":"standard","meta":{"spay_email":"","jetpack_publicize_message":"","jetpack_is_tweetstorm":false,"jetpack_publicize_feature_enabled":true},"categories":[6502],"tags":[6562,6566,6506,6688,6766,6563,6693],"jetpack_publicize_connections":[],"yoast_head":"<!-- This site is optimized with the Yoast SEO plugin v19.1 - https:\/\/yoast.com\/wordpress\/plugins\/seo\/ -->\n<title>Aida: Adela t\u00c3\u00ab m\u00c3\u00ab k\u00c3\u00abrkoj\u00c3\u00ab falje - Big Brother Albania<\/title>\n<meta name=\"description\" content=\"Nj\u00c3\u00ab situat\u00c3\u00ab e para pak minutash e ka b\u00c3\u00abr\u00c3\u00ab Aid\u00c3\u00abn q\u00c3\u00ab t\u00c3\u00ab m\u00c3\u00abrzitet.\" \/>\n<meta name=\"robots\" content=\"index, follow, max-snippet:-1, max-image-preview:large, max-video-preview:-1\" \/>\n<link rel=\"canonical\" href=\"https:\/\/www.visit-ulcinj.com\/blog\/2009\/02\/12\/aida-adela-te-me-kerkoje-falje\/\" \/>\n<meta property=\"og:locale\" content=\"en_US\" \/>\n<meta property=\"og:type\" content=\"article\" \/>\n<meta property=\"og:title\" content=\"Aida: Adela t\u00c3\u00ab m\u00c3\u00ab k\u00c3\u00abrkoj\u00c3\u00ab falje - Big Brother Albania\" \/>\n<meta property=\"og:description\" content=\"Nj\u00c3\u00ab situat\u00c3\u00ab e para pak minutash e ka b\u00c3\u00abr\u00c3\u00ab Aid\u00c3\u00abn q\u00c3\u00ab t\u00c3\u00ab m\u00c3\u00abrzitet.\" \/>\n<meta property=\"og:url\" content=\"https:\/\/www.visit-ulcinj.com\/blog\/2009\/02\/12\/aida-adela-te-me-kerkoje-falje\/\" \/>\n<meta property=\"og:site_name\" content=\"Lajme nga Ulqini\" \/>\n<meta property=\"article:published_time\" content=\"2009-02-12T15:10:17+00:00\" \/>\n<meta property=\"og:image\" content=\"http:\/\/www.visit-ulcinj.com\/blog\/wp-content\/uploads\/2009\/02\/aida-e-merzit.jpg\" \/>\n<meta name=\"twitter:label1\" content=\"Written by\" \/>\n\t<meta name=\"twitter:data1\" content=\"ulqini\" \/>\n\t<meta name=\"twitter:label2\" content=\"Est. reading time\" \/>\n\t<meta name=\"twitter:data2\" content=\"1 minute\" \/>\n<script type=\"application\/ld+json\" class=\"yoast-schema-graph\">{\"@context\":\"https:\/\/schema.org\",\"@graph\":[{\"@type\":\"WebSite\",\"@id\":\"https:\/\/www.visit-ulcinj.com\/blog\/#website\",\"url\":\"https:\/\/www.visit-ulcinj.com\/blog\/\",\"name\":\"Lajme nga Ulqini\",\"description\":\"Lajme,Vijesti,Ulqini,Ulqin,Crna Gora,Mali i Zi\",\"potentialAction\":[{\"@type\":\"SearchAction\",\"target\":{\"@type\":\"EntryPoint\",\"urlTemplate\":\"https:\/\/www.visit-ulcinj.com\/blog\/?s={search_term_string}\"},\"query-input\":\"required name=search_term_string\"}],\"inLanguage\":\"en-US\"},{\"@type\":\"ImageObject\",\"inLanguage\":\"en-US\",\"@id\":\"https:\/\/www.visit-ulcinj.com\/blog\/2009\/02\/12\/aida-adela-te-me-kerkoje-falje\/#primaryimage\",\"url\":\"http:\/\/www.visit-ulcinj.com\/blog\/wp-content\/uploads\/2009\/02\/aida-e-merzit.jpg\",\"contentUrl\":\"http:\/\/www.visit-ulcinj.com\/blog\/wp-content\/uploads\/2009\/02\/aida-e-merzit.jpg\"},{\"@type\":\"WebPage\",\"@id\":\"https:\/\/www.visit-ulcinj.com\/blog\/2009\/02\/12\/aida-adela-te-me-kerkoje-falje\/#webpage\",\"url\":\"https:\/\/www.visit-ulcinj.com\/blog\/2009\/02\/12\/aida-adela-te-me-kerkoje-falje\/\",\"name\":\"Aida: Adela t\u00c3\u00ab m\u00c3\u00ab k\u00c3\u00abrkoj\u00c3\u00ab falje - Big Brother Albania\",\"isPartOf\":{\"@id\":\"https:\/\/www.visit-ulcinj.com\/blog\/#website\"},\"primaryImageOfPage\":{\"@id\":\"https:\/\/www.visit-ulcinj.com\/blog\/2009\/02\/12\/aida-adela-te-me-kerkoje-falje\/#primaryimage\"},\"datePublished\":\"2009-02-12T15:10:17+00:00\",\"dateModified\":\"2009-02-12T15:10:17+00:00\",\"author\":{\"@id\":\"https:\/\/www.visit-ulcinj.com\/blog\/#\/schema\/person\/dcab619c614d3038751c63bc2aadc06d\"},\"description\":\"Nj\u00c3\u00ab situat\u00c3\u00ab e para pak minutash e ka b\u00c3\u00abr\u00c3\u00ab Aid\u00c3\u00abn q\u00c3\u00ab t\u00c3\u00ab m\u00c3\u00abrzitet.\",\"breadcrumb\":{\"@id\":\"https:\/\/www.visit-ulcinj.com\/blog\/2009\/02\/12\/aida-adela-te-me-kerkoje-falje\/#breadcrumb\"},\"inLanguage\":\"en-US\",\"potentialAction\":[{\"@type\":\"ReadAction\",\"target\":[\"https:\/\/www.visit-ulcinj.com\/blog\/2009\/02\/12\/aida-adela-te-me-kerkoje-falje\/\"]}]},{\"@type\":\"BreadcrumbList\",\"@id\":\"https:\/\/www.visit-ulcinj.com\/blog\/2009\/02\/12\/aida-adela-te-me-kerkoje-falje\/#breadcrumb\",\"itemListElement\":[{\"@type\":\"ListItem\",\"position\":1,\"name\":\"Aida: Adela t\u00eb m\u00eb k\u00ebrkoj\u00eb falje\"}]},{\"@type\":\"Person\",\"@id\":\"https:\/\/www.visit-ulcinj.com\/blog\/#\/schema\/person\/dcab619c614d3038751c63bc2aadc06d\",\"name\":\"ulqini\",\"sameAs\":[\"http:\/\/www.visit-ulcinj.com\"],\"url\":\"https:\/\/www.visit-ulcinj.com\/blog\/author\/admin\/\"}]}<\/script>\n<!-- \/ Yoast SEO plugin. -->","yoast_head_json":{"title":"Aida: Adela t\u00c3\u00ab m\u00c3\u00ab k\u00c3\u00abrkoj\u00c3\u00ab falje - Big Brother Albania","description":"Nj\u00c3\u00ab situat\u00c3\u00ab e para pak minutash e ka b\u00c3\u00abr\u00c3\u00ab Aid\u00c3\u00abn q\u00c3\u00ab t\u00c3\u00ab m\u00c3\u00abrzitet.","robots":{"index":"index","follow":"follow","max-snippet":"max-snippet:-1","max-image-preview":"max-image-preview:large","max-video-preview":"max-video-preview:-1"},"canonical":"https:\/\/www.visit-ulcinj.com\/blog\/2009\/02\/12\/aida-adela-te-me-kerkoje-falje\/","og_locale":"en_US","og_type":"article","og_title":"Aida: Adela t\u00c3\u00ab m\u00c3\u00ab k\u00c3\u00abrkoj\u00c3\u00ab falje - Big Brother Albania","og_description":"Nj\u00c3\u00ab situat\u00c3\u00ab e para pak minutash e ka b\u00c3\u00abr\u00c3\u00ab Aid\u00c3\u00abn q\u00c3\u00ab t\u00c3\u00ab m\u00c3\u00abrzitet.","og_url":"https:\/\/www.visit-ulcinj.com\/blog\/2009\/02\/12\/aida-adela-te-me-kerkoje-falje\/","og_site_name":"Lajme nga Ulqini","article_published_time":"2009-02-12T15:10:17+00:00","og_image":[{"url":"http:\/\/www.visit-ulcinj.com\/blog\/wp-content\/uploads\/2009\/02\/aida-e-merzit.jpg"}],"twitter_misc":{"Written by":"ulqini","Est. reading time":"1 minute"},"schema":{"@context":"https:\/\/schema.org","@graph":[{"@type":"WebSite","@id":"https:\/\/www.visit-ulcinj.com\/blog\/#website","url":"https:\/\/www.visit-ulcinj.com\/blog\/","name":"Lajme nga Ulqini","description":"Lajme,Vijesti,Ulqini,Ulqin,Crna Gora,Mali i Zi","potentialAction":[{"@type":"SearchAction","target":{"@type":"EntryPoint","urlTemplate":"https:\/\/www.visit-ulcinj.com\/blog\/?s={search_term_string}"},"query-input":"required name=search_term_string"}],"inLanguage":"en-US"},{"@type":"ImageObject","inLanguage":"en-US","@id":"https:\/\/www.visit-ulcinj.com\/blog\/2009\/02\/12\/aida-adela-te-me-kerkoje-falje\/#primaryimage","url":"http:\/\/www.visit-ulcinj.com\/blog\/wp-content\/uploads\/2009\/02\/aida-e-merzit.jpg","contentUrl":"http:\/\/www.visit-ulcinj.com\/blog\/wp-content\/uploads\/2009\/02\/aida-e-merzit.jpg"},{"@type":"WebPage","@id":"https:\/\/www.visit-ulcinj.com\/blog\/2009\/02\/12\/aida-adela-te-me-kerkoje-falje\/#webpage","url":"https:\/\/www.visit-ulcinj.com\/blog\/2009\/02\/12\/aida-adela-te-me-kerkoje-falje\/","name":"Aida: Adela t\u00c3\u00ab m\u00c3\u00ab k\u00c3\u00abrkoj\u00c3\u00ab falje - Big Brother Albania","isPartOf":{"@id":"https:\/\/www.visit-ulcinj.com\/blog\/#website"},"primaryImageOfPage":{"@id":"https:\/\/www.visit-ulcinj.com\/blog\/2009\/02\/12\/aida-adela-te-me-kerkoje-falje\/#primaryimage"},"datePublished":"2009-02-12T15:10:17+00:00","dateModified":"2009-02-12T15:10:17+00:00","author":{"@id":"https:\/\/www.visit-ulcinj.com\/blog\/#\/schema\/person\/dcab619c614d3038751c63bc2aadc06d"},"description":"Nj\u00c3\u00ab situat\u00c3\u00ab e para pak minutash e ka b\u00c3\u00abr\u00c3\u00ab Aid\u00c3\u00abn q\u00c3\u00ab t\u00c3\u00ab m\u00c3\u00abrzitet.","breadcrumb":{"@id":"https:\/\/www.visit-ulcinj.com\/blog\/2009\/02\/12\/aida-adela-te-me-kerkoje-falje\/#breadcrumb"},"inLanguage":"en-US","potentialAction":[{"@type":"ReadAction","target":["https:\/\/www.visit-ulcinj.com\/blog\/2009\/02\/12\/aida-adela-te-me-kerkoje-falje\/"]}]},{"@type":"BreadcrumbList","@id":"https:\/\/www.visit-ulcinj.com\/blog\/2009\/02\/12\/aida-adela-te-me-kerkoje-falje\/#breadcrumb","itemListElement":[{"@type":"ListItem","position":1,"name":"Aida: Adela t\u00eb m\u00eb k\u00ebrkoj\u00eb falje"}]},{"@type":"Person","@id":"https:\/\/www.visit-ulcinj.com\/blog\/#\/schema\/person\/dcab619c614d3038751c63bc2aadc06d","name":"ulqini","sameAs":["http:\/\/www.visit-ulcinj.com"],"url":"https:\/\/www.visit-ulcinj.com\/blog\/author\/admin\/"}]}},"jetpack_featured_media_url":"","jetpack_sharing_enabled":true,"jetpack_shortlink":"https:\/\/wp.me\/pe6lTn-2X9","_links":{"self":[{"href":"https:\/\/www.visit-ulcinj.com\/blog\/wp-json\/wp\/v2\/posts\/11355"}],"collection":[{"href":"https:\/\/www.visit-ulcinj.com\/blog\/wp-json\/wp\/v2\/posts"}],"about":[{"href":"https:\/\/www.visit-ulcinj.com\/blog\/wp-json\/wp\/v2\/types\/post"}],"author":[{"embeddable":true,"href":"https:\/\/www.visit-ulcinj.com\/blog\/wp-json\/wp\/v2\/users\/1"}],"replies":[{"embeddable":true,"href":"https:\/\/www.visit-ulcinj.com\/blog\/wp-json\/wp\/v2\/comments?post=11355"}],"version-history":[{"count":0,"href":"https:\/\/www.visit-ulcinj.com\/blog\/wp-json\/wp\/v2\/posts\/11355\/revisions"}],"wp:attachment":[{"href":"https:\/\/www.visit-ulcinj.com\/blog\/wp-json\/wp\/v2\/media?parent=11355"}],"wp:term":[{"taxonomy":"category","embeddable":true,"href":"https:\/\/www.visit-ulcinj.com\/blog\/wp-json\/wp\/v2\/categories?post=11355"},{"taxonomy":"post_tag","embeddable":true,"href":"https:\/\/www.visit-ulcinj.com\/blog\/wp-json\/wp\/v2\/tags?post=11355"}],"curies":[{"name":"wp","href":"https:\/\/api.w.org\/{rel}","templated":true}]}}