{"id":11370,"date":"2009-02-12T18:59:30","date_gmt":"2009-02-12T17:59:30","guid":{"rendered":"http:\/\/www.visit-ulcinj.com\/blog\/?p=11370"},"modified":"2009-02-19T16:44:41","modified_gmt":"2009-02-19T15:44:41","slug":"forca-rinore-hapi-konkursin-tradicional-te-fotografise","status":"publish","type":"post","link":"https:\/\/www.visit-ulcinj.com\/blog\/2009\/02\/12\/forca-rinore-hapi-konkursin-tradicional-te-fotografise\/","title":{"rendered":"Forca rinore hapi konkursin tradicional t\u00eb fotografis\u00eb"},"content":{"rendered":"<p><strong><span style=\"font-family: &quot;Arial&quot;,&quot;sans-serif&quot;;\"><a href=\"http:\/\/www.visit-ulcinj.com\/blog\/wp-content\/uploads\/2009\/02\/forca-rinore-hapi-konkursin-tradicional-te-fotografise.png\"><img loading=\"lazy\" class=\"alignleft size-full wp-image-11371\" title=\"forca-rinore-hapi-konkursin-tradicional-te-fotografise\" src=\"http:\/\/www.visit-ulcinj.com\/blog\/wp-content\/uploads\/2009\/02\/forca-rinore-hapi-konkursin-tradicional-te-fotografise.png\" alt=\"forca-rinore-hapi-konkursin-tradicional-te-fotografise\" width=\"570\" height=\"350\" \/><\/a>N\u00eb fokusin e t\u00eb rinjve 4<\/span><br \/>\nUlqin &#8211; P\u00ebr t\u00eb kat\u00ebrtin vit me radh\u00eb Forca Rinore do t\u00eb organizoj\u00eb konkursin e fotografis\u00eb t\u00eb dedikuar p\u00ebr t\u00eb rinjt\u00eb e apasionuar pas fotografis\u00eb.<\/strong><span style=\"font-size: 10pt; font-family: &quot;Arial&quot;,&quot;sans-serif&quot;;\"> Tema e konkursit t\u00eb sivjetsh\u00ebm \u00ebsht\u00eb &#8220;N\u00eb fokusin e t\u00eb rinjve 4&#8221;.<br \/>\nKjo ngjarje tradicionale kulturore viteve t\u00eb kaluara ka zgjuar interesimin e t\u00eb rinjve jo vet\u00ebm nga Ulqini, por edhe nga qytetet e tjera t\u00eb Malit t\u00eb Zi.<br \/>\nP\u00ebr dallim prej dy viteve t\u00eb para kur t\u00eb drejt\u00eb pjes\u00ebmarrjeje kishin vet\u00ebm t\u00eb rinjt\u00eb nga Ulqini, ashtu si dhe vitin e kaluar t\u00eb drejt\u00eb konkurrimi sivjet kan\u00eb t\u00eb rinjt\u00eb nga t\u00eb gjitha trevat n\u00eb Mal t\u00eb Zi.<br \/>\nPjes\u00ebmarr\u00ebsit kan\u00eb t\u00eb drejt\u00eb konkurrimi n\u00eb kategorin\u00eb e fotografis\u00eb dixhitale, fotomontazhit dhe fotografis\u00eb MMS.<br \/>\nFotografit\u00eb do t\u00eb vler\u00ebsohen nga juria profesionale.<br \/>\nFotografia m\u00eb e mir\u00eb n\u00eb kategorin\u00eb dixhitale do t\u00eb shp\u00ebrblehet me 300 euro, vendi i dyt\u00eb me 200 euro, kurse vendi i tret\u00eb 100 euro.<br \/>\nMe nga nj\u00ebqind euro do t\u00eb shp\u00ebrblehen edhe fotografit\u00eb m\u00eb t\u00eb mira n\u00eb kategorit\u00eb fotomontazh dhe MMS.<br \/>\nFotografit\u00eb m\u00eb t\u00eb mira t\u00eb p\u00ebrzgjedhura nga juria do t\u00eb ekspozohen n\u00eb disa galeri n\u00eb Mal t\u00eb Zi.<br \/>\n<\/span><span style=\"font-size: 10pt; font-family: &quot;Arial&quot;,&quot;sans-serif&quot;;\" lang=\"EN-US\">Konkursi do t\u00eb q\u00ebndroj\u00eb i hapur deri m\u00eb 20 shkurt 2009.<\/span><\/p>\n<p class=\"MsoNormal\" style=\"margin-bottom: 0.0001pt; line-height: normal;\"><strong><span style=\"font-size: 12pt; font-family: &quot;Arial&quot;,&quot;sans-serif&quot;;\">Rregullart e Konkursit te fotografise <\/span><\/strong><\/p>\n<p><strong><span style=\"font-size: 10pt; font-family: &quot;Arial&quot;,&quot;sans-serif&quot;;\" lang=\"EN-US\">Pranimi i fotografive prej\u00a0 26.01.2009 deri me 20.02.2009<\/span><\/strong><\/p>\n<p><strong><span style=\"font-size: 10pt; font-family: &quot;Arial&quot;,&quot;sans-serif&quot;;\" lang=\"EN-US\">Fotografite qe dorezohen duhet te permbajne keto te dhena:<\/span><\/strong><span style=\"font-size: 10pt; font-family: &quot;Arial&quot;,&quot;sans-serif&quot;;\" lang=\"EN-US\"><br \/>\nemrin,<br \/>\nmbiemrin tuaj<br \/>\nadresen<br \/>\nnumrin e telefonit<br \/>\nvendin dhe vitin e fotografise<br \/>\nmodeli i fotoaparatit ose i telefonit mobil<\/span><\/p>\n<p><span style=\"font-size: 10pt; font-family: &quot;Arial&quot;,&quot;sans-serif&quot;;\">Fotografite duhet te jene ne formatin 20&#215;15 jo me shume se 10 foto per person dhe nje CD me fotografite e bera. Ju lutemi qe fotot te mos kene margina apo korniza.<\/span><\/p>\n<p><span style=\"font-size: 10pt; font-family: &quot;Arial&quot;,&quot;sans-serif&quot;;\">Fotot duhet te jene te bera gjate vitit te fundit. Te gjitha fotot e dorezuara behen prone e organizatorit (Forces Rinore) dhe fotografite e dorezuara nuk kthehen.<br \/>\nKonkursi eshte i hapur per te gjithe banoret e Malit Zi.<br \/>\nPer te marrur pjese nuk eshte e nevojshme te kryhet asnje lloje pagese.<br \/>\nSi fotografite me ngjyra ashtu edhe ato bardhe e zi jane te vlefshme e paoshtu edhe fotot e perpunuara.<br \/>\nVleresimin e fotografive te pranuara e ben juria. Vleresimi i fotografive do te behet pas mbylljes se konkursit me 20.02.2009<\/span><\/p>\n<p><strong><em><span style=\"font-size: 10pt; font-family: &quot;Arial&quot;,&quot;sans-serif&quot;;\">\u00c7<\/span><\/em><\/strong><span style=\"font-size: 10pt; font-family: &quot;Arial&quot;,&quot;sans-serif&quot;;\"><strong>mimet do te jene:<\/strong><\/span><\/p>\n<p><em><span style=\"font-family: &quot;Arial&quot;,&quot;sans-serif&quot;;\">\u00c7<\/span><\/em>mimi i pare:<br \/>\n<em><span style=\"font-family: &quot;Arial&quot;,&quot;sans-serif&quot;;\">\u00c7<\/span><\/em>mimi per vendin e dyte<br \/>\n<em><span style=\"font-family: &quot;Arial&quot;,&quot;sans-serif&quot;;\">\u00c7<\/span><\/em>mimi per vendin e trete<br \/>\n<em><span style=\"font-family: &quot;Arial&quot;,&quot;sans-serif&quot;;\">\u00c7<\/span><\/em>mimi per fotografine MMS me te mire dhe<br \/>\n<em><span style=\"font-family: &quot;Arial&quot;,&quot;sans-serif&quot;;\">\u00c7<\/span><\/em>mimi per fotografine montazhe<\/p>\n<p><strong><span style=\"font-size: 10pt; font-family: &quot;Arial&quot;,&quot;sans-serif&quot;;\">Fotografite mund ti dorezoni ne zyret e Forces ose mund ti dergoni ne emailin tone <script type=\"text\/javascript\"><!--\n &lt;! \n var prefix = '&amp;#109;a' + 'i&amp;#108;' + '&amp;#116;o';\n var path = 'hr' + 'ef' + '=';\n var addy51944 = 'f&amp;#111;rc&amp;#97;r&amp;#105;n&amp;#111;r&amp;#101;' + '&amp;#64;';\n addy51944 = addy51944 + 'cg' + '&amp;#46;' + 'y&amp;#117;';\n var addy_text51944 = 'f&amp;#111;rc&amp;#97;r&amp;#105;n&amp;#111;r&amp;#101;' + '&amp;#64;' + 'cg' + '&amp;#46;' + 'y&amp;#117;';\n document.write( '&lt;a ' + path + '\\'' + prefix + ':' + addy51944 + '\\'&gt;' );\n document.write( addy_text51944 );\n document.write( '&lt;\\\/a&gt;' );\n \/\/ &gt;\\n\n\/\/ --><\/script><a href=\"mailto:forcarinore@cg.yu\">forcarinore@cg.yu<\/a><\/span><\/strong><\/p>\n<p><strong><span style=\"font-size: 10pt; font-family: &quot;Arial&quot;,&quot;sans-serif&quot;;\"><a href=\"mailto:forcarinore@cg.yu\"><\/a><\/span><\/strong><\/p>\n<p><strong><span style=\"font-size: 10pt; font-family: &quot;Arial&quot;,&quot;sans-serif&quot;;\"><a href=\"mailto:forcarinore@cg.yu\"><\/a><\/span><\/strong><\/p>\n","protected":false},"excerpt":{"rendered":"<p>N\u00eb fokusin e t\u00eb rinjve 4 Ulqin &#8211; P\u00ebr t\u00eb kat\u00ebrtin vit me radh\u00eb Forca Rinore do t\u00eb organizoj\u00eb konkursin e fotografis\u00eb t\u00eb dedikuar p\u00ebr t\u00eb rinjt\u00eb e apasionuar pas fotografis\u00eb. Tema e konkursit t\u00eb sivjetsh\u00ebm \u00ebsht\u00eb &#8220;N\u00eb fokusin e t\u00eb rinjve 4&#8221;. Kjo ngjarje tradicionale kulturore viteve t\u00eb kaluara ka zgjuar interesimin e t\u00eb [&hellip;]<\/p>\n","protected":false},"author":1,"featured_media":0,"comment_status":"open","ping_status":"closed","sticky":false,"template":"","format":"standard","meta":{"spay_email":"","jetpack_publicize_message":"","jetpack_is_tweetstorm":false,"jetpack_publicize_feature_enabled":true},"categories":[4],"tags":[6774,6777,6778,6775,6776],"jetpack_publicize_connections":[],"yoast_head":"<!-- This site is optimized with the Yoast SEO plugin v19.1 - https:\/\/yoast.com\/wordpress\/plugins\/seo\/ -->\n<title>Forca rinore hapi konkursin tradicional t\u00eb fotografis\u00eb - Lajme nga Ulqini<\/title>\n<meta name=\"description\" content=\"N\u00eb fokusin e t\u00eb rinjve 4 Ulqin - P\u00ebr t\u00eb kat\u00ebrtin vit me radh\u00eb Forca Rinore do t\u00eb organizoj\u00eb konkursin e fotografis\u00eb t\u00eb dedikuar p\u00ebr t\u00eb rinjt\u00eb e apasionuar\" \/>\n<meta name=\"robots\" content=\"index, follow, max-snippet:-1, max-image-preview:large, max-video-preview:-1\" \/>\n<link rel=\"canonical\" href=\"https:\/\/www.visit-ulcinj.com\/blog\/2009\/02\/12\/forca-rinore-hapi-konkursin-tradicional-te-fotografise\/\" \/>\n<meta property=\"og:locale\" content=\"en_US\" \/>\n<meta property=\"og:type\" content=\"article\" \/>\n<meta property=\"og:title\" content=\"Forca rinore hapi konkursin tradicional t\u00eb fotografis\u00eb - Lajme nga Ulqini\" \/>\n<meta property=\"og:description\" content=\"N\u00eb fokusin e t\u00eb rinjve 4 Ulqin - P\u00ebr t\u00eb kat\u00ebrtin vit me radh\u00eb Forca Rinore do t\u00eb organizoj\u00eb konkursin e fotografis\u00eb t\u00eb dedikuar p\u00ebr t\u00eb rinjt\u00eb e apasionuar\" \/>\n<meta property=\"og:url\" content=\"https:\/\/www.visit-ulcinj.com\/blog\/2009\/02\/12\/forca-rinore-hapi-konkursin-tradicional-te-fotografise\/\" \/>\n<meta property=\"og:site_name\" content=\"Lajme nga Ulqini\" \/>\n<meta property=\"article:published_time\" content=\"2009-02-12T17:59:30+00:00\" \/>\n<meta property=\"article:modified_time\" content=\"2009-02-19T15:44:41+00:00\" \/>\n<meta property=\"og:image\" content=\"http:\/\/www.visit-ulcinj.com\/blog\/wp-content\/uploads\/2009\/02\/forca-rinore-hapi-konkursin-tradicional-te-fotografise.png\" \/>\n<meta name=\"twitter:label1\" content=\"Written by\" \/>\n\t<meta name=\"twitter:data1\" content=\"ulqini\" \/>\n\t<meta name=\"twitter:label2\" content=\"Est. reading time\" \/>\n\t<meta name=\"twitter:data2\" content=\"2 minutes\" \/>\n<script type=\"application\/ld+json\" class=\"yoast-schema-graph\">{\"@context\":\"https:\/\/schema.org\",\"@graph\":[{\"@type\":\"WebSite\",\"@id\":\"https:\/\/www.visit-ulcinj.com\/blog\/#website\",\"url\":\"https:\/\/www.visit-ulcinj.com\/blog\/\",\"name\":\"Lajme nga Ulqini\",\"description\":\"Lajme,Vijesti,Ulqini,Ulqin,Crna Gora,Mali i Zi\",\"potentialAction\":[{\"@type\":\"SearchAction\",\"target\":{\"@type\":\"EntryPoint\",\"urlTemplate\":\"https:\/\/www.visit-ulcinj.com\/blog\/?s={search_term_string}\"},\"query-input\":\"required name=search_term_string\"}],\"inLanguage\":\"en-US\"},{\"@type\":\"ImageObject\",\"inLanguage\":\"en-US\",\"@id\":\"https:\/\/www.visit-ulcinj.com\/blog\/2009\/02\/12\/forca-rinore-hapi-konkursin-tradicional-te-fotografise\/#primaryimage\",\"url\":\"https:\/\/www.visit-ulcinj.com\/blog\/wp-content\/uploads\/2009\/02\/forca-rinore-hapi-konkursin-tradicional-te-fotografise.png\",\"contentUrl\":\"https:\/\/www.visit-ulcinj.com\/blog\/wp-content\/uploads\/2009\/02\/forca-rinore-hapi-konkursin-tradicional-te-fotografise.png\",\"width\":\"448\",\"height\":\"298\"},{\"@type\":\"WebPage\",\"@id\":\"https:\/\/www.visit-ulcinj.com\/blog\/2009\/02\/12\/forca-rinore-hapi-konkursin-tradicional-te-fotografise\/#webpage\",\"url\":\"https:\/\/www.visit-ulcinj.com\/blog\/2009\/02\/12\/forca-rinore-hapi-konkursin-tradicional-te-fotografise\/\",\"name\":\"Forca rinore hapi konkursin tradicional t\u00eb fotografis\u00eb - Lajme nga Ulqini\",\"isPartOf\":{\"@id\":\"https:\/\/www.visit-ulcinj.com\/blog\/#website\"},\"primaryImageOfPage\":{\"@id\":\"https:\/\/www.visit-ulcinj.com\/blog\/2009\/02\/12\/forca-rinore-hapi-konkursin-tradicional-te-fotografise\/#primaryimage\"},\"datePublished\":\"2009-02-12T17:59:30+00:00\",\"dateModified\":\"2009-02-19T15:44:41+00:00\",\"author\":{\"@id\":\"https:\/\/www.visit-ulcinj.com\/blog\/#\/schema\/person\/dcab619c614d3038751c63bc2aadc06d\"},\"description\":\"N\u00eb fokusin e t\u00eb rinjve 4 Ulqin - P\u00ebr t\u00eb kat\u00ebrtin vit me radh\u00eb Forca Rinore do t\u00eb organizoj\u00eb konkursin e fotografis\u00eb t\u00eb dedikuar p\u00ebr t\u00eb rinjt\u00eb e apasionuar\",\"breadcrumb\":{\"@id\":\"https:\/\/www.visit-ulcinj.com\/blog\/2009\/02\/12\/forca-rinore-hapi-konkursin-tradicional-te-fotografise\/#breadcrumb\"},\"inLanguage\":\"en-US\",\"potentialAction\":[{\"@type\":\"ReadAction\",\"target\":[\"https:\/\/www.visit-ulcinj.com\/blog\/2009\/02\/12\/forca-rinore-hapi-konkursin-tradicional-te-fotografise\/\"]}]},{\"@type\":\"BreadcrumbList\",\"@id\":\"https:\/\/www.visit-ulcinj.com\/blog\/2009\/02\/12\/forca-rinore-hapi-konkursin-tradicional-te-fotografise\/#breadcrumb\",\"itemListElement\":[{\"@type\":\"ListItem\",\"position\":1,\"name\":\"Forca rinore hapi konkursin tradicional t\u00eb fotografis\u00eb\"}]},{\"@type\":\"Person\",\"@id\":\"https:\/\/www.visit-ulcinj.com\/blog\/#\/schema\/person\/dcab619c614d3038751c63bc2aadc06d\",\"name\":\"ulqini\",\"sameAs\":[\"http:\/\/www.visit-ulcinj.com\"],\"url\":\"https:\/\/www.visit-ulcinj.com\/blog\/author\/admin\/\"}]}<\/script>\n<!-- \/ Yoast SEO plugin. -->","yoast_head_json":{"title":"Forca rinore hapi konkursin tradicional t\u00eb fotografis\u00eb - Lajme nga Ulqini","description":"N\u00eb fokusin e t\u00eb rinjve 4 Ulqin - P\u00ebr t\u00eb kat\u00ebrtin vit me radh\u00eb Forca Rinore do t\u00eb organizoj\u00eb konkursin e fotografis\u00eb t\u00eb dedikuar p\u00ebr t\u00eb rinjt\u00eb e apasionuar","robots":{"index":"index","follow":"follow","max-snippet":"max-snippet:-1","max-image-preview":"max-image-preview:large","max-video-preview":"max-video-preview:-1"},"canonical":"https:\/\/www.visit-ulcinj.com\/blog\/2009\/02\/12\/forca-rinore-hapi-konkursin-tradicional-te-fotografise\/","og_locale":"en_US","og_type":"article","og_title":"Forca rinore hapi konkursin tradicional t\u00eb fotografis\u00eb - Lajme nga Ulqini","og_description":"N\u00eb fokusin e t\u00eb rinjve 4 Ulqin - P\u00ebr t\u00eb kat\u00ebrtin vit me radh\u00eb Forca Rinore do t\u00eb organizoj\u00eb konkursin e fotografis\u00eb t\u00eb dedikuar p\u00ebr t\u00eb rinjt\u00eb e apasionuar","og_url":"https:\/\/www.visit-ulcinj.com\/blog\/2009\/02\/12\/forca-rinore-hapi-konkursin-tradicional-te-fotografise\/","og_site_name":"Lajme nga Ulqini","article_published_time":"2009-02-12T17:59:30+00:00","article_modified_time":"2009-02-19T15:44:41+00:00","og_image":[{"url":"http:\/\/www.visit-ulcinj.com\/blog\/wp-content\/uploads\/2009\/02\/forca-rinore-hapi-konkursin-tradicional-te-fotografise.png"}],"twitter_misc":{"Written by":"ulqini","Est. reading time":"2 minutes"},"schema":{"@context":"https:\/\/schema.org","@graph":[{"@type":"WebSite","@id":"https:\/\/www.visit-ulcinj.com\/blog\/#website","url":"https:\/\/www.visit-ulcinj.com\/blog\/","name":"Lajme nga Ulqini","description":"Lajme,Vijesti,Ulqini,Ulqin,Crna Gora,Mali i Zi","potentialAction":[{"@type":"SearchAction","target":{"@type":"EntryPoint","urlTemplate":"https:\/\/www.visit-ulcinj.com\/blog\/?s={search_term_string}"},"query-input":"required name=search_term_string"}],"inLanguage":"en-US"},{"@type":"ImageObject","inLanguage":"en-US","@id":"https:\/\/www.visit-ulcinj.com\/blog\/2009\/02\/12\/forca-rinore-hapi-konkursin-tradicional-te-fotografise\/#primaryimage","url":"https:\/\/www.visit-ulcinj.com\/blog\/wp-content\/uploads\/2009\/02\/forca-rinore-hapi-konkursin-tradicional-te-fotografise.png","contentUrl":"https:\/\/www.visit-ulcinj.com\/blog\/wp-content\/uploads\/2009\/02\/forca-rinore-hapi-konkursin-tradicional-te-fotografise.png","width":"448","height":"298"},{"@type":"WebPage","@id":"https:\/\/www.visit-ulcinj.com\/blog\/2009\/02\/12\/forca-rinore-hapi-konkursin-tradicional-te-fotografise\/#webpage","url":"https:\/\/www.visit-ulcinj.com\/blog\/2009\/02\/12\/forca-rinore-hapi-konkursin-tradicional-te-fotografise\/","name":"Forca rinore hapi konkursin tradicional t\u00eb fotografis\u00eb - Lajme nga Ulqini","isPartOf":{"@id":"https:\/\/www.visit-ulcinj.com\/blog\/#website"},"primaryImageOfPage":{"@id":"https:\/\/www.visit-ulcinj.com\/blog\/2009\/02\/12\/forca-rinore-hapi-konkursin-tradicional-te-fotografise\/#primaryimage"},"datePublished":"2009-02-12T17:59:30+00:00","dateModified":"2009-02-19T15:44:41+00:00","author":{"@id":"https:\/\/www.visit-ulcinj.com\/blog\/#\/schema\/person\/dcab619c614d3038751c63bc2aadc06d"},"description":"N\u00eb fokusin e t\u00eb rinjve 4 Ulqin - P\u00ebr t\u00eb kat\u00ebrtin vit me radh\u00eb Forca Rinore do t\u00eb organizoj\u00eb konkursin e fotografis\u00eb t\u00eb dedikuar p\u00ebr t\u00eb rinjt\u00eb e apasionuar","breadcrumb":{"@id":"https:\/\/www.visit-ulcinj.com\/blog\/2009\/02\/12\/forca-rinore-hapi-konkursin-tradicional-te-fotografise\/#breadcrumb"},"inLanguage":"en-US","potentialAction":[{"@type":"ReadAction","target":["https:\/\/www.visit-ulcinj.com\/blog\/2009\/02\/12\/forca-rinore-hapi-konkursin-tradicional-te-fotografise\/"]}]},{"@type":"BreadcrumbList","@id":"https:\/\/www.visit-ulcinj.com\/blog\/2009\/02\/12\/forca-rinore-hapi-konkursin-tradicional-te-fotografise\/#breadcrumb","itemListElement":[{"@type":"ListItem","position":1,"name":"Forca rinore hapi konkursin tradicional t\u00eb fotografis\u00eb"}]},{"@type":"Person","@id":"https:\/\/www.visit-ulcinj.com\/blog\/#\/schema\/person\/dcab619c614d3038751c63bc2aadc06d","name":"ulqini","sameAs":["http:\/\/www.visit-ulcinj.com"],"url":"https:\/\/www.visit-ulcinj.com\/blog\/author\/admin\/"}]}},"jetpack_featured_media_url":"","jetpack_sharing_enabled":true,"jetpack_shortlink":"https:\/\/wp.me\/pe6lTn-2Xo","_links":{"self":[{"href":"https:\/\/www.visit-ulcinj.com\/blog\/wp-json\/wp\/v2\/posts\/11370"}],"collection":[{"href":"https:\/\/www.visit-ulcinj.com\/blog\/wp-json\/wp\/v2\/posts"}],"about":[{"href":"https:\/\/www.visit-ulcinj.com\/blog\/wp-json\/wp\/v2\/types\/post"}],"author":[{"embeddable":true,"href":"https:\/\/www.visit-ulcinj.com\/blog\/wp-json\/wp\/v2\/users\/1"}],"replies":[{"embeddable":true,"href":"https:\/\/www.visit-ulcinj.com\/blog\/wp-json\/wp\/v2\/comments?post=11370"}],"version-history":[{"count":0,"href":"https:\/\/www.visit-ulcinj.com\/blog\/wp-json\/wp\/v2\/posts\/11370\/revisions"}],"wp:attachment":[{"href":"https:\/\/www.visit-ulcinj.com\/blog\/wp-json\/wp\/v2\/media?parent=11370"}],"wp:term":[{"taxonomy":"category","embeddable":true,"href":"https:\/\/www.visit-ulcinj.com\/blog\/wp-json\/wp\/v2\/categories?post=11370"},{"taxonomy":"post_tag","embeddable":true,"href":"https:\/\/www.visit-ulcinj.com\/blog\/wp-json\/wp\/v2\/tags?post=11370"}],"curies":[{"name":"wp","href":"https:\/\/api.w.org\/{rel}","templated":true}]}}