{"id":11375,"date":"2009-02-12T19:56:10","date_gmt":"2009-02-12T18:56:10","guid":{"rendered":"http:\/\/www.visit-ulcinj.com\/blog\/?p=11375"},"modified":"2009-02-12T20:12:05","modified_gmt":"2009-02-12T19:12:05","slug":"ismail-burridardan-ceka-dhe-besnik-adoviq-u-perballen-me-me-te-miret-e-evropes","status":"publish","type":"post","link":"https:\/\/www.visit-ulcinj.com\/blog\/2009\/02\/12\/ismail-burridardan-ceka-dhe-besnik-adoviq-u-perballen-me-me-te-miret-e-evropes\/","title":{"rendered":"Ismail Burri,Dardan Ceka dhe Besnik Adoviq u p\u00ebrball\u00ebn me m\u00eb t\u00eb mir\u00ebt e evrop\u00ebs"},"content":{"rendered":"<p><strong><a href=\"http:\/\/www.visit-ulcinj.com\/blog\/wp-content\/uploads\/2009\/02\/ismail-burri_dardan-ceka-_besnik-adoviq.jpg\"><img loading=\"lazy\" class=\"alignleft size-full wp-image-11376\" title=\"ismail-burri_dardan-ceka-_besnik-adoviq\" src=\"http:\/\/www.visit-ulcinj.com\/blog\/wp-content\/uploads\/2009\/02\/ismail-burri_dardan-ceka-_besnik-adoviq.jpg\" alt=\"ismail-burri_dardan-ceka-_besnik-adoviq\" width=\"570\" height=\"400\" \/><\/a>N\u00eb Paris t\u00eb Franc\u00ebs m\u00eb 30, 31 janar dhe m\u00eb 01 shkurt 2009 u mbajt Kampionati i 36-t\u00eb Evropian i Karates\u00eb p\u00ebr Junior\u00eb dhe Kadet\u00eb.<\/strong><br \/>\nDy garuesit ton\u00eb nga Ulqini mor\u00ebn pjes\u00eb me P\u00ebrfaq\u00ebsuesen e Karates\u00eb s\u00eb Malit t\u00eb Zi n\u00eb Kampionatin Evropian t\u00eb Karates\u00eb, i cili u mbajt n\u00eb kryeqytetin e Franc\u00ebs, n\u00eb Paris m\u00eb 30,31 janar dhe m\u00eb 01 shkurt t\u00eb k\u00ebtij viti.<br \/>\nDardan Ceka nga klubi i karates\u00eb \u201cUlqini\u201d dhe Besnik Adoviqi nga klubi i karates\u00eb \u201cAlbulena\u201d ishin t\u00eb shk\u00eblqyer n\u00eb paraqitjen e tyre dhe treguan q\u00eb jan\u00eb n\u00eb nj\u00eb nivel me kund\u00ebrshtar\u00ebt e tyre nga mbar\u00eb Evropa.<br \/>\nN\u00eb k\u00ebt\u00eb kampionat mor\u00ebn pjes\u00eb 44 shtete nga mbar\u00eb Evropa me nga nj\u00eb garues n\u00eb \u00e7do kategori, \u00e7ka do t\u00eb thot\u00eb q\u00eb \u00e7do shtet e kan\u00eb p\u00ebrfaq\u00ebsuar m\u00eb t\u00eb mir\u00ebt n\u00eb kategorit\u00eb e veta.<br \/>\nGaruesit ton\u00eb i p\u00ebrcolli i nj\u00ebjti fat dhe ata u rendit\u00ebn n\u00eb vendin e tet\u00eb n\u00eb Evrop\u00eb, si Ceka n\u00eb kategorin\u00eb -61kg, po ashtu dhe Adoviqi n\u00eb kategorin\u00eb +70kg.<br \/>\n&#8211; Ne duhet t\u00eb jemi t\u00eb k\u00ebnaqur me rezultatin e arritur t\u00eb garuesve ton\u00eb, sepse ky Kampionat ishte shum\u00eb i ve\u00e7ant\u00eb, si nga ana e p\u00ebrgatitjes s\u00eb garuesve pjes\u00ebmarr\u00ebs, ashtu edhe ana organizative e Kampionatit, pasi q\u00eb n\u00eb k\u00ebt\u00eb Kampionat filluan t\u00eb zbatohen disa rregulla t\u00eb reja n\u00eb karate, t\u00eb prura me vendim t\u00eb Federat\u00ebs Bot\u00ebrore t\u00eb Karates\u00eb &#8211; shprehet kryetrajneri i Klubit t\u00eb Karates\u00eb \u201cUlqini\u201d Ruzhdi Rama, i cili\u00a0 p\u00ebrve\u00e7 udh\u00ebheq\u00ebsve t\u00eb P\u00ebrfaq\u00ebsueses s\u00eb Karates\u00eb s\u00eb Malit t\u00eb Zi, ishte shoq\u00ebrues i Cek\u00ebs dhe Adoviqit.<br \/>\n&#8211; Un\u00eb jam shum\u00eb i k\u00ebnaqur me dy garuesit ton\u00eb, t\u00eb cil\u00ebt u treguan mjaft t\u00eb p\u00ebrgatitur, por fati dhe mungesa e p\u00ebrvoj\u00ebs n\u00eb k\u00ebso garash e b\u00ebn\u00eb t\u00eb veten dhe ata nuk arrit\u00ebn t\u00eb shp\u00ebrblehen me medalje. Jam i sigurt\u00eb q\u00eb n\u00eb t\u00eb ardhmen do t\u00eb kemi edhe m\u00eb tep\u00ebr sukses, sepse hapat e par\u00eb gjithmon\u00eb jan\u00eb m\u00eb t\u00eb v\u00ebshtir\u00eb. Un\u00eb edhe k\u00ebt\u00eb rezultat e quaj sukses t\u00eb mir\u00eb, duke pasur parasysh q\u00eb ne jemi ndeshur me shtete t\u00eb fuqish\u00ebm n\u00eb k\u00ebt\u00eb sport. Vet\u00eb pjes\u00ebmarrja jon\u00eb n\u00eb k\u00ebt\u00eb Kampionat \u00ebsht\u00eb sukses n\u00eb vete, sepse edhe un\u00eb si trajner i karates\u00eb me p\u00ebrvoj\u00eb 18 vje\u00e7are kam pasur \u00e7\u2019t\u00eb shoh atje dhe k\u00ebt\u00eb p\u00ebrvoj\u00eb do t\u2019ia p\u00ebrcjell t\u00eb rinjve tan\u00eb, p\u00ebr t\u00eb ecur n\u00eb nj\u00eb hap me karateist\u00ebt evropian\u00eb e bot\u00ebror\u00eb. Shpresoj q\u00eb edhe n\u00eb Kampionatin Bot\u00ebror t\u00eb Karates\u00eb, i cili do t\u00eb mbahet n\u00eb Maroko, do t\u00eb kemi garues nga radh\u00ebt e klubeve tona \u2013 tha Rama.<br \/>\nPo ashtu Rama fal\u00ebnderoi sponzor\u00ebt Loro Nrekiqin, kryetarin e Klubit t\u00eb karates\u00eb \u201cUlqini\u201d dhe Lidhjen Demokratike n\u00eb Mal t\u00eb Zi, t\u00eb cil\u00ebt e mund\u00ebsuan pjes\u00ebmarrjen e tyre n\u00eb k\u00ebt\u00eb Kampionat.<br \/>\nN\u00eb k\u00ebt\u00eb Kampionatin Evropian t\u00eb Karates\u00eb, p\u00ebrve\u00e7 dy p\u00ebrfaq\u00ebsuesve tan\u00eb nga Ulqini, t\u00eb cil\u00ebt ishin pjes\u00ebtar\u00eb t\u00eb P\u00ebrfaq\u00ebsuese s\u00eb Malit t\u00eb Zi, mori pjes\u00eb edhe nj\u00eb karateist me prejardhje nga Ulqini, Ismail Burri, i cili \u00ebsht\u00eb pjes\u00ebtar i P\u00ebrfaq\u00ebsues s\u00eb Karates\u00eb s\u00eb Gjermanis\u00eb.<\/p>\n<p><strong>Burimi \/<\/strong> <span style=\"color: #993300;\"><strong><a href=\"http:\/\/www.ulqini.org\/KKUlqini\/kkulqini.htm#Paris2009\" target=\"_blank\">Ulqini.de<\/a><\/strong><\/span><\/p>\n\n\t\t<style type=\"text\/css\">\n\t\t\t#gallery-1 {\n\t\t\t\tmargin: auto;\n\t\t\t}\n\t\t\t#gallery-1 .gallery-item {\n\t\t\t\tfloat: left;\n\t\t\t\tmargin-top: 10px;\n\t\t\t\ttext-align: center;\n\t\t\t\twidth: 33%;\n\t\t\t}\n\t\t\t#gallery-1 img {\n\t\t\t\tborder: 2px solid #cfcfcf;\n\t\t\t}\n\t\t\t#gallery-1 .gallery-caption {\n\t\t\t\tmargin-left: 0;\n\t\t\t}\n\t\t\t\/* see gallery_shortcode() in wp-includes\/media.php *\/\n\t\t<\/style>\n\t\t<div id='gallery-1' class='gallery galleryid-11375 gallery-columns-3 gallery-size-thumbnail'><dl class='gallery-item'>\n\t\t\t<dt class='gallery-icon landscape'>\n\t\t\t\t<a href='https:\/\/www.visit-ulcinj.com\/blog\/wp-content\/uploads\/2009\/02\/ismail-burri_dardan-ceka-_besnik-adoviq.jpg'><img width=\"150\" height=\"150\" src=\"https:\/\/www.visit-ulcinj.com\/blog\/wp-content\/uploads\/2009\/02\/ismail-burri_dardan-ceka-_besnik-adoviq-150x150.jpg\" class=\"attachment-thumbnail size-thumbnail\" alt=\"\" loading=\"lazy\" \/><\/a>\n\t\t\t<\/dt><\/dl><dl class='gallery-item'>\n\t\t\t<dt class='gallery-icon landscape'>\n\t\t\t\t<a href='https:\/\/www.visit-ulcinj.com\/blog\/wp-content\/uploads\/2009\/02\/dardan-ceka_-besnik-adoviq.jpg'><img width=\"150\" height=\"150\" src=\"https:\/\/www.visit-ulcinj.com\/blog\/wp-content\/uploads\/2009\/02\/dardan-ceka_-besnik-adoviq-150x150.jpg\" class=\"attachment-thumbnail size-thumbnail\" alt=\"\" loading=\"lazy\" \/><\/a>\n\t\t\t<\/dt><\/dl>\n\t\t\t<br style='clear: both' \/>\n\t\t<\/div>\n\n","protected":false},"excerpt":{"rendered":"<p>N\u00eb Paris t\u00eb Franc\u00ebs m\u00eb 30, 31 janar dhe m\u00eb 01 shkurt 2009 u mbajt Kampionati i 36-t\u00eb Evropian i Karates\u00eb p\u00ebr Junior\u00eb dhe Kadet\u00eb. Dy garuesit ton\u00eb nga Ulqini mor\u00ebn pjes\u00eb me P\u00ebrfaq\u00ebsuesen e Karates\u00eb s\u00eb Malit t\u00eb Zi n\u00eb Kampionatin Evropian t\u00eb Karates\u00eb, i cili u mbajt n\u00eb kryeqytetin e Franc\u00ebs, n\u00eb Paris [&hellip;]<\/p>\n","protected":false},"author":1,"featured_media":0,"comment_status":"open","ping_status":"closed","sticky":false,"template":"","format":"standard","meta":{"spay_email":"","jetpack_publicize_message":"","jetpack_is_tweetstorm":false,"jetpack_publicize_feature_enabled":true},"categories":[3],"tags":[6779,6783,1830,6781,6780,6782,6784],"jetpack_publicize_connections":[],"yoast_head":"<!-- This site is optimized with the Yoast SEO plugin v19.1 - https:\/\/yoast.com\/wordpress\/plugins\/seo\/ -->\n<title>Ismail Burri,Dardan Ceka dhe Besnik Adoviq u p\u00ebrball\u00ebn me m\u00eb t\u00eb mir\u00ebt e evrop\u00ebs - Lajme nga Ulqini<\/title>\n<meta name=\"description\" content=\"N\u00eb Paris t\u00eb Franc\u00ebs m\u00eb 30, 31 janar dhe m\u00eb 01 shkurt 2009 u mbajt Kampionati i 36-t\u00eb Evropian i Karates\u00eb p\u00ebr Junior\u00eb dhe Kadet\u00eb. Dy garuesit ton\u00eb nga\" \/>\n<meta name=\"robots\" content=\"index, follow, max-snippet:-1, max-image-preview:large, max-video-preview:-1\" \/>\n<link rel=\"canonical\" href=\"https:\/\/www.visit-ulcinj.com\/blog\/2009\/02\/12\/ismail-burridardan-ceka-dhe-besnik-adoviq-u-perballen-me-me-te-miret-e-evropes\/\" \/>\n<meta property=\"og:locale\" content=\"en_US\" \/>\n<meta property=\"og:type\" content=\"article\" \/>\n<meta property=\"og:title\" content=\"Ismail Burri,Dardan Ceka dhe Besnik Adoviq u p\u00ebrball\u00ebn me m\u00eb t\u00eb mir\u00ebt e evrop\u00ebs - Lajme nga Ulqini\" \/>\n<meta property=\"og:description\" content=\"N\u00eb Paris t\u00eb Franc\u00ebs m\u00eb 30, 31 janar dhe m\u00eb 01 shkurt 2009 u mbajt Kampionati i 36-t\u00eb Evropian i Karates\u00eb p\u00ebr Junior\u00eb dhe Kadet\u00eb. Dy garuesit ton\u00eb nga\" \/>\n<meta property=\"og:url\" content=\"https:\/\/www.visit-ulcinj.com\/blog\/2009\/02\/12\/ismail-burridardan-ceka-dhe-besnik-adoviq-u-perballen-me-me-te-miret-e-evropes\/\" \/>\n<meta property=\"og:site_name\" content=\"Lajme nga Ulqini\" \/>\n<meta property=\"article:published_time\" content=\"2009-02-12T18:56:10+00:00\" \/>\n<meta property=\"article:modified_time\" content=\"2009-02-12T19:12:05+00:00\" \/>\n<meta property=\"og:image\" content=\"https:\/\/www.visit-ulcinj.com\/blog\/wp-content\/uploads\/2009\/02\/ismail-burri_dardan-ceka-_besnik-adoviq-150x150.jpg\" \/>\n<meta name=\"twitter:label1\" content=\"Written by\" \/>\n\t<meta name=\"twitter:data1\" content=\"ulqini\" \/>\n\t<meta name=\"twitter:label2\" content=\"Est. reading time\" \/>\n\t<meta name=\"twitter:data2\" content=\"3 minutes\" \/>\n<script type=\"application\/ld+json\" class=\"yoast-schema-graph\">{\"@context\":\"https:\/\/schema.org\",\"@graph\":[{\"@type\":\"WebSite\",\"@id\":\"https:\/\/www.visit-ulcinj.com\/blog\/#website\",\"url\":\"https:\/\/www.visit-ulcinj.com\/blog\/\",\"name\":\"Lajme nga Ulqini\",\"description\":\"Lajme,Vijesti,Ulqini,Ulqin,Crna Gora,Mali i Zi\",\"potentialAction\":[{\"@type\":\"SearchAction\",\"target\":{\"@type\":\"EntryPoint\",\"urlTemplate\":\"https:\/\/www.visit-ulcinj.com\/blog\/?s={search_term_string}\"},\"query-input\":\"required name=search_term_string\"}],\"inLanguage\":\"en-US\"},{\"@type\":\"ImageObject\",\"inLanguage\":\"en-US\",\"@id\":\"https:\/\/www.visit-ulcinj.com\/blog\/2009\/02\/12\/ismail-burridardan-ceka-dhe-besnik-adoviq-u-perballen-me-me-te-miret-e-evropes\/#primaryimage\",\"url\":\"https:\/\/www.visit-ulcinj.com\/blog\/wp-content\/uploads\/2009\/02\/ismail-burri_dardan-ceka-_besnik-adoviq.jpg\",\"contentUrl\":\"https:\/\/www.visit-ulcinj.com\/blog\/wp-content\/uploads\/2009\/02\/ismail-burri_dardan-ceka-_besnik-adoviq.jpg\",\"width\":\"800\",\"height\":\"756\"},{\"@type\":\"WebPage\",\"@id\":\"https:\/\/www.visit-ulcinj.com\/blog\/2009\/02\/12\/ismail-burridardan-ceka-dhe-besnik-adoviq-u-perballen-me-me-te-miret-e-evropes\/#webpage\",\"url\":\"https:\/\/www.visit-ulcinj.com\/blog\/2009\/02\/12\/ismail-burridardan-ceka-dhe-besnik-adoviq-u-perballen-me-me-te-miret-e-evropes\/\",\"name\":\"Ismail Burri,Dardan Ceka dhe Besnik Adoviq u p\u00ebrball\u00ebn me m\u00eb t\u00eb mir\u00ebt e evrop\u00ebs - Lajme nga Ulqini\",\"isPartOf\":{\"@id\":\"https:\/\/www.visit-ulcinj.com\/blog\/#website\"},\"primaryImageOfPage\":{\"@id\":\"https:\/\/www.visit-ulcinj.com\/blog\/2009\/02\/12\/ismail-burridardan-ceka-dhe-besnik-adoviq-u-perballen-me-me-te-miret-e-evropes\/#primaryimage\"},\"datePublished\":\"2009-02-12T18:56:10+00:00\",\"dateModified\":\"2009-02-12T19:12:05+00:00\",\"author\":{\"@id\":\"https:\/\/www.visit-ulcinj.com\/blog\/#\/schema\/person\/dcab619c614d3038751c63bc2aadc06d\"},\"description\":\"N\u00eb Paris t\u00eb Franc\u00ebs m\u00eb 30, 31 janar dhe m\u00eb 01 shkurt 2009 u mbajt Kampionati i 36-t\u00eb Evropian i Karates\u00eb p\u00ebr Junior\u00eb dhe Kadet\u00eb. Dy garuesit ton\u00eb nga\",\"breadcrumb\":{\"@id\":\"https:\/\/www.visit-ulcinj.com\/blog\/2009\/02\/12\/ismail-burridardan-ceka-dhe-besnik-adoviq-u-perballen-me-me-te-miret-e-evropes\/#breadcrumb\"},\"inLanguage\":\"en-US\",\"potentialAction\":[{\"@type\":\"ReadAction\",\"target\":[\"https:\/\/www.visit-ulcinj.com\/blog\/2009\/02\/12\/ismail-burridardan-ceka-dhe-besnik-adoviq-u-perballen-me-me-te-miret-e-evropes\/\"]}]},{\"@type\":\"BreadcrumbList\",\"@id\":\"https:\/\/www.visit-ulcinj.com\/blog\/2009\/02\/12\/ismail-burridardan-ceka-dhe-besnik-adoviq-u-perballen-me-me-te-miret-e-evropes\/#breadcrumb\",\"itemListElement\":[{\"@type\":\"ListItem\",\"position\":1,\"name\":\"Ismail Burri,Dardan Ceka dhe Besnik Adoviq u p\u00ebrball\u00ebn me m\u00eb t\u00eb mir\u00ebt e evrop\u00ebs\"}]},{\"@type\":\"Person\",\"@id\":\"https:\/\/www.visit-ulcinj.com\/blog\/#\/schema\/person\/dcab619c614d3038751c63bc2aadc06d\",\"name\":\"ulqini\",\"sameAs\":[\"http:\/\/www.visit-ulcinj.com\"],\"url\":\"https:\/\/www.visit-ulcinj.com\/blog\/author\/admin\/\"}]}<\/script>\n<!-- \/ Yoast SEO plugin. -->","yoast_head_json":{"title":"Ismail Burri,Dardan Ceka dhe Besnik Adoviq u p\u00ebrball\u00ebn me m\u00eb t\u00eb mir\u00ebt e evrop\u00ebs - Lajme nga Ulqini","description":"N\u00eb Paris t\u00eb Franc\u00ebs m\u00eb 30, 31 janar dhe m\u00eb 01 shkurt 2009 u mbajt Kampionati i 36-t\u00eb Evropian i Karates\u00eb p\u00ebr Junior\u00eb dhe Kadet\u00eb. Dy garuesit ton\u00eb nga","robots":{"index":"index","follow":"follow","max-snippet":"max-snippet:-1","max-image-preview":"max-image-preview:large","max-video-preview":"max-video-preview:-1"},"canonical":"https:\/\/www.visit-ulcinj.com\/blog\/2009\/02\/12\/ismail-burridardan-ceka-dhe-besnik-adoviq-u-perballen-me-me-te-miret-e-evropes\/","og_locale":"en_US","og_type":"article","og_title":"Ismail Burri,Dardan Ceka dhe Besnik Adoviq u p\u00ebrball\u00ebn me m\u00eb t\u00eb mir\u00ebt e evrop\u00ebs - Lajme nga Ulqini","og_description":"N\u00eb Paris t\u00eb Franc\u00ebs m\u00eb 30, 31 janar dhe m\u00eb 01 shkurt 2009 u mbajt Kampionati i 36-t\u00eb Evropian i Karates\u00eb p\u00ebr Junior\u00eb dhe Kadet\u00eb. Dy garuesit ton\u00eb nga","og_url":"https:\/\/www.visit-ulcinj.com\/blog\/2009\/02\/12\/ismail-burridardan-ceka-dhe-besnik-adoviq-u-perballen-me-me-te-miret-e-evropes\/","og_site_name":"Lajme nga Ulqini","article_published_time":"2009-02-12T18:56:10+00:00","article_modified_time":"2009-02-12T19:12:05+00:00","og_image":[{"url":"https:\/\/www.visit-ulcinj.com\/blog\/wp-content\/uploads\/2009\/02\/ismail-burri_dardan-ceka-_besnik-adoviq-150x150.jpg"}],"twitter_misc":{"Written by":"ulqini","Est. reading time":"3 minutes"},"schema":{"@context":"https:\/\/schema.org","@graph":[{"@type":"WebSite","@id":"https:\/\/www.visit-ulcinj.com\/blog\/#website","url":"https:\/\/www.visit-ulcinj.com\/blog\/","name":"Lajme nga Ulqini","description":"Lajme,Vijesti,Ulqini,Ulqin,Crna Gora,Mali i Zi","potentialAction":[{"@type":"SearchAction","target":{"@type":"EntryPoint","urlTemplate":"https:\/\/www.visit-ulcinj.com\/blog\/?s={search_term_string}"},"query-input":"required name=search_term_string"}],"inLanguage":"en-US"},{"@type":"ImageObject","inLanguage":"en-US","@id":"https:\/\/www.visit-ulcinj.com\/blog\/2009\/02\/12\/ismail-burridardan-ceka-dhe-besnik-adoviq-u-perballen-me-me-te-miret-e-evropes\/#primaryimage","url":"https:\/\/www.visit-ulcinj.com\/blog\/wp-content\/uploads\/2009\/02\/ismail-burri_dardan-ceka-_besnik-adoviq.jpg","contentUrl":"https:\/\/www.visit-ulcinj.com\/blog\/wp-content\/uploads\/2009\/02\/ismail-burri_dardan-ceka-_besnik-adoviq.jpg","width":"800","height":"756"},{"@type":"WebPage","@id":"https:\/\/www.visit-ulcinj.com\/blog\/2009\/02\/12\/ismail-burridardan-ceka-dhe-besnik-adoviq-u-perballen-me-me-te-miret-e-evropes\/#webpage","url":"https:\/\/www.visit-ulcinj.com\/blog\/2009\/02\/12\/ismail-burridardan-ceka-dhe-besnik-adoviq-u-perballen-me-me-te-miret-e-evropes\/","name":"Ismail Burri,Dardan Ceka dhe Besnik Adoviq u p\u00ebrball\u00ebn me m\u00eb t\u00eb mir\u00ebt e evrop\u00ebs - Lajme nga Ulqini","isPartOf":{"@id":"https:\/\/www.visit-ulcinj.com\/blog\/#website"},"primaryImageOfPage":{"@id":"https:\/\/www.visit-ulcinj.com\/blog\/2009\/02\/12\/ismail-burridardan-ceka-dhe-besnik-adoviq-u-perballen-me-me-te-miret-e-evropes\/#primaryimage"},"datePublished":"2009-02-12T18:56:10+00:00","dateModified":"2009-02-12T19:12:05+00:00","author":{"@id":"https:\/\/www.visit-ulcinj.com\/blog\/#\/schema\/person\/dcab619c614d3038751c63bc2aadc06d"},"description":"N\u00eb Paris t\u00eb Franc\u00ebs m\u00eb 30, 31 janar dhe m\u00eb 01 shkurt 2009 u mbajt Kampionati i 36-t\u00eb Evropian i Karates\u00eb p\u00ebr Junior\u00eb dhe Kadet\u00eb. Dy garuesit ton\u00eb nga","breadcrumb":{"@id":"https:\/\/www.visit-ulcinj.com\/blog\/2009\/02\/12\/ismail-burridardan-ceka-dhe-besnik-adoviq-u-perballen-me-me-te-miret-e-evropes\/#breadcrumb"},"inLanguage":"en-US","potentialAction":[{"@type":"ReadAction","target":["https:\/\/www.visit-ulcinj.com\/blog\/2009\/02\/12\/ismail-burridardan-ceka-dhe-besnik-adoviq-u-perballen-me-me-te-miret-e-evropes\/"]}]},{"@type":"BreadcrumbList","@id":"https:\/\/www.visit-ulcinj.com\/blog\/2009\/02\/12\/ismail-burridardan-ceka-dhe-besnik-adoviq-u-perballen-me-me-te-miret-e-evropes\/#breadcrumb","itemListElement":[{"@type":"ListItem","position":1,"name":"Ismail Burri,Dardan Ceka dhe Besnik Adoviq u p\u00ebrball\u00ebn me m\u00eb t\u00eb mir\u00ebt e evrop\u00ebs"}]},{"@type":"Person","@id":"https:\/\/www.visit-ulcinj.com\/blog\/#\/schema\/person\/dcab619c614d3038751c63bc2aadc06d","name":"ulqini","sameAs":["http:\/\/www.visit-ulcinj.com"],"url":"https:\/\/www.visit-ulcinj.com\/blog\/author\/admin\/"}]}},"jetpack_featured_media_url":"","jetpack_sharing_enabled":true,"jetpack_shortlink":"https:\/\/wp.me\/pe6lTn-2Xt","_links":{"self":[{"href":"https:\/\/www.visit-ulcinj.com\/blog\/wp-json\/wp\/v2\/posts\/11375"}],"collection":[{"href":"https:\/\/www.visit-ulcinj.com\/blog\/wp-json\/wp\/v2\/posts"}],"about":[{"href":"https:\/\/www.visit-ulcinj.com\/blog\/wp-json\/wp\/v2\/types\/post"}],"author":[{"embeddable":true,"href":"https:\/\/www.visit-ulcinj.com\/blog\/wp-json\/wp\/v2\/users\/1"}],"replies":[{"embeddable":true,"href":"https:\/\/www.visit-ulcinj.com\/blog\/wp-json\/wp\/v2\/comments?post=11375"}],"version-history":[{"count":0,"href":"https:\/\/www.visit-ulcinj.com\/blog\/wp-json\/wp\/v2\/posts\/11375\/revisions"}],"wp:attachment":[{"href":"https:\/\/www.visit-ulcinj.com\/blog\/wp-json\/wp\/v2\/media?parent=11375"}],"wp:term":[{"taxonomy":"category","embeddable":true,"href":"https:\/\/www.visit-ulcinj.com\/blog\/wp-json\/wp\/v2\/categories?post=11375"},{"taxonomy":"post_tag","embeddable":true,"href":"https:\/\/www.visit-ulcinj.com\/blog\/wp-json\/wp\/v2\/tags?post=11375"}],"curies":[{"name":"wp","href":"https:\/\/api.w.org\/{rel}","templated":true}]}}