{"id":11387,"date":"2009-02-17T11:57:13","date_gmt":"2009-02-17T10:57:13","guid":{"rendered":"http:\/\/www.visit-ulcinj.com\/blog\/?p=11387"},"modified":"2009-02-17T12:00:25","modified_gmt":"2009-02-17T11:00:25","slug":"forca-e-re-takohet-me-studentat-shqipetare-ne-podgorice","status":"publish","type":"post","link":"https:\/\/www.visit-ulcinj.com\/blog\/2009\/02\/17\/forca-e-re-takohet-me-studentat-shqipetare-ne-podgorice\/","title":{"rendered":"Forca e Re takohet me studentat shqip\u00ebtar\u00eb n\u00eb Podgoric\u00eb"},"content":{"rendered":"<p><a href=\"http:\/\/www.visit-ulcinj.com\/blog\/wp-content\/uploads\/2009\/02\/forca-e-re-demokratike_restoranti-ribnica_podgorica.jpg\"><img loading=\"lazy\" class=\"alignleft size-full wp-image-11388\" title=\"forca-e-re-demokratike_restoranti-ribnica_podgorica\" src=\"http:\/\/www.visit-ulcinj.com\/blog\/wp-content\/uploads\/2009\/02\/forca-e-re-demokratike_restoranti-ribnica_podgorica.jpg\" alt=\"forca-e-re-demokratike_restoranti-ribnica_podgorica\" width=\"570\" height=\"375\" \/><\/a>N\u00ebn organizimin e FORC\u00cbS n\u00eb restorantin \u201cRibnica\u201d u organizua nj\u00eb takim me studentat shqip\u00ebtar\u00eb me q\u00ebnd\u00ebr universitare t\u00eb Podgoric\u00ebs.<br \/>\nT\u00eb pranish\u00ebm n\u00eb k\u00ebt\u00eb tubim, p\u00ebrpos numrit t\u00eb madh t\u00eb studentave (afro 80 veta) ishin edhe\u00a0 zyrtar\u00ebt e lart\u00eb t\u00eb k\u00ebsaj partie:<br \/>\nKyetari Nazif Cungu, n\u00ebnkryetar\u00eb Xhaudet Cakuli, Genc Nimanbegu, kryetari i deg\u00ebs s\u00eb Mal\u00ebsis\u00eb Elez Nikaj dhe n\u00ebnkryetari Zef Nikpr\u00eblaj dhe zyrtar\u00eb t\u00eb lart t\u00eb tjer\u00eb.<br \/>\nFjal\u00ebn p\u00ebrsh\u00ebndet\u00ebse edhe prezentimin mbi tem\u00ebn \u201cForca-Perspektivat dhe Zhvillimi\u201d e mbajt\u00ebn Nazif Cungu dhe Genc Nimanbegu.<br \/>\nPoahtu q\u00ebllimi i k\u00ebtij tubimi ishte v\u00ebrejtje, pyetje dhe propozime t\u00eb ndryshme nga ana e student\u00ebve.<br \/>\nP\u00ebrpos pyetjeve t\u00eb student\u00ebv nga Ulqini si (\u00e7\u00ebshtja e pun\u00ebsimit, pron\u00ebs private) t\u00eb b\u00ebra nga student\u00ebt Flamur Zaga dhe Besnik Kova\u00e7i, n\u00eb tubim u b\u00eb fjal\u00eb edhe p\u00ebr \u00e7\u00ebshtjen e Mal\u00ebsis\u00eb, pyetjen t\u00eb cil\u00ebn e inicoi(b\u00ebri) studenti i fakultetit t\u00eb m\u00ebsuasis\u00eb n\u00eb Podgoric\u00eb Albert Camaj : \u201dCili \u00ebsht\u00eb plani i Forc\u00ebs se si ta\u00a0 fitoi Malesia komun\u00ebn, sa punojn\u00eb Forca n\u00eb at\u00eb aspekt p\u00ebr\u00a0 ta arrit k\u00ebt\u00eb?\u201d, ku pyetja e studentit Camaj ishte me v\u00ebnd dhe hasi n\u00eb p\u00ebrgjigje t\u00eb qart\u00eb dhe precize nga ana e kryetarit Nazif Cungu dhe Genc Nimanbegu, t\u00eb cil\u00ebt u shpreh\u00ebn q\u00eb Mal\u00ebsis\u00eb duhet b\u00ebr\u00eb nj\u00eb plan\u00a0 se ajo mundet t\u00eb egzistoj\u00eb si komun\u00eb e plot\u00eb, ka kuadra dhe se asaj i takon edhe i ka takuar Komuna e plot\u00eb.<br \/>\nPoashtu than\u00eb se do t\u00eb punojn\u00eb p\u00ebr k\u00ebt\u00eb \u00e7\u00ebshtje q\u00eb Tuzi ta fitoi Komun\u00ebn.<br \/>\nPoashtu nga studenti A.Camaj u b\u00eb pyetja p\u00ebr \u00e7\u00ebshtjen e koalicionit n\u00eb mes subjekteve politike shqip\u00ebtare.? P\u00ebrgjegjija ishte se koalicioni bj\u00eb mir\u00eb,mir\u00eb dhe asnj\u00eb t\u00eb keqe.<br \/>\nKy ishte\u00a0 tubimi i tret\u00eb me radh\u00eb (m\u00eb par\u00eb n\u00eb Shkod\u00ebr dhe Tiran\u00eb) e tani n\u00eb Podgoric\u00eb, ku n\u00eb takim u ftuan t\u00eb gjith\u00eb student\u00ebt q\u00eb\u00a0 t\u00eb marrin pjes\u00eb n\u00eb vizit\u00eb n\u00eb Budv\u00eb m\u00eb 14 shkurt, t\u00eb shohin zhvillimin e qytetit dhe t\u00eb krahasohet me zhvillim t\u00eb Ulqinit dhe fatit t\u00eb Komun\u00ebs Tuzit..<br \/>\nN\u00eb fund falenderojm\u00eb student\u00ebt p\u00ebr pjesmarrjen\u00a0 e tyre n\u00eb num\u00ebr t\u00eb madh.<br \/>\n<strong><br \/>\nSh\u00ebrbimi Informativ i Forc\u00ebs<br \/>\n<\/strong><\/p>\n<p><strong>K\u00ebto Fotografi jan eskluzivitet i <\/strong><a href=\"http:\/\/www.malesia.org\/ngjarjet\/2009\/shkurt\/forca_takim_me_studente\/index.html\" target=\"_blank\"><span style=\"font-family: Tahoma; font-size: x-small;\"><strong><span style=\"font-size: 7.5pt;\">MALESIA.ORG<\/span><\/strong><\/span><\/a> <strong>t\u00eb fotografuar nga:Albert Camaj.<\/strong><\/p>\n<p><strong>\n\t\t<style type=\"text\/css\">\n\t\t\t#gallery-1 {\n\t\t\t\tmargin: auto;\n\t\t\t}\n\t\t\t#gallery-1 .gallery-item {\n\t\t\t\tfloat: left;\n\t\t\t\tmargin-top: 10px;\n\t\t\t\ttext-align: center;\n\t\t\t\twidth: 33%;\n\t\t\t}\n\t\t\t#gallery-1 img {\n\t\t\t\tborder: 2px solid #cfcfcf;\n\t\t\t}\n\t\t\t#gallery-1 .gallery-caption {\n\t\t\t\tmargin-left: 0;\n\t\t\t}\n\t\t\t\/* see gallery_shortcode() in wp-includes\/media.php *\/\n\t\t<\/style>\n\t\t<div id='gallery-1' class='gallery galleryid-11387 gallery-columns-3 gallery-size-thumbnail'><dl class='gallery-item'>\n\t\t\t<dt class='gallery-icon landscape'>\n\t\t\t\t<a href='https:\/\/www.visit-ulcinj.com\/blog\/wp-content\/uploads\/2009\/02\/forca-e-re-demokratike_restoranti-ribnica_podgorica.jpg'><img width=\"150\" height=\"150\" src=\"https:\/\/www.visit-ulcinj.com\/blog\/wp-content\/uploads\/2009\/02\/forca-e-re-demokratike_restoranti-ribnica_podgorica-150x150.jpg\" class=\"attachment-thumbnail size-thumbnail\" alt=\"\" loading=\"lazy\" \/><\/a>\n\t\t\t<\/dt><\/dl><dl class='gallery-item'>\n\t\t\t<dt class='gallery-icon landscape'>\n\t\t\t\t<a href='https:\/\/www.visit-ulcinj.com\/blog\/wp-content\/uploads\/2009\/02\/forca-e-re-demokratike_restoranti-ribnica_podgorice1.jpg'><img width=\"150\" height=\"150\" src=\"https:\/\/www.visit-ulcinj.com\/blog\/wp-content\/uploads\/2009\/02\/forca-e-re-demokratike_restoranti-ribnica_podgorice1-150x150.jpg\" class=\"attachment-thumbnail size-thumbnail\" alt=\"\" loading=\"lazy\" \/><\/a>\n\t\t\t<\/dt><\/dl><dl class='gallery-item'>\n\t\t\t<dt class='gallery-icon landscape'>\n\t\t\t\t<a href='https:\/\/www.visit-ulcinj.com\/blog\/wp-content\/uploads\/2009\/02\/forca-e-re-demokratike_restoranti-ribnica_podgorice2.jpg'><img width=\"150\" height=\"150\" src=\"https:\/\/www.visit-ulcinj.com\/blog\/wp-content\/uploads\/2009\/02\/forca-e-re-demokratike_restoranti-ribnica_podgorice2-150x150.jpg\" class=\"attachment-thumbnail size-thumbnail\" alt=\"\" loading=\"lazy\" \/><\/a>\n\t\t\t<\/dt><\/dl><br style=\"clear: both\" \/><dl class='gallery-item'>\n\t\t\t<dt class='gallery-icon landscape'>\n\t\t\t\t<a href='https:\/\/www.visit-ulcinj.com\/blog\/wp-content\/uploads\/2009\/02\/forca-e-re-demokratike_restoranti-ribnica_podgorice3.jpg'><img width=\"150\" height=\"150\" src=\"https:\/\/www.visit-ulcinj.com\/blog\/wp-content\/uploads\/2009\/02\/forca-e-re-demokratike_restoranti-ribnica_podgorice3-150x150.jpg\" class=\"attachment-thumbnail size-thumbnail\" alt=\"\" loading=\"lazy\" \/><\/a>\n\t\t\t<\/dt><\/dl><dl class='gallery-item'>\n\t\t\t<dt class='gallery-icon landscape'>\n\t\t\t\t<a href='https:\/\/www.visit-ulcinj.com\/blog\/wp-content\/uploads\/2009\/02\/forca-e-re-demokratike_restoranti-ribnica_podgorice4.jpg'><img width=\"150\" height=\"150\" src=\"https:\/\/www.visit-ulcinj.com\/blog\/wp-content\/uploads\/2009\/02\/forca-e-re-demokratike_restoranti-ribnica_podgorice4-150x150.jpg\" class=\"attachment-thumbnail size-thumbnail\" alt=\"\" loading=\"lazy\" \/><\/a>\n\t\t\t<\/dt><\/dl><dl class='gallery-item'>\n\t\t\t<dt class='gallery-icon landscape'>\n\t\t\t\t<a href='https:\/\/www.visit-ulcinj.com\/blog\/wp-content\/uploads\/2009\/02\/forca-e-re-demokratike_restoranti-ribnica_podgorice5.jpg'><img width=\"150\" height=\"150\" src=\"https:\/\/www.visit-ulcinj.com\/blog\/wp-content\/uploads\/2009\/02\/forca-e-re-demokratike_restoranti-ribnica_podgorice5-150x150.jpg\" class=\"attachment-thumbnail size-thumbnail\" alt=\"\" loading=\"lazy\" \/><\/a>\n\t\t\t<\/dt><\/dl><br style=\"clear: both\" \/><dl class='gallery-item'>\n\t\t\t<dt class='gallery-icon portrait'>\n\t\t\t\t<a href='https:\/\/www.visit-ulcinj.com\/blog\/wp-content\/uploads\/2009\/02\/forca-e-re-demokratike_restoranti-ribnica_podgorice6.jpg'><img width=\"150\" height=\"150\" src=\"https:\/\/www.visit-ulcinj.com\/blog\/wp-content\/uploads\/2009\/02\/forca-e-re-demokratike_restoranti-ribnica_podgorice6-150x150.jpg\" class=\"attachment-thumbnail size-thumbnail\" alt=\"\" loading=\"lazy\" \/><\/a>\n\t\t\t<\/dt><\/dl><dl class='gallery-item'>\n\t\t\t<dt class='gallery-icon landscape'>\n\t\t\t\t<a href='https:\/\/www.visit-ulcinj.com\/blog\/wp-content\/uploads\/2009\/02\/forca-e-re-demokratike_restoranti-ribnica_podgorice7.jpg'><img width=\"150\" height=\"150\" src=\"https:\/\/www.visit-ulcinj.com\/blog\/wp-content\/uploads\/2009\/02\/forca-e-re-demokratike_restoranti-ribnica_podgorice7-150x150.jpg\" class=\"attachment-thumbnail size-thumbnail\" alt=\"\" loading=\"lazy\" \/><\/a>\n\t\t\t<\/dt><\/dl><dl class='gallery-item'>\n\t\t\t<dt class='gallery-icon landscape'>\n\t\t\t\t<a href='https:\/\/www.visit-ulcinj.com\/blog\/wp-content\/uploads\/2009\/02\/forca-e-re-demokratike_restoranti-ribnica_podgorice8.jpg'><img width=\"150\" height=\"150\" src=\"https:\/\/www.visit-ulcinj.com\/blog\/wp-content\/uploads\/2009\/02\/forca-e-re-demokratike_restoranti-ribnica_podgorice8-150x150.jpg\" class=\"attachment-thumbnail size-thumbnail\" alt=\"\" loading=\"lazy\" \/><\/a>\n\t\t\t<\/dt><\/dl><br style=\"clear: both\" \/><dl class='gallery-item'>\n\t\t\t<dt class='gallery-icon landscape'>\n\t\t\t\t<a href='https:\/\/www.visit-ulcinj.com\/blog\/wp-content\/uploads\/2009\/02\/forca-e-re-demokratike_restoranti-ribnica_podgorice9.jpg'><img width=\"150\" height=\"150\" src=\"https:\/\/www.visit-ulcinj.com\/blog\/wp-content\/uploads\/2009\/02\/forca-e-re-demokratike_restoranti-ribnica_podgorice9-150x150.jpg\" class=\"attachment-thumbnail size-thumbnail\" alt=\"\" loading=\"lazy\" \/><\/a>\n\t\t\t<\/dt><\/dl><dl class='gallery-item'>\n\t\t\t<dt class='gallery-icon landscape'>\n\t\t\t\t<a href='https:\/\/www.visit-ulcinj.com\/blog\/wp-content\/uploads\/2009\/02\/forca-e-re-demokratike_restoranti-ribnica_podgorice10.jpg'><img width=\"150\" height=\"150\" src=\"https:\/\/www.visit-ulcinj.com\/blog\/wp-content\/uploads\/2009\/02\/forca-e-re-demokratike_restoranti-ribnica_podgorice10-150x150.jpg\" class=\"attachment-thumbnail size-thumbnail\" alt=\"\" loading=\"lazy\" \/><\/a>\n\t\t\t<\/dt><\/dl><dl class='gallery-item'>\n\t\t\t<dt class='gallery-icon landscape'>\n\t\t\t\t<a href='https:\/\/www.visit-ulcinj.com\/blog\/wp-content\/uploads\/2009\/02\/forca-e-re-demokratike_restoranti-ribnica_podgorice11.jpg'><img width=\"150\" height=\"150\" src=\"https:\/\/www.visit-ulcinj.com\/blog\/wp-content\/uploads\/2009\/02\/forca-e-re-demokratike_restoranti-ribnica_podgorice11-150x150.jpg\" class=\"attachment-thumbnail size-thumbnail\" alt=\"\" loading=\"lazy\" \/><\/a>\n\t\t\t<\/dt><\/dl><br style=\"clear: both\" \/><dl class='gallery-item'>\n\t\t\t<dt class='gallery-icon landscape'>\n\t\t\t\t<a href='https:\/\/www.visit-ulcinj.com\/blog\/wp-content\/uploads\/2009\/02\/forca-e-re-demokratike_restoranti-ribnica_podgorice12.jpg'><img width=\"150\" height=\"150\" src=\"https:\/\/www.visit-ulcinj.com\/blog\/wp-content\/uploads\/2009\/02\/forca-e-re-demokratike_restoranti-ribnica_podgorice12-150x150.jpg\" class=\"attachment-thumbnail size-thumbnail\" alt=\"\" loading=\"lazy\" \/><\/a>\n\t\t\t<\/dt><\/dl><dl class='gallery-item'>\n\t\t\t<dt class='gallery-icon landscape'>\n\t\t\t\t<a href='https:\/\/www.visit-ulcinj.com\/blog\/wp-content\/uploads\/2009\/02\/forca-e-re-demokratike_restoranti-ribnica_podgorice13.jpg'><img width=\"150\" height=\"150\" src=\"https:\/\/www.visit-ulcinj.com\/blog\/wp-content\/uploads\/2009\/02\/forca-e-re-demokratike_restoranti-ribnica_podgorice13-150x150.jpg\" class=\"attachment-thumbnail size-thumbnail\" alt=\"\" loading=\"lazy\" \/><\/a>\n\t\t\t<\/dt><\/dl><dl class='gallery-item'>\n\t\t\t<dt class='gallery-icon landscape'>\n\t\t\t\t<a href='https:\/\/www.visit-ulcinj.com\/blog\/wp-content\/uploads\/2009\/02\/forca-e-re-demokratike_restoranti-ribnica_podgorice14.jpg'><img width=\"150\" height=\"150\" src=\"https:\/\/www.visit-ulcinj.com\/blog\/wp-content\/uploads\/2009\/02\/forca-e-re-demokratike_restoranti-ribnica_podgorice14-150x150.jpg\" class=\"attachment-thumbnail size-thumbnail\" alt=\"\" loading=\"lazy\" \/><\/a>\n\t\t\t<\/dt><\/dl><br style=\"clear: both\" \/>\n\t\t<\/div>\n<br \/>\n<\/strong><\/p>\n<p><strong><br \/>\n<\/strong><\/p>\n","protected":false},"excerpt":{"rendered":"<p>N\u00ebn organizimin e FORC\u00cbS n\u00eb restorantin \u201cRibnica\u201d u organizua nj\u00eb takim me studentat shqip\u00ebtar\u00eb me q\u00ebnd\u00ebr universitare t\u00eb Podgoric\u00ebs. T\u00eb pranish\u00ebm n\u00eb k\u00ebt\u00eb tubim, p\u00ebrpos numrit t\u00eb madh t\u00eb studentave (afro 80 veta) ishin edhe\u00a0 zyrtar\u00ebt e lart\u00eb t\u00eb k\u00ebsaj partie: Kyetari Nazif Cungu, n\u00ebnkryetar\u00eb Xhaudet Cakuli, Genc Nimanbegu, kryetari i deg\u00ebs s\u00eb Mal\u00ebsis\u00eb Elez [&hellip;]<\/p>\n","protected":false},"author":1,"featured_media":0,"comment_status":"open","ping_status":"closed","sticky":false,"template":"","format":"standard","meta":{"spay_email":"","jetpack_publicize_message":"","jetpack_is_tweetstorm":false,"jetpack_publicize_feature_enabled":true},"categories":[13],"tags":[6798,874,6794,1074,6797,6795,6796],"jetpack_publicize_connections":[],"yoast_head":"<!-- This site is optimized with the Yoast SEO plugin v19.1 - https:\/\/yoast.com\/wordpress\/plugins\/seo\/ -->\n<title>Forca e Re takohet me studentat shqip\u00ebtar\u00eb n\u00eb Podgoric\u00eb - Lajme nga Ulqini<\/title>\n<meta name=\"description\" content=\"N\u00ebn organizimin e FORC\u00cbS n\u00eb restorantin \u201cRibnica\u201d u organizua nj\u00eb takim me studentat shqip\u00ebtar\u00eb me q\u00ebnd\u00ebr universitare t\u00eb Podgoric\u00ebs. T\u00eb pranish\u00ebm n\u00eb k\u00ebt\u00eb\" \/>\n<meta name=\"robots\" content=\"index, follow, max-snippet:-1, max-image-preview:large, max-video-preview:-1\" \/>\n<link rel=\"canonical\" href=\"https:\/\/www.visit-ulcinj.com\/blog\/2009\/02\/17\/forca-e-re-takohet-me-studentat-shqipetare-ne-podgorice\/\" \/>\n<meta property=\"og:locale\" content=\"en_US\" \/>\n<meta property=\"og:type\" content=\"article\" \/>\n<meta property=\"og:title\" content=\"Forca e Re takohet me studentat shqip\u00ebtar\u00eb n\u00eb Podgoric\u00eb - Lajme nga Ulqini\" \/>\n<meta property=\"og:description\" content=\"N\u00ebn organizimin e FORC\u00cbS n\u00eb restorantin \u201cRibnica\u201d u organizua nj\u00eb takim me studentat shqip\u00ebtar\u00eb me q\u00ebnd\u00ebr universitare t\u00eb Podgoric\u00ebs. T\u00eb pranish\u00ebm n\u00eb k\u00ebt\u00eb\" \/>\n<meta property=\"og:url\" content=\"https:\/\/www.visit-ulcinj.com\/blog\/2009\/02\/17\/forca-e-re-takohet-me-studentat-shqipetare-ne-podgorice\/\" \/>\n<meta property=\"og:site_name\" content=\"Lajme nga Ulqini\" \/>\n<meta property=\"article:published_time\" content=\"2009-02-17T10:57:13+00:00\" \/>\n<meta property=\"article:modified_time\" content=\"2009-02-17T11:00:25+00:00\" \/>\n<meta property=\"og:image\" content=\"https:\/\/www.visit-ulcinj.com\/blog\/wp-content\/uploads\/2009\/02\/forca-e-re-demokratike_restoranti-ribnica_podgorica-150x150.jpg\" \/>\n<meta name=\"twitter:label1\" content=\"Written by\" \/>\n\t<meta name=\"twitter:data1\" content=\"ulqini\" \/>\n\t<meta name=\"twitter:label2\" content=\"Est. reading time\" \/>\n\t<meta name=\"twitter:data2\" content=\"2 minutes\" \/>\n<script type=\"application\/ld+json\" class=\"yoast-schema-graph\">{\"@context\":\"https:\/\/schema.org\",\"@graph\":[{\"@type\":\"WebSite\",\"@id\":\"https:\/\/www.visit-ulcinj.com\/blog\/#website\",\"url\":\"https:\/\/www.visit-ulcinj.com\/blog\/\",\"name\":\"Lajme nga Ulqini\",\"description\":\"Lajme,Vijesti,Ulqini,Ulqin,Crna Gora,Mali i Zi\",\"potentialAction\":[{\"@type\":\"SearchAction\",\"target\":{\"@type\":\"EntryPoint\",\"urlTemplate\":\"https:\/\/www.visit-ulcinj.com\/blog\/?s={search_term_string}\"},\"query-input\":\"required name=search_term_string\"}],\"inLanguage\":\"en-US\"},{\"@type\":\"ImageObject\",\"inLanguage\":\"en-US\",\"@id\":\"https:\/\/www.visit-ulcinj.com\/blog\/2009\/02\/17\/forca-e-re-takohet-me-studentat-shqipetare-ne-podgorice\/#primaryimage\",\"url\":\"https:\/\/www.visit-ulcinj.com\/blog\/wp-content\/uploads\/2009\/02\/forca-e-re-demokratike_restoranti-ribnica_podgorica.jpg\",\"contentUrl\":\"https:\/\/www.visit-ulcinj.com\/blog\/wp-content\/uploads\/2009\/02\/forca-e-re-demokratike_restoranti-ribnica_podgorica.jpg\",\"width\":\"500\",\"height\":\"375\"},{\"@type\":\"WebPage\",\"@id\":\"https:\/\/www.visit-ulcinj.com\/blog\/2009\/02\/17\/forca-e-re-takohet-me-studentat-shqipetare-ne-podgorice\/#webpage\",\"url\":\"https:\/\/www.visit-ulcinj.com\/blog\/2009\/02\/17\/forca-e-re-takohet-me-studentat-shqipetare-ne-podgorice\/\",\"name\":\"Forca e Re takohet me studentat shqip\u00ebtar\u00eb n\u00eb Podgoric\u00eb - Lajme nga Ulqini\",\"isPartOf\":{\"@id\":\"https:\/\/www.visit-ulcinj.com\/blog\/#website\"},\"primaryImageOfPage\":{\"@id\":\"https:\/\/www.visit-ulcinj.com\/blog\/2009\/02\/17\/forca-e-re-takohet-me-studentat-shqipetare-ne-podgorice\/#primaryimage\"},\"datePublished\":\"2009-02-17T10:57:13+00:00\",\"dateModified\":\"2009-02-17T11:00:25+00:00\",\"author\":{\"@id\":\"https:\/\/www.visit-ulcinj.com\/blog\/#\/schema\/person\/dcab619c614d3038751c63bc2aadc06d\"},\"description\":\"N\u00ebn organizimin e FORC\u00cbS n\u00eb restorantin \u201cRibnica\u201d u organizua nj\u00eb takim me studentat shqip\u00ebtar\u00eb me q\u00ebnd\u00ebr universitare t\u00eb Podgoric\u00ebs. T\u00eb pranish\u00ebm n\u00eb k\u00ebt\u00eb\",\"breadcrumb\":{\"@id\":\"https:\/\/www.visit-ulcinj.com\/blog\/2009\/02\/17\/forca-e-re-takohet-me-studentat-shqipetare-ne-podgorice\/#breadcrumb\"},\"inLanguage\":\"en-US\",\"potentialAction\":[{\"@type\":\"ReadAction\",\"target\":[\"https:\/\/www.visit-ulcinj.com\/blog\/2009\/02\/17\/forca-e-re-takohet-me-studentat-shqipetare-ne-podgorice\/\"]}]},{\"@type\":\"BreadcrumbList\",\"@id\":\"https:\/\/www.visit-ulcinj.com\/blog\/2009\/02\/17\/forca-e-re-takohet-me-studentat-shqipetare-ne-podgorice\/#breadcrumb\",\"itemListElement\":[{\"@type\":\"ListItem\",\"position\":1,\"name\":\"Forca e Re takohet me studentat shqip\u00ebtar\u00eb n\u00eb Podgoric\u00eb\"}]},{\"@type\":\"Person\",\"@id\":\"https:\/\/www.visit-ulcinj.com\/blog\/#\/schema\/person\/dcab619c614d3038751c63bc2aadc06d\",\"name\":\"ulqini\",\"sameAs\":[\"http:\/\/www.visit-ulcinj.com\"],\"url\":\"https:\/\/www.visit-ulcinj.com\/blog\/author\/admin\/\"}]}<\/script>\n<!-- \/ Yoast SEO plugin. -->","yoast_head_json":{"title":"Forca e Re takohet me studentat shqip\u00ebtar\u00eb n\u00eb Podgoric\u00eb - Lajme nga Ulqini","description":"N\u00ebn organizimin e FORC\u00cbS n\u00eb restorantin \u201cRibnica\u201d u organizua nj\u00eb takim me studentat shqip\u00ebtar\u00eb me q\u00ebnd\u00ebr universitare t\u00eb Podgoric\u00ebs. T\u00eb pranish\u00ebm n\u00eb k\u00ebt\u00eb","robots":{"index":"index","follow":"follow","max-snippet":"max-snippet:-1","max-image-preview":"max-image-preview:large","max-video-preview":"max-video-preview:-1"},"canonical":"https:\/\/www.visit-ulcinj.com\/blog\/2009\/02\/17\/forca-e-re-takohet-me-studentat-shqipetare-ne-podgorice\/","og_locale":"en_US","og_type":"article","og_title":"Forca e Re takohet me studentat shqip\u00ebtar\u00eb n\u00eb Podgoric\u00eb - Lajme nga Ulqini","og_description":"N\u00ebn organizimin e FORC\u00cbS n\u00eb restorantin \u201cRibnica\u201d u organizua nj\u00eb takim me studentat shqip\u00ebtar\u00eb me q\u00ebnd\u00ebr universitare t\u00eb Podgoric\u00ebs. T\u00eb pranish\u00ebm n\u00eb k\u00ebt\u00eb","og_url":"https:\/\/www.visit-ulcinj.com\/blog\/2009\/02\/17\/forca-e-re-takohet-me-studentat-shqipetare-ne-podgorice\/","og_site_name":"Lajme nga Ulqini","article_published_time":"2009-02-17T10:57:13+00:00","article_modified_time":"2009-02-17T11:00:25+00:00","og_image":[{"url":"https:\/\/www.visit-ulcinj.com\/blog\/wp-content\/uploads\/2009\/02\/forca-e-re-demokratike_restoranti-ribnica_podgorica-150x150.jpg"}],"twitter_misc":{"Written by":"ulqini","Est. reading time":"2 minutes"},"schema":{"@context":"https:\/\/schema.org","@graph":[{"@type":"WebSite","@id":"https:\/\/www.visit-ulcinj.com\/blog\/#website","url":"https:\/\/www.visit-ulcinj.com\/blog\/","name":"Lajme nga Ulqini","description":"Lajme,Vijesti,Ulqini,Ulqin,Crna Gora,Mali i Zi","potentialAction":[{"@type":"SearchAction","target":{"@type":"EntryPoint","urlTemplate":"https:\/\/www.visit-ulcinj.com\/blog\/?s={search_term_string}"},"query-input":"required name=search_term_string"}],"inLanguage":"en-US"},{"@type":"ImageObject","inLanguage":"en-US","@id":"https:\/\/www.visit-ulcinj.com\/blog\/2009\/02\/17\/forca-e-re-takohet-me-studentat-shqipetare-ne-podgorice\/#primaryimage","url":"https:\/\/www.visit-ulcinj.com\/blog\/wp-content\/uploads\/2009\/02\/forca-e-re-demokratike_restoranti-ribnica_podgorica.jpg","contentUrl":"https:\/\/www.visit-ulcinj.com\/blog\/wp-content\/uploads\/2009\/02\/forca-e-re-demokratike_restoranti-ribnica_podgorica.jpg","width":"500","height":"375"},{"@type":"WebPage","@id":"https:\/\/www.visit-ulcinj.com\/blog\/2009\/02\/17\/forca-e-re-takohet-me-studentat-shqipetare-ne-podgorice\/#webpage","url":"https:\/\/www.visit-ulcinj.com\/blog\/2009\/02\/17\/forca-e-re-takohet-me-studentat-shqipetare-ne-podgorice\/","name":"Forca e Re takohet me studentat shqip\u00ebtar\u00eb n\u00eb Podgoric\u00eb - Lajme nga Ulqini","isPartOf":{"@id":"https:\/\/www.visit-ulcinj.com\/blog\/#website"},"primaryImageOfPage":{"@id":"https:\/\/www.visit-ulcinj.com\/blog\/2009\/02\/17\/forca-e-re-takohet-me-studentat-shqipetare-ne-podgorice\/#primaryimage"},"datePublished":"2009-02-17T10:57:13+00:00","dateModified":"2009-02-17T11:00:25+00:00","author":{"@id":"https:\/\/www.visit-ulcinj.com\/blog\/#\/schema\/person\/dcab619c614d3038751c63bc2aadc06d"},"description":"N\u00ebn organizimin e FORC\u00cbS n\u00eb restorantin \u201cRibnica\u201d u organizua nj\u00eb takim me studentat shqip\u00ebtar\u00eb me q\u00ebnd\u00ebr universitare t\u00eb Podgoric\u00ebs. T\u00eb pranish\u00ebm n\u00eb k\u00ebt\u00eb","breadcrumb":{"@id":"https:\/\/www.visit-ulcinj.com\/blog\/2009\/02\/17\/forca-e-re-takohet-me-studentat-shqipetare-ne-podgorice\/#breadcrumb"},"inLanguage":"en-US","potentialAction":[{"@type":"ReadAction","target":["https:\/\/www.visit-ulcinj.com\/blog\/2009\/02\/17\/forca-e-re-takohet-me-studentat-shqipetare-ne-podgorice\/"]}]},{"@type":"BreadcrumbList","@id":"https:\/\/www.visit-ulcinj.com\/blog\/2009\/02\/17\/forca-e-re-takohet-me-studentat-shqipetare-ne-podgorice\/#breadcrumb","itemListElement":[{"@type":"ListItem","position":1,"name":"Forca e Re takohet me studentat shqip\u00ebtar\u00eb n\u00eb Podgoric\u00eb"}]},{"@type":"Person","@id":"https:\/\/www.visit-ulcinj.com\/blog\/#\/schema\/person\/dcab619c614d3038751c63bc2aadc06d","name":"ulqini","sameAs":["http:\/\/www.visit-ulcinj.com"],"url":"https:\/\/www.visit-ulcinj.com\/blog\/author\/admin\/"}]}},"jetpack_featured_media_url":"","jetpack_sharing_enabled":true,"jetpack_shortlink":"https:\/\/wp.me\/pe6lTn-2XF","_links":{"self":[{"href":"https:\/\/www.visit-ulcinj.com\/blog\/wp-json\/wp\/v2\/posts\/11387"}],"collection":[{"href":"https:\/\/www.visit-ulcinj.com\/blog\/wp-json\/wp\/v2\/posts"}],"about":[{"href":"https:\/\/www.visit-ulcinj.com\/blog\/wp-json\/wp\/v2\/types\/post"}],"author":[{"embeddable":true,"href":"https:\/\/www.visit-ulcinj.com\/blog\/wp-json\/wp\/v2\/users\/1"}],"replies":[{"embeddable":true,"href":"https:\/\/www.visit-ulcinj.com\/blog\/wp-json\/wp\/v2\/comments?post=11387"}],"version-history":[{"count":0,"href":"https:\/\/www.visit-ulcinj.com\/blog\/wp-json\/wp\/v2\/posts\/11387\/revisions"}],"wp:attachment":[{"href":"https:\/\/www.visit-ulcinj.com\/blog\/wp-json\/wp\/v2\/media?parent=11387"}],"wp:term":[{"taxonomy":"category","embeddable":true,"href":"https:\/\/www.visit-ulcinj.com\/blog\/wp-json\/wp\/v2\/categories?post=11387"},{"taxonomy":"post_tag","embeddable":true,"href":"https:\/\/www.visit-ulcinj.com\/blog\/wp-json\/wp\/v2\/tags?post=11387"}],"curies":[{"name":"wp","href":"https:\/\/api.w.org\/{rel}","templated":true}]}}