{"id":11406,"date":"2009-02-17T12:27:29","date_gmt":"2009-02-17T11:27:29","guid":{"rendered":"http:\/\/www.visit-ulcinj.com\/blog\/?p=11406"},"modified":"2009-02-17T12:27:29","modified_gmt":"2009-02-17T11:27:29","slug":"aleanca-e-reper-deputetin-e-anes-se-malit","status":"publish","type":"post","link":"https:\/\/www.visit-ulcinj.com\/blog\/2009\/02\/17\/aleanca-e-reper-deputetin-e-anes-se-malit\/","title":{"rendered":"&#8220;Aleanca e Re&#8221;p\u00ebr deputetin e An\u00ebs s\u00eb Malit"},"content":{"rendered":"<p><strong><a href=\"http:\/\/www.visit-ulcinj.com\/blog\/wp-content\/uploads\/2009\/02\/aleanca-e-re_katerkolle_ulqin.jpg\"><img loading=\"lazy\" class=\"alignleft size-full wp-image-11407\" title=\"aleanca-e-re_katerkolle_ulqin\" src=\"http:\/\/www.visit-ulcinj.com\/blog\/wp-content\/uploads\/2009\/02\/aleanca-e-re_katerkolle_ulqin.jpg\" alt=\"aleanca-e-re_katerkolle_ulqin\" width=\"570\" height=\"350\" \/><\/a>P\u00ebr deputetin e An\u00ebs s\u00eb Malit<\/strong><br \/>\nKat\u00ebrkoll\u00eb &#8211; Grupimi &#8220;Aleanca e Re&#8221; organizoi t\u00eb premten n\u00eb restorantin &#8220;Diamant&#8221; n\u00eb Kat\u00ebrkoll\u00eb takim me qytetar\u00ebt e An\u00ebs s\u00eb Malit me tem\u00ebn &#8220;T\u00eb gjith\u00eb s\u00eb bashku p\u00ebr deputetin e An\u00ebs s\u00eb Malit&#8221;.<br \/>\nN\u00eb kumtes\u00ebn p\u00ebr opinion thuhet se n\u00eb takim mor\u00ebn pjes\u00eb nj\u00eb num\u00ebr i madh i qytetar\u00ebve. &#8220;Atmosfera e takimit qe n\u00eb frym\u00ebn e mir\u00ebkuptimit p\u00ebr nism\u00ebn e mbar\u00eb t\u00eb Aleanc\u00ebs s\u00eb Re!<br \/>\nPjes\u00ebmarr\u00ebsit e takimit unanimisht p\u00ebrkrah\u00ebn Aleanc\u00ebn e Re &#8211; iden\u00eb p\u00ebr homogjenizimin e elektoratit rreth nje riformatimi t\u00eb ri n\u00eb k\u00ebt\u00eb trev\u00eb dhe m\u00eb gjer\u00eb, me q\u00ebllim q\u00eb skena politike shqiptare n\u00eb Mal t\u00eb Zi t\u00eb mos jet\u00eb e cop\u00ebzuar si gjer m\u00eb tani, por t\u00eb shkoj\u00eb drejt bashkimit t\u00eb elektoratit shqiptar n\u00eb faktorizimin e interesave komb\u00ebtare shqiptare n\u00eb Mal t\u00eb Zi&#8221;, thuhet n\u00eb kumtes\u00ebn p\u00ebr opinion.<\/p>\n<p><strong>Kohapress<\/strong><\/p>\n","protected":false},"excerpt":{"rendered":"<p>P\u00ebr deputetin e An\u00ebs s\u00eb Malit Kat\u00ebrkoll\u00eb &#8211; Grupimi &#8220;Aleanca e Re&#8221; organizoi t\u00eb premten n\u00eb restorantin &#8220;Diamant&#8221; n\u00eb Kat\u00ebrkoll\u00eb takim me qytetar\u00ebt e An\u00ebs s\u00eb Malit me tem\u00ebn &#8220;T\u00eb gjith\u00eb s\u00eb bashku p\u00ebr deputetin e An\u00ebs s\u00eb Malit&#8221;. N\u00eb kumtes\u00ebn p\u00ebr opinion thuhet se n\u00eb takim mor\u00ebn pjes\u00eb nj\u00eb num\u00ebr i madh i qytetar\u00ebve. [&hellip;]<\/p>\n","protected":false},"author":1,"featured_media":0,"comment_status":"open","ping_status":"closed","sticky":false,"template":"","format":"standard","meta":{"spay_email":"","jetpack_publicize_message":"","jetpack_is_tweetstorm":false,"jetpack_publicize_feature_enabled":true},"categories":[12],"tags":[6533,214,6800,6799],"jetpack_publicize_connections":[],"yoast_head":"<!-- This site is optimized with the Yoast SEO plugin v19.1 - https:\/\/yoast.com\/wordpress\/plugins\/seo\/ -->\n<title>&quot;Aleanca e Re&quot;p\u00ebr deputetin e An\u00ebs s\u00eb Malit - Lajme nga Ulqini<\/title>\n<meta name=\"description\" content=\"P\u00ebr deputetin e An\u00ebs s\u00eb Malit Kat\u00ebrkoll\u00eb - Grupimi &quot;Aleanca e Re&quot; organizoi t\u00eb premten n\u00eb restorantin &quot;Diamant&quot; n\u00eb Kat\u00ebrkoll\u00eb takim me qytetar\u00ebt e An\u00ebs s\u00eb\" \/>\n<meta name=\"robots\" content=\"index, follow, max-snippet:-1, max-image-preview:large, max-video-preview:-1\" \/>\n<link rel=\"canonical\" href=\"https:\/\/www.visit-ulcinj.com\/blog\/2009\/02\/17\/aleanca-e-reper-deputetin-e-anes-se-malit\/\" \/>\n<meta property=\"og:locale\" content=\"en_US\" \/>\n<meta property=\"og:type\" content=\"article\" \/>\n<meta property=\"og:title\" content=\"&quot;Aleanca e Re&quot;p\u00ebr deputetin e An\u00ebs s\u00eb Malit - Lajme nga Ulqini\" \/>\n<meta property=\"og:description\" content=\"P\u00ebr deputetin e An\u00ebs s\u00eb Malit Kat\u00ebrkoll\u00eb - Grupimi &quot;Aleanca e Re&quot; organizoi t\u00eb premten n\u00eb restorantin &quot;Diamant&quot; n\u00eb Kat\u00ebrkoll\u00eb takim me qytetar\u00ebt e An\u00ebs s\u00eb\" \/>\n<meta property=\"og:url\" content=\"https:\/\/www.visit-ulcinj.com\/blog\/2009\/02\/17\/aleanca-e-reper-deputetin-e-anes-se-malit\/\" \/>\n<meta property=\"og:site_name\" content=\"Lajme nga Ulqini\" \/>\n<meta property=\"article:published_time\" content=\"2009-02-17T11:27:29+00:00\" \/>\n<meta property=\"og:image\" content=\"http:\/\/www.visit-ulcinj.com\/blog\/wp-content\/uploads\/2009\/02\/aleanca-e-re_katerkolle_ulqin.jpg\" \/>\n<meta name=\"twitter:label1\" content=\"Written by\" \/>\n\t<meta name=\"twitter:data1\" content=\"ulqini\" \/>\n\t<meta name=\"twitter:label2\" content=\"Est. reading time\" \/>\n\t<meta name=\"twitter:data2\" content=\"1 minute\" \/>\n<script type=\"application\/ld+json\" class=\"yoast-schema-graph\">{\"@context\":\"https:\/\/schema.org\",\"@graph\":[{\"@type\":\"WebSite\",\"@id\":\"https:\/\/www.visit-ulcinj.com\/blog\/#website\",\"url\":\"https:\/\/www.visit-ulcinj.com\/blog\/\",\"name\":\"Lajme nga Ulqini\",\"description\":\"Lajme,Vijesti,Ulqini,Ulqin,Crna Gora,Mali i Zi\",\"potentialAction\":[{\"@type\":\"SearchAction\",\"target\":{\"@type\":\"EntryPoint\",\"urlTemplate\":\"https:\/\/www.visit-ulcinj.com\/blog\/?s={search_term_string}\"},\"query-input\":\"required name=search_term_string\"}],\"inLanguage\":\"en-US\"},{\"@type\":\"ImageObject\",\"inLanguage\":\"en-US\",\"@id\":\"https:\/\/www.visit-ulcinj.com\/blog\/2009\/02\/17\/aleanca-e-reper-deputetin-e-anes-se-malit\/#primaryimage\",\"url\":\"https:\/\/www.visit-ulcinj.com\/blog\/wp-content\/uploads\/2009\/02\/aleanca-e-re_katerkolle_ulqin.jpg\",\"contentUrl\":\"https:\/\/www.visit-ulcinj.com\/blog\/wp-content\/uploads\/2009\/02\/aleanca-e-re_katerkolle_ulqin.jpg\",\"width\":\"606\",\"height\":\"425\"},{\"@type\":\"WebPage\",\"@id\":\"https:\/\/www.visit-ulcinj.com\/blog\/2009\/02\/17\/aleanca-e-reper-deputetin-e-anes-se-malit\/#webpage\",\"url\":\"https:\/\/www.visit-ulcinj.com\/blog\/2009\/02\/17\/aleanca-e-reper-deputetin-e-anes-se-malit\/\",\"name\":\"\\\"Aleanca e Re\\\"p\u00ebr deputetin e An\u00ebs s\u00eb Malit - Lajme nga Ulqini\",\"isPartOf\":{\"@id\":\"https:\/\/www.visit-ulcinj.com\/blog\/#website\"},\"primaryImageOfPage\":{\"@id\":\"https:\/\/www.visit-ulcinj.com\/blog\/2009\/02\/17\/aleanca-e-reper-deputetin-e-anes-se-malit\/#primaryimage\"},\"datePublished\":\"2009-02-17T11:27:29+00:00\",\"dateModified\":\"2009-02-17T11:27:29+00:00\",\"author\":{\"@id\":\"https:\/\/www.visit-ulcinj.com\/blog\/#\/schema\/person\/dcab619c614d3038751c63bc2aadc06d\"},\"description\":\"P\u00ebr deputetin e An\u00ebs s\u00eb Malit Kat\u00ebrkoll\u00eb - Grupimi \\\"Aleanca e Re\\\" organizoi t\u00eb premten n\u00eb restorantin \\\"Diamant\\\" n\u00eb Kat\u00ebrkoll\u00eb takim me qytetar\u00ebt e An\u00ebs s\u00eb\",\"breadcrumb\":{\"@id\":\"https:\/\/www.visit-ulcinj.com\/blog\/2009\/02\/17\/aleanca-e-reper-deputetin-e-anes-se-malit\/#breadcrumb\"},\"inLanguage\":\"en-US\",\"potentialAction\":[{\"@type\":\"ReadAction\",\"target\":[\"https:\/\/www.visit-ulcinj.com\/blog\/2009\/02\/17\/aleanca-e-reper-deputetin-e-anes-se-malit\/\"]}]},{\"@type\":\"BreadcrumbList\",\"@id\":\"https:\/\/www.visit-ulcinj.com\/blog\/2009\/02\/17\/aleanca-e-reper-deputetin-e-anes-se-malit\/#breadcrumb\",\"itemListElement\":[{\"@type\":\"ListItem\",\"position\":1,\"name\":\"&#8220;Aleanca e Re&#8221;p\u00ebr deputetin e An\u00ebs s\u00eb Malit\"}]},{\"@type\":\"Person\",\"@id\":\"https:\/\/www.visit-ulcinj.com\/blog\/#\/schema\/person\/dcab619c614d3038751c63bc2aadc06d\",\"name\":\"ulqini\",\"sameAs\":[\"http:\/\/www.visit-ulcinj.com\"],\"url\":\"https:\/\/www.visit-ulcinj.com\/blog\/author\/admin\/\"}]}<\/script>\n<!-- \/ Yoast SEO plugin. -->","yoast_head_json":{"title":"\"Aleanca e Re\"p\u00ebr deputetin e An\u00ebs s\u00eb Malit - Lajme nga Ulqini","description":"P\u00ebr deputetin e An\u00ebs s\u00eb Malit Kat\u00ebrkoll\u00eb - Grupimi \"Aleanca e Re\" organizoi t\u00eb premten n\u00eb restorantin \"Diamant\" n\u00eb Kat\u00ebrkoll\u00eb takim me qytetar\u00ebt e An\u00ebs s\u00eb","robots":{"index":"index","follow":"follow","max-snippet":"max-snippet:-1","max-image-preview":"max-image-preview:large","max-video-preview":"max-video-preview:-1"},"canonical":"https:\/\/www.visit-ulcinj.com\/blog\/2009\/02\/17\/aleanca-e-reper-deputetin-e-anes-se-malit\/","og_locale":"en_US","og_type":"article","og_title":"\"Aleanca e Re\"p\u00ebr deputetin e An\u00ebs s\u00eb Malit - Lajme nga Ulqini","og_description":"P\u00ebr deputetin e An\u00ebs s\u00eb Malit Kat\u00ebrkoll\u00eb - Grupimi \"Aleanca e Re\" organizoi t\u00eb premten n\u00eb restorantin \"Diamant\" n\u00eb Kat\u00ebrkoll\u00eb takim me qytetar\u00ebt e An\u00ebs s\u00eb","og_url":"https:\/\/www.visit-ulcinj.com\/blog\/2009\/02\/17\/aleanca-e-reper-deputetin-e-anes-se-malit\/","og_site_name":"Lajme nga Ulqini","article_published_time":"2009-02-17T11:27:29+00:00","og_image":[{"url":"http:\/\/www.visit-ulcinj.com\/blog\/wp-content\/uploads\/2009\/02\/aleanca-e-re_katerkolle_ulqin.jpg"}],"twitter_misc":{"Written by":"ulqini","Est. reading time":"1 minute"},"schema":{"@context":"https:\/\/schema.org","@graph":[{"@type":"WebSite","@id":"https:\/\/www.visit-ulcinj.com\/blog\/#website","url":"https:\/\/www.visit-ulcinj.com\/blog\/","name":"Lajme nga Ulqini","description":"Lajme,Vijesti,Ulqini,Ulqin,Crna Gora,Mali i Zi","potentialAction":[{"@type":"SearchAction","target":{"@type":"EntryPoint","urlTemplate":"https:\/\/www.visit-ulcinj.com\/blog\/?s={search_term_string}"},"query-input":"required name=search_term_string"}],"inLanguage":"en-US"},{"@type":"ImageObject","inLanguage":"en-US","@id":"https:\/\/www.visit-ulcinj.com\/blog\/2009\/02\/17\/aleanca-e-reper-deputetin-e-anes-se-malit\/#primaryimage","url":"https:\/\/www.visit-ulcinj.com\/blog\/wp-content\/uploads\/2009\/02\/aleanca-e-re_katerkolle_ulqin.jpg","contentUrl":"https:\/\/www.visit-ulcinj.com\/blog\/wp-content\/uploads\/2009\/02\/aleanca-e-re_katerkolle_ulqin.jpg","width":"606","height":"425"},{"@type":"WebPage","@id":"https:\/\/www.visit-ulcinj.com\/blog\/2009\/02\/17\/aleanca-e-reper-deputetin-e-anes-se-malit\/#webpage","url":"https:\/\/www.visit-ulcinj.com\/blog\/2009\/02\/17\/aleanca-e-reper-deputetin-e-anes-se-malit\/","name":"\"Aleanca e Re\"p\u00ebr deputetin e An\u00ebs s\u00eb Malit - Lajme nga Ulqini","isPartOf":{"@id":"https:\/\/www.visit-ulcinj.com\/blog\/#website"},"primaryImageOfPage":{"@id":"https:\/\/www.visit-ulcinj.com\/blog\/2009\/02\/17\/aleanca-e-reper-deputetin-e-anes-se-malit\/#primaryimage"},"datePublished":"2009-02-17T11:27:29+00:00","dateModified":"2009-02-17T11:27:29+00:00","author":{"@id":"https:\/\/www.visit-ulcinj.com\/blog\/#\/schema\/person\/dcab619c614d3038751c63bc2aadc06d"},"description":"P\u00ebr deputetin e An\u00ebs s\u00eb Malit Kat\u00ebrkoll\u00eb - Grupimi \"Aleanca e Re\" organizoi t\u00eb premten n\u00eb restorantin \"Diamant\" n\u00eb Kat\u00ebrkoll\u00eb takim me qytetar\u00ebt e An\u00ebs s\u00eb","breadcrumb":{"@id":"https:\/\/www.visit-ulcinj.com\/blog\/2009\/02\/17\/aleanca-e-reper-deputetin-e-anes-se-malit\/#breadcrumb"},"inLanguage":"en-US","potentialAction":[{"@type":"ReadAction","target":["https:\/\/www.visit-ulcinj.com\/blog\/2009\/02\/17\/aleanca-e-reper-deputetin-e-anes-se-malit\/"]}]},{"@type":"BreadcrumbList","@id":"https:\/\/www.visit-ulcinj.com\/blog\/2009\/02\/17\/aleanca-e-reper-deputetin-e-anes-se-malit\/#breadcrumb","itemListElement":[{"@type":"ListItem","position":1,"name":"&#8220;Aleanca e Re&#8221;p\u00ebr deputetin e An\u00ebs s\u00eb Malit"}]},{"@type":"Person","@id":"https:\/\/www.visit-ulcinj.com\/blog\/#\/schema\/person\/dcab619c614d3038751c63bc2aadc06d","name":"ulqini","sameAs":["http:\/\/www.visit-ulcinj.com"],"url":"https:\/\/www.visit-ulcinj.com\/blog\/author\/admin\/"}]}},"jetpack_featured_media_url":"","jetpack_sharing_enabled":true,"jetpack_shortlink":"https:\/\/wp.me\/pe6lTn-2XY","_links":{"self":[{"href":"https:\/\/www.visit-ulcinj.com\/blog\/wp-json\/wp\/v2\/posts\/11406"}],"collection":[{"href":"https:\/\/www.visit-ulcinj.com\/blog\/wp-json\/wp\/v2\/posts"}],"about":[{"href":"https:\/\/www.visit-ulcinj.com\/blog\/wp-json\/wp\/v2\/types\/post"}],"author":[{"embeddable":true,"href":"https:\/\/www.visit-ulcinj.com\/blog\/wp-json\/wp\/v2\/users\/1"}],"replies":[{"embeddable":true,"href":"https:\/\/www.visit-ulcinj.com\/blog\/wp-json\/wp\/v2\/comments?post=11406"}],"version-history":[{"count":0,"href":"https:\/\/www.visit-ulcinj.com\/blog\/wp-json\/wp\/v2\/posts\/11406\/revisions"}],"wp:attachment":[{"href":"https:\/\/www.visit-ulcinj.com\/blog\/wp-json\/wp\/v2\/media?parent=11406"}],"wp:term":[{"taxonomy":"category","embeddable":true,"href":"https:\/\/www.visit-ulcinj.com\/blog\/wp-json\/wp\/v2\/categories?post=11406"},{"taxonomy":"post_tag","embeddable":true,"href":"https:\/\/www.visit-ulcinj.com\/blog\/wp-json\/wp\/v2\/tags?post=11406"}],"curies":[{"name":"wp","href":"https:\/\/api.w.org\/{rel}","templated":true}]}}