{"id":1141,"date":"2008-04-04T14:16:28","date_gmt":"2008-04-04T19:16:28","guid":{"rendered":"http:\/\/www.visit-ulcinj.com\/blog\/?p=1141"},"modified":"2008-04-04T14:16:28","modified_gmt":"2008-04-04T19:16:28","slug":"perfundojne-fushatat-zgjedhore-ne-mal-te-zi","status":"publish","type":"post","link":"https:\/\/www.visit-ulcinj.com\/blog\/2008\/04\/04\/perfundojne-fushatat-zgjedhore-ne-mal-te-zi\/","title":{"rendered":"P\u00ebrfundojn\u00eb fushatat zgjedhore n\u00eb Mal t\u00eb Zi"},"content":{"rendered":"<p><a href=\"http:\/\/www.visit-ulcinj.com\/blog\/wp-content\/uploads\/2008\/04\/presdnicki-izbori-cg.jpg\"><img loading=\"lazy\" class=\"alignleft size-medium wp-image-1140\" style=\"float: left;\" title=\"presdnicki-izbori-cg\" src=\"http:\/\/www.visit-ulcinj.com\/blog\/wp-content\/uploads\/2008\/04\/presdnicki-izbori-cg.jpg\" alt=\"presdnicki zbori cg\" width=\"260\" height=\"190\" \/><\/a>Konventat p\u00ebrfundimtare parazgjedhore t\u00eb kandidat\u00ebve presidencial\u00eb t\u00eb Malit t\u00eb Zi filluan t\u00eb m\u00ebrkur\u00ebn, kurse tubimi i fundit i till\u00eb mbahet t\u00eb premten. Tubimin p\u00ebrfundimtar i pari e mbajti kandidati i List\u00ebs Serbe (SL), Andrija Mandic, i cili ithtar\u00ebt e tij i tuboi t\u00eb m\u00ebrkur\u00ebn mbr\u00ebma para kish\u00ebs s\u00eb Sh\u00ebn Gjergjit n\u00eb Podgoric\u00eb.T\u00eb enjten dhe t\u00eb premten ithtar\u00ebve t\u00eb tyre para mbajtjes s\u00eb zgjedhjeve<br \/>\np\u00ebr her\u00eb t\u00eb fundit do t\u2019iu drejtohen kandidat\u00ebt e L\u00ebvizjes p\u00ebr Ndryshime, Partis\u00eb Socialiste Popullore dhe t\u00eb koalicionit qeveritar, Nebojsa Medojevic, Srdjan Milic dhe Filip Vujanovic. Tubimi p\u00ebrfundimtar i Medojevic do t\u00eb mbahet af\u00ebr stadiumit t\u00eb qytetit n\u00eb Podgoric\u00eb, i Milicit n\u00eb Sht\u00ebpin\u00eb e Armat\u00ebs s\u00eb Malit t\u00eb Zi,kurse ai i Vujanovicit n\u00eb Sall\u00ebn e Kongreseve t\u00eb Partis\u00eb qeveritare Demokratike t\u00eb Socialist\u00ebve. N\u00eb mesnat\u00ebn e s\u00eb premtes dhe t\u00eb shtun\u00ebs fillon heshtja parazgjedhore.Zgjedhjet p\u00ebr kryetarin e Malit t\u00eb Zi jan\u00eb caktuar p\u00ebr 6 prill.<br \/>\n<strong>Gazeta Express<\/strong><\/p>\n","protected":false},"excerpt":{"rendered":"<p><img loading=\"lazy\" class=\"alignleft size-medium wp-image-1140\" style=\"float: left;\" title=\"presdnicki-izbori-cg\" src=\"http:\/\/www.visit-ulcinj.com\/blog\/wp-content\/uploads\/2008\/04\/presdnicki-izbori-cg.jpg\" alt=\"presdnicki zbori cg\" width=\"140\" height=\"140\" \/><\/p>\n","protected":false},"author":1,"featured_media":0,"comment_status":"open","ping_status":"closed","sticky":false,"template":"","format":"standard","meta":{"spay_email":"","jetpack_publicize_message":"","jetpack_is_tweetstorm":false,"jetpack_publicize_feature_enabled":true},"categories":[1],"tags":[2425,93,794,2424],"jetpack_publicize_connections":[],"yoast_head":"<!-- This site is optimized with the Yoast SEO plugin v19.1 - https:\/\/yoast.com\/wordpress\/plugins\/seo\/ -->\n<title>P\u00ebrfundojn\u00eb fushatat zgjedhore n\u00eb Mal t\u00eb Zi - Lajme nga Ulqini<\/title>\n<meta name=\"robots\" content=\"index, follow, max-snippet:-1, max-image-preview:large, max-video-preview:-1\" \/>\n<link rel=\"canonical\" href=\"https:\/\/www.visit-ulcinj.com\/blog\/2008\/04\/04\/perfundojne-fushatat-zgjedhore-ne-mal-te-zi\/\" \/>\n<meta property=\"og:locale\" content=\"en_US\" \/>\n<meta property=\"og:type\" content=\"article\" \/>\n<meta property=\"og:title\" content=\"P\u00ebrfundojn\u00eb fushatat zgjedhore n\u00eb Mal t\u00eb Zi - Lajme nga Ulqini\" \/>\n<meta property=\"og:url\" content=\"https:\/\/www.visit-ulcinj.com\/blog\/2008\/04\/04\/perfundojne-fushatat-zgjedhore-ne-mal-te-zi\/\" \/>\n<meta property=\"og:site_name\" content=\"Lajme nga Ulqini\" \/>\n<meta property=\"article:published_time\" content=\"2008-04-04T19:16:28+00:00\" \/>\n<meta property=\"og:image\" content=\"http:\/\/www.visit-ulcinj.com\/blog\/wp-content\/uploads\/2008\/04\/presdnicki-izbori-cg.jpg\" \/>\n<meta name=\"twitter:label1\" content=\"Written by\" \/>\n\t<meta name=\"twitter:data1\" content=\"ulqini\" \/>\n\t<meta name=\"twitter:label2\" content=\"Est. reading time\" \/>\n\t<meta name=\"twitter:data2\" content=\"1 minute\" \/>\n<script type=\"application\/ld+json\" class=\"yoast-schema-graph\">{\"@context\":\"https:\/\/schema.org\",\"@graph\":[{\"@type\":\"WebSite\",\"@id\":\"https:\/\/www.visit-ulcinj.com\/blog\/#website\",\"url\":\"https:\/\/www.visit-ulcinj.com\/blog\/\",\"name\":\"Lajme nga Ulqini\",\"description\":\"Lajme,Vijesti,Ulqini,Ulqin,Crna Gora,Mali i Zi\",\"potentialAction\":[{\"@type\":\"SearchAction\",\"target\":{\"@type\":\"EntryPoint\",\"urlTemplate\":\"https:\/\/www.visit-ulcinj.com\/blog\/?s={search_term_string}\"},\"query-input\":\"required name=search_term_string\"}],\"inLanguage\":\"en-US\"},{\"@type\":\"ImageObject\",\"inLanguage\":\"en-US\",\"@id\":\"https:\/\/www.visit-ulcinj.com\/blog\/2008\/04\/04\/perfundojne-fushatat-zgjedhore-ne-mal-te-zi\/#primaryimage\",\"url\":\"http:\/\/www.visit-ulcinj.com\/blog\/wp-content\/uploads\/2008\/04\/presdnicki-izbori-cg.jpg\",\"contentUrl\":\"http:\/\/www.visit-ulcinj.com\/blog\/wp-content\/uploads\/2008\/04\/presdnicki-izbori-cg.jpg\"},{\"@type\":\"WebPage\",\"@id\":\"https:\/\/www.visit-ulcinj.com\/blog\/2008\/04\/04\/perfundojne-fushatat-zgjedhore-ne-mal-te-zi\/#webpage\",\"url\":\"https:\/\/www.visit-ulcinj.com\/blog\/2008\/04\/04\/perfundojne-fushatat-zgjedhore-ne-mal-te-zi\/\",\"name\":\"P\u00ebrfundojn\u00eb fushatat zgjedhore n\u00eb Mal t\u00eb Zi - Lajme nga Ulqini\",\"isPartOf\":{\"@id\":\"https:\/\/www.visit-ulcinj.com\/blog\/#website\"},\"primaryImageOfPage\":{\"@id\":\"https:\/\/www.visit-ulcinj.com\/blog\/2008\/04\/04\/perfundojne-fushatat-zgjedhore-ne-mal-te-zi\/#primaryimage\"},\"datePublished\":\"2008-04-04T19:16:28+00:00\",\"dateModified\":\"2008-04-04T19:16:28+00:00\",\"author\":{\"@id\":\"https:\/\/www.visit-ulcinj.com\/blog\/#\/schema\/person\/dcab619c614d3038751c63bc2aadc06d\"},\"breadcrumb\":{\"@id\":\"https:\/\/www.visit-ulcinj.com\/blog\/2008\/04\/04\/perfundojne-fushatat-zgjedhore-ne-mal-te-zi\/#breadcrumb\"},\"inLanguage\":\"en-US\",\"potentialAction\":[{\"@type\":\"ReadAction\",\"target\":[\"https:\/\/www.visit-ulcinj.com\/blog\/2008\/04\/04\/perfundojne-fushatat-zgjedhore-ne-mal-te-zi\/\"]}]},{\"@type\":\"BreadcrumbList\",\"@id\":\"https:\/\/www.visit-ulcinj.com\/blog\/2008\/04\/04\/perfundojne-fushatat-zgjedhore-ne-mal-te-zi\/#breadcrumb\",\"itemListElement\":[{\"@type\":\"ListItem\",\"position\":1,\"name\":\"P\u00ebrfundojn\u00eb fushatat zgjedhore n\u00eb Mal t\u00eb Zi\"}]},{\"@type\":\"Person\",\"@id\":\"https:\/\/www.visit-ulcinj.com\/blog\/#\/schema\/person\/dcab619c614d3038751c63bc2aadc06d\",\"name\":\"ulqini\",\"sameAs\":[\"http:\/\/www.visit-ulcinj.com\"],\"url\":\"https:\/\/www.visit-ulcinj.com\/blog\/author\/admin\/\"}]}<\/script>\n<!-- \/ Yoast SEO plugin. -->","yoast_head_json":{"title":"P\u00ebrfundojn\u00eb fushatat zgjedhore n\u00eb Mal t\u00eb Zi - Lajme nga Ulqini","robots":{"index":"index","follow":"follow","max-snippet":"max-snippet:-1","max-image-preview":"max-image-preview:large","max-video-preview":"max-video-preview:-1"},"canonical":"https:\/\/www.visit-ulcinj.com\/blog\/2008\/04\/04\/perfundojne-fushatat-zgjedhore-ne-mal-te-zi\/","og_locale":"en_US","og_type":"article","og_title":"P\u00ebrfundojn\u00eb fushatat zgjedhore n\u00eb Mal t\u00eb Zi - Lajme nga Ulqini","og_url":"https:\/\/www.visit-ulcinj.com\/blog\/2008\/04\/04\/perfundojne-fushatat-zgjedhore-ne-mal-te-zi\/","og_site_name":"Lajme nga Ulqini","article_published_time":"2008-04-04T19:16:28+00:00","og_image":[{"url":"http:\/\/www.visit-ulcinj.com\/blog\/wp-content\/uploads\/2008\/04\/presdnicki-izbori-cg.jpg"}],"twitter_misc":{"Written by":"ulqini","Est. reading time":"1 minute"},"schema":{"@context":"https:\/\/schema.org","@graph":[{"@type":"WebSite","@id":"https:\/\/www.visit-ulcinj.com\/blog\/#website","url":"https:\/\/www.visit-ulcinj.com\/blog\/","name":"Lajme nga Ulqini","description":"Lajme,Vijesti,Ulqini,Ulqin,Crna Gora,Mali i Zi","potentialAction":[{"@type":"SearchAction","target":{"@type":"EntryPoint","urlTemplate":"https:\/\/www.visit-ulcinj.com\/blog\/?s={search_term_string}"},"query-input":"required name=search_term_string"}],"inLanguage":"en-US"},{"@type":"ImageObject","inLanguage":"en-US","@id":"https:\/\/www.visit-ulcinj.com\/blog\/2008\/04\/04\/perfundojne-fushatat-zgjedhore-ne-mal-te-zi\/#primaryimage","url":"http:\/\/www.visit-ulcinj.com\/blog\/wp-content\/uploads\/2008\/04\/presdnicki-izbori-cg.jpg","contentUrl":"http:\/\/www.visit-ulcinj.com\/blog\/wp-content\/uploads\/2008\/04\/presdnicki-izbori-cg.jpg"},{"@type":"WebPage","@id":"https:\/\/www.visit-ulcinj.com\/blog\/2008\/04\/04\/perfundojne-fushatat-zgjedhore-ne-mal-te-zi\/#webpage","url":"https:\/\/www.visit-ulcinj.com\/blog\/2008\/04\/04\/perfundojne-fushatat-zgjedhore-ne-mal-te-zi\/","name":"P\u00ebrfundojn\u00eb fushatat zgjedhore n\u00eb Mal t\u00eb Zi - Lajme nga Ulqini","isPartOf":{"@id":"https:\/\/www.visit-ulcinj.com\/blog\/#website"},"primaryImageOfPage":{"@id":"https:\/\/www.visit-ulcinj.com\/blog\/2008\/04\/04\/perfundojne-fushatat-zgjedhore-ne-mal-te-zi\/#primaryimage"},"datePublished":"2008-04-04T19:16:28+00:00","dateModified":"2008-04-04T19:16:28+00:00","author":{"@id":"https:\/\/www.visit-ulcinj.com\/blog\/#\/schema\/person\/dcab619c614d3038751c63bc2aadc06d"},"breadcrumb":{"@id":"https:\/\/www.visit-ulcinj.com\/blog\/2008\/04\/04\/perfundojne-fushatat-zgjedhore-ne-mal-te-zi\/#breadcrumb"},"inLanguage":"en-US","potentialAction":[{"@type":"ReadAction","target":["https:\/\/www.visit-ulcinj.com\/blog\/2008\/04\/04\/perfundojne-fushatat-zgjedhore-ne-mal-te-zi\/"]}]},{"@type":"BreadcrumbList","@id":"https:\/\/www.visit-ulcinj.com\/blog\/2008\/04\/04\/perfundojne-fushatat-zgjedhore-ne-mal-te-zi\/#breadcrumb","itemListElement":[{"@type":"ListItem","position":1,"name":"P\u00ebrfundojn\u00eb fushatat zgjedhore n\u00eb Mal t\u00eb Zi"}]},{"@type":"Person","@id":"https:\/\/www.visit-ulcinj.com\/blog\/#\/schema\/person\/dcab619c614d3038751c63bc2aadc06d","name":"ulqini","sameAs":["http:\/\/www.visit-ulcinj.com"],"url":"https:\/\/www.visit-ulcinj.com\/blog\/author\/admin\/"}]}},"jetpack_featured_media_url":"","jetpack_sharing_enabled":true,"jetpack_shortlink":"https:\/\/wp.me\/pe6lTn-ip","_links":{"self":[{"href":"https:\/\/www.visit-ulcinj.com\/blog\/wp-json\/wp\/v2\/posts\/1141"}],"collection":[{"href":"https:\/\/www.visit-ulcinj.com\/blog\/wp-json\/wp\/v2\/posts"}],"about":[{"href":"https:\/\/www.visit-ulcinj.com\/blog\/wp-json\/wp\/v2\/types\/post"}],"author":[{"embeddable":true,"href":"https:\/\/www.visit-ulcinj.com\/blog\/wp-json\/wp\/v2\/users\/1"}],"replies":[{"embeddable":true,"href":"https:\/\/www.visit-ulcinj.com\/blog\/wp-json\/wp\/v2\/comments?post=1141"}],"version-history":[{"count":0,"href":"https:\/\/www.visit-ulcinj.com\/blog\/wp-json\/wp\/v2\/posts\/1141\/revisions"}],"wp:attachment":[{"href":"https:\/\/www.visit-ulcinj.com\/blog\/wp-json\/wp\/v2\/media?parent=1141"}],"wp:term":[{"taxonomy":"category","embeddable":true,"href":"https:\/\/www.visit-ulcinj.com\/blog\/wp-json\/wp\/v2\/categories?post=1141"},{"taxonomy":"post_tag","embeddable":true,"href":"https:\/\/www.visit-ulcinj.com\/blog\/wp-json\/wp\/v2\/tags?post=1141"}],"curies":[{"name":"wp","href":"https:\/\/api.w.org\/{rel}","templated":true}]}}