{"id":11413,"date":"2009-02-17T13:29:35","date_gmt":"2009-02-17T12:29:35","guid":{"rendered":"http:\/\/www.visit-ulcinj.com\/blog\/?p=11413"},"modified":"2009-02-22T18:19:16","modified_gmt":"2009-02-22T17:19:16","slug":"asociacioni-turistik-i-kosoves%e2%80%9ckotas%e2%80%9dqendroj-ne-ulqin","status":"publish","type":"post","link":"https:\/\/www.visit-ulcinj.com\/blog\/2009\/02\/17\/asociacioni-turistik-i-kosoves%e2%80%9ckotas%e2%80%9dqendroj-ne-ulqin\/","title":{"rendered":"Asociacioni turistik i Kosov\u00ebs\u201cKOTAS\u201dq\u00ebndroj n\u00eb Ulqin"},"content":{"rendered":"<p><a href=\"http:\/\/www.visit-ulcinj.com\/blog\/wp-content\/uploads\/2009\/02\/asociacioni-turistik-i-kosoveskotas_ulqin2.jpg\"><img loading=\"lazy\" class=\"alignleft size-full wp-image-11416\" title=\"asociacioni-turistik-i-kosoveskotas_ulqin2\" src=\"http:\/\/www.visit-ulcinj.com\/blog\/wp-content\/uploads\/2009\/02\/asociacioni-turistik-i-kosoveskotas_ulqin2.jpg\" alt=\"asociacioni-turistik-i-kosoveskotas_ulqin2\" width=\"570\" height=\"350\" \/><\/a>Kryetari i Komun\u00ebs s\u00eb Ulqinit G\u00ebzim Hajdinaga dhe bashk\u00ebpun\u00ebtor\u00ebt e tij priten delegacionin e Kosov\u00ebs t\u00eb tubuar rreth asociacionit t\u00eb turizmit KOTAS.<br \/>\n\u00cbsht\u00eb hera e par\u00eb q\u00eb nj\u00eb delegacion i k\u00ebtij lloji viziton Ulqinin. Kryetari Hajdinaga i njoftoi\u00a0 t\u00eb pranishmit me aktivitetet q\u00eb po zhvillohen gjat\u00eb k\u00ebtyre dit\u00ebve p\u00ebr prezantim t\u00eb denj\u00eb t\u00eb ofert\u00ebs turistike t\u00eb Ulqinit n\u00eb bursat turistike. Ai ve\u00e7oi q\u00eb nes\u00ebr n\u00eb panairin e turizmit n\u00eb Budv\u00eb nga qyteti yn\u00eb n\u00eb m\u00ebnyr\u00eb t\u00eb organizuar do t\u00eb prezantohen 10 subjekte e k\u00ebshtu do t\u00eb vayhdohet dhe n\u00eb bursat e tjera n\u00eb rajon. V\u00ebmendje e ve\u00e7ant\u00eb do t\u2019i kushtohet prezantimit n\u00eb\u00a0 panairin e Prishtin\u00ebs.<br \/>\nBashk\u00ebbiseduesit i shpreh\u00ebn falenderime Kryetarit Hajdinaga qytetit t\u00eb Ulqinit dhe Malit t\u00eb Zi p\u00ebr njohjen e Kosov\u00ebs shtet t\u00eb pamvaruar dhe theksuan q\u00eb ka ardhur koha e bashk\u00ebpunimit t\u00eb nd\u00ebrsjellt\u00eb nd\u00ebrmjet dy vendeve t\u00eb pamvarura. N\u00eb takim u tha se\u00a0 fushat e bashk\u00ebpunimit jan\u00eb t\u00eb shumta dhe p\u00ebr k\u00ebt\u00eb ekziston\u00a0\u00a0 gadishm\u00ebri e p\u00ebrbashk\u00ebt.<br \/>\nDelegacioni nga Kosova vazhdoi takimin me koleg\u00ebt e turizmit\u00a0 nga qyteti yn\u00eb nd\u00ebrkoh\u00eb q\u00eb edhe ata do t\u00eb jen\u00eb t\u00eb pranish\u00ebm n\u00eb\u00a0 burs\u00ebn e Budv\u00ebs ku do t\u00eb ken\u00eb takime t\u00eb shumta edhe me zyrtar\u00eb nga Mali i Zi.Pritet q\u00eb k\u00ebt\u00eb sezon\u00eb turistike p\u00ebrfaq\u00ebsuesit e tubuar rreth Asociacionit KOTAS t\u00eb angazhohen p\u00ebr begatimin e ofet\u00ebs turistike. Pal\u00ebt u dakorduan q\u00eb takimet e tilla t\u00eb vazhdojn\u00eb edhe gjat\u00eb muajve t\u00eb ardhsh\u00ebm.<br \/>\nN\u00eb Ulqin q\u00ebndroj\u00eb p\u00ebr nj\u00eb vizit\u00eb pune delegacioni \u201cKOTAS\u201d- Asociacioni turistik i Kosov\u00ebs. Ata u takuan me zyrtar\u00eb komunal dhe homolog\u00eb t\u00eb tyre nga qyteti yn\u00eb p\u00ebr t\u00eb diskutuar \u00e7\u00ebshtje me interes t\u00eb p\u00ebrbashk\u00ebt, nd\u00ebrkoh\u00eb q\u00eb n\u00eb dy dit\u00ebt e ardh\u00ebshme do t\u00eb jen\u00eb prezent n\u00eb Panairin e turizmit METUBES n\u00eb Budve. Delegacioni nga Kosova u taku me Kryetarin Hajdinaga dhe bashk\u00ebpun\u00ebtor\u00ebt e tij sot n\u00eb or\u00ebn 19.00 dhe me p\u00ebrfaq\u00ebsuesit e agjencive turistike dhe objekteve hoteleriere n\u00eb Kull\u00ebn e Ballshajva n\u00eb Kala. Mbajten nj\u00eb fjalim t\u00eb shkurt\u00eb t\u00eb dy an\u00ebt, dhe vazdhuan\u00a0 biseden me\u00a0 disa pronare te hoteleve, dhe t\u00eb plazheve t\u00eb Ulqinit. Kryetari i faliminderoj musafirt dhe ju tha q\u00eb tani jemi n\u00eb faz\u00ebn e p\u00ebrgadijes p\u00ebr sezonin turistik dhe p\u00ebr t\u00eb gjith\u00eb mysafir\u00ebt e kosov\u00ebs Ulqini simjet do t\u00eb kejn nji pamje ma t\u00eb ndyshme ,dhe tha q\u00eb vizita juaj isht e mir\u00eb e ndoshta do t\u00eb na sjellin m\u00eb shum\u00eb visitor se vitin 2008.<br \/>\n<strong><br \/>\n<\/strong><\/p>\n<h3 class=\"r\"><strong>Kto Fotografi\u00a0 jan Eskluzivitet i Web Sajtit <a href=\"http:\/\/www.ulqini.de\/shqip.htm\">www.ulqini.de<\/a><\/strong><\/h3>\n<p><strong>\n\t\t<style type=\"text\/css\">\n\t\t\t#gallery-1 {\n\t\t\t\tmargin: auto;\n\t\t\t}\n\t\t\t#gallery-1 .gallery-item {\n\t\t\t\tfloat: left;\n\t\t\t\tmargin-top: 10px;\n\t\t\t\ttext-align: center;\n\t\t\t\twidth: 33%;\n\t\t\t}\n\t\t\t#gallery-1 img {\n\t\t\t\tborder: 2px solid #cfcfcf;\n\t\t\t}\n\t\t\t#gallery-1 .gallery-caption {\n\t\t\t\tmargin-left: 0;\n\t\t\t}\n\t\t\t\/* see gallery_shortcode() in wp-includes\/media.php *\/\n\t\t<\/style>\n\t\t<div id='gallery-1' class='gallery galleryid-11413 gallery-columns-3 gallery-size-thumbnail'><dl class='gallery-item'>\n\t\t\t<dt class='gallery-icon landscape'>\n\t\t\t\t<a href='https:\/\/www.visit-ulcinj.com\/blog\/wp-content\/uploads\/2009\/02\/asociacioni-turistik-i-kosoveskotas_ulqin1.jpg'><img width=\"150\" height=\"150\" src=\"https:\/\/www.visit-ulcinj.com\/blog\/wp-content\/uploads\/2009\/02\/asociacioni-turistik-i-kosoveskotas_ulqin1-150x150.jpg\" class=\"attachment-thumbnail size-thumbnail\" alt=\"\" loading=\"lazy\" \/><\/a>\n\t\t\t<\/dt><\/dl><dl class='gallery-item'>\n\t\t\t<dt class='gallery-icon landscape'>\n\t\t\t\t<a href='https:\/\/www.visit-ulcinj.com\/blog\/wp-content\/uploads\/2009\/02\/asociacioni-turistik-i-kosoveskotas_ulqin2.jpg'><img width=\"150\" height=\"150\" src=\"https:\/\/www.visit-ulcinj.com\/blog\/wp-content\/uploads\/2009\/02\/asociacioni-turistik-i-kosoveskotas_ulqin2-150x150.jpg\" class=\"attachment-thumbnail size-thumbnail\" alt=\"\" loading=\"lazy\" \/><\/a>\n\t\t\t<\/dt><\/dl><dl class='gallery-item'>\n\t\t\t<dt class='gallery-icon landscape'>\n\t\t\t\t<a href='https:\/\/www.visit-ulcinj.com\/blog\/wp-content\/uploads\/2009\/02\/asociacioni-turistik-i-kosoveskotas_ulqin4.jpg'><img width=\"150\" height=\"150\" src=\"https:\/\/www.visit-ulcinj.com\/blog\/wp-content\/uploads\/2009\/02\/asociacioni-turistik-i-kosoveskotas_ulqin4-150x150.jpg\" class=\"attachment-thumbnail size-thumbnail\" alt=\"\" loading=\"lazy\" \/><\/a>\n\t\t\t<\/dt><\/dl><br style=\"clear: both\" \/><dl class='gallery-item'>\n\t\t\t<dt class='gallery-icon landscape'>\n\t\t\t\t<a href='https:\/\/www.visit-ulcinj.com\/blog\/wp-content\/uploads\/2009\/02\/asociacioni-turistik-i-kosoveskotas_ulqin6.jpg'><img width=\"150\" height=\"150\" src=\"https:\/\/www.visit-ulcinj.com\/blog\/wp-content\/uploads\/2009\/02\/asociacioni-turistik-i-kosoveskotas_ulqin6-150x150.jpg\" class=\"attachment-thumbnail size-thumbnail\" alt=\"\" loading=\"lazy\" \/><\/a>\n\t\t\t<\/dt><\/dl><dl class='gallery-item'>\n\t\t\t<dt class='gallery-icon landscape'>\n\t\t\t\t<a href='https:\/\/www.visit-ulcinj.com\/blog\/wp-content\/uploads\/2009\/02\/asociacioni-turistik-i-kosoveskotas_ulqin.jpg'><img width=\"150\" height=\"150\" src=\"https:\/\/www.visit-ulcinj.com\/blog\/wp-content\/uploads\/2009\/02\/asociacioni-turistik-i-kosoveskotas_ulqin-150x150.jpg\" class=\"attachment-thumbnail size-thumbnail\" alt=\"\" loading=\"lazy\" \/><\/a>\n\t\t\t<\/dt><\/dl><dl class='gallery-item'>\n\t\t\t<dt class='gallery-icon landscape'>\n\t\t\t\t<a href='https:\/\/www.visit-ulcinj.com\/blog\/wp-content\/uploads\/2009\/02\/asociacioni-turistik-i-kosoves_kotas_ulqin1.jpg'><img width=\"150\" height=\"150\" src=\"https:\/\/www.visit-ulcinj.com\/blog\/wp-content\/uploads\/2009\/02\/asociacioni-turistik-i-kosoves_kotas_ulqin1-150x150.jpg\" class=\"attachment-thumbnail size-thumbnail\" alt=\"\" loading=\"lazy\" \/><\/a>\n\t\t\t<\/dt><\/dl><br style=\"clear: both\" \/><dl class='gallery-item'>\n\t\t\t<dt class='gallery-icon landscape'>\n\t\t\t\t<a href='https:\/\/www.visit-ulcinj.com\/blog\/wp-content\/uploads\/2009\/02\/asociacioni-turistik-i-kosoves_kotas_ulqin2.jpg'><img width=\"150\" height=\"150\" src=\"https:\/\/www.visit-ulcinj.com\/blog\/wp-content\/uploads\/2009\/02\/asociacioni-turistik-i-kosoves_kotas_ulqin2-150x150.jpg\" class=\"attachment-thumbnail size-thumbnail\" alt=\"\" loading=\"lazy\" \/><\/a>\n\t\t\t<\/dt><\/dl><dl class='gallery-item'>\n\t\t\t<dt class='gallery-icon landscape'>\n\t\t\t\t<a href='https:\/\/www.visit-ulcinj.com\/blog\/wp-content\/uploads\/2009\/02\/asociacioni-turistik-i-kosoves_kotas_ulqin3.jpg'><img width=\"150\" height=\"150\" src=\"https:\/\/www.visit-ulcinj.com\/blog\/wp-content\/uploads\/2009\/02\/asociacioni-turistik-i-kosoves_kotas_ulqin3-150x150.jpg\" class=\"attachment-thumbnail size-thumbnail\" alt=\"\" loading=\"lazy\" \/><\/a>\n\t\t\t<\/dt><\/dl><dl class='gallery-item'>\n\t\t\t<dt class='gallery-icon landscape'>\n\t\t\t\t<a href='https:\/\/www.visit-ulcinj.com\/blog\/wp-content\/uploads\/2009\/02\/asociacioni-turistik-i-kosoves_kotas_ulqin4.jpg'><img width=\"150\" height=\"150\" src=\"https:\/\/www.visit-ulcinj.com\/blog\/wp-content\/uploads\/2009\/02\/asociacioni-turistik-i-kosoves_kotas_ulqin4-150x150.jpg\" class=\"attachment-thumbnail size-thumbnail\" alt=\"\" loading=\"lazy\" \/><\/a>\n\t\t\t<\/dt><\/dl><br style=\"clear: both\" \/>\n\t\t<\/div>\n<\/p>\n<p><\/strong><\/p>\n<p><strong><\/strong><\/p>\n<p><strong><\/strong><\/p>\n<p><strong><\/strong><\/p>\n<p>[googlevideo width=&#8221;570&#8243; height=&#8221;326&#8243;]http:\/\/video.google.de\/videoplay?docid=1984905223020052640[\/googlevideo]<strong><br \/>\n<\/strong><\/p>\n","protected":false},"excerpt":{"rendered":"<p>Kryetari i Komun\u00ebs s\u00eb Ulqinit G\u00ebzim Hajdinaga dhe bashk\u00ebpun\u00ebtor\u00ebt e tij priten delegacionin e Kosov\u00ebs t\u00eb tubuar rreth asociacionit t\u00eb turizmit KOTAS. \u00cbsht\u00eb hera e par\u00eb q\u00eb nj\u00eb delegacion i k\u00ebtij lloji viziton Ulqinin. Kryetari Hajdinaga i njoftoi\u00a0 t\u00eb pranishmit me aktivitetet q\u00eb po zhvillohen gjat\u00eb k\u00ebtyre dit\u00ebve p\u00ebr prezantim t\u00eb denj\u00eb t\u00eb ofert\u00ebs turistike [&hellip;]<\/p>\n","protected":false},"author":1,"featured_media":0,"comment_status":"open","ping_status":"closed","sticky":false,"template":"","format":"standard","meta":{"spay_email":"","jetpack_publicize_message":"","jetpack_is_tweetstorm":false,"jetpack_publicize_feature_enabled":true},"categories":[10],"tags":[6804,3095],"jetpack_publicize_connections":[],"yoast_head":"<!-- This site is optimized with the Yoast SEO plugin v19.1 - https:\/\/yoast.com\/wordpress\/plugins\/seo\/ -->\n<title>Asociacioni turistik i Kosov\u00ebs\u201cKOTAS\u201dq\u00ebndroj n\u00eb Ulqin - Lajme nga Ulqini<\/title>\n<meta name=\"description\" content=\"Kryetari i Komun\u00ebs s\u00eb Ulqinit G\u00ebzim Hajdinaga dhe bashk\u00ebpun\u00ebtor\u00ebt e tij priten delegacionin e Kosov\u00ebs t\u00eb tubuar rreth asociacionit t\u00eb turizmit KOTAS.\" \/>\n<meta name=\"robots\" content=\"index, follow, max-snippet:-1, max-image-preview:large, max-video-preview:-1\" \/>\n<link rel=\"canonical\" href=\"https:\/\/www.visit-ulcinj.com\/blog\/2009\/02\/17\/asociacioni-turistik-i-kosoves\u201ckotas\u201dqendroj-ne-ulqin\/\" \/>\n<meta property=\"og:locale\" content=\"en_US\" \/>\n<meta property=\"og:type\" content=\"article\" \/>\n<meta property=\"og:title\" content=\"Asociacioni turistik i Kosov\u00ebs\u201cKOTAS\u201dq\u00ebndroj n\u00eb Ulqin - Lajme nga Ulqini\" \/>\n<meta property=\"og:description\" content=\"Kryetari i Komun\u00ebs s\u00eb Ulqinit G\u00ebzim Hajdinaga dhe bashk\u00ebpun\u00ebtor\u00ebt e tij priten delegacionin e Kosov\u00ebs t\u00eb tubuar rreth asociacionit t\u00eb turizmit KOTAS.\" \/>\n<meta property=\"og:url\" content=\"https:\/\/www.visit-ulcinj.com\/blog\/2009\/02\/17\/asociacioni-turistik-i-kosoves\u201ckotas\u201dqendroj-ne-ulqin\/\" \/>\n<meta property=\"og:site_name\" content=\"Lajme nga Ulqini\" \/>\n<meta property=\"article:published_time\" content=\"2009-02-17T12:29:35+00:00\" \/>\n<meta property=\"article:modified_time\" content=\"2009-02-22T17:19:16+00:00\" \/>\n<meta property=\"og:image\" content=\"https:\/\/www.visit-ulcinj.com\/blog\/wp-content\/uploads\/2009\/02\/asociacioni-turistik-i-kosoveskotas_ulqin1-150x150.jpg\" \/>\n<meta name=\"twitter:label1\" content=\"Written by\" \/>\n\t<meta name=\"twitter:data1\" content=\"ulqini\" \/>\n\t<meta name=\"twitter:label2\" content=\"Est. reading time\" \/>\n\t<meta name=\"twitter:data2\" content=\"2 minutes\" \/>\n<script type=\"application\/ld+json\" class=\"yoast-schema-graph\">{\"@context\":\"https:\/\/schema.org\",\"@graph\":[{\"@type\":\"WebSite\",\"@id\":\"https:\/\/www.visit-ulcinj.com\/blog\/#website\",\"url\":\"https:\/\/www.visit-ulcinj.com\/blog\/\",\"name\":\"Lajme nga Ulqini\",\"description\":\"Lajme,Vijesti,Ulqini,Ulqin,Crna Gora,Mali i Zi\",\"potentialAction\":[{\"@type\":\"SearchAction\",\"target\":{\"@type\":\"EntryPoint\",\"urlTemplate\":\"https:\/\/www.visit-ulcinj.com\/blog\/?s={search_term_string}\"},\"query-input\":\"required name=search_term_string\"}],\"inLanguage\":\"en-US\"},{\"@type\":\"ImageObject\",\"inLanguage\":\"en-US\",\"@id\":\"https:\/\/www.visit-ulcinj.com\/blog\/2009\/02\/17\/asociacioni-turistik-i-kosoves%e2%80%9ckotas%e2%80%9dqendroj-ne-ulqin\/#primaryimage\",\"url\":\"https:\/\/www.visit-ulcinj.com\/blog\/wp-content\/uploads\/2009\/02\/asociacioni-turistik-i-kosoveskotas_ulqin2.jpg\",\"contentUrl\":\"https:\/\/www.visit-ulcinj.com\/blog\/wp-content\/uploads\/2009\/02\/asociacioni-turistik-i-kosoveskotas_ulqin2.jpg\",\"width\":\"600\",\"height\":\"450\"},{\"@type\":\"WebPage\",\"@id\":\"https:\/\/www.visit-ulcinj.com\/blog\/2009\/02\/17\/asociacioni-turistik-i-kosoves%e2%80%9ckotas%e2%80%9dqendroj-ne-ulqin\/#webpage\",\"url\":\"https:\/\/www.visit-ulcinj.com\/blog\/2009\/02\/17\/asociacioni-turistik-i-kosoves%e2%80%9ckotas%e2%80%9dqendroj-ne-ulqin\/\",\"name\":\"Asociacioni turistik i Kosov\u00ebs\u201cKOTAS\u201dq\u00ebndroj n\u00eb Ulqin - Lajme nga Ulqini\",\"isPartOf\":{\"@id\":\"https:\/\/www.visit-ulcinj.com\/blog\/#website\"},\"primaryImageOfPage\":{\"@id\":\"https:\/\/www.visit-ulcinj.com\/blog\/2009\/02\/17\/asociacioni-turistik-i-kosoves%e2%80%9ckotas%e2%80%9dqendroj-ne-ulqin\/#primaryimage\"},\"datePublished\":\"2009-02-17T12:29:35+00:00\",\"dateModified\":\"2009-02-22T17:19:16+00:00\",\"author\":{\"@id\":\"https:\/\/www.visit-ulcinj.com\/blog\/#\/schema\/person\/dcab619c614d3038751c63bc2aadc06d\"},\"description\":\"Kryetari i Komun\u00ebs s\u00eb Ulqinit G\u00ebzim Hajdinaga dhe bashk\u00ebpun\u00ebtor\u00ebt e tij priten delegacionin e Kosov\u00ebs t\u00eb tubuar rreth asociacionit t\u00eb turizmit KOTAS.\",\"breadcrumb\":{\"@id\":\"https:\/\/www.visit-ulcinj.com\/blog\/2009\/02\/17\/asociacioni-turistik-i-kosoves%e2%80%9ckotas%e2%80%9dqendroj-ne-ulqin\/#breadcrumb\"},\"inLanguage\":\"en-US\",\"potentialAction\":[{\"@type\":\"ReadAction\",\"target\":[\"https:\/\/www.visit-ulcinj.com\/blog\/2009\/02\/17\/asociacioni-turistik-i-kosoves%e2%80%9ckotas%e2%80%9dqendroj-ne-ulqin\/\"]}]},{\"@type\":\"BreadcrumbList\",\"@id\":\"https:\/\/www.visit-ulcinj.com\/blog\/2009\/02\/17\/asociacioni-turistik-i-kosoves%e2%80%9ckotas%e2%80%9dqendroj-ne-ulqin\/#breadcrumb\",\"itemListElement\":[{\"@type\":\"ListItem\",\"position\":1,\"name\":\"Asociacioni turistik i Kosov\u00ebs\u201cKOTAS\u201dq\u00ebndroj n\u00eb Ulqin\"}]},{\"@type\":\"Person\",\"@id\":\"https:\/\/www.visit-ulcinj.com\/blog\/#\/schema\/person\/dcab619c614d3038751c63bc2aadc06d\",\"name\":\"ulqini\",\"sameAs\":[\"http:\/\/www.visit-ulcinj.com\"],\"url\":\"https:\/\/www.visit-ulcinj.com\/blog\/author\/admin\/\"}]}<\/script>\n<!-- \/ Yoast SEO plugin. -->","yoast_head_json":{"title":"Asociacioni turistik i Kosov\u00ebs\u201cKOTAS\u201dq\u00ebndroj n\u00eb Ulqin - Lajme nga Ulqini","description":"Kryetari i Komun\u00ebs s\u00eb Ulqinit G\u00ebzim Hajdinaga dhe bashk\u00ebpun\u00ebtor\u00ebt e tij priten delegacionin e Kosov\u00ebs t\u00eb tubuar rreth asociacionit t\u00eb turizmit KOTAS.","robots":{"index":"index","follow":"follow","max-snippet":"max-snippet:-1","max-image-preview":"max-image-preview:large","max-video-preview":"max-video-preview:-1"},"canonical":"https:\/\/www.visit-ulcinj.com\/blog\/2009\/02\/17\/asociacioni-turistik-i-kosoves\u201ckotas\u201dqendroj-ne-ulqin\/","og_locale":"en_US","og_type":"article","og_title":"Asociacioni turistik i Kosov\u00ebs\u201cKOTAS\u201dq\u00ebndroj n\u00eb Ulqin - Lajme nga Ulqini","og_description":"Kryetari i Komun\u00ebs s\u00eb Ulqinit G\u00ebzim Hajdinaga dhe bashk\u00ebpun\u00ebtor\u00ebt e tij priten delegacionin e Kosov\u00ebs t\u00eb tubuar rreth asociacionit t\u00eb turizmit KOTAS.","og_url":"https:\/\/www.visit-ulcinj.com\/blog\/2009\/02\/17\/asociacioni-turistik-i-kosoves\u201ckotas\u201dqendroj-ne-ulqin\/","og_site_name":"Lajme nga Ulqini","article_published_time":"2009-02-17T12:29:35+00:00","article_modified_time":"2009-02-22T17:19:16+00:00","og_image":[{"url":"https:\/\/www.visit-ulcinj.com\/blog\/wp-content\/uploads\/2009\/02\/asociacioni-turistik-i-kosoveskotas_ulqin1-150x150.jpg"}],"twitter_misc":{"Written by":"ulqini","Est. reading time":"2 minutes"},"schema":{"@context":"https:\/\/schema.org","@graph":[{"@type":"WebSite","@id":"https:\/\/www.visit-ulcinj.com\/blog\/#website","url":"https:\/\/www.visit-ulcinj.com\/blog\/","name":"Lajme nga Ulqini","description":"Lajme,Vijesti,Ulqini,Ulqin,Crna Gora,Mali i Zi","potentialAction":[{"@type":"SearchAction","target":{"@type":"EntryPoint","urlTemplate":"https:\/\/www.visit-ulcinj.com\/blog\/?s={search_term_string}"},"query-input":"required name=search_term_string"}],"inLanguage":"en-US"},{"@type":"ImageObject","inLanguage":"en-US","@id":"https:\/\/www.visit-ulcinj.com\/blog\/2009\/02\/17\/asociacioni-turistik-i-kosoves%e2%80%9ckotas%e2%80%9dqendroj-ne-ulqin\/#primaryimage","url":"https:\/\/www.visit-ulcinj.com\/blog\/wp-content\/uploads\/2009\/02\/asociacioni-turistik-i-kosoveskotas_ulqin2.jpg","contentUrl":"https:\/\/www.visit-ulcinj.com\/blog\/wp-content\/uploads\/2009\/02\/asociacioni-turistik-i-kosoveskotas_ulqin2.jpg","width":"600","height":"450"},{"@type":"WebPage","@id":"https:\/\/www.visit-ulcinj.com\/blog\/2009\/02\/17\/asociacioni-turistik-i-kosoves%e2%80%9ckotas%e2%80%9dqendroj-ne-ulqin\/#webpage","url":"https:\/\/www.visit-ulcinj.com\/blog\/2009\/02\/17\/asociacioni-turistik-i-kosoves%e2%80%9ckotas%e2%80%9dqendroj-ne-ulqin\/","name":"Asociacioni turistik i Kosov\u00ebs\u201cKOTAS\u201dq\u00ebndroj n\u00eb Ulqin - Lajme nga Ulqini","isPartOf":{"@id":"https:\/\/www.visit-ulcinj.com\/blog\/#website"},"primaryImageOfPage":{"@id":"https:\/\/www.visit-ulcinj.com\/blog\/2009\/02\/17\/asociacioni-turistik-i-kosoves%e2%80%9ckotas%e2%80%9dqendroj-ne-ulqin\/#primaryimage"},"datePublished":"2009-02-17T12:29:35+00:00","dateModified":"2009-02-22T17:19:16+00:00","author":{"@id":"https:\/\/www.visit-ulcinj.com\/blog\/#\/schema\/person\/dcab619c614d3038751c63bc2aadc06d"},"description":"Kryetari i Komun\u00ebs s\u00eb Ulqinit G\u00ebzim Hajdinaga dhe bashk\u00ebpun\u00ebtor\u00ebt e tij priten delegacionin e Kosov\u00ebs t\u00eb tubuar rreth asociacionit t\u00eb turizmit KOTAS.","breadcrumb":{"@id":"https:\/\/www.visit-ulcinj.com\/blog\/2009\/02\/17\/asociacioni-turistik-i-kosoves%e2%80%9ckotas%e2%80%9dqendroj-ne-ulqin\/#breadcrumb"},"inLanguage":"en-US","potentialAction":[{"@type":"ReadAction","target":["https:\/\/www.visit-ulcinj.com\/blog\/2009\/02\/17\/asociacioni-turistik-i-kosoves%e2%80%9ckotas%e2%80%9dqendroj-ne-ulqin\/"]}]},{"@type":"BreadcrumbList","@id":"https:\/\/www.visit-ulcinj.com\/blog\/2009\/02\/17\/asociacioni-turistik-i-kosoves%e2%80%9ckotas%e2%80%9dqendroj-ne-ulqin\/#breadcrumb","itemListElement":[{"@type":"ListItem","position":1,"name":"Asociacioni turistik i Kosov\u00ebs\u201cKOTAS\u201dq\u00ebndroj n\u00eb Ulqin"}]},{"@type":"Person","@id":"https:\/\/www.visit-ulcinj.com\/blog\/#\/schema\/person\/dcab619c614d3038751c63bc2aadc06d","name":"ulqini","sameAs":["http:\/\/www.visit-ulcinj.com"],"url":"https:\/\/www.visit-ulcinj.com\/blog\/author\/admin\/"}]}},"jetpack_featured_media_url":"","jetpack_sharing_enabled":true,"jetpack_shortlink":"https:\/\/wp.me\/pe6lTn-2Y5","_links":{"self":[{"href":"https:\/\/www.visit-ulcinj.com\/blog\/wp-json\/wp\/v2\/posts\/11413"}],"collection":[{"href":"https:\/\/www.visit-ulcinj.com\/blog\/wp-json\/wp\/v2\/posts"}],"about":[{"href":"https:\/\/www.visit-ulcinj.com\/blog\/wp-json\/wp\/v2\/types\/post"}],"author":[{"embeddable":true,"href":"https:\/\/www.visit-ulcinj.com\/blog\/wp-json\/wp\/v2\/users\/1"}],"replies":[{"embeddable":true,"href":"https:\/\/www.visit-ulcinj.com\/blog\/wp-json\/wp\/v2\/comments?post=11413"}],"version-history":[{"count":0,"href":"https:\/\/www.visit-ulcinj.com\/blog\/wp-json\/wp\/v2\/posts\/11413\/revisions"}],"wp:attachment":[{"href":"https:\/\/www.visit-ulcinj.com\/blog\/wp-json\/wp\/v2\/media?parent=11413"}],"wp:term":[{"taxonomy":"category","embeddable":true,"href":"https:\/\/www.visit-ulcinj.com\/blog\/wp-json\/wp\/v2\/categories?post=11413"},{"taxonomy":"post_tag","embeddable":true,"href":"https:\/\/www.visit-ulcinj.com\/blog\/wp-json\/wp\/v2\/tags?post=11413"}],"curies":[{"name":"wp","href":"https:\/\/api.w.org\/{rel}","templated":true}]}}